{"id":29994,"date":"2023-10-05T21:15:02","date_gmt":"2023-10-05T21:15:02","guid":{"rendered":"https:\/\/permbledhja.com\/?p=29994"},"modified":"2023-10-05T21:15:02","modified_gmt":"2023-10-05T21:15:02","slug":"terroristet-kishin-edhe-uniforma-te-kfor-it-italian-svecla-shpalos-detaje-edhe-me-te-reja-per-sulmin-e-24-shtatorit","status":"publish","type":"post","link":"https:\/\/permbledhja.com\/sq\/terroristet-kishin-edhe-uniforma-te-kfor-it-italian-svecla-shpalos-detaje-edhe-me-te-reja-per-sulmin-e-24-shtatorit\/","title":{"rendered":"Terrorist\u00ebt kishin edhe &#8220;uniforma t\u00eb KFOR-it italian&#8221;: Sve\u00e7la shpalos detaje edhe m\u00eb t\u00eb reja p\u00ebr sulmin e 24 shtatorit"},"content":{"rendered":"<p><b>Disa nga veturat e nj\u00ebsis\u00eb paramilitare q\u00eb kreu akt terrorist por q\u00eb u mposht po at\u00eb dit\u00eb m\u00eb 24 shtator n\u00eb Banjsk\u00eb t\u00eb Zve\u00e7anit, p\u00ebrve\u00e7 se kishin stikersa t\u00eb KFOR-it si form\u00eb e maskimit dhe l\u00ebvizjes s\u00eb lir\u00eb, atyre u gjet\u00ebn edhe \u201c<i><a href=\"https:\/\/www.youtube.com\/live\/BZYzT7pObjE?si=__ThSUQb-jQGXyHD&amp;t=321\">uniforma t\u00eb KFOR-it italian<\/a><\/i>\u201d, ka th\u00ebn\u00eb Ministri i Brendsh\u00ebm, Xhelal Sve\u00e7la, n\u00eb nj\u00eb intervist\u00eb p\u00ebr televizionin \u201c<a href=\"https:\/\/www.youtube.com\/watch?v=BZYzT7pObjE\">Syri TV<\/a>\u201d. <\/b><\/p>\n<p>Sve\u00e7la e dha p\u00ebr skenar t\u00eb zbuluar tashm\u00eb se nj\u00ebsiti paramilitar i udh\u00ebhequr nga Milan Radoji\u00e7iqi \u201c<i>ishin t\u00eb gatsh\u00ebm t\u00eb maskoheshin si pjes\u00ebtar\u00eb t\u00eb KFOR-it<\/i>\u201d dhe \u201ct<i>\u00eb ekzekutonin pjes\u00ebtar\u00eb t\u00eb policis\u00eb kosovare<\/i>\u201d.<\/p>\n<p>Sve\u00e7la edhe n\u00eb nj\u00eb intervist\u00eb dit\u00eb m\u00eb par\u00eb p\u00ebr CNN News 18 pati njoftuar se n\u00eb mesin e arm\u00ebve dhe gj\u00ebsendeve t\u00eb konfiskuara t\u00eb terrorist\u00ebve, ishin gjetur edhe uniforma me flamuj\u00eb t\u00eb shteteve per\u00ebndimore dhe se autoritetet kosovare kishin njoftuar ambasadat e shteteve p\u00ebrkat\u00ebse.<\/p>\n<p>Por, k\u00ebsaj here, shpaloi se uniformat \u2013 nuk dihet n\u00ebse autentike apo t\u00eb fabrikuara \u2013 <a href=\"https:\/\/www.youtube.com\/live\/BZYzT7pObjE?si=__ThSUQb-jQGXyHD&amp;t=321\">ishin italiane<\/a>. Nd\u00ebrkaq n\u00eb lidhje me k\u00ebto pretendime, nuk ka pasur nj\u00eb reagim t\u00eb KFOR-it, as atij italian apo ambasad\u00ebs italiane n\u00eb Prishtin\u00eb.<\/p>\n<p>Krejt ky maskim, sipas Sv\u00e7el\u00ebs, p\u00ebr synim t\u00eb tensionimit t\u00eb gjendjes \u201c<i>deri n\u00eb at\u00eb pik\u00eb sa q\u00eb nuk do t\u00eb dihej me se kush ndaj kujt po shtinte (me arm\u00eb)\u201d.<\/i><\/p>\n<p>Por, edhe numri i uniformave t\u00eb tjera t\u00eb gjetura, ministri thot\u00eb se synohej q\u00eb t\u2019u shp\u00ebrndaheshin pjes\u00ebtar\u00ebve t\u00eb tjer\u00eb q\u00eb do t\u00eb mund t\u00eb rekrutonin n\u00eb veri t\u00eb Kosov\u00eb, dhe q\u00eb p\u00ebr synim do t\u00eb kishte edhe \u201c<i>krijimin e nj\u00eb koridori mes Serbis\u00eb dhe dy komunave: Mitrovic\u00eb t\u00eb Veriut dhe Zve\u00e7an<\/i>\u201d.<\/p>\n<p>\u201c<i>Tash kemi shum informata q\u00eb zbardhin skenarin e Serbis\u00eb m\u00eb 24 shtator<\/i>\u201d, tha ministri, teksa shtoi edhe se arm\u00ebt e kapura ishin kryek\u00ebput serbe; duke qen\u00eb se ato \u201c<i>ishin ushtarake<\/i>\u201d dhe q\u00eb \u201c<i>nuk gjenden as n\u00eb tregje zyrtare e as t\u00eb zeza<\/i>\u201d.<\/p>\n<p>Sve\u00e7la nuk e mohon se mund t\u00eb provohen \u201c<i>inkursione<\/i>\u201d tjera por se thot\u00eb q\u00eb ky i fundit \u201cu<i>shkoi jasht\u00ebzakonisht keq<\/i>\u201d.<\/p>\n<p>\u201c<i>Kemi shpres\u00eb q\u00eb ata jan\u00eb d\u00ebmtuar aq shum\u00eb sa p\u00ebr t\u00eb mos e provuar prap<\/i>\u201d.<\/p>\n<p>Ministri i Brendsh\u00ebm, duke folur p\u00ebr vij\u00ebn e gjat\u00eb kufitare me Serbin\u00eb tha se kontrollimi i tij \u00ebsht\u00eb \u201cjasht\u00ebzakonisht i v\u00ebshtir\u00eb\u201d dhe n\u00eb ve\u00e7anti p\u00ebr at\u00eb se sipas Marr\u00ebveshjes s\u00eb Kumanov\u00ebs, Policia e Kosov\u00ebs nuk mund t\u2019i afrohet m\u00eb shum\u00eb se nj\u00eb kilomet\u00ebr.<\/p>\n<p>\u201c<i>\u00cbsht\u00eb p\u00ebrgjegj\u00ebsi e KFOR-it<\/i>\u201d, tha ai, nd\u00ebrsa tha edhe se \u201c<i>terreni \u00ebsht\u00eb i v\u00ebshtir\u00eb, me male t\u00eb larta e vegjetacion<\/i>\u201d ku \u201cu <i>mund\u00ebsohet kriminel\u00ebve q\u00eb t\u00eb kalojn\u00eb me leht\u00ebsi<\/i>\u201d.<\/p>\n<p>\u201c<i>Rritja e numrit t\u00eb pjes\u00ebtar\u00ebve t\u00eb KFOR-it p\u00ebrgjat\u00eb kufirit do t\u00eb ishte e<\/i> <i>mir\u00ebseardhur<\/i>\u201d, tha ai.<\/p>\n<p>Sipas ministrit Sve\u00e7la, krejt skenari i paramilitar\u00ebve t\u00eb udhehequr nga Radoji\u00e7iqi \u2013 q\u00eb ka pranuar p\u00ebrgjegj\u00ebsin\u00eb e organizimit t\u00eb t\u00eb gjith\u00eb aktit terrorist \u2013 ishte \u201c<i>aneksimi total i veriut<\/i>\u201d dhe q\u00eb k\u00ebto sulme do t\u00eb kryheshin nga \u201c<i>37 lokacione<\/i>\u201d.<\/p>\n<p>N\u00eb pamjet nga dron\u00ebt e konfiskuar prej paramilitar\u00ebve \u2013 Sve\u00e7la thot\u00eb se ata kan\u00eb kryer st\u00ebrvitje n\u00eb nj\u00eb poligon ushtarak n\u00eb Serbi t\u00eb ushtris\u00eb serbe \u2013 dhe se n\u00eb k\u00ebto trajnime kan\u00eb qen\u00eb \u201c<i>t\u00eb angazhuar direkt<\/i>\u201d Presidenti i Serbis\u00eb, Aleksandar Vu\u00e7iq, Ministri serb i Mbrojtjes, Millosh Vu\u00e7eviq si dhe Shefi i Armat\u00ebs s\u00eb Serbis\u00eb, Milan Mojsilloviq.\/Nacionale<\/p>\n","protected":false},"excerpt":{"rendered":"<p>Disa nga veturat e nj\u00ebsis\u00eb paramilitare q\u00eb kreu akt terrorist por q\u00eb u mposht po at\u00eb dit\u00eb m\u00eb 24 shtator n\u00eb Banjsk\u00eb t\u00eb Zve\u00e7anit, p\u00ebrve\u00e7 se kishin stikersa t\u00eb KFOR-it si form\u00eb e maskimit dhe l\u00ebvizjes s\u00eb lir\u00eb, atyre u gjet\u00ebn edhe \u201cuniforma t\u00eb KFOR-it italian\u201d, ka th\u00ebn\u00eb Ministri i Brendsh\u00ebm, Xhelal Sve\u00e7la, n\u00eb nj\u00eb [&hellip;]<\/p>\n","protected":false},"author":1,"featured_media":29995,"comment_status":"closed","ping_status":"closed","sticky":false,"template":"","format":"standard","meta":{"_monsterinsights_skip_tracking":false,"_monsterinsights_sitenote_active":false,"_monsterinsights_sitenote_note":"","_monsterinsights_sitenote_category":0,"_uf_show_specific_survey":0,"_uf_disable_surveys":false,"footnotes":""},"categories":[23,15],"tags":[665],"yoast_head":"<!-- This site is optimized with the Yoast SEO plugin v21.5 - https:\/\/yoast.com\/wordpress\/plugins\/seo\/ -->\n<title>Terrorist\u00ebt kishin edhe &quot;uniforma t\u00eb KFOR-it italian&quot;: Sve\u00e7la shpalos detaje edhe m\u00eb t\u00eb reja p\u00ebr sulmin e 24 shtatorit<\/title>\n<meta name=\"robots\" content=\"index, follow, max-snippet:-1, max-image-preview:large, max-video-preview:-1\" \/>\n<link rel=\"canonical\" href=\"https:\/\/permbledhja.com\/sq\/terroristet-kishin-edhe-uniforma-te-kfor-it-italian-svecla-shpalos-detaje-edhe-me-te-reja-per-sulmin-e-24-shtatorit\/\" \/>\n<meta property=\"og:locale\" content=\"sq_AL\" \/>\n<meta property=\"og:type\" content=\"article\" \/>\n<meta property=\"og:title\" content=\"Terrorist\u00ebt kishin edhe &quot;uniforma t\u00eb KFOR-it italian&quot;: Sve\u00e7la shpalos detaje edhe m\u00eb t\u00eb reja p\u00ebr sulmin e 24 shtatorit\" \/>\n<meta property=\"og:description\" content=\"Disa nga veturat e nj\u00ebsis\u00eb paramilitare q\u00eb kreu akt terrorist por q\u00eb u mposht po at\u00eb dit\u00eb m\u00eb 24 shtator n\u00eb Banjsk\u00eb t\u00eb Zve\u00e7anit, p\u00ebrve\u00e7 se kishin stikersa t\u00eb KFOR-it si form\u00eb e maskimit dhe l\u00ebvizjes s\u00eb lir\u00eb, atyre u gjet\u00ebn edhe \u201cuniforma t\u00eb KFOR-it italian\u201d, ka th\u00ebn\u00eb Ministri i Brendsh\u00ebm, Xhelal Sve\u00e7la, n\u00eb nj\u00eb [&hellip;]\" \/>\n<meta property=\"og:url\" content=\"https:\/\/permbledhja.com\/sq\/terroristet-kishin-edhe-uniforma-te-kfor-it-italian-svecla-shpalos-detaje-edhe-me-te-reja-per-sulmin-e-24-shtatorit\/\" \/>\n<meta property=\"og:site_name\" content=\"Ve\u00e7 artikuj p\u00ebrmbledh\u00ebs\" \/>\n<meta property=\"article:publisher\" content=\"https:\/\/www.facebook.com\/press07\/\" \/>\n<meta property=\"article:author\" content=\"https:\/\/www.facebook.com\/kafexhiu.muharrem\/\" \/>\n<meta property=\"article:published_time\" content=\"2023-10-05T21:15:02+00:00\" \/>\n<meta property=\"og:image\" content=\"https:\/\/permbledhja.com\/wp-content\/uploads\/2023\/10\/FDEC9F25-6990-4C70-93C6-FC0CC76C0F31.jpeg\" \/>\n\t<meta property=\"og:image:width\" content=\"1151\" \/>\n\t<meta property=\"og:image:height\" content=\"884\" \/>\n\t<meta property=\"og:image:type\" content=\"image\/jpeg\" \/>\n<meta name=\"author\" content=\"P\u00ebrmbledhja\" \/>\n<meta name=\"twitter:card\" content=\"summary_large_image\" \/>\n<meta name=\"twitter:label1\" content=\"Written by\" \/>\n\t<meta name=\"twitter:data1\" content=\"P\u00ebrmbledhja\" \/>\n\t<meta name=\"twitter:label2\" content=\"Est. reading time\" \/>\n\t<meta name=\"twitter:data2\" content=\"3 minuta\" \/>\n<script type=\"application\/ld+json\" class=\"yoast-schema-graph\">{\"@context\":\"https:\/\/schema.org\",\"@graph\":[{\"@type\":\"Article\",\"@id\":\"https:\/\/permbledhja.com\/sq\/terroristet-kishin-edhe-uniforma-te-kfor-it-italian-svecla-shpalos-detaje-edhe-me-te-reja-per-sulmin-e-24-shtatorit\/#article\",\"isPartOf\":{\"@id\":\"https:\/\/permbledhja.com\/sq\/terroristet-kishin-edhe-uniforma-te-kfor-it-italian-svecla-shpalos-detaje-edhe-me-te-reja-per-sulmin-e-24-shtatorit\/\"},\"author\":{\"name\":\"P\u00ebrmbledhja\",\"@id\":\"https:\/\/permbledhja.com\/#\/schema\/person\/0d064377258d3221e50693947b9eb4fe\"},\"headline\":\"Terrorist\u00ebt kishin edhe &#8220;uniforma t\u00eb KFOR-it italian&#8221;: Sve\u00e7la shpalos detaje edhe m\u00eb t\u00eb reja p\u00ebr sulmin e 24 shtatorit\",\"datePublished\":\"2023-10-05T21:15:02+00:00\",\"dateModified\":\"2023-10-05T21:15:02+00:00\",\"mainEntityOfPage\":{\"@id\":\"https:\/\/permbledhja.com\/sq\/terroristet-kishin-edhe-uniforma-te-kfor-it-italian-svecla-shpalos-detaje-edhe-me-te-reja-per-sulmin-e-24-shtatorit\/\"},\"wordCount\":609,\"publisher\":{\"@id\":\"https:\/\/permbledhja.com\/#organization\"},\"keywords\":[\"Xhelal Sve\u00e7la\"],\"articleSection\":[\"Komb\u00ebtare\",\"Lajme\"],\"inLanguage\":\"sq\"},{\"@type\":\"WebPage\",\"@id\":\"https:\/\/permbledhja.com\/sq\/terroristet-kishin-edhe-uniforma-te-kfor-it-italian-svecla-shpalos-detaje-edhe-me-te-reja-per-sulmin-e-24-shtatorit\/\",\"url\":\"https:\/\/permbledhja.com\/sq\/terroristet-kishin-edhe-uniforma-te-kfor-it-italian-svecla-shpalos-detaje-edhe-me-te-reja-per-sulmin-e-24-shtatorit\/\",\"name\":\"Terrorist\u00ebt kishin edhe \\\"uniforma t\u00eb KFOR-it italian\\\": Sve\u00e7la shpalos detaje edhe m\u00eb t\u00eb reja p\u00ebr sulmin e 24 shtatorit\",\"isPartOf\":{\"@id\":\"https:\/\/permbledhja.com\/#website\"},\"datePublished\":\"2023-10-05T21:15:02+00:00\",\"dateModified\":\"2023-10-05T21:15:02+00:00\",\"breadcrumb\":{\"@id\":\"https:\/\/permbledhja.com\/sq\/terroristet-kishin-edhe-uniforma-te-kfor-it-italian-svecla-shpalos-detaje-edhe-me-te-reja-per-sulmin-e-24-shtatorit\/#breadcrumb\"},\"inLanguage\":\"sq\",\"potentialAction\":[{\"@type\":\"ReadAction\",\"target\":[\"https:\/\/permbledhja.com\/sq\/terroristet-kishin-edhe-uniforma-te-kfor-it-italian-svecla-shpalos-detaje-edhe-me-te-reja-per-sulmin-e-24-shtatorit\/\"]}]},{\"@type\":\"BreadcrumbList\",\"@id\":\"https:\/\/permbledhja.com\/sq\/terroristet-kishin-edhe-uniforma-te-kfor-it-italian-svecla-shpalos-detaje-edhe-me-te-reja-per-sulmin-e-24-shtatorit\/#breadcrumb\",\"itemListElement\":[{\"@type\":\"ListItem\",\"position\":1,\"name\":\"Ballina\",\"item\":\"https:\/\/permbledhja.com\/sq\/\"},{\"@type\":\"ListItem\",\"position\":2,\"name\":\"Terrorist\u00ebt kishin edhe &#8220;uniforma t\u00eb KFOR-it italian&#8221;: Sve\u00e7la shpalos detaje edhe m\u00eb t\u00eb reja p\u00ebr sulmin e 24 shtatorit\"}]},{\"@type\":\"WebSite\",\"@id\":\"https:\/\/permbledhja.com\/#website\",\"url\":\"https:\/\/permbledhja.com\/\",\"name\":\"Ve\u00e7 artikuj p\u00ebrmbledh\u00ebs\",\"description\":\"\",\"publisher\":{\"@id\":\"https:\/\/permbledhja.com\/#organization\"},\"potentialAction\":[{\"@type\":\"SearchAction\",\"target\":{\"@type\":\"EntryPoint\",\"urlTemplate\":\"https:\/\/permbledhja.com\/?s={search_term_string}\"},\"query-input\":\"required name=search_term_string\"}],\"inLanguage\":\"sq\"},{\"@type\":\"Organization\",\"@id\":\"https:\/\/permbledhja.com\/#organization\",\"name\":\"MK Media & Pr\",\"url\":\"https:\/\/permbledhja.com\/\",\"logo\":{\"@type\":\"ImageObject\",\"inLanguage\":\"sq\",\"@id\":\"https:\/\/permbledhja.com\/#\/schema\/logo\/image\/\",\"url\":\"https:\/\/permbledhja.com\/wp-content\/uploads\/2021\/12\/07-Press-Logo.jpg\",\"contentUrl\":\"https:\/\/permbledhja.com\/wp-content\/uploads\/2021\/12\/07-Press-Logo.jpg\",\"width\":512,\"height\":512,\"caption\":\"MK Media & Pr\"},\"image\":{\"@id\":\"https:\/\/permbledhja.com\/#\/schema\/logo\/image\/\"},\"sameAs\":[\"https:\/\/www.facebook.com\/press07\/\"]},{\"@type\":\"Person\",\"@id\":\"https:\/\/permbledhja.com\/#\/schema\/person\/0d064377258d3221e50693947b9eb4fe\",\"name\":\"P\u00ebrmbledhja\",\"image\":{\"@type\":\"ImageObject\",\"inLanguage\":\"sq\",\"@id\":\"https:\/\/permbledhja.com\/#\/schema\/person\/image\/\",\"url\":\"https:\/\/permbledhja.com\/wp-content\/uploads\/2026\/01\/452004717_1040944174702970_8932037511805513407_n-96x96.jpg\",\"contentUrl\":\"https:\/\/permbledhja.com\/wp-content\/uploads\/2026\/01\/452004717_1040944174702970_8932037511805513407_n-96x96.jpg\",\"caption\":\"P\u00ebrmbledhja\"},\"sameAs\":[\"https:\/\/www.facebook.com\/kafexhiu.muharrem\/\",\"https:\/\/www.instagram.com\/muharrem_kafexhiu\/\"],\"url\":\"https:\/\/permbledhja.com\/sq\/author\/admin\/\"}]}<\/script>\n<!-- \/ Yoast SEO plugin. -->","yoast_head_json":{"title":"Terrorist\u00ebt kishin edhe \"uniforma t\u00eb KFOR-it italian\": Sve\u00e7la shpalos detaje edhe m\u00eb t\u00eb reja p\u00ebr sulmin e 24 shtatorit","robots":{"index":"index","follow":"follow","max-snippet":"max-snippet:-1","max-image-preview":"max-image-preview:large","max-video-preview":"max-video-preview:-1"},"canonical":"https:\/\/permbledhja.com\/sq\/terroristet-kishin-edhe-uniforma-te-kfor-it-italian-svecla-shpalos-detaje-edhe-me-te-reja-per-sulmin-e-24-shtatorit\/","og_locale":"sq_AL","og_type":"article","og_title":"Terrorist\u00ebt kishin edhe \"uniforma t\u00eb KFOR-it italian\": Sve\u00e7la shpalos detaje edhe m\u00eb t\u00eb reja p\u00ebr sulmin e 24 shtatorit","og_description":"Disa nga veturat e nj\u00ebsis\u00eb paramilitare q\u00eb kreu akt terrorist por q\u00eb u mposht po at\u00eb dit\u00eb m\u00eb 24 shtator n\u00eb Banjsk\u00eb t\u00eb Zve\u00e7anit, p\u00ebrve\u00e7 se kishin stikersa t\u00eb KFOR-it si form\u00eb e maskimit dhe l\u00ebvizjes s\u00eb lir\u00eb, atyre u gjet\u00ebn edhe \u201cuniforma t\u00eb KFOR-it italian\u201d, ka th\u00ebn\u00eb Ministri i Brendsh\u00ebm, Xhelal Sve\u00e7la, n\u00eb nj\u00eb [&hellip;]","og_url":"https:\/\/permbledhja.com\/sq\/terroristet-kishin-edhe-uniforma-te-kfor-it-italian-svecla-shpalos-detaje-edhe-me-te-reja-per-sulmin-e-24-shtatorit\/","og_site_name":"Ve\u00e7 artikuj p\u00ebrmbledh\u00ebs","article_publisher":"https:\/\/www.facebook.com\/press07\/","article_author":"https:\/\/www.facebook.com\/kafexhiu.muharrem\/","article_published_time":"2023-10-05T21:15:02+00:00","og_image":[{"width":1151,"height":884,"url":"https:\/\/permbledhja.com\/wp-content\/uploads\/2023\/10\/FDEC9F25-6990-4C70-93C6-FC0CC76C0F31.jpeg","type":"image\/jpeg"}],"author":"P\u00ebrmbledhja","twitter_card":"summary_large_image","twitter_misc":{"Written by":"P\u00ebrmbledhja","Est. reading time":"3 minuta"},"schema":{"@context":"https:\/\/schema.org","@graph":[{"@type":"Article","@id":"https:\/\/permbledhja.com\/sq\/terroristet-kishin-edhe-uniforma-te-kfor-it-italian-svecla-shpalos-detaje-edhe-me-te-reja-per-sulmin-e-24-shtatorit\/#article","isPartOf":{"@id":"https:\/\/permbledhja.com\/sq\/terroristet-kishin-edhe-uniforma-te-kfor-it-italian-svecla-shpalos-detaje-edhe-me-te-reja-per-sulmin-e-24-shtatorit\/"},"author":{"name":"P\u00ebrmbledhja","@id":"https:\/\/permbledhja.com\/#\/schema\/person\/0d064377258d3221e50693947b9eb4fe"},"headline":"Terrorist\u00ebt kishin edhe &#8220;uniforma t\u00eb KFOR-it italian&#8221;: Sve\u00e7la shpalos detaje edhe m\u00eb t\u00eb reja p\u00ebr sulmin e 24 shtatorit","datePublished":"2023-10-05T21:15:02+00:00","dateModified":"2023-10-05T21:15:02+00:00","mainEntityOfPage":{"@id":"https:\/\/permbledhja.com\/sq\/terroristet-kishin-edhe-uniforma-te-kfor-it-italian-svecla-shpalos-detaje-edhe-me-te-reja-per-sulmin-e-24-shtatorit\/"},"wordCount":609,"publisher":{"@id":"https:\/\/permbledhja.com\/#organization"},"keywords":["Xhelal Sve\u00e7la"],"articleSection":["Komb\u00ebtare","Lajme"],"inLanguage":"sq"},{"@type":"WebPage","@id":"https:\/\/permbledhja.com\/sq\/terroristet-kishin-edhe-uniforma-te-kfor-it-italian-svecla-shpalos-detaje-edhe-me-te-reja-per-sulmin-e-24-shtatorit\/","url":"https:\/\/permbledhja.com\/sq\/terroristet-kishin-edhe-uniforma-te-kfor-it-italian-svecla-shpalos-detaje-edhe-me-te-reja-per-sulmin-e-24-shtatorit\/","name":"Terrorist\u00ebt kishin edhe \"uniforma t\u00eb KFOR-it italian\": Sve\u00e7la shpalos detaje edhe m\u00eb t\u00eb reja p\u00ebr sulmin e 24 shtatorit","isPartOf":{"@id":"https:\/\/permbledhja.com\/#website"},"datePublished":"2023-10-05T21:15:02+00:00","dateModified":"2023-10-05T21:15:02+00:00","breadcrumb":{"@id":"https:\/\/permbledhja.com\/sq\/terroristet-kishin-edhe-uniforma-te-kfor-it-italian-svecla-shpalos-detaje-edhe-me-te-reja-per-sulmin-e-24-shtatorit\/#breadcrumb"},"inLanguage":"sq","potentialAction":[{"@type":"ReadAction","target":["https:\/\/permbledhja.com\/sq\/terroristet-kishin-edhe-uniforma-te-kfor-it-italian-svecla-shpalos-detaje-edhe-me-te-reja-per-sulmin-e-24-shtatorit\/"]}]},{"@type":"BreadcrumbList","@id":"https:\/\/permbledhja.com\/sq\/terroristet-kishin-edhe-uniforma-te-kfor-it-italian-svecla-shpalos-detaje-edhe-me-te-reja-per-sulmin-e-24-shtatorit\/#breadcrumb","itemListElement":[{"@type":"ListItem","position":1,"name":"Ballina","item":"https:\/\/permbledhja.com\/sq\/"},{"@type":"ListItem","position":2,"name":"Terrorist\u00ebt kishin edhe &#8220;uniforma t\u00eb KFOR-it italian&#8221;: Sve\u00e7la shpalos detaje edhe m\u00eb t\u00eb reja p\u00ebr sulmin e 24 shtatorit"}]},{"@type":"WebSite","@id":"https:\/\/permbledhja.com\/#website","url":"https:\/\/permbledhja.com\/","name":"Ve\u00e7 artikuj p\u00ebrmbledh\u00ebs","description":"","publisher":{"@id":"https:\/\/permbledhja.com\/#organization"},"potentialAction":[{"@type":"SearchAction","target":{"@type":"EntryPoint","urlTemplate":"https:\/\/permbledhja.com\/?s={search_term_string}"},"query-input":"required name=search_term_string"}],"inLanguage":"sq"},{"@type":"Organization","@id":"https:\/\/permbledhja.com\/#organization","name":"MK Media & Pr","url":"https:\/\/permbledhja.com\/","logo":{"@type":"ImageObject","inLanguage":"sq","@id":"https:\/\/permbledhja.com\/#\/schema\/logo\/image\/","url":"https:\/\/permbledhja.com\/wp-content\/uploads\/2021\/12\/07-Press-Logo.jpg","contentUrl":"https:\/\/permbledhja.com\/wp-content\/uploads\/2021\/12\/07-Press-Logo.jpg","width":512,"height":512,"caption":"MK Media & Pr"},"image":{"@id":"https:\/\/permbledhja.com\/#\/schema\/logo\/image\/"},"sameAs":["https:\/\/www.facebook.com\/press07\/"]},{"@type":"Person","@id":"https:\/\/permbledhja.com\/#\/schema\/person\/0d064377258d3221e50693947b9eb4fe","name":"P\u00ebrmbledhja","image":{"@type":"ImageObject","inLanguage":"sq","@id":"https:\/\/permbledhja.com\/#\/schema\/person\/image\/","url":"https:\/\/permbledhja.com\/wp-content\/uploads\/2026\/01\/452004717_1040944174702970_8932037511805513407_n-96x96.jpg","contentUrl":"https:\/\/permbledhja.com\/wp-content\/uploads\/2026\/01\/452004717_1040944174702970_8932037511805513407_n-96x96.jpg","caption":"P\u00ebrmbledhja"},"sameAs":["https:\/\/www.facebook.com\/kafexhiu.muharrem\/","https:\/\/www.instagram.com\/muharrem_kafexhiu\/"],"url":"https:\/\/permbledhja.com\/sq\/author\/admin\/"}]}},"_links":{"self":[{"href":"https:\/\/permbledhja.com\/sq\/wp-json\/wp\/v2\/posts\/29994"}],"collection":[{"href":"https:\/\/permbledhja.com\/sq\/wp-json\/wp\/v2\/posts"}],"about":[{"href":"https:\/\/permbledhja.com\/sq\/wp-json\/wp\/v2\/types\/post"}],"author":[{"embeddable":true,"href":"https:\/\/permbledhja.com\/sq\/wp-json\/wp\/v2\/users\/1"}],"replies":[{"embeddable":true,"href":"https:\/\/permbledhja.com\/sq\/wp-json\/wp\/v2\/comments?post=29994"}],"version-history":[{"count":1,"href":"https:\/\/permbledhja.com\/sq\/wp-json\/wp\/v2\/posts\/29994\/revisions"}],"predecessor-version":[{"id":29996,"href":"https:\/\/permbledhja.com\/sq\/wp-json\/wp\/v2\/posts\/29994\/revisions\/29996"}],"wp:featuredmedia":[{"embeddable":true,"href":"https:\/\/permbledhja.com\/sq\/wp-json\/wp\/v2\/media\/29995"}],"wp:attachment":[{"href":"https:\/\/permbledhja.com\/sq\/wp-json\/wp\/v2\/media?parent=29994"}],"wp:term":[{"taxonomy":"category","embeddable":true,"href":"https:\/\/permbledhja.com\/sq\/wp-json\/wp\/v2\/categories?post=29994"},{"taxonomy":"post_tag","embeddable":true,"href":"https:\/\/permbledhja.com\/sq\/wp-json\/wp\/v2\/tags?post=29994"}],"curies":[{"name":"wp","href":"https:\/\/api.w.org\/{rel}","templated":true}]}}