{"id":29991,"date":"2023-10-05T20:49:15","date_gmt":"2023-10-05T20:49:15","guid":{"rendered":"https:\/\/permbledhja.com\/?p=29991"},"modified":"2023-10-05T20:49:15","modified_gmt":"2023-10-05T20:49:15","slug":"haxhiu-per-radoiciqin-do-te-jete-ne-listen-e-kerkuarve-te-interpol-it-nga-kosova","status":"publish","type":"post","link":"https:\/\/permbledhja.com\/sq\/haxhiu-per-radoiciqin-do-te-jete-ne-listen-e-kerkuarve-te-interpol-it-nga-kosova\/","title":{"rendered":"Haxhiu p\u00ebr Radoi\u00e7iqin: Do t\u00eb jet\u00eb n\u00eb list\u00ebn e k\u00ebrkuarve t\u00eb Interpol-it nga Kosova"},"content":{"rendered":"<h3>Ministrja e Drejt\u00ebsis\u00eb, Albulena Haxhiu \u00ebsht\u00eb deklaruar n\u00eb lidhje me kryeterroristin, Milan Radoj\u00e7iqit, i cili ishte udh\u00ebheq\u00ebsit kryesor p\u00ebr sulmin terrorist t\u00eb 24 shtatorit n\u00eb veri t\u00eb Kosov\u00ebs.<\/h3>\n<p>Haxhiu ka th\u00ebn\u00eb se Radoji\u00e7iq do t\u00eb jet\u00eb n\u00eb list\u00ebn e t\u00eb k\u00ebrkuarve t\u00eb Interpol-it nga Kosova.<\/p>\n<p>\u201c<i>Sigurisht q\u00eb po, Radoj\u00e7iq do t\u00eb jet\u00eb n\u00eb list\u00ebn e k\u00ebrkuarve t\u00eb Interpol-it nga Kosova, por p\u00ebr t\u00eb m\u00ebritur aty, Kosova duhet t\u00eb kryej\u00eb disa procedura. Nuk mund q\u00eb t\u00eb kritikohemi n\u00ebse shkelim ndonj\u00eb procedur\u00eb, un\u00eb jam shum\u00eb m\u00eb shum\u00eb e mendimit q\u00eb duhet t\u00eb ndjekim secil\u00ebn procedur\u00eb, e q\u00eb pastaj ati t\u00eb vendoset n\u00eb Interpol<\/i>.\u201d \u2013 ka deklaruar ministria Haxhiu n\u00eb RTV Dukagjini.<\/p>\n<p>Ajo tutje ka folur edhe p\u00ebr mund\u00ebsin\u00eb e dor\u00ebzimit t\u00eb Milan Radoj\u00e7iqit nga Serbia n\u00eb Kosov\u00eb, duke b\u00ebr\u00eb t\u00eb qart\u00eb se Serbia nuk ka histori t\u00eb dor\u00ebzimit t\u00eb personave t\u00eb k\u00ebrkuar nga Kosova dhe p\u00ebrmendi rastin e kriminal\u00ebve t\u00eb luft\u00ebs, p\u00ebr t\u00eb cil\u00ebt gjykimi \u00ebsht\u00eb b\u00ebr\u00eb n\u00eb munges\u00eb.<\/p>\n<p>\u201c<i>Pra nuk do ta sjellin Radoj\u00e7iqin n\u00eb Kosov\u00eb, ne e dim\u00eb sepse se kan\u00eb b\u00ebr\u00eb asnj\u00ebher\u00eb n\u00eb asnj\u00eb rast. Edhe n\u00eb gjykimin p\u00ebr kriminal\u00ebt e luft\u00ebs ne kemi b\u00ebt\u00eb gjykim n\u00eb munges\u00eb sepse Serbia si dor\u00ebzon. Por fletrreshtimi nd\u00ebrkomb\u00ebtar i bie q\u00eb ai futet n\u00eb Interpol dhe kudo q\u00eb ai shkon p\u00ebrtej Serbis\u00eb do t\u00eb zihet dhe do t\u00eb dor\u00ebzohet n\u00eb Republik\u00ebn e Kosov\u00ebs. Sigurisht q\u00eb do t\u00eb ket\u00eb nj\u00eb tendenc\u00eb q\u00eb ta hetoj Radoj\u00e7iqin me q\u00ebllim t\u00eb amnistimit t\u00eb tij, mir\u00ebpo Serbia nuk ka juridiksion q\u00eb t\u00eb merret me hetimin e sulmit terrorist q\u00eb ka ndodhur n\u00eb veri t\u00eb Kosov\u00ebs, kjo nuk lejohet ligj\u00ebrisht.<\/i>\u201d \u2013 ka th\u00ebn\u00eb ajo.<\/p>\n","protected":false},"excerpt":{"rendered":"<p>Ministrja e Drejt\u00ebsis\u00eb, Albulena Haxhiu \u00ebsht\u00eb deklaruar n\u00eb lidhje me kryeterroristin, Milan Radoj\u00e7iqit, i cili ishte udh\u00ebheq\u00ebsit kryesor p\u00ebr sulmin terrorist t\u00eb 24 shtatorit n\u00eb veri t\u00eb Kosov\u00ebs. Haxhiu ka th\u00ebn\u00eb se Radoji\u00e7iq do t\u00eb jet\u00eb n\u00eb list\u00ebn e t\u00eb k\u00ebrkuarve t\u00eb Interpol-it nga Kosova. \u201cSigurisht q\u00eb po, Radoj\u00e7iq do t\u00eb jet\u00eb n\u00eb list\u00ebn e [&hellip;]<\/p>\n","protected":false},"author":1,"featured_media":29992,"comment_status":"closed","ping_status":"closed","sticky":false,"template":"","format":"standard","meta":{"_monsterinsights_skip_tracking":false,"_monsterinsights_sitenote_active":false,"_monsterinsights_sitenote_note":"","_monsterinsights_sitenote_category":0,"_uf_show_specific_survey":0,"_uf_disable_surveys":false,"footnotes":""},"categories":[23,15],"tags":[529],"yoast_head":"<!-- This site is optimized with the Yoast SEO plugin v21.5 - https:\/\/yoast.com\/wordpress\/plugins\/seo\/ -->\n<title>Haxhiu p\u00ebr Radoi\u00e7iqin: Do t\u00eb jet\u00eb n\u00eb list\u00ebn e k\u00ebrkuarve t\u00eb Interpol-it nga Kosova<\/title>\n<meta name=\"robots\" content=\"index, follow, max-snippet:-1, max-image-preview:large, max-video-preview:-1\" \/>\n<link rel=\"canonical\" href=\"https:\/\/permbledhja.com\/sq\/haxhiu-per-radoiciqin-do-te-jete-ne-listen-e-kerkuarve-te-interpol-it-nga-kosova\/\" \/>\n<meta property=\"og:locale\" content=\"sq_AL\" \/>\n<meta property=\"og:type\" content=\"article\" \/>\n<meta property=\"og:title\" content=\"Haxhiu p\u00ebr Radoi\u00e7iqin: Do t\u00eb jet\u00eb n\u00eb list\u00ebn e k\u00ebrkuarve t\u00eb Interpol-it nga Kosova\" \/>\n<meta property=\"og:description\" content=\"Ministrja e Drejt\u00ebsis\u00eb, Albulena Haxhiu \u00ebsht\u00eb deklaruar n\u00eb lidhje me kryeterroristin, Milan Radoj\u00e7iqit, i cili ishte udh\u00ebheq\u00ebsit kryesor p\u00ebr sulmin terrorist t\u00eb 24 shtatorit n\u00eb veri t\u00eb Kosov\u00ebs. Haxhiu ka th\u00ebn\u00eb se Radoji\u00e7iq do t\u00eb jet\u00eb n\u00eb list\u00ebn e t\u00eb k\u00ebrkuarve t\u00eb Interpol-it nga Kosova. \u201cSigurisht q\u00eb po, Radoj\u00e7iq do t\u00eb jet\u00eb n\u00eb list\u00ebn e [&hellip;]\" \/>\n<meta property=\"og:url\" content=\"https:\/\/permbledhja.com\/sq\/haxhiu-per-radoiciqin-do-te-jete-ne-listen-e-kerkuarve-te-interpol-it-nga-kosova\/\" \/>\n<meta property=\"og:site_name\" content=\"Ve\u00e7 artikuj p\u00ebrmbledh\u00ebs\" \/>\n<meta property=\"article:publisher\" content=\"https:\/\/www.facebook.com\/press07\/\" \/>\n<meta property=\"article:author\" content=\"https:\/\/www.facebook.com\/kafexhiu.muharrem\/\" \/>\n<meta property=\"article:published_time\" content=\"2023-10-05T20:49:15+00:00\" \/>\n<meta property=\"og:image\" content=\"https:\/\/permbledhja.com\/wp-content\/uploads\/2023\/10\/EDF50E8B-4D04-420B-8004-F424609ECA24.jpeg\" \/>\n\t<meta property=\"og:image:width\" content=\"1138\" \/>\n\t<meta property=\"og:image:height\" content=\"881\" \/>\n\t<meta property=\"og:image:type\" content=\"image\/jpeg\" \/>\n<meta name=\"author\" content=\"P\u00ebrmbledhja\" \/>\n<meta name=\"twitter:card\" content=\"summary_large_image\" \/>\n<meta name=\"twitter:label1\" content=\"Written by\" \/>\n\t<meta name=\"twitter:data1\" content=\"P\u00ebrmbledhja\" \/>\n\t<meta name=\"twitter:label2\" content=\"Est. reading time\" \/>\n\t<meta name=\"twitter:data2\" content=\"2 minuta\" \/>\n<script type=\"application\/ld+json\" class=\"yoast-schema-graph\">{\"@context\":\"https:\/\/schema.org\",\"@graph\":[{\"@type\":\"Article\",\"@id\":\"https:\/\/permbledhja.com\/haxhiu-per-radoiciqin-do-te-jete-ne-listen-e-kerkuarve-te-interpol-it-nga-kosova\/#article\",\"isPartOf\":{\"@id\":\"https:\/\/permbledhja.com\/haxhiu-per-radoiciqin-do-te-jete-ne-listen-e-kerkuarve-te-interpol-it-nga-kosova\/\"},\"author\":{\"name\":\"P\u00ebrmbledhja\",\"@id\":\"https:\/\/permbledhja.com\/#\/schema\/person\/0d064377258d3221e50693947b9eb4fe\"},\"headline\":\"Haxhiu p\u00ebr Radoi\u00e7iqin: Do t\u00eb jet\u00eb n\u00eb list\u00ebn e k\u00ebrkuarve t\u00eb Interpol-it nga Kosova\",\"datePublished\":\"2023-10-05T20:49:15+00:00\",\"dateModified\":\"2023-10-05T20:49:15+00:00\",\"mainEntityOfPage\":{\"@id\":\"https:\/\/permbledhja.com\/haxhiu-per-radoiciqin-do-te-jete-ne-listen-e-kerkuarve-te-interpol-it-nga-kosova\/\"},\"wordCount\":331,\"publisher\":{\"@id\":\"https:\/\/permbledhja.com\/#organization\"},\"keywords\":[\"Albulena Haxhiu\"],\"articleSection\":[\"Komb\u00ebtare\",\"Lajme\"],\"inLanguage\":\"sq\"},{\"@type\":\"WebPage\",\"@id\":\"https:\/\/permbledhja.com\/haxhiu-per-radoiciqin-do-te-jete-ne-listen-e-kerkuarve-te-interpol-it-nga-kosova\/\",\"url\":\"https:\/\/permbledhja.com\/haxhiu-per-radoiciqin-do-te-jete-ne-listen-e-kerkuarve-te-interpol-it-nga-kosova\/\",\"name\":\"Haxhiu p\u00ebr Radoi\u00e7iqin: Do t\u00eb jet\u00eb n\u00eb list\u00ebn e k\u00ebrkuarve t\u00eb Interpol-it nga Kosova\",\"isPartOf\":{\"@id\":\"https:\/\/permbledhja.com\/#website\"},\"datePublished\":\"2023-10-05T20:49:15+00:00\",\"dateModified\":\"2023-10-05T20:49:15+00:00\",\"breadcrumb\":{\"@id\":\"https:\/\/permbledhja.com\/haxhiu-per-radoiciqin-do-te-jete-ne-listen-e-kerkuarve-te-interpol-it-nga-kosova\/#breadcrumb\"},\"inLanguage\":\"sq\",\"potentialAction\":[{\"@type\":\"ReadAction\",\"target\":[\"https:\/\/permbledhja.com\/haxhiu-per-radoiciqin-do-te-jete-ne-listen-e-kerkuarve-te-interpol-it-nga-kosova\/\"]}]},{\"@type\":\"BreadcrumbList\",\"@id\":\"https:\/\/permbledhja.com\/haxhiu-per-radoiciqin-do-te-jete-ne-listen-e-kerkuarve-te-interpol-it-nga-kosova\/#breadcrumb\",\"itemListElement\":[{\"@type\":\"ListItem\",\"position\":1,\"name\":\"Ballina\",\"item\":\"https:\/\/permbledhja.com\/sq\/\"},{\"@type\":\"ListItem\",\"position\":2,\"name\":\"Haxhiu p\u00ebr Radoi\u00e7iqin: Do t\u00eb jet\u00eb n\u00eb list\u00ebn e k\u00ebrkuarve t\u00eb Interpol-it nga Kosova\"}]},{\"@type\":\"WebSite\",\"@id\":\"https:\/\/permbledhja.com\/#website\",\"url\":\"https:\/\/permbledhja.com\/\",\"name\":\"Ve\u00e7 artikuj p\u00ebrmbledh\u00ebs\",\"description\":\"\",\"publisher\":{\"@id\":\"https:\/\/permbledhja.com\/#organization\"},\"potentialAction\":[{\"@type\":\"SearchAction\",\"target\":{\"@type\":\"EntryPoint\",\"urlTemplate\":\"https:\/\/permbledhja.com\/?s={search_term_string}\"},\"query-input\":\"required name=search_term_string\"}],\"inLanguage\":\"sq\"},{\"@type\":\"Organization\",\"@id\":\"https:\/\/permbledhja.com\/#organization\",\"name\":\"MK Media & Pr\",\"url\":\"https:\/\/permbledhja.com\/\",\"logo\":{\"@type\":\"ImageObject\",\"inLanguage\":\"sq\",\"@id\":\"https:\/\/permbledhja.com\/#\/schema\/logo\/image\/\",\"url\":\"https:\/\/permbledhja.com\/wp-content\/uploads\/2021\/12\/07-Press-Logo.jpg\",\"contentUrl\":\"https:\/\/permbledhja.com\/wp-content\/uploads\/2021\/12\/07-Press-Logo.jpg\",\"width\":512,\"height\":512,\"caption\":\"MK Media & Pr\"},\"image\":{\"@id\":\"https:\/\/permbledhja.com\/#\/schema\/logo\/image\/\"},\"sameAs\":[\"https:\/\/www.facebook.com\/press07\/\"]},{\"@type\":\"Person\",\"@id\":\"https:\/\/permbledhja.com\/#\/schema\/person\/0d064377258d3221e50693947b9eb4fe\",\"name\":\"P\u00ebrmbledhja\",\"image\":{\"@type\":\"ImageObject\",\"inLanguage\":\"sq\",\"@id\":\"https:\/\/permbledhja.com\/#\/schema\/person\/image\/\",\"url\":\"https:\/\/permbledhja.com\/wp-content\/uploads\/2026\/01\/452004717_1040944174702970_8932037511805513407_n-96x96.jpg\",\"contentUrl\":\"https:\/\/permbledhja.com\/wp-content\/uploads\/2026\/01\/452004717_1040944174702970_8932037511805513407_n-96x96.jpg\",\"caption\":\"P\u00ebrmbledhja\"},\"sameAs\":[\"https:\/\/www.facebook.com\/kafexhiu.muharrem\/\",\"https:\/\/www.instagram.com\/muharrem_kafexhiu\/\"],\"url\":\"https:\/\/permbledhja.com\/sq\/author\/admin\/\"}]}<\/script>\n<!-- \/ Yoast SEO plugin. -->","yoast_head_json":{"title":"Haxhiu p\u00ebr Radoi\u00e7iqin: Do t\u00eb jet\u00eb n\u00eb list\u00ebn e k\u00ebrkuarve t\u00eb Interpol-it nga Kosova","robots":{"index":"index","follow":"follow","max-snippet":"max-snippet:-1","max-image-preview":"max-image-preview:large","max-video-preview":"max-video-preview:-1"},"canonical":"https:\/\/permbledhja.com\/sq\/haxhiu-per-radoiciqin-do-te-jete-ne-listen-e-kerkuarve-te-interpol-it-nga-kosova\/","og_locale":"sq_AL","og_type":"article","og_title":"Haxhiu p\u00ebr Radoi\u00e7iqin: Do t\u00eb jet\u00eb n\u00eb list\u00ebn e k\u00ebrkuarve t\u00eb Interpol-it nga Kosova","og_description":"Ministrja e Drejt\u00ebsis\u00eb, Albulena Haxhiu \u00ebsht\u00eb deklaruar n\u00eb lidhje me kryeterroristin, Milan Radoj\u00e7iqit, i cili ishte udh\u00ebheq\u00ebsit kryesor p\u00ebr sulmin terrorist t\u00eb 24 shtatorit n\u00eb veri t\u00eb Kosov\u00ebs. Haxhiu ka th\u00ebn\u00eb se Radoji\u00e7iq do t\u00eb jet\u00eb n\u00eb list\u00ebn e t\u00eb k\u00ebrkuarve t\u00eb Interpol-it nga Kosova. \u201cSigurisht q\u00eb po, Radoj\u00e7iq do t\u00eb jet\u00eb n\u00eb list\u00ebn e [&hellip;]","og_url":"https:\/\/permbledhja.com\/sq\/haxhiu-per-radoiciqin-do-te-jete-ne-listen-e-kerkuarve-te-interpol-it-nga-kosova\/","og_site_name":"Ve\u00e7 artikuj p\u00ebrmbledh\u00ebs","article_publisher":"https:\/\/www.facebook.com\/press07\/","article_author":"https:\/\/www.facebook.com\/kafexhiu.muharrem\/","article_published_time":"2023-10-05T20:49:15+00:00","og_image":[{"width":1138,"height":881,"url":"https:\/\/permbledhja.com\/wp-content\/uploads\/2023\/10\/EDF50E8B-4D04-420B-8004-F424609ECA24.jpeg","type":"image\/jpeg"}],"author":"P\u00ebrmbledhja","twitter_card":"summary_large_image","twitter_misc":{"Written by":"P\u00ebrmbledhja","Est. reading time":"2 minuta"},"schema":{"@context":"https:\/\/schema.org","@graph":[{"@type":"Article","@id":"https:\/\/permbledhja.com\/haxhiu-per-radoiciqin-do-te-jete-ne-listen-e-kerkuarve-te-interpol-it-nga-kosova\/#article","isPartOf":{"@id":"https:\/\/permbledhja.com\/haxhiu-per-radoiciqin-do-te-jete-ne-listen-e-kerkuarve-te-interpol-it-nga-kosova\/"},"author":{"name":"P\u00ebrmbledhja","@id":"https:\/\/permbledhja.com\/#\/schema\/person\/0d064377258d3221e50693947b9eb4fe"},"headline":"Haxhiu p\u00ebr Radoi\u00e7iqin: Do t\u00eb jet\u00eb n\u00eb list\u00ebn e k\u00ebrkuarve t\u00eb Interpol-it nga Kosova","datePublished":"2023-10-05T20:49:15+00:00","dateModified":"2023-10-05T20:49:15+00:00","mainEntityOfPage":{"@id":"https:\/\/permbledhja.com\/haxhiu-per-radoiciqin-do-te-jete-ne-listen-e-kerkuarve-te-interpol-it-nga-kosova\/"},"wordCount":331,"publisher":{"@id":"https:\/\/permbledhja.com\/#organization"},"keywords":["Albulena Haxhiu"],"articleSection":["Komb\u00ebtare","Lajme"],"inLanguage":"sq"},{"@type":"WebPage","@id":"https:\/\/permbledhja.com\/haxhiu-per-radoiciqin-do-te-jete-ne-listen-e-kerkuarve-te-interpol-it-nga-kosova\/","url":"https:\/\/permbledhja.com\/haxhiu-per-radoiciqin-do-te-jete-ne-listen-e-kerkuarve-te-interpol-it-nga-kosova\/","name":"Haxhiu p\u00ebr Radoi\u00e7iqin: Do t\u00eb jet\u00eb n\u00eb list\u00ebn e k\u00ebrkuarve t\u00eb Interpol-it nga Kosova","isPartOf":{"@id":"https:\/\/permbledhja.com\/#website"},"datePublished":"2023-10-05T20:49:15+00:00","dateModified":"2023-10-05T20:49:15+00:00","breadcrumb":{"@id":"https:\/\/permbledhja.com\/haxhiu-per-radoiciqin-do-te-jete-ne-listen-e-kerkuarve-te-interpol-it-nga-kosova\/#breadcrumb"},"inLanguage":"sq","potentialAction":[{"@type":"ReadAction","target":["https:\/\/permbledhja.com\/haxhiu-per-radoiciqin-do-te-jete-ne-listen-e-kerkuarve-te-interpol-it-nga-kosova\/"]}]},{"@type":"BreadcrumbList","@id":"https:\/\/permbledhja.com\/haxhiu-per-radoiciqin-do-te-jete-ne-listen-e-kerkuarve-te-interpol-it-nga-kosova\/#breadcrumb","itemListElement":[{"@type":"ListItem","position":1,"name":"Ballina","item":"https:\/\/permbledhja.com\/sq\/"},{"@type":"ListItem","position":2,"name":"Haxhiu p\u00ebr Radoi\u00e7iqin: Do t\u00eb jet\u00eb n\u00eb list\u00ebn e k\u00ebrkuarve t\u00eb Interpol-it nga Kosova"}]},{"@type":"WebSite","@id":"https:\/\/permbledhja.com\/#website","url":"https:\/\/permbledhja.com\/","name":"Ve\u00e7 artikuj p\u00ebrmbledh\u00ebs","description":"","publisher":{"@id":"https:\/\/permbledhja.com\/#organization"},"potentialAction":[{"@type":"SearchAction","target":{"@type":"EntryPoint","urlTemplate":"https:\/\/permbledhja.com\/?s={search_term_string}"},"query-input":"required name=search_term_string"}],"inLanguage":"sq"},{"@type":"Organization","@id":"https:\/\/permbledhja.com\/#organization","name":"MK Media & Pr","url":"https:\/\/permbledhja.com\/","logo":{"@type":"ImageObject","inLanguage":"sq","@id":"https:\/\/permbledhja.com\/#\/schema\/logo\/image\/","url":"https:\/\/permbledhja.com\/wp-content\/uploads\/2021\/12\/07-Press-Logo.jpg","contentUrl":"https:\/\/permbledhja.com\/wp-content\/uploads\/2021\/12\/07-Press-Logo.jpg","width":512,"height":512,"caption":"MK Media & Pr"},"image":{"@id":"https:\/\/permbledhja.com\/#\/schema\/logo\/image\/"},"sameAs":["https:\/\/www.facebook.com\/press07\/"]},{"@type":"Person","@id":"https:\/\/permbledhja.com\/#\/schema\/person\/0d064377258d3221e50693947b9eb4fe","name":"P\u00ebrmbledhja","image":{"@type":"ImageObject","inLanguage":"sq","@id":"https:\/\/permbledhja.com\/#\/schema\/person\/image\/","url":"https:\/\/permbledhja.com\/wp-content\/uploads\/2026\/01\/452004717_1040944174702970_8932037511805513407_n-96x96.jpg","contentUrl":"https:\/\/permbledhja.com\/wp-content\/uploads\/2026\/01\/452004717_1040944174702970_8932037511805513407_n-96x96.jpg","caption":"P\u00ebrmbledhja"},"sameAs":["https:\/\/www.facebook.com\/kafexhiu.muharrem\/","https:\/\/www.instagram.com\/muharrem_kafexhiu\/"],"url":"https:\/\/permbledhja.com\/sq\/author\/admin\/"}]}},"_links":{"self":[{"href":"https:\/\/permbledhja.com\/sq\/wp-json\/wp\/v2\/posts\/29991"}],"collection":[{"href":"https:\/\/permbledhja.com\/sq\/wp-json\/wp\/v2\/posts"}],"about":[{"href":"https:\/\/permbledhja.com\/sq\/wp-json\/wp\/v2\/types\/post"}],"author":[{"embeddable":true,"href":"https:\/\/permbledhja.com\/sq\/wp-json\/wp\/v2\/users\/1"}],"replies":[{"embeddable":true,"href":"https:\/\/permbledhja.com\/sq\/wp-json\/wp\/v2\/comments?post=29991"}],"version-history":[{"count":1,"href":"https:\/\/permbledhja.com\/sq\/wp-json\/wp\/v2\/posts\/29991\/revisions"}],"predecessor-version":[{"id":29993,"href":"https:\/\/permbledhja.com\/sq\/wp-json\/wp\/v2\/posts\/29991\/revisions\/29993"}],"wp:featuredmedia":[{"embeddable":true,"href":"https:\/\/permbledhja.com\/sq\/wp-json\/wp\/v2\/media\/29992"}],"wp:attachment":[{"href":"https:\/\/permbledhja.com\/sq\/wp-json\/wp\/v2\/media?parent=29991"}],"wp:term":[{"taxonomy":"category","embeddable":true,"href":"https:\/\/permbledhja.com\/sq\/wp-json\/wp\/v2\/categories?post=29991"},{"taxonomy":"post_tag","embeddable":true,"href":"https:\/\/permbledhja.com\/sq\/wp-json\/wp\/v2\/tags?post=29991"}],"curies":[{"name":"wp","href":"https:\/\/api.w.org\/{rel}","templated":true}]}}