{"id":29982,"date":"2023-10-05T19:49:42","date_gmt":"2023-10-05T19:49:42","guid":{"rendered":"https:\/\/permbledhja.com\/?p=29982"},"modified":"2023-10-05T19:49:42","modified_gmt":"2023-10-05T19:49:42","slug":"rama-dhe-osmani-normalizojne-raportet-shihen-me-humor-te-mire-ne-spanje","status":"publish","type":"post","link":"https:\/\/permbledhja.com\/sq\/rama-dhe-osmani-normalizojne-raportet-shihen-me-humor-te-mire-ne-spanje\/","title":{"rendered":"Rama dhe Osmani \u2018normalizojn\u00eb\u2019 raportet, shihen me humor t\u00eb mir\u00eb n\u00eb Spanj\u00eb"},"content":{"rendered":"<h3>Kryeministri i Shqip\u00ebris\u00eb, Edi Rama ka publikuar fotografi nga takimet e tij gjat\u00eb Samitit t\u00eb Komunitetit Politik Evropian n\u00eb Granada t\u00eb Spanj\u00ebs.<\/h3>\n<p>Nd\u00ebr shum\u00eb fotografi t\u00eb postuara n\u00eb Facebook, Rama ka zgjedhur edhe nj\u00eb foto me presidenten e Kosov\u00ebs, Vjosa Osmani, ku shihen n\u00eb humor t\u00eb mir\u00eb.<\/p>\n<p>Ndryshe, gjat\u00eb takimit t\u00eb Komunitetit Politik Evropian q\u00eb mbahet n\u00eb Spanj\u00eb, Rama tha se duhen marr\u00eb masa p\u00ebr t\u00eb parandaluar nj\u00eb konflikt mes Kosov\u00ebs dhe Serbis\u00eb.<\/p>\n<p>\u201cLuft\u00eb \u00ebsht\u00eb fjal\u00eb e madhe, por para se t\u00eb jet\u00eb tep\u00ebr von\u00eb, masa duhen marr\u00eb. Ne po e ndjekim situat\u00ebn nga shum\u00eb af\u00ebr dhe e r\u00ebnd\u00ebsishme \u00ebsht\u00eb q\u00eb ka nj\u00eb vullnet t\u00eb mir\u00eb, \u00ebsht\u00eb gj\u00eb e mir\u00eb q\u00eb NATO ka shtuar prezenc\u00ebn KFOR-in n\u00eb veri sepse kufiri atje \u00ebsht\u00eb b\u00ebr\u00eb shum\u00eb transparent dhe shpresojm\u00eb q\u00eb dialogu do t\u00eb vijoj\u00eb\u201d, \u00ebsht\u00eb shprehur Rama.<\/p>\n<p><img loading=\"lazy\" decoding=\"async\" class=\"alignnone size-full wp-image-29984\" src=\"https:\/\/permbledhja.com\/wp-content\/uploads\/2023\/10\/F6F87664-0D8F-44DE-BA52-8B1914D18390.jpeg\" alt=\"\" width=\"1199\" height=\"1822\" srcset=\"https:\/\/permbledhja.com\/wp-content\/uploads\/2023\/10\/F6F87664-0D8F-44DE-BA52-8B1914D18390.jpeg 1199w, https:\/\/permbledhja.com\/wp-content\/uploads\/2023\/10\/F6F87664-0D8F-44DE-BA52-8B1914D18390-197x300.jpeg 197w, https:\/\/permbledhja.com\/wp-content\/uploads\/2023\/10\/F6F87664-0D8F-44DE-BA52-8B1914D18390-674x1024.jpeg 674w, https:\/\/permbledhja.com\/wp-content\/uploads\/2023\/10\/F6F87664-0D8F-44DE-BA52-8B1914D18390-768x1167.jpeg 768w, https:\/\/permbledhja.com\/wp-content\/uploads\/2023\/10\/F6F87664-0D8F-44DE-BA52-8B1914D18390-1011x1536.jpeg 1011w, https:\/\/permbledhja.com\/wp-content\/uploads\/2023\/10\/F6F87664-0D8F-44DE-BA52-8B1914D18390-8x12.jpeg 8w\" sizes=\"(max-width: 1199px) 100vw, 1199px\" \/><\/p>\n","protected":false},"excerpt":{"rendered":"<p>Kryeministri i Shqip\u00ebris\u00eb, Edi Rama ka publikuar fotografi nga takimet e tij gjat\u00eb Samitit t\u00eb Komunitetit Politik Evropian n\u00eb Granada t\u00eb Spanj\u00ebs. Nd\u00ebr shum\u00eb fotografi t\u00eb postuara n\u00eb Facebook, Rama ka zgjedhur edhe nj\u00eb foto me presidenten e Kosov\u00ebs, Vjosa Osmani, ku shihen n\u00eb humor t\u00eb mir\u00eb. Ndryshe, gjat\u00eb takimit t\u00eb Komunitetit Politik Evropian q\u00eb [&hellip;]<\/p>\n","protected":false},"author":1,"featured_media":29983,"comment_status":"closed","ping_status":"closed","sticky":false,"template":"","format":"standard","meta":{"_monsterinsights_skip_tracking":false,"_monsterinsights_sitenote_active":false,"_monsterinsights_sitenote_note":"","_monsterinsights_sitenote_category":0,"_uf_show_specific_survey":0,"_uf_disable_surveys":false,"footnotes":""},"categories":[23,15],"tags":[474,163],"yoast_head":"<!-- This site is optimized with the Yoast SEO plugin v21.5 - https:\/\/yoast.com\/wordpress\/plugins\/seo\/ -->\n<title>Rama dhe Osmani \u2018normalizojn\u00eb\u2019 raportet, shihen me humor t\u00eb mir\u00eb n\u00eb Spanj\u00eb<\/title>\n<meta name=\"robots\" content=\"index, follow, max-snippet:-1, max-image-preview:large, max-video-preview:-1\" \/>\n<link rel=\"canonical\" href=\"https:\/\/permbledhja.com\/sq\/rama-dhe-osmani-normalizojne-raportet-shihen-me-humor-te-mire-ne-spanje\/\" \/>\n<meta property=\"og:locale\" content=\"sq_AL\" \/>\n<meta property=\"og:type\" content=\"article\" \/>\n<meta property=\"og:title\" content=\"Rama dhe Osmani \u2018normalizojn\u00eb\u2019 raportet, shihen me humor t\u00eb mir\u00eb n\u00eb Spanj\u00eb\" \/>\n<meta property=\"og:description\" content=\"Kryeministri i Shqip\u00ebris\u00eb, Edi Rama ka publikuar fotografi nga takimet e tij gjat\u00eb Samitit t\u00eb Komunitetit Politik Evropian n\u00eb Granada t\u00eb Spanj\u00ebs. Nd\u00ebr shum\u00eb fotografi t\u00eb postuara n\u00eb Facebook, Rama ka zgjedhur edhe nj\u00eb foto me presidenten e Kosov\u00ebs, Vjosa Osmani, ku shihen n\u00eb humor t\u00eb mir\u00eb. Ndryshe, gjat\u00eb takimit t\u00eb Komunitetit Politik Evropian q\u00eb [&hellip;]\" \/>\n<meta property=\"og:url\" content=\"https:\/\/permbledhja.com\/sq\/rama-dhe-osmani-normalizojne-raportet-shihen-me-humor-te-mire-ne-spanje\/\" \/>\n<meta property=\"og:site_name\" content=\"Ve\u00e7 artikuj p\u00ebrmbledh\u00ebs\" \/>\n<meta property=\"article:publisher\" content=\"https:\/\/www.facebook.com\/press07\/\" \/>\n<meta property=\"article:author\" content=\"https:\/\/www.facebook.com\/kafexhiu.muharrem\/\" \/>\n<meta property=\"article:published_time\" content=\"2023-10-05T19:49:42+00:00\" \/>\n<meta property=\"og:image\" content=\"https:\/\/permbledhja.com\/wp-content\/uploads\/2023\/10\/48C50218-5A40-44AC-A646-93B756929F52.jpeg\" \/>\n\t<meta property=\"og:image:width\" content=\"1284\" \/>\n\t<meta property=\"og:image:height\" content=\"813\" \/>\n\t<meta property=\"og:image:type\" content=\"image\/jpeg\" \/>\n<meta name=\"author\" content=\"P\u00ebrmbledhja\" \/>\n<meta name=\"twitter:card\" content=\"summary_large_image\" \/>\n<meta name=\"twitter:label1\" content=\"Written by\" \/>\n\t<meta name=\"twitter:data1\" content=\"P\u00ebrmbledhja\" \/>\n\t<meta name=\"twitter:label2\" content=\"Est. reading time\" \/>\n\t<meta name=\"twitter:data2\" content=\"1 minut\u00eb\" \/>\n<script type=\"application\/ld+json\" class=\"yoast-schema-graph\">{\"@context\":\"https:\/\/schema.org\",\"@graph\":[{\"@type\":\"Article\",\"@id\":\"https:\/\/permbledhja.com\/rama-dhe-osmani-normalizojne-raportet-shihen-me-humor-te-mire-ne-spanje\/#article\",\"isPartOf\":{\"@id\":\"https:\/\/permbledhja.com\/rama-dhe-osmani-normalizojne-raportet-shihen-me-humor-te-mire-ne-spanje\/\"},\"author\":{\"name\":\"P\u00ebrmbledhja\",\"@id\":\"https:\/\/permbledhja.com\/#\/schema\/person\/0d064377258d3221e50693947b9eb4fe\"},\"headline\":\"Rama dhe Osmani \u2018normalizojn\u00eb\u2019 raportet, shihen me humor t\u00eb mir\u00eb n\u00eb Spanj\u00eb\",\"datePublished\":\"2023-10-05T19:49:42+00:00\",\"dateModified\":\"2023-10-05T19:49:42+00:00\",\"mainEntityOfPage\":{\"@id\":\"https:\/\/permbledhja.com\/rama-dhe-osmani-normalizojne-raportet-shihen-me-humor-te-mire-ne-spanje\/\"},\"wordCount\":160,\"publisher\":{\"@id\":\"https:\/\/permbledhja.com\/#organization\"},\"keywords\":[\"Edi Rama\",\"Vjosa Osmani\"],\"articleSection\":[\"Komb\u00ebtare\",\"Lajme\"],\"inLanguage\":\"sq\"},{\"@type\":\"WebPage\",\"@id\":\"https:\/\/permbledhja.com\/rama-dhe-osmani-normalizojne-raportet-shihen-me-humor-te-mire-ne-spanje\/\",\"url\":\"https:\/\/permbledhja.com\/rama-dhe-osmani-normalizojne-raportet-shihen-me-humor-te-mire-ne-spanje\/\",\"name\":\"Rama dhe Osmani \u2018normalizojn\u00eb\u2019 raportet, shihen me humor t\u00eb mir\u00eb n\u00eb Spanj\u00eb\",\"isPartOf\":{\"@id\":\"https:\/\/permbledhja.com\/#website\"},\"datePublished\":\"2023-10-05T19:49:42+00:00\",\"dateModified\":\"2023-10-05T19:49:42+00:00\",\"breadcrumb\":{\"@id\":\"https:\/\/permbledhja.com\/rama-dhe-osmani-normalizojne-raportet-shihen-me-humor-te-mire-ne-spanje\/#breadcrumb\"},\"inLanguage\":\"sq\",\"potentialAction\":[{\"@type\":\"ReadAction\",\"target\":[\"https:\/\/permbledhja.com\/rama-dhe-osmani-normalizojne-raportet-shihen-me-humor-te-mire-ne-spanje\/\"]}]},{\"@type\":\"BreadcrumbList\",\"@id\":\"https:\/\/permbledhja.com\/rama-dhe-osmani-normalizojne-raportet-shihen-me-humor-te-mire-ne-spanje\/#breadcrumb\",\"itemListElement\":[{\"@type\":\"ListItem\",\"position\":1,\"name\":\"Ballina\",\"item\":\"https:\/\/permbledhja.com\/sq\/\"},{\"@type\":\"ListItem\",\"position\":2,\"name\":\"Rama dhe Osmani \u2018normalizojn\u00eb\u2019 raportet, shihen me humor t\u00eb mir\u00eb n\u00eb Spanj\u00eb\"}]},{\"@type\":\"WebSite\",\"@id\":\"https:\/\/permbledhja.com\/#website\",\"url\":\"https:\/\/permbledhja.com\/\",\"name\":\"Ve\u00e7 artikuj p\u00ebrmbledh\u00ebs\",\"description\":\"\",\"publisher\":{\"@id\":\"https:\/\/permbledhja.com\/#organization\"},\"potentialAction\":[{\"@type\":\"SearchAction\",\"target\":{\"@type\":\"EntryPoint\",\"urlTemplate\":\"https:\/\/permbledhja.com\/?s={search_term_string}\"},\"query-input\":\"required name=search_term_string\"}],\"inLanguage\":\"sq\"},{\"@type\":\"Organization\",\"@id\":\"https:\/\/permbledhja.com\/#organization\",\"name\":\"MK Media & Pr\",\"url\":\"https:\/\/permbledhja.com\/\",\"logo\":{\"@type\":\"ImageObject\",\"inLanguage\":\"sq\",\"@id\":\"https:\/\/permbledhja.com\/#\/schema\/logo\/image\/\",\"url\":\"https:\/\/permbledhja.com\/wp-content\/uploads\/2021\/12\/07-Press-Logo.jpg\",\"contentUrl\":\"https:\/\/permbledhja.com\/wp-content\/uploads\/2021\/12\/07-Press-Logo.jpg\",\"width\":512,\"height\":512,\"caption\":\"MK Media & Pr\"},\"image\":{\"@id\":\"https:\/\/permbledhja.com\/#\/schema\/logo\/image\/\"},\"sameAs\":[\"https:\/\/www.facebook.com\/press07\/\"]},{\"@type\":\"Person\",\"@id\":\"https:\/\/permbledhja.com\/#\/schema\/person\/0d064377258d3221e50693947b9eb4fe\",\"name\":\"P\u00ebrmbledhja\",\"image\":{\"@type\":\"ImageObject\",\"inLanguage\":\"sq\",\"@id\":\"https:\/\/permbledhja.com\/#\/schema\/person\/image\/\",\"url\":\"https:\/\/permbledhja.com\/wp-content\/uploads\/2026\/01\/452004717_1040944174702970_8932037511805513407_n-96x96.jpg\",\"contentUrl\":\"https:\/\/permbledhja.com\/wp-content\/uploads\/2026\/01\/452004717_1040944174702970_8932037511805513407_n-96x96.jpg\",\"caption\":\"P\u00ebrmbledhja\"},\"sameAs\":[\"https:\/\/www.facebook.com\/kafexhiu.muharrem\/\",\"https:\/\/www.instagram.com\/muharrem_kafexhiu\/\"],\"url\":\"https:\/\/permbledhja.com\/sq\/author\/admin\/\"}]}<\/script>\n<!-- \/ Yoast SEO plugin. -->","yoast_head_json":{"title":"Rama dhe Osmani \u2018normalizojn\u00eb\u2019 raportet, shihen me humor t\u00eb mir\u00eb n\u00eb Spanj\u00eb","robots":{"index":"index","follow":"follow","max-snippet":"max-snippet:-1","max-image-preview":"max-image-preview:large","max-video-preview":"max-video-preview:-1"},"canonical":"https:\/\/permbledhja.com\/sq\/rama-dhe-osmani-normalizojne-raportet-shihen-me-humor-te-mire-ne-spanje\/","og_locale":"sq_AL","og_type":"article","og_title":"Rama dhe Osmani \u2018normalizojn\u00eb\u2019 raportet, shihen me humor t\u00eb mir\u00eb n\u00eb Spanj\u00eb","og_description":"Kryeministri i Shqip\u00ebris\u00eb, Edi Rama ka publikuar fotografi nga takimet e tij gjat\u00eb Samitit t\u00eb Komunitetit Politik Evropian n\u00eb Granada t\u00eb Spanj\u00ebs. Nd\u00ebr shum\u00eb fotografi t\u00eb postuara n\u00eb Facebook, Rama ka zgjedhur edhe nj\u00eb foto me presidenten e Kosov\u00ebs, Vjosa Osmani, ku shihen n\u00eb humor t\u00eb mir\u00eb. Ndryshe, gjat\u00eb takimit t\u00eb Komunitetit Politik Evropian q\u00eb [&hellip;]","og_url":"https:\/\/permbledhja.com\/sq\/rama-dhe-osmani-normalizojne-raportet-shihen-me-humor-te-mire-ne-spanje\/","og_site_name":"Ve\u00e7 artikuj p\u00ebrmbledh\u00ebs","article_publisher":"https:\/\/www.facebook.com\/press07\/","article_author":"https:\/\/www.facebook.com\/kafexhiu.muharrem\/","article_published_time":"2023-10-05T19:49:42+00:00","og_image":[{"width":1284,"height":813,"url":"https:\/\/permbledhja.com\/wp-content\/uploads\/2023\/10\/48C50218-5A40-44AC-A646-93B756929F52.jpeg","type":"image\/jpeg"}],"author":"P\u00ebrmbledhja","twitter_card":"summary_large_image","twitter_misc":{"Written by":"P\u00ebrmbledhja","Est. reading time":"1 minut\u00eb"},"schema":{"@context":"https:\/\/schema.org","@graph":[{"@type":"Article","@id":"https:\/\/permbledhja.com\/rama-dhe-osmani-normalizojne-raportet-shihen-me-humor-te-mire-ne-spanje\/#article","isPartOf":{"@id":"https:\/\/permbledhja.com\/rama-dhe-osmani-normalizojne-raportet-shihen-me-humor-te-mire-ne-spanje\/"},"author":{"name":"P\u00ebrmbledhja","@id":"https:\/\/permbledhja.com\/#\/schema\/person\/0d064377258d3221e50693947b9eb4fe"},"headline":"Rama dhe Osmani \u2018normalizojn\u00eb\u2019 raportet, shihen me humor t\u00eb mir\u00eb n\u00eb Spanj\u00eb","datePublished":"2023-10-05T19:49:42+00:00","dateModified":"2023-10-05T19:49:42+00:00","mainEntityOfPage":{"@id":"https:\/\/permbledhja.com\/rama-dhe-osmani-normalizojne-raportet-shihen-me-humor-te-mire-ne-spanje\/"},"wordCount":160,"publisher":{"@id":"https:\/\/permbledhja.com\/#organization"},"keywords":["Edi Rama","Vjosa Osmani"],"articleSection":["Komb\u00ebtare","Lajme"],"inLanguage":"sq"},{"@type":"WebPage","@id":"https:\/\/permbledhja.com\/rama-dhe-osmani-normalizojne-raportet-shihen-me-humor-te-mire-ne-spanje\/","url":"https:\/\/permbledhja.com\/rama-dhe-osmani-normalizojne-raportet-shihen-me-humor-te-mire-ne-spanje\/","name":"Rama dhe Osmani \u2018normalizojn\u00eb\u2019 raportet, shihen me humor t\u00eb mir\u00eb n\u00eb Spanj\u00eb","isPartOf":{"@id":"https:\/\/permbledhja.com\/#website"},"datePublished":"2023-10-05T19:49:42+00:00","dateModified":"2023-10-05T19:49:42+00:00","breadcrumb":{"@id":"https:\/\/permbledhja.com\/rama-dhe-osmani-normalizojne-raportet-shihen-me-humor-te-mire-ne-spanje\/#breadcrumb"},"inLanguage":"sq","potentialAction":[{"@type":"ReadAction","target":["https:\/\/permbledhja.com\/rama-dhe-osmani-normalizojne-raportet-shihen-me-humor-te-mire-ne-spanje\/"]}]},{"@type":"BreadcrumbList","@id":"https:\/\/permbledhja.com\/rama-dhe-osmani-normalizojne-raportet-shihen-me-humor-te-mire-ne-spanje\/#breadcrumb","itemListElement":[{"@type":"ListItem","position":1,"name":"Ballina","item":"https:\/\/permbledhja.com\/sq\/"},{"@type":"ListItem","position":2,"name":"Rama dhe Osmani \u2018normalizojn\u00eb\u2019 raportet, shihen me humor t\u00eb mir\u00eb n\u00eb Spanj\u00eb"}]},{"@type":"WebSite","@id":"https:\/\/permbledhja.com\/#website","url":"https:\/\/permbledhja.com\/","name":"Ve\u00e7 artikuj p\u00ebrmbledh\u00ebs","description":"","publisher":{"@id":"https:\/\/permbledhja.com\/#organization"},"potentialAction":[{"@type":"SearchAction","target":{"@type":"EntryPoint","urlTemplate":"https:\/\/permbledhja.com\/?s={search_term_string}"},"query-input":"required name=search_term_string"}],"inLanguage":"sq"},{"@type":"Organization","@id":"https:\/\/permbledhja.com\/#organization","name":"MK Media & Pr","url":"https:\/\/permbledhja.com\/","logo":{"@type":"ImageObject","inLanguage":"sq","@id":"https:\/\/permbledhja.com\/#\/schema\/logo\/image\/","url":"https:\/\/permbledhja.com\/wp-content\/uploads\/2021\/12\/07-Press-Logo.jpg","contentUrl":"https:\/\/permbledhja.com\/wp-content\/uploads\/2021\/12\/07-Press-Logo.jpg","width":512,"height":512,"caption":"MK Media & Pr"},"image":{"@id":"https:\/\/permbledhja.com\/#\/schema\/logo\/image\/"},"sameAs":["https:\/\/www.facebook.com\/press07\/"]},{"@type":"Person","@id":"https:\/\/permbledhja.com\/#\/schema\/person\/0d064377258d3221e50693947b9eb4fe","name":"P\u00ebrmbledhja","image":{"@type":"ImageObject","inLanguage":"sq","@id":"https:\/\/permbledhja.com\/#\/schema\/person\/image\/","url":"https:\/\/permbledhja.com\/wp-content\/uploads\/2026\/01\/452004717_1040944174702970_8932037511805513407_n-96x96.jpg","contentUrl":"https:\/\/permbledhja.com\/wp-content\/uploads\/2026\/01\/452004717_1040944174702970_8932037511805513407_n-96x96.jpg","caption":"P\u00ebrmbledhja"},"sameAs":["https:\/\/www.facebook.com\/kafexhiu.muharrem\/","https:\/\/www.instagram.com\/muharrem_kafexhiu\/"],"url":"https:\/\/permbledhja.com\/sq\/author\/admin\/"}]}},"_links":{"self":[{"href":"https:\/\/permbledhja.com\/sq\/wp-json\/wp\/v2\/posts\/29982"}],"collection":[{"href":"https:\/\/permbledhja.com\/sq\/wp-json\/wp\/v2\/posts"}],"about":[{"href":"https:\/\/permbledhja.com\/sq\/wp-json\/wp\/v2\/types\/post"}],"author":[{"embeddable":true,"href":"https:\/\/permbledhja.com\/sq\/wp-json\/wp\/v2\/users\/1"}],"replies":[{"embeddable":true,"href":"https:\/\/permbledhja.com\/sq\/wp-json\/wp\/v2\/comments?post=29982"}],"version-history":[{"count":1,"href":"https:\/\/permbledhja.com\/sq\/wp-json\/wp\/v2\/posts\/29982\/revisions"}],"predecessor-version":[{"id":29985,"href":"https:\/\/permbledhja.com\/sq\/wp-json\/wp\/v2\/posts\/29982\/revisions\/29985"}],"wp:featuredmedia":[{"embeddable":true,"href":"https:\/\/permbledhja.com\/sq\/wp-json\/wp\/v2\/media\/29983"}],"wp:attachment":[{"href":"https:\/\/permbledhja.com\/sq\/wp-json\/wp\/v2\/media?parent=29982"}],"wp:term":[{"taxonomy":"category","embeddable":true,"href":"https:\/\/permbledhja.com\/sq\/wp-json\/wp\/v2\/categories?post=29982"},{"taxonomy":"post_tag","embeddable":true,"href":"https:\/\/permbledhja.com\/sq\/wp-json\/wp\/v2\/tags?post=29982"}],"curies":[{"name":"wp","href":"https:\/\/api.w.org\/{rel}","templated":true}]}}