{"id":29971,"date":"2023-10-05T17:43:23","date_gmt":"2023-10-05T17:43:23","guid":{"rendered":"https:\/\/permbledhja.com\/?p=29971"},"modified":"2023-10-05T17:43:23","modified_gmt":"2023-10-05T17:43:23","slug":"presidentja-osmani-pritet-ne-alhambra-nga-kryeministri-spanjoll-sanchez","status":"publish","type":"post","link":"https:\/\/permbledhja.com\/sq\/presidentja-osmani-pritet-ne-alhambra-nga-kryeministri-spanjoll-sanchez\/","title":{"rendered":"Presidentja Osmani pritet n\u00eb Alhambra nga kryeministri spanjoll, Sanchez"},"content":{"rendered":"<h3>Kryeministri i Spanj\u00ebs, Pedro Sanchez, e ka pritur n\u00eb takim Presidenten e Kosov\u00ebs, Vjosa Osmani.<\/h3>\n<p>Pjes\u00eb e takimit ka qen\u00eb edhe zot\u00ebria i par\u00eb, Prindon Sadriu, si dhe zonja e par\u00eb e Spanj\u00ebs, Maria Begona Gomez Fernandez.<\/p>\n<p>Osmani \u00ebsht\u00eb duke q\u00ebndruar n\u00eb Spanj\u00eb n\u00eb kuad\u00ebr t\u00eb Samitit Politik t\u00eb Evrop\u00ebs.<\/p>\n<p>&nbsp;<\/p>\n","protected":false},"excerpt":{"rendered":"<p>Kryeministri i Spanj\u00ebs, Pedro Sanchez, e ka pritur n\u00eb takim Presidenten e Kosov\u00ebs, Vjosa Osmani. Pjes\u00eb e takimit ka qen\u00eb edhe zot\u00ebria i par\u00eb, Prindon Sadriu, si dhe zonja e par\u00eb e Spanj\u00ebs, Maria Begona Gomez Fernandez. Osmani \u00ebsht\u00eb duke q\u00ebndruar n\u00eb Spanj\u00eb n\u00eb kuad\u00ebr t\u00eb Samitit Politik t\u00eb Evrop\u00ebs. &nbsp;<\/p>\n","protected":false},"author":1,"featured_media":29972,"comment_status":"closed","ping_status":"closed","sticky":false,"template":"","format":"standard","meta":{"_monsterinsights_skip_tracking":false,"_monsterinsights_sitenote_active":false,"_monsterinsights_sitenote_note":"","_monsterinsights_sitenote_category":0,"_uf_show_specific_survey":0,"_uf_disable_surveys":false,"footnotes":""},"categories":[23,15],"tags":[163],"yoast_head":"<!-- This site is optimized with the Yoast SEO plugin v21.5 - https:\/\/yoast.com\/wordpress\/plugins\/seo\/ -->\n<title>Presidentja Osmani pritet n\u00eb Alhambra nga kryeministri spanjoll, Sanchez<\/title>\n<meta name=\"robots\" content=\"index, follow, max-snippet:-1, max-image-preview:large, max-video-preview:-1\" \/>\n<link rel=\"canonical\" href=\"https:\/\/permbledhja.com\/sq\/presidentja-osmani-pritet-ne-alhambra-nga-kryeministri-spanjoll-sanchez\/\" \/>\n<meta property=\"og:locale\" content=\"sq_AL\" \/>\n<meta property=\"og:type\" content=\"article\" \/>\n<meta property=\"og:title\" content=\"Presidentja Osmani pritet n\u00eb Alhambra nga kryeministri spanjoll, Sanchez\" \/>\n<meta property=\"og:description\" content=\"Kryeministri i Spanj\u00ebs, Pedro Sanchez, e ka pritur n\u00eb takim Presidenten e Kosov\u00ebs, Vjosa Osmani. Pjes\u00eb e takimit ka qen\u00eb edhe zot\u00ebria i par\u00eb, Prindon Sadriu, si dhe zonja e par\u00eb e Spanj\u00ebs, Maria Begona Gomez Fernandez. Osmani \u00ebsht\u00eb duke q\u00ebndruar n\u00eb Spanj\u00eb n\u00eb kuad\u00ebr t\u00eb Samitit Politik t\u00eb Evrop\u00ebs. &nbsp;\" \/>\n<meta property=\"og:url\" content=\"https:\/\/permbledhja.com\/sq\/presidentja-osmani-pritet-ne-alhambra-nga-kryeministri-spanjoll-sanchez\/\" \/>\n<meta property=\"og:site_name\" content=\"Ve\u00e7 artikuj p\u00ebrmbledh\u00ebs\" \/>\n<meta property=\"article:publisher\" content=\"https:\/\/www.facebook.com\/press07\/\" \/>\n<meta property=\"article:author\" content=\"https:\/\/www.facebook.com\/kafexhiu.muharrem\/\" \/>\n<meta property=\"article:published_time\" content=\"2023-10-05T17:43:23+00:00\" \/>\n<meta property=\"og:image\" content=\"https:\/\/permbledhja.com\/wp-content\/uploads\/2023\/10\/eeee.jpg\" \/>\n\t<meta property=\"og:image:width\" content=\"749\" \/>\n\t<meta property=\"og:image:height\" content=\"405\" \/>\n\t<meta property=\"og:image:type\" content=\"image\/jpeg\" \/>\n<meta name=\"author\" content=\"P\u00ebrmbledhja\" \/>\n<meta name=\"twitter:card\" content=\"summary_large_image\" \/>\n<meta name=\"twitter:label1\" content=\"Written by\" \/>\n\t<meta name=\"twitter:data1\" content=\"P\u00ebrmbledhja\" \/>\n<script type=\"application\/ld+json\" class=\"yoast-schema-graph\">{\"@context\":\"https:\/\/schema.org\",\"@graph\":[{\"@type\":\"Article\",\"@id\":\"https:\/\/permbledhja.com\/presidentja-osmani-pritet-ne-alhambra-nga-kryeministri-spanjoll-sanchez\/#article\",\"isPartOf\":{\"@id\":\"https:\/\/permbledhja.com\/presidentja-osmani-pritet-ne-alhambra-nga-kryeministri-spanjoll-sanchez\/\"},\"author\":{\"name\":\"P\u00ebrmbledhja\",\"@id\":\"https:\/\/permbledhja.com\/#\/schema\/person\/0d064377258d3221e50693947b9eb4fe\"},\"headline\":\"Presidentja Osmani pritet n\u00eb Alhambra nga kryeministri spanjoll, Sanchez\",\"datePublished\":\"2023-10-05T17:43:23+00:00\",\"dateModified\":\"2023-10-05T17:43:23+00:00\",\"mainEntityOfPage\":{\"@id\":\"https:\/\/permbledhja.com\/presidentja-osmani-pritet-ne-alhambra-nga-kryeministri-spanjoll-sanchez\/\"},\"wordCount\":67,\"publisher\":{\"@id\":\"https:\/\/permbledhja.com\/#organization\"},\"keywords\":[\"Vjosa Osmani\"],\"articleSection\":[\"Komb\u00ebtare\",\"Lajme\"],\"inLanguage\":\"sq\"},{\"@type\":\"WebPage\",\"@id\":\"https:\/\/permbledhja.com\/presidentja-osmani-pritet-ne-alhambra-nga-kryeministri-spanjoll-sanchez\/\",\"url\":\"https:\/\/permbledhja.com\/presidentja-osmani-pritet-ne-alhambra-nga-kryeministri-spanjoll-sanchez\/\",\"name\":\"Presidentja Osmani pritet n\u00eb Alhambra nga kryeministri spanjoll, Sanchez\",\"isPartOf\":{\"@id\":\"https:\/\/permbledhja.com\/#website\"},\"datePublished\":\"2023-10-05T17:43:23+00:00\",\"dateModified\":\"2023-10-05T17:43:23+00:00\",\"breadcrumb\":{\"@id\":\"https:\/\/permbledhja.com\/presidentja-osmani-pritet-ne-alhambra-nga-kryeministri-spanjoll-sanchez\/#breadcrumb\"},\"inLanguage\":\"sq\",\"potentialAction\":[{\"@type\":\"ReadAction\",\"target\":[\"https:\/\/permbledhja.com\/presidentja-osmani-pritet-ne-alhambra-nga-kryeministri-spanjoll-sanchez\/\"]}]},{\"@type\":\"BreadcrumbList\",\"@id\":\"https:\/\/permbledhja.com\/presidentja-osmani-pritet-ne-alhambra-nga-kryeministri-spanjoll-sanchez\/#breadcrumb\",\"itemListElement\":[{\"@type\":\"ListItem\",\"position\":1,\"name\":\"Ballina\",\"item\":\"https:\/\/permbledhja.com\/sq\/\"},{\"@type\":\"ListItem\",\"position\":2,\"name\":\"Presidentja Osmani pritet n\u00eb Alhambra nga kryeministri spanjoll, Sanchez\"}]},{\"@type\":\"WebSite\",\"@id\":\"https:\/\/permbledhja.com\/#website\",\"url\":\"https:\/\/permbledhja.com\/\",\"name\":\"Ve\u00e7 artikuj p\u00ebrmbledh\u00ebs\",\"description\":\"\",\"publisher\":{\"@id\":\"https:\/\/permbledhja.com\/#organization\"},\"potentialAction\":[{\"@type\":\"SearchAction\",\"target\":{\"@type\":\"EntryPoint\",\"urlTemplate\":\"https:\/\/permbledhja.com\/?s={search_term_string}\"},\"query-input\":\"required name=search_term_string\"}],\"inLanguage\":\"sq\"},{\"@type\":\"Organization\",\"@id\":\"https:\/\/permbledhja.com\/#organization\",\"name\":\"MK Media & Pr\",\"url\":\"https:\/\/permbledhja.com\/\",\"logo\":{\"@type\":\"ImageObject\",\"inLanguage\":\"sq\",\"@id\":\"https:\/\/permbledhja.com\/#\/schema\/logo\/image\/\",\"url\":\"https:\/\/permbledhja.com\/wp-content\/uploads\/2021\/12\/07-Press-Logo.jpg\",\"contentUrl\":\"https:\/\/permbledhja.com\/wp-content\/uploads\/2021\/12\/07-Press-Logo.jpg\",\"width\":512,\"height\":512,\"caption\":\"MK Media & Pr\"},\"image\":{\"@id\":\"https:\/\/permbledhja.com\/#\/schema\/logo\/image\/\"},\"sameAs\":[\"https:\/\/www.facebook.com\/press07\/\"]},{\"@type\":\"Person\",\"@id\":\"https:\/\/permbledhja.com\/#\/schema\/person\/0d064377258d3221e50693947b9eb4fe\",\"name\":\"P\u00ebrmbledhja\",\"image\":{\"@type\":\"ImageObject\",\"inLanguage\":\"sq\",\"@id\":\"https:\/\/permbledhja.com\/#\/schema\/person\/image\/\",\"url\":\"https:\/\/permbledhja.com\/wp-content\/uploads\/2026\/01\/452004717_1040944174702970_8932037511805513407_n-96x96.jpg\",\"contentUrl\":\"https:\/\/permbledhja.com\/wp-content\/uploads\/2026\/01\/452004717_1040944174702970_8932037511805513407_n-96x96.jpg\",\"caption\":\"P\u00ebrmbledhja\"},\"sameAs\":[\"https:\/\/www.facebook.com\/kafexhiu.muharrem\/\",\"https:\/\/www.instagram.com\/muharrem_kafexhiu\/\"],\"url\":\"https:\/\/permbledhja.com\/sq\/author\/admin\/\"}]}<\/script>\n<!-- \/ Yoast SEO plugin. -->","yoast_head_json":{"title":"Presidentja Osmani pritet n\u00eb Alhambra nga kryeministri spanjoll, Sanchez","robots":{"index":"index","follow":"follow","max-snippet":"max-snippet:-1","max-image-preview":"max-image-preview:large","max-video-preview":"max-video-preview:-1"},"canonical":"https:\/\/permbledhja.com\/sq\/presidentja-osmani-pritet-ne-alhambra-nga-kryeministri-spanjoll-sanchez\/","og_locale":"sq_AL","og_type":"article","og_title":"Presidentja Osmani pritet n\u00eb Alhambra nga kryeministri spanjoll, Sanchez","og_description":"Kryeministri i Spanj\u00ebs, Pedro Sanchez, e ka pritur n\u00eb takim Presidenten e Kosov\u00ebs, Vjosa Osmani. Pjes\u00eb e takimit ka qen\u00eb edhe zot\u00ebria i par\u00eb, Prindon Sadriu, si dhe zonja e par\u00eb e Spanj\u00ebs, Maria Begona Gomez Fernandez. Osmani \u00ebsht\u00eb duke q\u00ebndruar n\u00eb Spanj\u00eb n\u00eb kuad\u00ebr t\u00eb Samitit Politik t\u00eb Evrop\u00ebs. &nbsp;","og_url":"https:\/\/permbledhja.com\/sq\/presidentja-osmani-pritet-ne-alhambra-nga-kryeministri-spanjoll-sanchez\/","og_site_name":"Ve\u00e7 artikuj p\u00ebrmbledh\u00ebs","article_publisher":"https:\/\/www.facebook.com\/press07\/","article_author":"https:\/\/www.facebook.com\/kafexhiu.muharrem\/","article_published_time":"2023-10-05T17:43:23+00:00","og_image":[{"width":749,"height":405,"url":"https:\/\/permbledhja.com\/wp-content\/uploads\/2023\/10\/eeee.jpg","type":"image\/jpeg"}],"author":"P\u00ebrmbledhja","twitter_card":"summary_large_image","twitter_misc":{"Written by":"P\u00ebrmbledhja"},"schema":{"@context":"https:\/\/schema.org","@graph":[{"@type":"Article","@id":"https:\/\/permbledhja.com\/presidentja-osmani-pritet-ne-alhambra-nga-kryeministri-spanjoll-sanchez\/#article","isPartOf":{"@id":"https:\/\/permbledhja.com\/presidentja-osmani-pritet-ne-alhambra-nga-kryeministri-spanjoll-sanchez\/"},"author":{"name":"P\u00ebrmbledhja","@id":"https:\/\/permbledhja.com\/#\/schema\/person\/0d064377258d3221e50693947b9eb4fe"},"headline":"Presidentja Osmani pritet n\u00eb Alhambra nga kryeministri spanjoll, Sanchez","datePublished":"2023-10-05T17:43:23+00:00","dateModified":"2023-10-05T17:43:23+00:00","mainEntityOfPage":{"@id":"https:\/\/permbledhja.com\/presidentja-osmani-pritet-ne-alhambra-nga-kryeministri-spanjoll-sanchez\/"},"wordCount":67,"publisher":{"@id":"https:\/\/permbledhja.com\/#organization"},"keywords":["Vjosa Osmani"],"articleSection":["Komb\u00ebtare","Lajme"],"inLanguage":"sq"},{"@type":"WebPage","@id":"https:\/\/permbledhja.com\/presidentja-osmani-pritet-ne-alhambra-nga-kryeministri-spanjoll-sanchez\/","url":"https:\/\/permbledhja.com\/presidentja-osmani-pritet-ne-alhambra-nga-kryeministri-spanjoll-sanchez\/","name":"Presidentja Osmani pritet n\u00eb Alhambra nga kryeministri spanjoll, Sanchez","isPartOf":{"@id":"https:\/\/permbledhja.com\/#website"},"datePublished":"2023-10-05T17:43:23+00:00","dateModified":"2023-10-05T17:43:23+00:00","breadcrumb":{"@id":"https:\/\/permbledhja.com\/presidentja-osmani-pritet-ne-alhambra-nga-kryeministri-spanjoll-sanchez\/#breadcrumb"},"inLanguage":"sq","potentialAction":[{"@type":"ReadAction","target":["https:\/\/permbledhja.com\/presidentja-osmani-pritet-ne-alhambra-nga-kryeministri-spanjoll-sanchez\/"]}]},{"@type":"BreadcrumbList","@id":"https:\/\/permbledhja.com\/presidentja-osmani-pritet-ne-alhambra-nga-kryeministri-spanjoll-sanchez\/#breadcrumb","itemListElement":[{"@type":"ListItem","position":1,"name":"Ballina","item":"https:\/\/permbledhja.com\/sq\/"},{"@type":"ListItem","position":2,"name":"Presidentja Osmani pritet n\u00eb Alhambra nga kryeministri spanjoll, Sanchez"}]},{"@type":"WebSite","@id":"https:\/\/permbledhja.com\/#website","url":"https:\/\/permbledhja.com\/","name":"Ve\u00e7 artikuj p\u00ebrmbledh\u00ebs","description":"","publisher":{"@id":"https:\/\/permbledhja.com\/#organization"},"potentialAction":[{"@type":"SearchAction","target":{"@type":"EntryPoint","urlTemplate":"https:\/\/permbledhja.com\/?s={search_term_string}"},"query-input":"required name=search_term_string"}],"inLanguage":"sq"},{"@type":"Organization","@id":"https:\/\/permbledhja.com\/#organization","name":"MK Media & Pr","url":"https:\/\/permbledhja.com\/","logo":{"@type":"ImageObject","inLanguage":"sq","@id":"https:\/\/permbledhja.com\/#\/schema\/logo\/image\/","url":"https:\/\/permbledhja.com\/wp-content\/uploads\/2021\/12\/07-Press-Logo.jpg","contentUrl":"https:\/\/permbledhja.com\/wp-content\/uploads\/2021\/12\/07-Press-Logo.jpg","width":512,"height":512,"caption":"MK Media & Pr"},"image":{"@id":"https:\/\/permbledhja.com\/#\/schema\/logo\/image\/"},"sameAs":["https:\/\/www.facebook.com\/press07\/"]},{"@type":"Person","@id":"https:\/\/permbledhja.com\/#\/schema\/person\/0d064377258d3221e50693947b9eb4fe","name":"P\u00ebrmbledhja","image":{"@type":"ImageObject","inLanguage":"sq","@id":"https:\/\/permbledhja.com\/#\/schema\/person\/image\/","url":"https:\/\/permbledhja.com\/wp-content\/uploads\/2026\/01\/452004717_1040944174702970_8932037511805513407_n-96x96.jpg","contentUrl":"https:\/\/permbledhja.com\/wp-content\/uploads\/2026\/01\/452004717_1040944174702970_8932037511805513407_n-96x96.jpg","caption":"P\u00ebrmbledhja"},"sameAs":["https:\/\/www.facebook.com\/kafexhiu.muharrem\/","https:\/\/www.instagram.com\/muharrem_kafexhiu\/"],"url":"https:\/\/permbledhja.com\/sq\/author\/admin\/"}]}},"_links":{"self":[{"href":"https:\/\/permbledhja.com\/sq\/wp-json\/wp\/v2\/posts\/29971"}],"collection":[{"href":"https:\/\/permbledhja.com\/sq\/wp-json\/wp\/v2\/posts"}],"about":[{"href":"https:\/\/permbledhja.com\/sq\/wp-json\/wp\/v2\/types\/post"}],"author":[{"embeddable":true,"href":"https:\/\/permbledhja.com\/sq\/wp-json\/wp\/v2\/users\/1"}],"replies":[{"embeddable":true,"href":"https:\/\/permbledhja.com\/sq\/wp-json\/wp\/v2\/comments?post=29971"}],"version-history":[{"count":1,"href":"https:\/\/permbledhja.com\/sq\/wp-json\/wp\/v2\/posts\/29971\/revisions"}],"predecessor-version":[{"id":29973,"href":"https:\/\/permbledhja.com\/sq\/wp-json\/wp\/v2\/posts\/29971\/revisions\/29973"}],"wp:featuredmedia":[{"embeddable":true,"href":"https:\/\/permbledhja.com\/sq\/wp-json\/wp\/v2\/media\/29972"}],"wp:attachment":[{"href":"https:\/\/permbledhja.com\/sq\/wp-json\/wp\/v2\/media?parent=29971"}],"wp:term":[{"taxonomy":"category","embeddable":true,"href":"https:\/\/permbledhja.com\/sq\/wp-json\/wp\/v2\/categories?post=29971"},{"taxonomy":"post_tag","embeddable":true,"href":"https:\/\/permbledhja.com\/sq\/wp-json\/wp\/v2\/tags?post=29971"}],"curies":[{"name":"wp","href":"https:\/\/api.w.org\/{rel}","templated":true}]}}