{"id":29793,"date":"2023-10-04T18:23:38","date_gmt":"2023-10-04T18:23:38","guid":{"rendered":"https:\/\/permbledhja.com\/?p=29793"},"modified":"2023-10-04T18:23:38","modified_gmt":"2023-10-04T18:23:38","slug":"gjermania-do-ti-investoje-20-milione-euro-ne-bujqesi","status":"publish","type":"post","link":"https:\/\/permbledhja.com\/sq\/gjermania-do-ti-investoje-20-milione-euro-ne-bujqesi\/","title":{"rendered":"Gjermania do t\u2019i investoj\u00eb 20 milion\u00eb euro n\u00eb bujq\u00ebsi"},"content":{"rendered":"<h2>Ministri i Bujq\u00ebsis\u00eb, Faton Peci \u00ebsht\u00eb takuar me homologun e tij gjerman, Cem Ozdemir, ku u tha se Kosova e Gjermania kan\u00eb rritur bashk\u00ebpunimin n\u00eb fush\u00ebn e bujq\u00ebsis\u00eb.<\/h2>\n<p>Ministria e Bujq\u00ebsis\u00eb ka njoftuar n\u00ebp\u00ebrmjet nj\u00eb komunikate t\u00eb m\u00ebrkur\u00ebn se Gjermania do t\u00eb financoj\u00eb nj\u00eb projekt 20 milion\u00eb eurosh p\u00ebr t\u00eb zhvilluar zona rurale n\u00eb nj\u00eb periudh\u00eb 3-vje\u00e7are.<\/p>\n<p><em>\u201cT\u00eb dy ministrat kan\u00eb diskutuar p\u00ebr vazhdimin e bashk\u00ebpunimit n\u00eb fush\u00ebn e bujq\u00ebsis\u00eb, si dhe p\u00ebr mund\u00ebsit\u00eb e zgjerimit t\u00eb k\u00ebtij bashk\u00ebpunimi edhe n\u00eb sektor\u00eb t\u00eb tjer\u00eb t\u00eb bujq\u00ebsis\u00eb. N\u00eb k\u00ebt\u00eb drejtim, p\u00ebr t\u00eb konkretizuar bashk\u00ebpunimin tutje, ata jan\u00eb pajtuar q\u00eb t\u00eb diskutohen tutje p\u00ebr hapat dhe veprimet e bashk\u00ebpunimit konkret n\u00eb fusha t\u00eb ndryshme t\u00eb bujq\u00ebsis\u00eb\u201d<\/em>, thuhet n\u00eb njoftimin e Ministris\u00eb.<\/p>\n<p>Peci ka deklaruar se Kosova e Gjermania kan\u00eb qen\u00eb partnere n\u00eb fush\u00ebn e bujq\u00ebsis\u00eb, derisa ka shtuar se \u201cp\u00ebrkrahja \u00ebsht\u00eb e paz\u00ebvend\u00ebsueshme\u201d.<\/p>\n<div class=\"td_block_wrap tdb_single_content tdi_89 td-pb-border-top td_block_template_12 td-post-content tagdiv-type\" data-td-block-uid=\"tdi_89\">\n<div class=\"tdb-block-inner td-fix-index\">\n<p><em>\u201cGjat\u00eb k\u00ebsaj vizite zyrtare, Ministri i Ushqimit dhe Bujq\u00ebsis\u00eb t\u00eb Gjermanis\u00eb, Cem Ozdemir, i shoq\u00ebruar nga Ministri Faton Peci kan\u00eb vizituar vreshtar\u00eb e ver\u00ebtar\u00eb n\u00eb Komun\u00ebn e Rahovecit, si dhe pat\u00ebn nj\u00eb takim me grat\u00eb fermer\u00eb \u00eb Kooperativ\u00ebn Bujq\u00ebsore \u2018Krusha\u2019. Ndryshe, nes\u00ebr n\u00eb Kuvend si pik\u00eb e rendit t\u00eb dit\u00ebs \u00ebsht\u00eb edhe ratifikimi i Marr\u00ebveshjes mes Qeveris\u00eb Gjermane dhe Qeveris\u00eb s\u00eb Kosov\u00ebs, p\u00ebr financimin e projektit n\u00eb vler\u00eb prej 20 milion\u00eb euro p\u00ebr zhvillimin e zonave rurale p\u00ebr periudh\u00ebn 3 vje\u00e7are\u201d<\/em>, thuhet tutje.<\/p>\n<\/div>\n<\/div>\n","protected":false},"excerpt":{"rendered":"<p>Ministri i Bujq\u00ebsis\u00eb, Faton Peci \u00ebsht\u00eb takuar me homologun e tij gjerman, Cem Ozdemir, ku u tha se Kosova e Gjermania kan\u00eb rritur bashk\u00ebpunimin n\u00eb fush\u00ebn e bujq\u00ebsis\u00eb. Ministria e Bujq\u00ebsis\u00eb ka njoftuar n\u00ebp\u00ebrmjet nj\u00eb komunikate t\u00eb m\u00ebrkur\u00ebn se Gjermania do t\u00eb financoj\u00eb nj\u00eb projekt 20 milion\u00eb eurosh p\u00ebr t\u00eb zhvilluar zona rurale n\u00eb nj\u00eb [&hellip;]<\/p>\n","protected":false},"author":1,"featured_media":29794,"comment_status":"closed","ping_status":"closed","sticky":false,"template":"","format":"standard","meta":{"_monsterinsights_skip_tracking":false,"_monsterinsights_sitenote_active":false,"_monsterinsights_sitenote_note":"","_monsterinsights_sitenote_category":0,"_uf_show_specific_survey":0,"_uf_disable_surveys":false,"footnotes":""},"categories":[23,15,17],"tags":[616],"yoast_head":"<!-- This site is optimized with the Yoast SEO plugin v21.5 - https:\/\/yoast.com\/wordpress\/plugins\/seo\/ -->\n<title>Gjermania do t\u2019i investoj\u00eb 20 milion\u00eb euro n\u00eb bujq\u00ebsi<\/title>\n<meta name=\"robots\" content=\"index, follow, max-snippet:-1, max-image-preview:large, max-video-preview:-1\" \/>\n<link rel=\"canonical\" href=\"https:\/\/permbledhja.com\/sq\/gjermania-do-ti-investoje-20-milione-euro-ne-bujqesi\/\" \/>\n<meta property=\"og:locale\" content=\"sq_AL\" \/>\n<meta property=\"og:type\" content=\"article\" \/>\n<meta property=\"og:title\" content=\"Gjermania do t\u2019i investoj\u00eb 20 milion\u00eb euro n\u00eb bujq\u00ebsi\" \/>\n<meta property=\"og:description\" content=\"Ministri i Bujq\u00ebsis\u00eb, Faton Peci \u00ebsht\u00eb takuar me homologun e tij gjerman, Cem Ozdemir, ku u tha se Kosova e Gjermania kan\u00eb rritur bashk\u00ebpunimin n\u00eb fush\u00ebn e bujq\u00ebsis\u00eb. Ministria e Bujq\u00ebsis\u00eb ka njoftuar n\u00ebp\u00ebrmjet nj\u00eb komunikate t\u00eb m\u00ebrkur\u00ebn se Gjermania do t\u00eb financoj\u00eb nj\u00eb projekt 20 milion\u00eb eurosh p\u00ebr t\u00eb zhvilluar zona rurale n\u00eb nj\u00eb [&hellip;]\" \/>\n<meta property=\"og:url\" content=\"https:\/\/permbledhja.com\/sq\/gjermania-do-ti-investoje-20-milione-euro-ne-bujqesi\/\" \/>\n<meta property=\"og:site_name\" content=\"Ve\u00e7 artikuj p\u00ebrmbledh\u00ebs\" \/>\n<meta property=\"article:publisher\" content=\"https:\/\/www.facebook.com\/press07\/\" \/>\n<meta property=\"article:author\" content=\"https:\/\/www.facebook.com\/kafexhiu.muharrem\/\" \/>\n<meta property=\"article:published_time\" content=\"2023-10-04T18:23:38+00:00\" \/>\n<meta property=\"og:image\" content=\"https:\/\/permbledhja.com\/wp-content\/uploads\/2023\/10\/eeeee.jpg\" \/>\n\t<meta property=\"og:image:width\" content=\"607\" \/>\n\t<meta property=\"og:image:height\" content=\"396\" \/>\n\t<meta property=\"og:image:type\" content=\"image\/jpeg\" \/>\n<meta name=\"author\" content=\"P\u00ebrmbledhja\" \/>\n<meta name=\"twitter:card\" content=\"summary_large_image\" \/>\n<meta name=\"twitter:label1\" content=\"Written by\" \/>\n\t<meta name=\"twitter:data1\" content=\"P\u00ebrmbledhja\" \/>\n\t<meta name=\"twitter:label2\" content=\"Est. reading time\" \/>\n\t<meta name=\"twitter:data2\" content=\"1 minut\u00eb\" \/>\n<script type=\"application\/ld+json\" class=\"yoast-schema-graph\">{\"@context\":\"https:\/\/schema.org\",\"@graph\":[{\"@type\":\"Article\",\"@id\":\"https:\/\/permbledhja.com\/gjermania-do-ti-investoje-20-milione-euro-ne-bujqesi\/#article\",\"isPartOf\":{\"@id\":\"https:\/\/permbledhja.com\/gjermania-do-ti-investoje-20-milione-euro-ne-bujqesi\/\"},\"author\":{\"name\":\"P\u00ebrmbledhja\",\"@id\":\"https:\/\/permbledhja.com\/#\/schema\/person\/0d064377258d3221e50693947b9eb4fe\"},\"headline\":\"Gjermania do t\u2019i investoj\u00eb 20 milion\u00eb euro n\u00eb bujq\u00ebsi\",\"datePublished\":\"2023-10-04T18:23:38+00:00\",\"dateModified\":\"2023-10-04T18:23:38+00:00\",\"mainEntityOfPage\":{\"@id\":\"https:\/\/permbledhja.com\/gjermania-do-ti-investoje-20-milione-euro-ne-bujqesi\/\"},\"wordCount\":278,\"publisher\":{\"@id\":\"https:\/\/permbledhja.com\/#organization\"},\"keywords\":[\"Gjermania\"],\"articleSection\":[\"Komb\u00ebtare\",\"Lajme\",\"Rahovec\"],\"inLanguage\":\"sq\"},{\"@type\":\"WebPage\",\"@id\":\"https:\/\/permbledhja.com\/gjermania-do-ti-investoje-20-milione-euro-ne-bujqesi\/\",\"url\":\"https:\/\/permbledhja.com\/gjermania-do-ti-investoje-20-milione-euro-ne-bujqesi\/\",\"name\":\"Gjermania do t\u2019i investoj\u00eb 20 milion\u00eb euro n\u00eb bujq\u00ebsi\",\"isPartOf\":{\"@id\":\"https:\/\/permbledhja.com\/#website\"},\"datePublished\":\"2023-10-04T18:23:38+00:00\",\"dateModified\":\"2023-10-04T18:23:38+00:00\",\"breadcrumb\":{\"@id\":\"https:\/\/permbledhja.com\/gjermania-do-ti-investoje-20-milione-euro-ne-bujqesi\/#breadcrumb\"},\"inLanguage\":\"sq\",\"potentialAction\":[{\"@type\":\"ReadAction\",\"target\":[\"https:\/\/permbledhja.com\/gjermania-do-ti-investoje-20-milione-euro-ne-bujqesi\/\"]}]},{\"@type\":\"BreadcrumbList\",\"@id\":\"https:\/\/permbledhja.com\/gjermania-do-ti-investoje-20-milione-euro-ne-bujqesi\/#breadcrumb\",\"itemListElement\":[{\"@type\":\"ListItem\",\"position\":1,\"name\":\"Ballina\",\"item\":\"https:\/\/permbledhja.com\/sq\/\"},{\"@type\":\"ListItem\",\"position\":2,\"name\":\"Gjermania do t\u2019i investoj\u00eb 20 milion\u00eb euro n\u00eb bujq\u00ebsi\"}]},{\"@type\":\"WebSite\",\"@id\":\"https:\/\/permbledhja.com\/#website\",\"url\":\"https:\/\/permbledhja.com\/\",\"name\":\"Ve\u00e7 artikuj p\u00ebrmbledh\u00ebs\",\"description\":\"\",\"publisher\":{\"@id\":\"https:\/\/permbledhja.com\/#organization\"},\"potentialAction\":[{\"@type\":\"SearchAction\",\"target\":{\"@type\":\"EntryPoint\",\"urlTemplate\":\"https:\/\/permbledhja.com\/?s={search_term_string}\"},\"query-input\":\"required name=search_term_string\"}],\"inLanguage\":\"sq\"},{\"@type\":\"Organization\",\"@id\":\"https:\/\/permbledhja.com\/#organization\",\"name\":\"MK Media & Pr\",\"url\":\"https:\/\/permbledhja.com\/\",\"logo\":{\"@type\":\"ImageObject\",\"inLanguage\":\"sq\",\"@id\":\"https:\/\/permbledhja.com\/#\/schema\/logo\/image\/\",\"url\":\"https:\/\/permbledhja.com\/wp-content\/uploads\/2021\/12\/07-Press-Logo.jpg\",\"contentUrl\":\"https:\/\/permbledhja.com\/wp-content\/uploads\/2021\/12\/07-Press-Logo.jpg\",\"width\":512,\"height\":512,\"caption\":\"MK Media & Pr\"},\"image\":{\"@id\":\"https:\/\/permbledhja.com\/#\/schema\/logo\/image\/\"},\"sameAs\":[\"https:\/\/www.facebook.com\/press07\/\"]},{\"@type\":\"Person\",\"@id\":\"https:\/\/permbledhja.com\/#\/schema\/person\/0d064377258d3221e50693947b9eb4fe\",\"name\":\"P\u00ebrmbledhja\",\"image\":{\"@type\":\"ImageObject\",\"inLanguage\":\"sq\",\"@id\":\"https:\/\/permbledhja.com\/#\/schema\/person\/image\/\",\"url\":\"https:\/\/permbledhja.com\/wp-content\/uploads\/2026\/01\/452004717_1040944174702970_8932037511805513407_n-96x96.jpg\",\"contentUrl\":\"https:\/\/permbledhja.com\/wp-content\/uploads\/2026\/01\/452004717_1040944174702970_8932037511805513407_n-96x96.jpg\",\"caption\":\"P\u00ebrmbledhja\"},\"sameAs\":[\"https:\/\/www.facebook.com\/kafexhiu.muharrem\/\",\"https:\/\/www.instagram.com\/muharrem_kafexhiu\/\"],\"url\":\"https:\/\/permbledhja.com\/sq\/author\/admin\/\"}]}<\/script>\n<!-- \/ Yoast SEO plugin. -->","yoast_head_json":{"title":"Gjermania do t\u2019i investoj\u00eb 20 milion\u00eb euro n\u00eb bujq\u00ebsi","robots":{"index":"index","follow":"follow","max-snippet":"max-snippet:-1","max-image-preview":"max-image-preview:large","max-video-preview":"max-video-preview:-1"},"canonical":"https:\/\/permbledhja.com\/sq\/gjermania-do-ti-investoje-20-milione-euro-ne-bujqesi\/","og_locale":"sq_AL","og_type":"article","og_title":"Gjermania do t\u2019i investoj\u00eb 20 milion\u00eb euro n\u00eb bujq\u00ebsi","og_description":"Ministri i Bujq\u00ebsis\u00eb, Faton Peci \u00ebsht\u00eb takuar me homologun e tij gjerman, Cem Ozdemir, ku u tha se Kosova e Gjermania kan\u00eb rritur bashk\u00ebpunimin n\u00eb fush\u00ebn e bujq\u00ebsis\u00eb. Ministria e Bujq\u00ebsis\u00eb ka njoftuar n\u00ebp\u00ebrmjet nj\u00eb komunikate t\u00eb m\u00ebrkur\u00ebn se Gjermania do t\u00eb financoj\u00eb nj\u00eb projekt 20 milion\u00eb eurosh p\u00ebr t\u00eb zhvilluar zona rurale n\u00eb nj\u00eb [&hellip;]","og_url":"https:\/\/permbledhja.com\/sq\/gjermania-do-ti-investoje-20-milione-euro-ne-bujqesi\/","og_site_name":"Ve\u00e7 artikuj p\u00ebrmbledh\u00ebs","article_publisher":"https:\/\/www.facebook.com\/press07\/","article_author":"https:\/\/www.facebook.com\/kafexhiu.muharrem\/","article_published_time":"2023-10-04T18:23:38+00:00","og_image":[{"width":607,"height":396,"url":"https:\/\/permbledhja.com\/wp-content\/uploads\/2023\/10\/eeeee.jpg","type":"image\/jpeg"}],"author":"P\u00ebrmbledhja","twitter_card":"summary_large_image","twitter_misc":{"Written by":"P\u00ebrmbledhja","Est. reading time":"1 minut\u00eb"},"schema":{"@context":"https:\/\/schema.org","@graph":[{"@type":"Article","@id":"https:\/\/permbledhja.com\/gjermania-do-ti-investoje-20-milione-euro-ne-bujqesi\/#article","isPartOf":{"@id":"https:\/\/permbledhja.com\/gjermania-do-ti-investoje-20-milione-euro-ne-bujqesi\/"},"author":{"name":"P\u00ebrmbledhja","@id":"https:\/\/permbledhja.com\/#\/schema\/person\/0d064377258d3221e50693947b9eb4fe"},"headline":"Gjermania do t\u2019i investoj\u00eb 20 milion\u00eb euro n\u00eb bujq\u00ebsi","datePublished":"2023-10-04T18:23:38+00:00","dateModified":"2023-10-04T18:23:38+00:00","mainEntityOfPage":{"@id":"https:\/\/permbledhja.com\/gjermania-do-ti-investoje-20-milione-euro-ne-bujqesi\/"},"wordCount":278,"publisher":{"@id":"https:\/\/permbledhja.com\/#organization"},"keywords":["Gjermania"],"articleSection":["Komb\u00ebtare","Lajme","Rahovec"],"inLanguage":"sq"},{"@type":"WebPage","@id":"https:\/\/permbledhja.com\/gjermania-do-ti-investoje-20-milione-euro-ne-bujqesi\/","url":"https:\/\/permbledhja.com\/gjermania-do-ti-investoje-20-milione-euro-ne-bujqesi\/","name":"Gjermania do t\u2019i investoj\u00eb 20 milion\u00eb euro n\u00eb bujq\u00ebsi","isPartOf":{"@id":"https:\/\/permbledhja.com\/#website"},"datePublished":"2023-10-04T18:23:38+00:00","dateModified":"2023-10-04T18:23:38+00:00","breadcrumb":{"@id":"https:\/\/permbledhja.com\/gjermania-do-ti-investoje-20-milione-euro-ne-bujqesi\/#breadcrumb"},"inLanguage":"sq","potentialAction":[{"@type":"ReadAction","target":["https:\/\/permbledhja.com\/gjermania-do-ti-investoje-20-milione-euro-ne-bujqesi\/"]}]},{"@type":"BreadcrumbList","@id":"https:\/\/permbledhja.com\/gjermania-do-ti-investoje-20-milione-euro-ne-bujqesi\/#breadcrumb","itemListElement":[{"@type":"ListItem","position":1,"name":"Ballina","item":"https:\/\/permbledhja.com\/sq\/"},{"@type":"ListItem","position":2,"name":"Gjermania do t\u2019i investoj\u00eb 20 milion\u00eb euro n\u00eb bujq\u00ebsi"}]},{"@type":"WebSite","@id":"https:\/\/permbledhja.com\/#website","url":"https:\/\/permbledhja.com\/","name":"Ve\u00e7 artikuj p\u00ebrmbledh\u00ebs","description":"","publisher":{"@id":"https:\/\/permbledhja.com\/#organization"},"potentialAction":[{"@type":"SearchAction","target":{"@type":"EntryPoint","urlTemplate":"https:\/\/permbledhja.com\/?s={search_term_string}"},"query-input":"required name=search_term_string"}],"inLanguage":"sq"},{"@type":"Organization","@id":"https:\/\/permbledhja.com\/#organization","name":"MK Media & Pr","url":"https:\/\/permbledhja.com\/","logo":{"@type":"ImageObject","inLanguage":"sq","@id":"https:\/\/permbledhja.com\/#\/schema\/logo\/image\/","url":"https:\/\/permbledhja.com\/wp-content\/uploads\/2021\/12\/07-Press-Logo.jpg","contentUrl":"https:\/\/permbledhja.com\/wp-content\/uploads\/2021\/12\/07-Press-Logo.jpg","width":512,"height":512,"caption":"MK Media & Pr"},"image":{"@id":"https:\/\/permbledhja.com\/#\/schema\/logo\/image\/"},"sameAs":["https:\/\/www.facebook.com\/press07\/"]},{"@type":"Person","@id":"https:\/\/permbledhja.com\/#\/schema\/person\/0d064377258d3221e50693947b9eb4fe","name":"P\u00ebrmbledhja","image":{"@type":"ImageObject","inLanguage":"sq","@id":"https:\/\/permbledhja.com\/#\/schema\/person\/image\/","url":"https:\/\/permbledhja.com\/wp-content\/uploads\/2026\/01\/452004717_1040944174702970_8932037511805513407_n-96x96.jpg","contentUrl":"https:\/\/permbledhja.com\/wp-content\/uploads\/2026\/01\/452004717_1040944174702970_8932037511805513407_n-96x96.jpg","caption":"P\u00ebrmbledhja"},"sameAs":["https:\/\/www.facebook.com\/kafexhiu.muharrem\/","https:\/\/www.instagram.com\/muharrem_kafexhiu\/"],"url":"https:\/\/permbledhja.com\/sq\/author\/admin\/"}]}},"_links":{"self":[{"href":"https:\/\/permbledhja.com\/sq\/wp-json\/wp\/v2\/posts\/29793"}],"collection":[{"href":"https:\/\/permbledhja.com\/sq\/wp-json\/wp\/v2\/posts"}],"about":[{"href":"https:\/\/permbledhja.com\/sq\/wp-json\/wp\/v2\/types\/post"}],"author":[{"embeddable":true,"href":"https:\/\/permbledhja.com\/sq\/wp-json\/wp\/v2\/users\/1"}],"replies":[{"embeddable":true,"href":"https:\/\/permbledhja.com\/sq\/wp-json\/wp\/v2\/comments?post=29793"}],"version-history":[{"count":1,"href":"https:\/\/permbledhja.com\/sq\/wp-json\/wp\/v2\/posts\/29793\/revisions"}],"predecessor-version":[{"id":29795,"href":"https:\/\/permbledhja.com\/sq\/wp-json\/wp\/v2\/posts\/29793\/revisions\/29795"}],"wp:featuredmedia":[{"embeddable":true,"href":"https:\/\/permbledhja.com\/sq\/wp-json\/wp\/v2\/media\/29794"}],"wp:attachment":[{"href":"https:\/\/permbledhja.com\/sq\/wp-json\/wp\/v2\/media?parent=29793"}],"wp:term":[{"taxonomy":"category","embeddable":true,"href":"https:\/\/permbledhja.com\/sq\/wp-json\/wp\/v2\/categories?post=29793"},{"taxonomy":"post_tag","embeddable":true,"href":"https:\/\/permbledhja.com\/sq\/wp-json\/wp\/v2\/tags?post=29793"}],"curies":[{"name":"wp","href":"https:\/\/api.w.org\/{rel}","templated":true}]}}