{"id":29790,"date":"2023-10-04T18:08:05","date_gmt":"2023-10-04T18:08:05","guid":{"rendered":"https:\/\/permbledhja.com\/?p=29790"},"modified":"2023-10-04T18:08:05","modified_gmt":"2023-10-04T18:08:05","slug":"edhe-dosti-i-radoiciqit-merret-ne-pyetje-nga-autoritetet-ne-beograd-dyshohet-se-pagoi-per-vrasjen-e-nje-inspektori","status":"publish","type":"post","link":"https:\/\/permbledhja.com\/sq\/edhe-dosti-i-radoiciqit-merret-ne-pyetje-nga-autoritetet-ne-beograd-dyshohet-se-pagoi-per-vrasjen-e-nje-inspektori\/","title":{"rendered":"Edhe \u201cdosti\u201d i Radoi\u00e7iqit merret n\u00eb pyetje nga autoritetet n\u00eb Beograd \u2013 dyshohet se pagoi p\u00ebr vrasjen e nj\u00eb inspektori"},"content":{"rendered":"<h3>Biznesmeni Zvonko Vesellinoviq ka dh\u00ebn\u00eb nj\u00eb deklarat\u00eb n\u00eb policin\u00eb e Beogradit n\u00eb lidhje me pretendimet se ai dyshohet se ka urdh\u00ebruar dhe paguar p\u00ebr organizimin e vrasjes s\u00eb inspektor\u00ebve policor\u00eb Sllobodan Millenkoviq dhe Dushan Mitiq, njoftoi Ministria e Pun\u00ebve t\u00eb Brendshme e Serbis\u00eb (MPB) m\u00eb 4 tetor.<\/h3>\n<p>N\u00eb vitin 2019, Millenkoviq dhe Mitiq zbuluan nj\u00eb plantacion t\u00eb marihuan\u00ebs n\u00eb pron\u00ebn bujq\u00ebsore \u201cJovanjica\u201d dhe jan\u00eb d\u00ebshmitar\u00eb n\u00eb procesin gjyq\u00ebsor kund\u00ebr pronarit t\u00eb saj, Predrag Koluvije.<\/p>\n<p>Vesellinoviq, nj\u00eb biznesmen serb nga Kosova, konsiderohet si organizator i barrikadave n\u00eb veri t\u00eb Kosov\u00ebs dhe po ashtu si \u201cmbrojt\u00ebsi\u201d i serb\u00ebve.<\/p>\n<p>Si\u00e7 thuhet n\u00eb njoftimin e MPB-s\u00eb, Zvonko Vesellinoviq, i shoq\u00ebruar nga avokati, tha deklarat\u00eb p\u00ebr pretendimet e Sllobodan Millenkoviqit se ai kishte urdh\u00ebruar dhe paguar p\u00ebr organizimin e vrasjes s\u00eb tij, si dhe ka pranuar q\u00eb t\u2019i n\u00ebnshtrohet testit poligrafik.<\/p>\n<div class=\"code-block code-block-5\">\n<p>Ministria e Pun\u00ebve t\u00eb Brendshme shton se testi \u00ebsht\u00eb b\u00ebr\u00eb dhe se Vesellinoviqi ka kaluar at\u00eb, duke mohuar pretendimet e Millenkoviqit dhe duke th\u00ebn\u00eb se ai nuk e njeh personin n\u00eb fjal\u00eb.<\/p>\n<div class=\"code-block code-block-5\">\n<p>Gjithashtu, thuhet se raporti p\u00ebr k\u00ebt\u00eb hetim do t\u00eb d\u00ebrgohet n\u00eb Prokurorin\u00eb e Lart\u00eb Publike n\u00eb Beograd.<\/p>\n<p>Firma ligjore Tomanoviq, e cila p\u00ebrfaq\u00ebson Sllobodan Millenkoviqin, njoftoi m\u00eb 2 tetor se kishte marr\u00eb informacion se \u201ctashm\u00eb jan\u00eb paguar 500.000 euro p\u00ebr likuidimin e inspektorit Sllobodan Millenkoviq\u201d, duke shtuar se dyshohet se e nj\u00ebjta shum\u00eb \u00ebsht\u00eb paguar p\u00ebr likuidimin e inspektorit Dushan Mitiq.<\/p>\n<p>Ministria e Pun\u00ebve t\u00eb Brendshme e Serbis\u00eb konfirmoi n\u00eb fillim t\u00eb shtatorit se inspektor\u00ebt Millenkoviq dhe Mitiq jan\u00eb duke u ruajtur nga pjes\u00ebtar\u00eb t\u00eb Nj\u00ebsis\u00eb Speciale Antiterroriste (SAJ).<\/p>\n<p>Predrag Koluvija akuzohet si organizator i nj\u00eb grupi kriminal q\u00eb kultivonte marijuan\u00ebn p\u00ebr shitje. Sipas aktakuz\u00ebs, n\u00eb pron\u00ebn e tij n\u00eb n\u00ebntor 2019 u gjet\u00ebn 1.600 kilogram\u00eb skunk (nj\u00eb lloj kanabisi).<\/p>\n<p>M\u00eb 13 n\u00ebntor 2019, inspektor\u00ebt e policis\u00eb Sllobodan Millenkoviq dhe Millan Isakov e ndaluan makin\u00ebn n\u00eb t\u00eb cil\u00ebn ndodhej Koluvija, i cili u prezantua si koleg dhe ua tregoi atyre nj\u00eb kart\u00eb zyrtare t\u00eb identifikimit, p\u00ebr t\u00eb cil\u00ebn ekspert\u00ebt gjet\u00ebn se ishte e rrejshme.<\/p>\n<p>Inspektor\u00ebt e Departamentit p\u00ebr Kontrollin e Narkotik\u00ebve, Sllobodan Millenkoviq dhe Dushan Mitiq, jan\u00eb shkarkuar nga pozitat e tyre n\u00eb Departamentin p\u00ebr Luftimin e Drogave t\u00eb Policis\u00eb s\u00eb Beogradit n\u00eb gusht pa nj\u00eb shpjegim t\u00eb qart\u00eb nga Ministria e Pun\u00ebve t\u00eb Brendshme e Serbis\u00eb.<\/p>\n<p>Nj\u00eb pjes\u00eb e opinionit dhe partive opozitare organizuan protesta n\u00eb mb\u00ebshtetje t\u00eb inspektor\u00ebve policor\u00eb para Gjykat\u00ebs Speciale, e n\u00eb disa raste para dhe gjat\u00eb seancave ku d\u00ebshmuan Sllobodan Millenkoviq, Dushan Mitiq dhe Millan Isakov.<\/p>\n<p>N\u00eb fund t\u00eb vitit 2021, Zvonko Vesellinoviq u fut n\u00eb list\u00ebn e sanksioneve t\u00eb Shteteve t\u00eb Bashkuara dhe Britanis\u00eb s\u00eb Madhe, s\u00eb bashku me ish-n\u00ebnkryetarin e List\u00ebs Serbe, Millan Radoi\u00e7iq, i cili mori p\u00ebrgjegj\u00ebsin\u00eb p\u00ebr sulmin ndaj polic\u00ebve t\u00eb Kosov\u00ebs m\u00eb 24 shtator, p\u00ebr shkak t\u00eb dyshimeve p\u00ebr korrupsion dhe krim t\u00eb organizuar nd\u00ebrkomb\u00ebtar.<\/p>\n<p>Radio Evropa e Lir\u00eb ka v\u00ebrtetuar se tri kompani t\u00eb lidhura me Zvonko Vesellinoviqin dhe Millan Radoi\u00e7iqin kan\u00eb qen\u00eb n\u00ebnkontraktor\u00eb n\u00eb t\u00eb pakt\u00ebn tri pjes\u00eb rrugore n\u00eb Serbi n\u00eb dy vitet e fundit.<\/p>\n<p>Kompanit\u00eb e tyre ishin n\u00ebnkontraktore n\u00eb punimet e kryera nga kompani kineze. \/REL<\/p>\n<\/div>\n<p>&nbsp;<\/p>\n<div id=\"aswift_3_host\" tabindex=\"0\" title=\"Advertisement\" aria-label=\"Advertisement\"><\/div>\n<p>&nbsp;<\/p>\n<\/div>\n","protected":false},"excerpt":{"rendered":"<p>Biznesmeni Zvonko Vesellinoviq ka dh\u00ebn\u00eb nj\u00eb deklarat\u00eb n\u00eb policin\u00eb e Beogradit n\u00eb lidhje me pretendimet se ai dyshohet se ka urdh\u00ebruar dhe paguar p\u00ebr organizimin e vrasjes s\u00eb inspektor\u00ebve policor\u00eb Sllobodan Millenkoviq dhe Dushan Mitiq, njoftoi Ministria e Pun\u00ebve t\u00eb Brendshme e Serbis\u00eb (MPB) m\u00eb 4 tetor. N\u00eb vitin 2019, Millenkoviq dhe Mitiq zbuluan nj\u00eb [&hellip;]<\/p>\n","protected":false},"author":1,"featured_media":29791,"comment_status":"closed","ping_status":"closed","sticky":false,"template":"","format":"standard","meta":{"_monsterinsights_skip_tracking":false,"_monsterinsights_sitenote_active":false,"_monsterinsights_sitenote_note":"","_monsterinsights_sitenote_category":0,"_uf_show_specific_survey":0,"_uf_disable_surveys":false,"footnotes":""},"categories":[23,15],"tags":[2456],"yoast_head":"<!-- This site is optimized with the Yoast SEO plugin v21.5 - https:\/\/yoast.com\/wordpress\/plugins\/seo\/ -->\n<title>Edhe \u201cdosti\u201d i Radoi\u00e7iqit merret n\u00eb pyetje nga autoritetet n\u00eb Beograd \u2013 dyshohet se pagoi p\u00ebr vrasjen e nj\u00eb inspektori<\/title>\n<meta name=\"robots\" content=\"index, follow, max-snippet:-1, max-image-preview:large, max-video-preview:-1\" \/>\n<link rel=\"canonical\" href=\"https:\/\/permbledhja.com\/sq\/edhe-dosti-i-radoiciqit-merret-ne-pyetje-nga-autoritetet-ne-beograd-dyshohet-se-pagoi-per-vrasjen-e-nje-inspektori\/\" \/>\n<meta property=\"og:locale\" content=\"sq_AL\" \/>\n<meta property=\"og:type\" content=\"article\" \/>\n<meta property=\"og:title\" content=\"Edhe \u201cdosti\u201d i Radoi\u00e7iqit merret n\u00eb pyetje nga autoritetet n\u00eb Beograd \u2013 dyshohet se pagoi p\u00ebr vrasjen e nj\u00eb inspektori\" \/>\n<meta property=\"og:description\" content=\"Biznesmeni Zvonko Vesellinoviq ka dh\u00ebn\u00eb nj\u00eb deklarat\u00eb n\u00eb policin\u00eb e Beogradit n\u00eb lidhje me pretendimet se ai dyshohet se ka urdh\u00ebruar dhe paguar p\u00ebr organizimin e vrasjes s\u00eb inspektor\u00ebve policor\u00eb Sllobodan Millenkoviq dhe Dushan Mitiq, njoftoi Ministria e Pun\u00ebve t\u00eb Brendshme e Serbis\u00eb (MPB) m\u00eb 4 tetor. N\u00eb vitin 2019, Millenkoviq dhe Mitiq zbuluan nj\u00eb [&hellip;]\" \/>\n<meta property=\"og:url\" content=\"https:\/\/permbledhja.com\/sq\/edhe-dosti-i-radoiciqit-merret-ne-pyetje-nga-autoritetet-ne-beograd-dyshohet-se-pagoi-per-vrasjen-e-nje-inspektori\/\" \/>\n<meta property=\"og:site_name\" content=\"Ve\u00e7 artikuj p\u00ebrmbledh\u00ebs\" \/>\n<meta property=\"article:publisher\" content=\"https:\/\/www.facebook.com\/press07\/\" \/>\n<meta property=\"article:author\" content=\"https:\/\/www.facebook.com\/kafexhiu.muharrem\/\" \/>\n<meta property=\"article:published_time\" content=\"2023-10-04T18:08:05+00:00\" \/>\n<meta property=\"og:image\" content=\"https:\/\/permbledhja.com\/wp-content\/uploads\/2023\/10\/109980197_zveselinovic.jpg\" \/>\n\t<meta property=\"og:image:width\" content=\"976\" \/>\n\t<meta property=\"og:image:height\" content=\"549\" \/>\n\t<meta property=\"og:image:type\" content=\"image\/jpeg\" \/>\n<meta name=\"author\" content=\"P\u00ebrmbledhja\" \/>\n<meta name=\"twitter:card\" content=\"summary_large_image\" \/>\n<meta name=\"twitter:label1\" content=\"Written by\" \/>\n\t<meta name=\"twitter:data1\" content=\"P\u00ebrmbledhja\" \/>\n\t<meta name=\"twitter:label2\" content=\"Est. reading time\" \/>\n\t<meta name=\"twitter:data2\" content=\"3 minuta\" \/>\n<script type=\"application\/ld+json\" class=\"yoast-schema-graph\">{\"@context\":\"https:\/\/schema.org\",\"@graph\":[{\"@type\":\"Article\",\"@id\":\"https:\/\/permbledhja.com\/edhe-dosti-i-radoiciqit-merret-ne-pyetje-nga-autoritetet-ne-beograd-dyshohet-se-pagoi-per-vrasjen-e-nje-inspektori\/#article\",\"isPartOf\":{\"@id\":\"https:\/\/permbledhja.com\/edhe-dosti-i-radoiciqit-merret-ne-pyetje-nga-autoritetet-ne-beograd-dyshohet-se-pagoi-per-vrasjen-e-nje-inspektori\/\"},\"author\":{\"name\":\"P\u00ebrmbledhja\",\"@id\":\"https:\/\/permbledhja.com\/#\/schema\/person\/0d064377258d3221e50693947b9eb4fe\"},\"headline\":\"Edhe \u201cdosti\u201d i Radoi\u00e7iqit merret n\u00eb pyetje nga autoritetet n\u00eb Beograd \u2013 dyshohet se pagoi p\u00ebr vrasjen e nj\u00eb inspektori\",\"datePublished\":\"2023-10-04T18:08:05+00:00\",\"dateModified\":\"2023-10-04T18:08:05+00:00\",\"mainEntityOfPage\":{\"@id\":\"https:\/\/permbledhja.com\/edhe-dosti-i-radoiciqit-merret-ne-pyetje-nga-autoritetet-ne-beograd-dyshohet-se-pagoi-per-vrasjen-e-nje-inspektori\/\"},\"wordCount\":598,\"publisher\":{\"@id\":\"https:\/\/permbledhja.com\/#organization\"},\"keywords\":[\"Zvonko Veselinoviq\"],\"articleSection\":[\"Komb\u00ebtare\",\"Lajme\"],\"inLanguage\":\"sq\"},{\"@type\":\"WebPage\",\"@id\":\"https:\/\/permbledhja.com\/edhe-dosti-i-radoiciqit-merret-ne-pyetje-nga-autoritetet-ne-beograd-dyshohet-se-pagoi-per-vrasjen-e-nje-inspektori\/\",\"url\":\"https:\/\/permbledhja.com\/edhe-dosti-i-radoiciqit-merret-ne-pyetje-nga-autoritetet-ne-beograd-dyshohet-se-pagoi-per-vrasjen-e-nje-inspektori\/\",\"name\":\"Edhe \u201cdosti\u201d i Radoi\u00e7iqit merret n\u00eb pyetje nga autoritetet n\u00eb Beograd \u2013 dyshohet se pagoi p\u00ebr vrasjen e nj\u00eb inspektori\",\"isPartOf\":{\"@id\":\"https:\/\/permbledhja.com\/#website\"},\"datePublished\":\"2023-10-04T18:08:05+00:00\",\"dateModified\":\"2023-10-04T18:08:05+00:00\",\"breadcrumb\":{\"@id\":\"https:\/\/permbledhja.com\/edhe-dosti-i-radoiciqit-merret-ne-pyetje-nga-autoritetet-ne-beograd-dyshohet-se-pagoi-per-vrasjen-e-nje-inspektori\/#breadcrumb\"},\"inLanguage\":\"sq\",\"potentialAction\":[{\"@type\":\"ReadAction\",\"target\":[\"https:\/\/permbledhja.com\/edhe-dosti-i-radoiciqit-merret-ne-pyetje-nga-autoritetet-ne-beograd-dyshohet-se-pagoi-per-vrasjen-e-nje-inspektori\/\"]}]},{\"@type\":\"BreadcrumbList\",\"@id\":\"https:\/\/permbledhja.com\/edhe-dosti-i-radoiciqit-merret-ne-pyetje-nga-autoritetet-ne-beograd-dyshohet-se-pagoi-per-vrasjen-e-nje-inspektori\/#breadcrumb\",\"itemListElement\":[{\"@type\":\"ListItem\",\"position\":1,\"name\":\"Ballina\",\"item\":\"https:\/\/permbledhja.com\/sq\/\"},{\"@type\":\"ListItem\",\"position\":2,\"name\":\"Edhe \u201cdosti\u201d i Radoi\u00e7iqit merret n\u00eb pyetje nga autoritetet n\u00eb Beograd \u2013 dyshohet se pagoi p\u00ebr vrasjen e nj\u00eb inspektori\"}]},{\"@type\":\"WebSite\",\"@id\":\"https:\/\/permbledhja.com\/#website\",\"url\":\"https:\/\/permbledhja.com\/\",\"name\":\"Ve\u00e7 artikuj p\u00ebrmbledh\u00ebs\",\"description\":\"\",\"publisher\":{\"@id\":\"https:\/\/permbledhja.com\/#organization\"},\"potentialAction\":[{\"@type\":\"SearchAction\",\"target\":{\"@type\":\"EntryPoint\",\"urlTemplate\":\"https:\/\/permbledhja.com\/?s={search_term_string}\"},\"query-input\":\"required name=search_term_string\"}],\"inLanguage\":\"sq\"},{\"@type\":\"Organization\",\"@id\":\"https:\/\/permbledhja.com\/#organization\",\"name\":\"MK Media & Pr\",\"url\":\"https:\/\/permbledhja.com\/\",\"logo\":{\"@type\":\"ImageObject\",\"inLanguage\":\"sq\",\"@id\":\"https:\/\/permbledhja.com\/#\/schema\/logo\/image\/\",\"url\":\"https:\/\/permbledhja.com\/wp-content\/uploads\/2021\/12\/07-Press-Logo.jpg\",\"contentUrl\":\"https:\/\/permbledhja.com\/wp-content\/uploads\/2021\/12\/07-Press-Logo.jpg\",\"width\":512,\"height\":512,\"caption\":\"MK Media & Pr\"},\"image\":{\"@id\":\"https:\/\/permbledhja.com\/#\/schema\/logo\/image\/\"},\"sameAs\":[\"https:\/\/www.facebook.com\/press07\/\"]},{\"@type\":\"Person\",\"@id\":\"https:\/\/permbledhja.com\/#\/schema\/person\/0d064377258d3221e50693947b9eb4fe\",\"name\":\"P\u00ebrmbledhja\",\"image\":{\"@type\":\"ImageObject\",\"inLanguage\":\"sq\",\"@id\":\"https:\/\/permbledhja.com\/#\/schema\/person\/image\/\",\"url\":\"https:\/\/permbledhja.com\/wp-content\/uploads\/2026\/01\/452004717_1040944174702970_8932037511805513407_n-96x96.jpg\",\"contentUrl\":\"https:\/\/permbledhja.com\/wp-content\/uploads\/2026\/01\/452004717_1040944174702970_8932037511805513407_n-96x96.jpg\",\"caption\":\"P\u00ebrmbledhja\"},\"sameAs\":[\"https:\/\/www.facebook.com\/kafexhiu.muharrem\/\",\"https:\/\/www.instagram.com\/muharrem_kafexhiu\/\"],\"url\":\"https:\/\/permbledhja.com\/sq\/author\/admin\/\"}]}<\/script>\n<!-- \/ Yoast SEO plugin. -->","yoast_head_json":{"title":"Edhe \u201cdosti\u201d i Radoi\u00e7iqit merret n\u00eb pyetje nga autoritetet n\u00eb Beograd \u2013 dyshohet se pagoi p\u00ebr vrasjen e nj\u00eb inspektori","robots":{"index":"index","follow":"follow","max-snippet":"max-snippet:-1","max-image-preview":"max-image-preview:large","max-video-preview":"max-video-preview:-1"},"canonical":"https:\/\/permbledhja.com\/sq\/edhe-dosti-i-radoiciqit-merret-ne-pyetje-nga-autoritetet-ne-beograd-dyshohet-se-pagoi-per-vrasjen-e-nje-inspektori\/","og_locale":"sq_AL","og_type":"article","og_title":"Edhe \u201cdosti\u201d i Radoi\u00e7iqit merret n\u00eb pyetje nga autoritetet n\u00eb Beograd \u2013 dyshohet se pagoi p\u00ebr vrasjen e nj\u00eb inspektori","og_description":"Biznesmeni Zvonko Vesellinoviq ka dh\u00ebn\u00eb nj\u00eb deklarat\u00eb n\u00eb policin\u00eb e Beogradit n\u00eb lidhje me pretendimet se ai dyshohet se ka urdh\u00ebruar dhe paguar p\u00ebr organizimin e vrasjes s\u00eb inspektor\u00ebve policor\u00eb Sllobodan Millenkoviq dhe Dushan Mitiq, njoftoi Ministria e Pun\u00ebve t\u00eb Brendshme e Serbis\u00eb (MPB) m\u00eb 4 tetor. N\u00eb vitin 2019, Millenkoviq dhe Mitiq zbuluan nj\u00eb [&hellip;]","og_url":"https:\/\/permbledhja.com\/sq\/edhe-dosti-i-radoiciqit-merret-ne-pyetje-nga-autoritetet-ne-beograd-dyshohet-se-pagoi-per-vrasjen-e-nje-inspektori\/","og_site_name":"Ve\u00e7 artikuj p\u00ebrmbledh\u00ebs","article_publisher":"https:\/\/www.facebook.com\/press07\/","article_author":"https:\/\/www.facebook.com\/kafexhiu.muharrem\/","article_published_time":"2023-10-04T18:08:05+00:00","og_image":[{"width":976,"height":549,"url":"https:\/\/permbledhja.com\/wp-content\/uploads\/2023\/10\/109980197_zveselinovic.jpg","type":"image\/jpeg"}],"author":"P\u00ebrmbledhja","twitter_card":"summary_large_image","twitter_misc":{"Written by":"P\u00ebrmbledhja","Est. reading time":"3 minuta"},"schema":{"@context":"https:\/\/schema.org","@graph":[{"@type":"Article","@id":"https:\/\/permbledhja.com\/edhe-dosti-i-radoiciqit-merret-ne-pyetje-nga-autoritetet-ne-beograd-dyshohet-se-pagoi-per-vrasjen-e-nje-inspektori\/#article","isPartOf":{"@id":"https:\/\/permbledhja.com\/edhe-dosti-i-radoiciqit-merret-ne-pyetje-nga-autoritetet-ne-beograd-dyshohet-se-pagoi-per-vrasjen-e-nje-inspektori\/"},"author":{"name":"P\u00ebrmbledhja","@id":"https:\/\/permbledhja.com\/#\/schema\/person\/0d064377258d3221e50693947b9eb4fe"},"headline":"Edhe \u201cdosti\u201d i Radoi\u00e7iqit merret n\u00eb pyetje nga autoritetet n\u00eb Beograd \u2013 dyshohet se pagoi p\u00ebr vrasjen e nj\u00eb inspektori","datePublished":"2023-10-04T18:08:05+00:00","dateModified":"2023-10-04T18:08:05+00:00","mainEntityOfPage":{"@id":"https:\/\/permbledhja.com\/edhe-dosti-i-radoiciqit-merret-ne-pyetje-nga-autoritetet-ne-beograd-dyshohet-se-pagoi-per-vrasjen-e-nje-inspektori\/"},"wordCount":598,"publisher":{"@id":"https:\/\/permbledhja.com\/#organization"},"keywords":["Zvonko Veselinoviq"],"articleSection":["Komb\u00ebtare","Lajme"],"inLanguage":"sq"},{"@type":"WebPage","@id":"https:\/\/permbledhja.com\/edhe-dosti-i-radoiciqit-merret-ne-pyetje-nga-autoritetet-ne-beograd-dyshohet-se-pagoi-per-vrasjen-e-nje-inspektori\/","url":"https:\/\/permbledhja.com\/edhe-dosti-i-radoiciqit-merret-ne-pyetje-nga-autoritetet-ne-beograd-dyshohet-se-pagoi-per-vrasjen-e-nje-inspektori\/","name":"Edhe \u201cdosti\u201d i Radoi\u00e7iqit merret n\u00eb pyetje nga autoritetet n\u00eb Beograd \u2013 dyshohet se pagoi p\u00ebr vrasjen e nj\u00eb inspektori","isPartOf":{"@id":"https:\/\/permbledhja.com\/#website"},"datePublished":"2023-10-04T18:08:05+00:00","dateModified":"2023-10-04T18:08:05+00:00","breadcrumb":{"@id":"https:\/\/permbledhja.com\/edhe-dosti-i-radoiciqit-merret-ne-pyetje-nga-autoritetet-ne-beograd-dyshohet-se-pagoi-per-vrasjen-e-nje-inspektori\/#breadcrumb"},"inLanguage":"sq","potentialAction":[{"@type":"ReadAction","target":["https:\/\/permbledhja.com\/edhe-dosti-i-radoiciqit-merret-ne-pyetje-nga-autoritetet-ne-beograd-dyshohet-se-pagoi-per-vrasjen-e-nje-inspektori\/"]}]},{"@type":"BreadcrumbList","@id":"https:\/\/permbledhja.com\/edhe-dosti-i-radoiciqit-merret-ne-pyetje-nga-autoritetet-ne-beograd-dyshohet-se-pagoi-per-vrasjen-e-nje-inspektori\/#breadcrumb","itemListElement":[{"@type":"ListItem","position":1,"name":"Ballina","item":"https:\/\/permbledhja.com\/sq\/"},{"@type":"ListItem","position":2,"name":"Edhe \u201cdosti\u201d i Radoi\u00e7iqit merret n\u00eb pyetje nga autoritetet n\u00eb Beograd \u2013 dyshohet se pagoi p\u00ebr vrasjen e nj\u00eb inspektori"}]},{"@type":"WebSite","@id":"https:\/\/permbledhja.com\/#website","url":"https:\/\/permbledhja.com\/","name":"Ve\u00e7 artikuj p\u00ebrmbledh\u00ebs","description":"","publisher":{"@id":"https:\/\/permbledhja.com\/#organization"},"potentialAction":[{"@type":"SearchAction","target":{"@type":"EntryPoint","urlTemplate":"https:\/\/permbledhja.com\/?s={search_term_string}"},"query-input":"required name=search_term_string"}],"inLanguage":"sq"},{"@type":"Organization","@id":"https:\/\/permbledhja.com\/#organization","name":"MK Media & Pr","url":"https:\/\/permbledhja.com\/","logo":{"@type":"ImageObject","inLanguage":"sq","@id":"https:\/\/permbledhja.com\/#\/schema\/logo\/image\/","url":"https:\/\/permbledhja.com\/wp-content\/uploads\/2021\/12\/07-Press-Logo.jpg","contentUrl":"https:\/\/permbledhja.com\/wp-content\/uploads\/2021\/12\/07-Press-Logo.jpg","width":512,"height":512,"caption":"MK Media & Pr"},"image":{"@id":"https:\/\/permbledhja.com\/#\/schema\/logo\/image\/"},"sameAs":["https:\/\/www.facebook.com\/press07\/"]},{"@type":"Person","@id":"https:\/\/permbledhja.com\/#\/schema\/person\/0d064377258d3221e50693947b9eb4fe","name":"P\u00ebrmbledhja","image":{"@type":"ImageObject","inLanguage":"sq","@id":"https:\/\/permbledhja.com\/#\/schema\/person\/image\/","url":"https:\/\/permbledhja.com\/wp-content\/uploads\/2026\/01\/452004717_1040944174702970_8932037511805513407_n-96x96.jpg","contentUrl":"https:\/\/permbledhja.com\/wp-content\/uploads\/2026\/01\/452004717_1040944174702970_8932037511805513407_n-96x96.jpg","caption":"P\u00ebrmbledhja"},"sameAs":["https:\/\/www.facebook.com\/kafexhiu.muharrem\/","https:\/\/www.instagram.com\/muharrem_kafexhiu\/"],"url":"https:\/\/permbledhja.com\/sq\/author\/admin\/"}]}},"_links":{"self":[{"href":"https:\/\/permbledhja.com\/sq\/wp-json\/wp\/v2\/posts\/29790"}],"collection":[{"href":"https:\/\/permbledhja.com\/sq\/wp-json\/wp\/v2\/posts"}],"about":[{"href":"https:\/\/permbledhja.com\/sq\/wp-json\/wp\/v2\/types\/post"}],"author":[{"embeddable":true,"href":"https:\/\/permbledhja.com\/sq\/wp-json\/wp\/v2\/users\/1"}],"replies":[{"embeddable":true,"href":"https:\/\/permbledhja.com\/sq\/wp-json\/wp\/v2\/comments?post=29790"}],"version-history":[{"count":1,"href":"https:\/\/permbledhja.com\/sq\/wp-json\/wp\/v2\/posts\/29790\/revisions"}],"predecessor-version":[{"id":29792,"href":"https:\/\/permbledhja.com\/sq\/wp-json\/wp\/v2\/posts\/29790\/revisions\/29792"}],"wp:featuredmedia":[{"embeddable":true,"href":"https:\/\/permbledhja.com\/sq\/wp-json\/wp\/v2\/media\/29791"}],"wp:attachment":[{"href":"https:\/\/permbledhja.com\/sq\/wp-json\/wp\/v2\/media?parent=29790"}],"wp:term":[{"taxonomy":"category","embeddable":true,"href":"https:\/\/permbledhja.com\/sq\/wp-json\/wp\/v2\/categories?post=29790"},{"taxonomy":"post_tag","embeddable":true,"href":"https:\/\/permbledhja.com\/sq\/wp-json\/wp\/v2\/tags?post=29790"}],"curies":[{"name":"wp","href":"https:\/\/api.w.org\/{rel}","templated":true}]}}