{"id":29717,"date":"2023-10-04T09:32:48","date_gmt":"2023-10-04T09:32:48","guid":{"rendered":"https:\/\/permbledhja.com\/?p=29717"},"modified":"2023-10-04T09:32:48","modified_gmt":"2023-10-04T09:32:48","slug":"kane-frike-po-fshehin-dicka-opozita-revoltohet-pas-mungeses-se-deputeteve-te-vv-se-ne-komisionin-hetimor","status":"publish","type":"post","link":"https:\/\/permbledhja.com\/sq\/kane-frike-po-fshehin-dicka-opozita-revoltohet-pas-mungeses-se-deputeteve-te-vv-se-ne-komisionin-hetimor\/","title":{"rendered":"\u201cKan\u00eb frik\u00eb, po fshehin di\u00e7ka\u201d, Opozita revoltohet pas munges\u00ebs s\u00eb deputet\u00ebve t\u00eb VV-s\u00eb n\u00eb Komisionin Hetimor"},"content":{"rendered":"<h3>Mungojn\u00eb deputet\u00ebt e VV-s\u00eb, s\u2019konstituohet Komisioni Hetimor p\u00ebr rezervat \u2013 Opozita: Kan\u00eb frik\u00eb, po fshehin di\u00e7ka<\/h3>\n<p>Deputet\u00ebt e L\u00ebvizjes Vet\u00ebvendosje nuk kan\u00eb marr\u00eb pjes\u00eb n\u00eb mbledhjen e ftuar p\u00ebr konstituimin e Komisioni Hetimor Parlamentar n\u00eb lidhje me procedurat p\u00ebr furnizimin dhe menaxhimin me rezervat shtet\u00ebrore, keqp\u00ebrdorimet dhe abuzimet e mundshme n\u00ebp\u00ebrmjet kualifikimit t\u00eb procedur\u00ebs si sekret shtet\u00ebror p\u00ebr furnizime t\u00eb tilla.<\/p>\n<p>Kjo e ka b\u00ebr\u00eb t\u00eb pamundur q\u00eb t\u00eb mbahet mbledhja e k\u00ebtij Komisioni ngase n\u00eb sall\u00eb ishin vet\u00ebm deputet\u00ebt e opozit\u00ebs.<\/p>\n<p>Kryesuesi i k\u00ebtij Komisioni, Rashiti Qalaj, tha se edhe p\u00ebrkund\u00ebr q\u00eb prit\u00ebn m\u00eb shum\u00eb se 15 minuta asnj\u00eb nga deputet\u00ebt e VV-s\u00eb, nuk \u00ebsht\u00eb paraqitur n\u00eb mbledhje, teksa p\u00ebr k\u00ebt\u00eb ai ka k\u00ebrkuar q\u00eb mbledhja t\u00eb mbahet s\u00ebrish.<\/p>\n<p>\u201cMungojn\u00eb deputet\u00ebt nga VV-ja dhe nuk kemi mund\u00ebsi q\u00eb t\u00eb b\u00ebjm\u00eb konstituimin p\u00ebr shkak t\u00eb kuorumit, mendoj q\u00eb kemi pritur mjaft\u00eb, nuk mund t\u00eb pritet mbi 15 minuta apo 20 minuta\u201d.<\/p>\n<p>\u201cE kam takuar deputetin Armend Muja, m\u00eb tha se jam duke shkuar n\u00eb Komision p\u00ebr Buxhet e m\u00eb tha se do t\u00eb lajm\u00ebrohem, m\u00eb pas nuk \u00ebsht\u00eb lajm\u00ebruar fare. N\u00ebse nuk formohet n\u00eb ora 15:00 do t\u00eb kemi takim nes\u00ebr, pasnes\u00ebr\u201d, tha ai.<\/p>\n<p>Nd\u00ebrsa, z\u00ebvend\u00ebskryesuesja Valentina Bunjaku, tha se deputet\u00ebt e VV-s\u00eb nuk kan\u00eb ardhur n\u00eb mbledhje ngase po i frik\u00ebsohen t\u00eb v\u00ebrtet\u00ebs.<\/p>\n<p>\u201cKomisioni t\u00eb ftohet sot n\u00eb ora 15:00, q\u00eb mos me pas arsyeje m\u00eb th\u00ebn\u00eb q\u00eb nuk jemi n\u00eb Kuvend. Po dihet q\u00eb me tendenc\u00eb nuk kan\u00eb ardhur se po frik\u00ebsohen prej t\u00eb v\u00ebrtet\u00ebs\u201d, tha Bunjaku.<\/p>\n<p>Kurse, Pal Lekaj nga AAK-ja tha se mos prezenca e pozit\u00ebs \u00ebsht\u00eb sinjal se n\u00eb k\u00ebt\u00eb rast po fshihet di\u00e7ka, dhe se po kan\u00eb frik\u00eb nga nj\u00eb hetim p\u00ebr rezervat shtet\u00ebrore.<\/p>\n<p>\u201cNuk ka p\u00ebrgjegjshm\u00ebri t\u00eb pozit\u00ebs edhe pse kan\u00eb debatuar n\u00eb seanc\u00eb edhe e kan\u00eb theksuar q\u00eb nuk frikohen nga e drejta dhe nga ajo q\u00eb ka ndodhur mir\u00ebpo shihet e kund\u00ebrta, dhe k\u00ebtu di\u00e7ka po fshihet po ikin prej asaj q\u00eb \u00e7do her\u00eb e kan\u00eb menduar se do ta luftojn\u00eb korrupsionin, e i kan\u00eb vjedhur edhe rezervat shtet\u00ebrore. Un\u00eb pajtoj q\u00eb n\u00eb ora 15:00 t\u00eb mblidhmi\u201d.<\/p>\n<p>Kuvendi i Kosov\u00ebs, pas rreth kat\u00ebr or\u00ebsh diskutimesh, ka votuar p\u00ebr themelimin e Komisionit Hetimor Parlamentar p\u00ebr rezervat shtet\u00ebrore, me 69 vota p\u00ebr, me 21 shator.<\/p>\n<p>Puna e Komisionit do t\u00eb jet\u00eb lidhur me procedurat p\u00ebr furnizimin dhe menaxhimin me rezervat shtet\u00ebrore, si dhe keqp\u00ebrdorimet dhe abuzimet e mundshme me rezervat shtet\u00ebrore, n\u00ebp\u00ebrmjet kualifikimit t\u00eb procedur\u00ebs si sekret shtet\u00ebror p\u00ebr furnizime t\u00eb tilla.\/EO<\/p>\n<p>&nbsp;<\/p>\n","protected":false},"excerpt":{"rendered":"<p>Mungojn\u00eb deputet\u00ebt e VV-s\u00eb, s\u2019konstituohet Komisioni Hetimor p\u00ebr rezervat \u2013 Opozita: Kan\u00eb frik\u00eb, po fshehin di\u00e7ka Deputet\u00ebt e L\u00ebvizjes Vet\u00ebvendosje nuk kan\u00eb marr\u00eb pjes\u00eb n\u00eb mbledhjen e ftuar p\u00ebr konstituimin e Komisioni Hetimor Parlamentar n\u00eb lidhje me procedurat p\u00ebr furnizimin dhe menaxhimin me rezervat shtet\u00ebrore, keqp\u00ebrdorimet dhe abuzimet e mundshme n\u00ebp\u00ebrmjet kualifikimit t\u00eb procedur\u00ebs si [&hellip;]<\/p>\n","protected":false},"author":2,"featured_media":29718,"comment_status":"closed","ping_status":"closed","sticky":false,"template":"","format":"standard","meta":{"_monsterinsights_skip_tracking":false,"_monsterinsights_sitenote_active":false,"_monsterinsights_sitenote_note":"","_monsterinsights_sitenote_category":0,"_uf_show_specific_survey":0,"_uf_disable_surveys":false,"footnotes":""},"categories":[23,15],"tags":[],"yoast_head":"<!-- This site is optimized with the Yoast SEO plugin v21.5 - https:\/\/yoast.com\/wordpress\/plugins\/seo\/ -->\n<title>\u201cKan\u00eb frik\u00eb, po fshehin di\u00e7ka\u201d, Opozita revoltohet pas munges\u00ebs s\u00eb deputet\u00ebve t\u00eb VV-s\u00eb n\u00eb Komisionin Hetimor<\/title>\n<meta name=\"robots\" content=\"index, follow, max-snippet:-1, max-image-preview:large, max-video-preview:-1\" \/>\n<link rel=\"canonical\" href=\"https:\/\/permbledhja.com\/sq\/kane-frike-po-fshehin-dicka-opozita-revoltohet-pas-mungeses-se-deputeteve-te-vv-se-ne-komisionin-hetimor\/\" \/>\n<meta property=\"og:locale\" content=\"sq_AL\" \/>\n<meta property=\"og:type\" content=\"article\" \/>\n<meta property=\"og:title\" content=\"\u201cKan\u00eb frik\u00eb, po fshehin di\u00e7ka\u201d, Opozita revoltohet pas munges\u00ebs s\u00eb deputet\u00ebve t\u00eb VV-s\u00eb n\u00eb Komisionin Hetimor\" \/>\n<meta property=\"og:description\" content=\"Mungojn\u00eb deputet\u00ebt e VV-s\u00eb, s\u2019konstituohet Komisioni Hetimor p\u00ebr rezervat \u2013 Opozita: Kan\u00eb frik\u00eb, po fshehin di\u00e7ka Deputet\u00ebt e L\u00ebvizjes Vet\u00ebvendosje nuk kan\u00eb marr\u00eb pjes\u00eb n\u00eb mbledhjen e ftuar p\u00ebr konstituimin e Komisioni Hetimor Parlamentar n\u00eb lidhje me procedurat p\u00ebr furnizimin dhe menaxhimin me rezervat shtet\u00ebrore, keqp\u00ebrdorimet dhe abuzimet e mundshme n\u00ebp\u00ebrmjet kualifikimit t\u00eb procedur\u00ebs si [&hellip;]\" \/>\n<meta property=\"og:url\" content=\"https:\/\/permbledhja.com\/sq\/kane-frike-po-fshehin-dicka-opozita-revoltohet-pas-mungeses-se-deputeteve-te-vv-se-ne-komisionin-hetimor\/\" \/>\n<meta property=\"og:site_name\" content=\"Ve\u00e7 artikuj p\u00ebrmbledh\u00ebs\" \/>\n<meta property=\"article:publisher\" content=\"https:\/\/www.facebook.com\/press07\/\" \/>\n<meta property=\"article:published_time\" content=\"2023-10-04T09:32:48+00:00\" \/>\n<meta property=\"og:image\" content=\"https:\/\/permbledhja.com\/wp-content\/uploads\/2023\/10\/Komisioni.jpg\" \/>\n\t<meta property=\"og:image:width\" content=\"1600\" \/>\n\t<meta property=\"og:image:height\" content=\"900\" \/>\n\t<meta property=\"og:image:type\" content=\"image\/jpeg\" \/>\n<meta name=\"author\" content=\"M M\" \/>\n<meta name=\"twitter:card\" content=\"summary_large_image\" \/>\n<meta name=\"twitter:label1\" content=\"Written by\" \/>\n\t<meta name=\"twitter:data1\" content=\"M M\" \/>\n\t<meta name=\"twitter:label2\" content=\"Est. reading time\" \/>\n\t<meta name=\"twitter:data2\" content=\"2 minuta\" \/>\n<script type=\"application\/ld+json\" class=\"yoast-schema-graph\">{\"@context\":\"https:\/\/schema.org\",\"@graph\":[{\"@type\":\"Article\",\"@id\":\"https:\/\/permbledhja.com\/sq\/kane-frike-po-fshehin-dicka-opozita-revoltohet-pas-mungeses-se-deputeteve-te-vv-se-ne-komisionin-hetimor\/#article\",\"isPartOf\":{\"@id\":\"https:\/\/permbledhja.com\/sq\/kane-frike-po-fshehin-dicka-opozita-revoltohet-pas-mungeses-se-deputeteve-te-vv-se-ne-komisionin-hetimor\/\"},\"author\":{\"name\":\"M M\",\"@id\":\"https:\/\/permbledhja.com\/#\/schema\/person\/d23f13f59b5722643933d6780783acf3\"},\"headline\":\"\u201cKan\u00eb frik\u00eb, po fshehin di\u00e7ka\u201d, Opozita revoltohet pas munges\u00ebs s\u00eb deputet\u00ebve t\u00eb VV-s\u00eb n\u00eb Komisionin Hetimor\",\"datePublished\":\"2023-10-04T09:32:48+00:00\",\"dateModified\":\"2023-10-04T09:32:48+00:00\",\"mainEntityOfPage\":{\"@id\":\"https:\/\/permbledhja.com\/sq\/kane-frike-po-fshehin-dicka-opozita-revoltohet-pas-mungeses-se-deputeteve-te-vv-se-ne-komisionin-hetimor\/\"},\"wordCount\":501,\"publisher\":{\"@id\":\"https:\/\/permbledhja.com\/#organization\"},\"articleSection\":[\"Komb\u00ebtare\",\"Lajme\"],\"inLanguage\":\"sq\"},{\"@type\":\"WebPage\",\"@id\":\"https:\/\/permbledhja.com\/sq\/kane-frike-po-fshehin-dicka-opozita-revoltohet-pas-mungeses-se-deputeteve-te-vv-se-ne-komisionin-hetimor\/\",\"url\":\"https:\/\/permbledhja.com\/sq\/kane-frike-po-fshehin-dicka-opozita-revoltohet-pas-mungeses-se-deputeteve-te-vv-se-ne-komisionin-hetimor\/\",\"name\":\"\u201cKan\u00eb frik\u00eb, po fshehin di\u00e7ka\u201d, Opozita revoltohet pas munges\u00ebs s\u00eb deputet\u00ebve t\u00eb VV-s\u00eb n\u00eb Komisionin Hetimor\",\"isPartOf\":{\"@id\":\"https:\/\/permbledhja.com\/#website\"},\"datePublished\":\"2023-10-04T09:32:48+00:00\",\"dateModified\":\"2023-10-04T09:32:48+00:00\",\"breadcrumb\":{\"@id\":\"https:\/\/permbledhja.com\/sq\/kane-frike-po-fshehin-dicka-opozita-revoltohet-pas-mungeses-se-deputeteve-te-vv-se-ne-komisionin-hetimor\/#breadcrumb\"},\"inLanguage\":\"sq\",\"potentialAction\":[{\"@type\":\"ReadAction\",\"target\":[\"https:\/\/permbledhja.com\/sq\/kane-frike-po-fshehin-dicka-opozita-revoltohet-pas-mungeses-se-deputeteve-te-vv-se-ne-komisionin-hetimor\/\"]}]},{\"@type\":\"BreadcrumbList\",\"@id\":\"https:\/\/permbledhja.com\/sq\/kane-frike-po-fshehin-dicka-opozita-revoltohet-pas-mungeses-se-deputeteve-te-vv-se-ne-komisionin-hetimor\/#breadcrumb\",\"itemListElement\":[{\"@type\":\"ListItem\",\"position\":1,\"name\":\"Ballina\",\"item\":\"https:\/\/permbledhja.com\/sq\/\"},{\"@type\":\"ListItem\",\"position\":2,\"name\":\"\u201cKan\u00eb frik\u00eb, po fshehin di\u00e7ka\u201d, Opozita revoltohet pas munges\u00ebs s\u00eb deputet\u00ebve t\u00eb VV-s\u00eb n\u00eb Komisionin Hetimor\"}]},{\"@type\":\"WebSite\",\"@id\":\"https:\/\/permbledhja.com\/#website\",\"url\":\"https:\/\/permbledhja.com\/\",\"name\":\"Ve\u00e7 artikuj p\u00ebrmbledh\u00ebs\",\"description\":\"\",\"publisher\":{\"@id\":\"https:\/\/permbledhja.com\/#organization\"},\"potentialAction\":[{\"@type\":\"SearchAction\",\"target\":{\"@type\":\"EntryPoint\",\"urlTemplate\":\"https:\/\/permbledhja.com\/?s={search_term_string}\"},\"query-input\":\"required name=search_term_string\"}],\"inLanguage\":\"sq\"},{\"@type\":\"Organization\",\"@id\":\"https:\/\/permbledhja.com\/#organization\",\"name\":\"MK Media & Pr\",\"url\":\"https:\/\/permbledhja.com\/\",\"logo\":{\"@type\":\"ImageObject\",\"inLanguage\":\"sq\",\"@id\":\"https:\/\/permbledhja.com\/#\/schema\/logo\/image\/\",\"url\":\"https:\/\/permbledhja.com\/wp-content\/uploads\/2021\/12\/07-Press-Logo.jpg\",\"contentUrl\":\"https:\/\/permbledhja.com\/wp-content\/uploads\/2021\/12\/07-Press-Logo.jpg\",\"width\":512,\"height\":512,\"caption\":\"MK Media & Pr\"},\"image\":{\"@id\":\"https:\/\/permbledhja.com\/#\/schema\/logo\/image\/\"},\"sameAs\":[\"https:\/\/www.facebook.com\/press07\/\"]},{\"@type\":\"Person\",\"@id\":\"https:\/\/permbledhja.com\/#\/schema\/person\/d23f13f59b5722643933d6780783acf3\",\"name\":\"M M\",\"image\":{\"@type\":\"ImageObject\",\"inLanguage\":\"sq\",\"@id\":\"https:\/\/permbledhja.com\/#\/schema\/person\/image\/\",\"url\":\"https:\/\/secure.gravatar.com\/avatar\/e2835a76ca7c31a2416b2d51c4ec9a8f?s=96&d=mm&r=g\",\"contentUrl\":\"https:\/\/secure.gravatar.com\/avatar\/e2835a76ca7c31a2416b2d51c4ec9a8f?s=96&d=mm&r=g\",\"caption\":\"M M\"},\"sameAs\":[\"http:\/\/MM\"],\"url\":\"https:\/\/permbledhja.com\/sq\/author\/muhamet\/\"}]}<\/script>\n<!-- \/ Yoast SEO plugin. -->","yoast_head_json":{"title":"\u201cKan\u00eb frik\u00eb, po fshehin di\u00e7ka\u201d, Opozita revoltohet pas munges\u00ebs s\u00eb deputet\u00ebve t\u00eb VV-s\u00eb n\u00eb Komisionin Hetimor","robots":{"index":"index","follow":"follow","max-snippet":"max-snippet:-1","max-image-preview":"max-image-preview:large","max-video-preview":"max-video-preview:-1"},"canonical":"https:\/\/permbledhja.com\/sq\/kane-frike-po-fshehin-dicka-opozita-revoltohet-pas-mungeses-se-deputeteve-te-vv-se-ne-komisionin-hetimor\/","og_locale":"sq_AL","og_type":"article","og_title":"\u201cKan\u00eb frik\u00eb, po fshehin di\u00e7ka\u201d, Opozita revoltohet pas munges\u00ebs s\u00eb deputet\u00ebve t\u00eb VV-s\u00eb n\u00eb Komisionin Hetimor","og_description":"Mungojn\u00eb deputet\u00ebt e VV-s\u00eb, s\u2019konstituohet Komisioni Hetimor p\u00ebr rezervat \u2013 Opozita: Kan\u00eb frik\u00eb, po fshehin di\u00e7ka Deputet\u00ebt e L\u00ebvizjes Vet\u00ebvendosje nuk kan\u00eb marr\u00eb pjes\u00eb n\u00eb mbledhjen e ftuar p\u00ebr konstituimin e Komisioni Hetimor Parlamentar n\u00eb lidhje me procedurat p\u00ebr furnizimin dhe menaxhimin me rezervat shtet\u00ebrore, keqp\u00ebrdorimet dhe abuzimet e mundshme n\u00ebp\u00ebrmjet kualifikimit t\u00eb procedur\u00ebs si [&hellip;]","og_url":"https:\/\/permbledhja.com\/sq\/kane-frike-po-fshehin-dicka-opozita-revoltohet-pas-mungeses-se-deputeteve-te-vv-se-ne-komisionin-hetimor\/","og_site_name":"Ve\u00e7 artikuj p\u00ebrmbledh\u00ebs","article_publisher":"https:\/\/www.facebook.com\/press07\/","article_published_time":"2023-10-04T09:32:48+00:00","og_image":[{"width":1600,"height":900,"url":"https:\/\/permbledhja.com\/wp-content\/uploads\/2023\/10\/Komisioni.jpg","type":"image\/jpeg"}],"author":"M M","twitter_card":"summary_large_image","twitter_misc":{"Written by":"M M","Est. reading time":"2 minuta"},"schema":{"@context":"https:\/\/schema.org","@graph":[{"@type":"Article","@id":"https:\/\/permbledhja.com\/sq\/kane-frike-po-fshehin-dicka-opozita-revoltohet-pas-mungeses-se-deputeteve-te-vv-se-ne-komisionin-hetimor\/#article","isPartOf":{"@id":"https:\/\/permbledhja.com\/sq\/kane-frike-po-fshehin-dicka-opozita-revoltohet-pas-mungeses-se-deputeteve-te-vv-se-ne-komisionin-hetimor\/"},"author":{"name":"M M","@id":"https:\/\/permbledhja.com\/#\/schema\/person\/d23f13f59b5722643933d6780783acf3"},"headline":"\u201cKan\u00eb frik\u00eb, po fshehin di\u00e7ka\u201d, Opozita revoltohet pas munges\u00ebs s\u00eb deputet\u00ebve t\u00eb VV-s\u00eb n\u00eb Komisionin Hetimor","datePublished":"2023-10-04T09:32:48+00:00","dateModified":"2023-10-04T09:32:48+00:00","mainEntityOfPage":{"@id":"https:\/\/permbledhja.com\/sq\/kane-frike-po-fshehin-dicka-opozita-revoltohet-pas-mungeses-se-deputeteve-te-vv-se-ne-komisionin-hetimor\/"},"wordCount":501,"publisher":{"@id":"https:\/\/permbledhja.com\/#organization"},"articleSection":["Komb\u00ebtare","Lajme"],"inLanguage":"sq"},{"@type":"WebPage","@id":"https:\/\/permbledhja.com\/sq\/kane-frike-po-fshehin-dicka-opozita-revoltohet-pas-mungeses-se-deputeteve-te-vv-se-ne-komisionin-hetimor\/","url":"https:\/\/permbledhja.com\/sq\/kane-frike-po-fshehin-dicka-opozita-revoltohet-pas-mungeses-se-deputeteve-te-vv-se-ne-komisionin-hetimor\/","name":"\u201cKan\u00eb frik\u00eb, po fshehin di\u00e7ka\u201d, Opozita revoltohet pas munges\u00ebs s\u00eb deputet\u00ebve t\u00eb VV-s\u00eb n\u00eb Komisionin Hetimor","isPartOf":{"@id":"https:\/\/permbledhja.com\/#website"},"datePublished":"2023-10-04T09:32:48+00:00","dateModified":"2023-10-04T09:32:48+00:00","breadcrumb":{"@id":"https:\/\/permbledhja.com\/sq\/kane-frike-po-fshehin-dicka-opozita-revoltohet-pas-mungeses-se-deputeteve-te-vv-se-ne-komisionin-hetimor\/#breadcrumb"},"inLanguage":"sq","potentialAction":[{"@type":"ReadAction","target":["https:\/\/permbledhja.com\/sq\/kane-frike-po-fshehin-dicka-opozita-revoltohet-pas-mungeses-se-deputeteve-te-vv-se-ne-komisionin-hetimor\/"]}]},{"@type":"BreadcrumbList","@id":"https:\/\/permbledhja.com\/sq\/kane-frike-po-fshehin-dicka-opozita-revoltohet-pas-mungeses-se-deputeteve-te-vv-se-ne-komisionin-hetimor\/#breadcrumb","itemListElement":[{"@type":"ListItem","position":1,"name":"Ballina","item":"https:\/\/permbledhja.com\/sq\/"},{"@type":"ListItem","position":2,"name":"\u201cKan\u00eb frik\u00eb, po fshehin di\u00e7ka\u201d, Opozita revoltohet pas munges\u00ebs s\u00eb deputet\u00ebve t\u00eb VV-s\u00eb n\u00eb Komisionin Hetimor"}]},{"@type":"WebSite","@id":"https:\/\/permbledhja.com\/#website","url":"https:\/\/permbledhja.com\/","name":"Ve\u00e7 artikuj p\u00ebrmbledh\u00ebs","description":"","publisher":{"@id":"https:\/\/permbledhja.com\/#organization"},"potentialAction":[{"@type":"SearchAction","target":{"@type":"EntryPoint","urlTemplate":"https:\/\/permbledhja.com\/?s={search_term_string}"},"query-input":"required name=search_term_string"}],"inLanguage":"sq"},{"@type":"Organization","@id":"https:\/\/permbledhja.com\/#organization","name":"MK Media & Pr","url":"https:\/\/permbledhja.com\/","logo":{"@type":"ImageObject","inLanguage":"sq","@id":"https:\/\/permbledhja.com\/#\/schema\/logo\/image\/","url":"https:\/\/permbledhja.com\/wp-content\/uploads\/2021\/12\/07-Press-Logo.jpg","contentUrl":"https:\/\/permbledhja.com\/wp-content\/uploads\/2021\/12\/07-Press-Logo.jpg","width":512,"height":512,"caption":"MK Media & Pr"},"image":{"@id":"https:\/\/permbledhja.com\/#\/schema\/logo\/image\/"},"sameAs":["https:\/\/www.facebook.com\/press07\/"]},{"@type":"Person","@id":"https:\/\/permbledhja.com\/#\/schema\/person\/d23f13f59b5722643933d6780783acf3","name":"M M","image":{"@type":"ImageObject","inLanguage":"sq","@id":"https:\/\/permbledhja.com\/#\/schema\/person\/image\/","url":"https:\/\/secure.gravatar.com\/avatar\/e2835a76ca7c31a2416b2d51c4ec9a8f?s=96&d=mm&r=g","contentUrl":"https:\/\/secure.gravatar.com\/avatar\/e2835a76ca7c31a2416b2d51c4ec9a8f?s=96&d=mm&r=g","caption":"M M"},"sameAs":["http:\/\/MM"],"url":"https:\/\/permbledhja.com\/sq\/author\/muhamet\/"}]}},"_links":{"self":[{"href":"https:\/\/permbledhja.com\/sq\/wp-json\/wp\/v2\/posts\/29717"}],"collection":[{"href":"https:\/\/permbledhja.com\/sq\/wp-json\/wp\/v2\/posts"}],"about":[{"href":"https:\/\/permbledhja.com\/sq\/wp-json\/wp\/v2\/types\/post"}],"author":[{"embeddable":true,"href":"https:\/\/permbledhja.com\/sq\/wp-json\/wp\/v2\/users\/2"}],"replies":[{"embeddable":true,"href":"https:\/\/permbledhja.com\/sq\/wp-json\/wp\/v2\/comments?post=29717"}],"version-history":[{"count":1,"href":"https:\/\/permbledhja.com\/sq\/wp-json\/wp\/v2\/posts\/29717\/revisions"}],"predecessor-version":[{"id":29719,"href":"https:\/\/permbledhja.com\/sq\/wp-json\/wp\/v2\/posts\/29717\/revisions\/29719"}],"wp:featuredmedia":[{"embeddable":true,"href":"https:\/\/permbledhja.com\/sq\/wp-json\/wp\/v2\/media\/29718"}],"wp:attachment":[{"href":"https:\/\/permbledhja.com\/sq\/wp-json\/wp\/v2\/media?parent=29717"}],"wp:term":[{"taxonomy":"category","embeddable":true,"href":"https:\/\/permbledhja.com\/sq\/wp-json\/wp\/v2\/categories?post=29717"},{"taxonomy":"post_tag","embeddable":true,"href":"https:\/\/permbledhja.com\/sq\/wp-json\/wp\/v2\/tags?post=29717"}],"curies":[{"name":"wp","href":"https:\/\/api.w.org\/{rel}","templated":true}]}}