{"id":29704,"date":"2023-10-04T08:41:04","date_gmt":"2023-10-04T08:41:04","guid":{"rendered":"https:\/\/permbledhja.com\/?p=29704"},"modified":"2023-10-04T08:41:04","modified_gmt":"2023-10-04T08:41:04","slug":"kfor-shton-trupat-ne-veri-situata-mbetet-e-paqendrueshme-mund-te-pershkallezohet","status":"publish","type":"post","link":"https:\/\/permbledhja.com\/sq\/kfor-shton-trupat-ne-veri-situata-mbetet-e-paqendrueshme-mund-te-pershkallezohet\/","title":{"rendered":"KFOR shton trupat n\u00eb veri: Situata mbetet e paq\u00ebndrueshme, mund t\u00eb p\u00ebrshkall\u00ebzohet"},"content":{"rendered":"<h3>T\u00eb diel\u00ebn e 24 shtatorit Serbia kreu agresion n\u00eb territorin e Kosov\u00ebs. Ani pse kan\u00eb kaluar mbi 11 dit\u00eb nga sulmi terrorist n\u00eb Banjsk\u00eb t\u00eb Zve\u00e7anit, situata e siguris\u00eb vazhdon t\u00eb mbetet e paq\u00ebndrueshme.<\/h3>\n<p>Lidhur me k\u00ebt\u00eb, misioni i NATO-s\u00eb n\u00eb Kosov\u00eb, pra KFOR-i, tashm\u00eb ka marr\u00eb vendim p\u00ebr shtimin e numrit t\u00eb trupave n\u00eb Kosov\u00eb. KFOR-i ka dh\u00ebn\u00eb disa detaje n\u00eb lidhje me mobilizimin e trupave t\u00eb KFOR-it pas sulmit terrorist n\u00eb Banjsk\u00eb t\u00eb Zve\u00e7anit.<\/p>\n<p>N\u00eb p\u00ebrgjigjen p\u00ebr Klan Kosov\u00ebn, KFOR-i ka pasur edhe nj\u00eb vler\u00ebsim t\u00eb situat\u00ebs n\u00eb veri, e cila, sipas k\u00ebtij msioni, mbetet e paq\u00ebndrueshme. Madje, KFOR-i ka paralajm\u00ebruar se situata n\u00eb veri leht\u00eb mund t\u00eb p\u00ebrshkall\u00ebzohet.<\/p>\n<p>\u201cSituata e p\u00ebrgjithshme n\u00eb Kosov\u00eb mbetet e paq\u00ebndrueshme dhe leht\u00eb mund t\u00eb p\u00ebrshkall\u00ebzohet\u201d,\u00a0thuhet n\u00eb nj\u00eb p\u00ebrgjigje t\u00eb KFOR-it.<\/p>\n<p>N\u00eb p\u00ebrgjigjen e tyre, KFOR-i ka treguar se K\u00ebshilli i Atlantikut t\u00eb Veriut ka autorizuar vendosje ne trupave shtes\u00eb n\u00eb Kosov\u00eb, n\u00eb m\u00ebnyr\u00eb q\u00eb t\u00eb adresoj\u00eb situat\u00ebn aktuale n\u00eb veri.<\/p>\n<p>\u201cM\u00eb 28 shtator, K\u00ebshilli i Atlantikut t\u00eb Veriut autorizoi vendosjen e forcave shtes\u00eb, p\u00ebr t\u00eb adresuar situat\u00ebn aktuale. Trupat jan\u00eb t\u00ebrhequr nga rezerva strategjike e NATO-s p\u00ebr Ballkanin Per\u00ebndimor. Mbret\u00ebria e Bashkuar po vendos rreth 200 ushtar\u00eb nga Batalioni i Par\u00eb i Regjimentit Mbret\u00ebror t\u00eb Princesh\u00ebs s\u00eb Uellsit p\u00ebr t\u2019iu bashkuar nj\u00eb kontingjenti prej 400 trupash t\u00eb Mbret\u00ebris\u00eb s\u00eb Bashkuar q\u00eb tashm\u00eb gjenden n\u00eb Kosov\u00eb, dhe p\u00ebrforcime t\u00eb m\u00ebtejshme do t\u00eb pasojn\u00eb nga aleat\u00ebt e tjer\u00eb.\u201d\u00a0\u2013 shtohet n\u00eb p\u00ebrgjigje.<\/p>\n","protected":false},"excerpt":{"rendered":"<p>T\u00eb diel\u00ebn e 24 shtatorit Serbia kreu agresion n\u00eb territorin e Kosov\u00ebs. Ani pse kan\u00eb kaluar mbi 11 dit\u00eb nga sulmi terrorist n\u00eb Banjsk\u00eb t\u00eb Zve\u00e7anit, situata e siguris\u00eb vazhdon t\u00eb mbetet e paq\u00ebndrueshme. Lidhur me k\u00ebt\u00eb, misioni i NATO-s\u00eb n\u00eb Kosov\u00eb, pra KFOR-i, tashm\u00eb ka marr\u00eb vendim p\u00ebr shtimin e numrit t\u00eb trupave n\u00eb [&hellip;]<\/p>\n","protected":false},"author":2,"featured_media":29705,"comment_status":"closed","ping_status":"closed","sticky":false,"template":"","format":"standard","meta":{"_monsterinsights_skip_tracking":false,"_monsterinsights_sitenote_active":false,"_monsterinsights_sitenote_note":"","_monsterinsights_sitenote_category":0,"_uf_show_specific_survey":0,"_uf_disable_surveys":false,"footnotes":""},"categories":[23,15],"tags":[517],"yoast_head":"<!-- This site is optimized with the Yoast SEO plugin v21.5 - https:\/\/yoast.com\/wordpress\/plugins\/seo\/ -->\n<title>KFOR shton trupat n\u00eb veri: Situata mbetet e paq\u00ebndrueshme, mund t\u00eb p\u00ebrshkall\u00ebzohet<\/title>\n<meta name=\"robots\" content=\"index, follow, max-snippet:-1, max-image-preview:large, max-video-preview:-1\" \/>\n<link rel=\"canonical\" href=\"https:\/\/permbledhja.com\/sq\/kfor-shton-trupat-ne-veri-situata-mbetet-e-paqendrueshme-mund-te-pershkallezohet\/\" \/>\n<meta property=\"og:locale\" content=\"sq_AL\" \/>\n<meta property=\"og:type\" content=\"article\" \/>\n<meta property=\"og:title\" content=\"KFOR shton trupat n\u00eb veri: Situata mbetet e paq\u00ebndrueshme, mund t\u00eb p\u00ebrshkall\u00ebzohet\" \/>\n<meta property=\"og:description\" content=\"T\u00eb diel\u00ebn e 24 shtatorit Serbia kreu agresion n\u00eb territorin e Kosov\u00ebs. Ani pse kan\u00eb kaluar mbi 11 dit\u00eb nga sulmi terrorist n\u00eb Banjsk\u00eb t\u00eb Zve\u00e7anit, situata e siguris\u00eb vazhdon t\u00eb mbetet e paq\u00ebndrueshme. Lidhur me k\u00ebt\u00eb, misioni i NATO-s\u00eb n\u00eb Kosov\u00eb, pra KFOR-i, tashm\u00eb ka marr\u00eb vendim p\u00ebr shtimin e numrit t\u00eb trupave n\u00eb [&hellip;]\" \/>\n<meta property=\"og:url\" content=\"https:\/\/permbledhja.com\/sq\/kfor-shton-trupat-ne-veri-situata-mbetet-e-paqendrueshme-mund-te-pershkallezohet\/\" \/>\n<meta property=\"og:site_name\" content=\"Ve\u00e7 artikuj p\u00ebrmbledh\u00ebs\" \/>\n<meta property=\"article:publisher\" content=\"https:\/\/www.facebook.com\/press07\/\" \/>\n<meta property=\"article:published_time\" content=\"2023-10-04T08:41:04+00:00\" \/>\n<meta property=\"og:image\" content=\"https:\/\/permbledhja.com\/wp-content\/uploads\/2023\/10\/KFOR.webp\" \/>\n\t<meta property=\"og:image:width\" content=\"653\" \/>\n\t<meta property=\"og:image:height\" content=\"435\" \/>\n\t<meta property=\"og:image:type\" content=\"image\/webp\" \/>\n<meta name=\"author\" content=\"M M\" \/>\n<meta name=\"twitter:card\" content=\"summary_large_image\" \/>\n<meta name=\"twitter:label1\" content=\"Written by\" \/>\n\t<meta name=\"twitter:data1\" content=\"M M\" \/>\n\t<meta name=\"twitter:label2\" content=\"Est. reading time\" \/>\n\t<meta name=\"twitter:data2\" content=\"1 minut\u00eb\" \/>\n<script type=\"application\/ld+json\" class=\"yoast-schema-graph\">{\"@context\":\"https:\/\/schema.org\",\"@graph\":[{\"@type\":\"Article\",\"@id\":\"https:\/\/permbledhja.com\/kfor-shton-trupat-ne-veri-situata-mbetet-e-paqendrueshme-mund-te-pershkallezohet\/#article\",\"isPartOf\":{\"@id\":\"https:\/\/permbledhja.com\/kfor-shton-trupat-ne-veri-situata-mbetet-e-paqendrueshme-mund-te-pershkallezohet\/\"},\"author\":{\"name\":\"M M\",\"@id\":\"https:\/\/permbledhja.com\/#\/schema\/person\/d23f13f59b5722643933d6780783acf3\"},\"headline\":\"KFOR shton trupat n\u00eb veri: Situata mbetet e paq\u00ebndrueshme, mund t\u00eb p\u00ebrshkall\u00ebzohet\",\"datePublished\":\"2023-10-04T08:41:04+00:00\",\"dateModified\":\"2023-10-04T08:41:04+00:00\",\"mainEntityOfPage\":{\"@id\":\"https:\/\/permbledhja.com\/kfor-shton-trupat-ne-veri-situata-mbetet-e-paqendrueshme-mund-te-pershkallezohet\/\"},\"wordCount\":292,\"publisher\":{\"@id\":\"https:\/\/permbledhja.com\/#organization\"},\"keywords\":[\"KFOR\"],\"articleSection\":[\"Komb\u00ebtare\",\"Lajme\"],\"inLanguage\":\"sq\"},{\"@type\":\"WebPage\",\"@id\":\"https:\/\/permbledhja.com\/kfor-shton-trupat-ne-veri-situata-mbetet-e-paqendrueshme-mund-te-pershkallezohet\/\",\"url\":\"https:\/\/permbledhja.com\/kfor-shton-trupat-ne-veri-situata-mbetet-e-paqendrueshme-mund-te-pershkallezohet\/\",\"name\":\"KFOR shton trupat n\u00eb veri: Situata mbetet e paq\u00ebndrueshme, mund t\u00eb p\u00ebrshkall\u00ebzohet\",\"isPartOf\":{\"@id\":\"https:\/\/permbledhja.com\/#website\"},\"datePublished\":\"2023-10-04T08:41:04+00:00\",\"dateModified\":\"2023-10-04T08:41:04+00:00\",\"breadcrumb\":{\"@id\":\"https:\/\/permbledhja.com\/kfor-shton-trupat-ne-veri-situata-mbetet-e-paqendrueshme-mund-te-pershkallezohet\/#breadcrumb\"},\"inLanguage\":\"sq\",\"potentialAction\":[{\"@type\":\"ReadAction\",\"target\":[\"https:\/\/permbledhja.com\/kfor-shton-trupat-ne-veri-situata-mbetet-e-paqendrueshme-mund-te-pershkallezohet\/\"]}]},{\"@type\":\"BreadcrumbList\",\"@id\":\"https:\/\/permbledhja.com\/kfor-shton-trupat-ne-veri-situata-mbetet-e-paqendrueshme-mund-te-pershkallezohet\/#breadcrumb\",\"itemListElement\":[{\"@type\":\"ListItem\",\"position\":1,\"name\":\"Ballina\",\"item\":\"https:\/\/permbledhja.com\/sq\/\"},{\"@type\":\"ListItem\",\"position\":2,\"name\":\"KFOR shton trupat n\u00eb veri: Situata mbetet e paq\u00ebndrueshme, mund t\u00eb p\u00ebrshkall\u00ebzohet\"}]},{\"@type\":\"WebSite\",\"@id\":\"https:\/\/permbledhja.com\/#website\",\"url\":\"https:\/\/permbledhja.com\/\",\"name\":\"Ve\u00e7 artikuj p\u00ebrmbledh\u00ebs\",\"description\":\"\",\"publisher\":{\"@id\":\"https:\/\/permbledhja.com\/#organization\"},\"potentialAction\":[{\"@type\":\"SearchAction\",\"target\":{\"@type\":\"EntryPoint\",\"urlTemplate\":\"https:\/\/permbledhja.com\/?s={search_term_string}\"},\"query-input\":\"required name=search_term_string\"}],\"inLanguage\":\"sq\"},{\"@type\":\"Organization\",\"@id\":\"https:\/\/permbledhja.com\/#organization\",\"name\":\"MK Media & Pr\",\"url\":\"https:\/\/permbledhja.com\/\",\"logo\":{\"@type\":\"ImageObject\",\"inLanguage\":\"sq\",\"@id\":\"https:\/\/permbledhja.com\/#\/schema\/logo\/image\/\",\"url\":\"https:\/\/permbledhja.com\/wp-content\/uploads\/2021\/12\/07-Press-Logo.jpg\",\"contentUrl\":\"https:\/\/permbledhja.com\/wp-content\/uploads\/2021\/12\/07-Press-Logo.jpg\",\"width\":512,\"height\":512,\"caption\":\"MK Media & Pr\"},\"image\":{\"@id\":\"https:\/\/permbledhja.com\/#\/schema\/logo\/image\/\"},\"sameAs\":[\"https:\/\/www.facebook.com\/press07\/\"]},{\"@type\":\"Person\",\"@id\":\"https:\/\/permbledhja.com\/#\/schema\/person\/d23f13f59b5722643933d6780783acf3\",\"name\":\"M M\",\"image\":{\"@type\":\"ImageObject\",\"inLanguage\":\"sq\",\"@id\":\"https:\/\/permbledhja.com\/#\/schema\/person\/image\/\",\"url\":\"https:\/\/secure.gravatar.com\/avatar\/e2835a76ca7c31a2416b2d51c4ec9a8f?s=96&d=mm&r=g\",\"contentUrl\":\"https:\/\/secure.gravatar.com\/avatar\/e2835a76ca7c31a2416b2d51c4ec9a8f?s=96&d=mm&r=g\",\"caption\":\"M M\"},\"sameAs\":[\"http:\/\/MM\"],\"url\":\"https:\/\/permbledhja.com\/sq\/author\/muhamet\/\"}]}<\/script>\n<!-- \/ Yoast SEO plugin. -->","yoast_head_json":{"title":"KFOR shton trupat n\u00eb veri: Situata mbetet e paq\u00ebndrueshme, mund t\u00eb p\u00ebrshkall\u00ebzohet","robots":{"index":"index","follow":"follow","max-snippet":"max-snippet:-1","max-image-preview":"max-image-preview:large","max-video-preview":"max-video-preview:-1"},"canonical":"https:\/\/permbledhja.com\/sq\/kfor-shton-trupat-ne-veri-situata-mbetet-e-paqendrueshme-mund-te-pershkallezohet\/","og_locale":"sq_AL","og_type":"article","og_title":"KFOR shton trupat n\u00eb veri: Situata mbetet e paq\u00ebndrueshme, mund t\u00eb p\u00ebrshkall\u00ebzohet","og_description":"T\u00eb diel\u00ebn e 24 shtatorit Serbia kreu agresion n\u00eb territorin e Kosov\u00ebs. Ani pse kan\u00eb kaluar mbi 11 dit\u00eb nga sulmi terrorist n\u00eb Banjsk\u00eb t\u00eb Zve\u00e7anit, situata e siguris\u00eb vazhdon t\u00eb mbetet e paq\u00ebndrueshme. Lidhur me k\u00ebt\u00eb, misioni i NATO-s\u00eb n\u00eb Kosov\u00eb, pra KFOR-i, tashm\u00eb ka marr\u00eb vendim p\u00ebr shtimin e numrit t\u00eb trupave n\u00eb [&hellip;]","og_url":"https:\/\/permbledhja.com\/sq\/kfor-shton-trupat-ne-veri-situata-mbetet-e-paqendrueshme-mund-te-pershkallezohet\/","og_site_name":"Ve\u00e7 artikuj p\u00ebrmbledh\u00ebs","article_publisher":"https:\/\/www.facebook.com\/press07\/","article_published_time":"2023-10-04T08:41:04+00:00","og_image":[{"width":653,"height":435,"url":"https:\/\/permbledhja.com\/wp-content\/uploads\/2023\/10\/KFOR.webp","type":"image\/webp"}],"author":"M M","twitter_card":"summary_large_image","twitter_misc":{"Written by":"M M","Est. reading time":"1 minut\u00eb"},"schema":{"@context":"https:\/\/schema.org","@graph":[{"@type":"Article","@id":"https:\/\/permbledhja.com\/kfor-shton-trupat-ne-veri-situata-mbetet-e-paqendrueshme-mund-te-pershkallezohet\/#article","isPartOf":{"@id":"https:\/\/permbledhja.com\/kfor-shton-trupat-ne-veri-situata-mbetet-e-paqendrueshme-mund-te-pershkallezohet\/"},"author":{"name":"M M","@id":"https:\/\/permbledhja.com\/#\/schema\/person\/d23f13f59b5722643933d6780783acf3"},"headline":"KFOR shton trupat n\u00eb veri: Situata mbetet e paq\u00ebndrueshme, mund t\u00eb p\u00ebrshkall\u00ebzohet","datePublished":"2023-10-04T08:41:04+00:00","dateModified":"2023-10-04T08:41:04+00:00","mainEntityOfPage":{"@id":"https:\/\/permbledhja.com\/kfor-shton-trupat-ne-veri-situata-mbetet-e-paqendrueshme-mund-te-pershkallezohet\/"},"wordCount":292,"publisher":{"@id":"https:\/\/permbledhja.com\/#organization"},"keywords":["KFOR"],"articleSection":["Komb\u00ebtare","Lajme"],"inLanguage":"sq"},{"@type":"WebPage","@id":"https:\/\/permbledhja.com\/kfor-shton-trupat-ne-veri-situata-mbetet-e-paqendrueshme-mund-te-pershkallezohet\/","url":"https:\/\/permbledhja.com\/kfor-shton-trupat-ne-veri-situata-mbetet-e-paqendrueshme-mund-te-pershkallezohet\/","name":"KFOR shton trupat n\u00eb veri: Situata mbetet e paq\u00ebndrueshme, mund t\u00eb p\u00ebrshkall\u00ebzohet","isPartOf":{"@id":"https:\/\/permbledhja.com\/#website"},"datePublished":"2023-10-04T08:41:04+00:00","dateModified":"2023-10-04T08:41:04+00:00","breadcrumb":{"@id":"https:\/\/permbledhja.com\/kfor-shton-trupat-ne-veri-situata-mbetet-e-paqendrueshme-mund-te-pershkallezohet\/#breadcrumb"},"inLanguage":"sq","potentialAction":[{"@type":"ReadAction","target":["https:\/\/permbledhja.com\/kfor-shton-trupat-ne-veri-situata-mbetet-e-paqendrueshme-mund-te-pershkallezohet\/"]}]},{"@type":"BreadcrumbList","@id":"https:\/\/permbledhja.com\/kfor-shton-trupat-ne-veri-situata-mbetet-e-paqendrueshme-mund-te-pershkallezohet\/#breadcrumb","itemListElement":[{"@type":"ListItem","position":1,"name":"Ballina","item":"https:\/\/permbledhja.com\/sq\/"},{"@type":"ListItem","position":2,"name":"KFOR shton trupat n\u00eb veri: Situata mbetet e paq\u00ebndrueshme, mund t\u00eb p\u00ebrshkall\u00ebzohet"}]},{"@type":"WebSite","@id":"https:\/\/permbledhja.com\/#website","url":"https:\/\/permbledhja.com\/","name":"Ve\u00e7 artikuj p\u00ebrmbledh\u00ebs","description":"","publisher":{"@id":"https:\/\/permbledhja.com\/#organization"},"potentialAction":[{"@type":"SearchAction","target":{"@type":"EntryPoint","urlTemplate":"https:\/\/permbledhja.com\/?s={search_term_string}"},"query-input":"required name=search_term_string"}],"inLanguage":"sq"},{"@type":"Organization","@id":"https:\/\/permbledhja.com\/#organization","name":"MK Media & Pr","url":"https:\/\/permbledhja.com\/","logo":{"@type":"ImageObject","inLanguage":"sq","@id":"https:\/\/permbledhja.com\/#\/schema\/logo\/image\/","url":"https:\/\/permbledhja.com\/wp-content\/uploads\/2021\/12\/07-Press-Logo.jpg","contentUrl":"https:\/\/permbledhja.com\/wp-content\/uploads\/2021\/12\/07-Press-Logo.jpg","width":512,"height":512,"caption":"MK Media & Pr"},"image":{"@id":"https:\/\/permbledhja.com\/#\/schema\/logo\/image\/"},"sameAs":["https:\/\/www.facebook.com\/press07\/"]},{"@type":"Person","@id":"https:\/\/permbledhja.com\/#\/schema\/person\/d23f13f59b5722643933d6780783acf3","name":"M M","image":{"@type":"ImageObject","inLanguage":"sq","@id":"https:\/\/permbledhja.com\/#\/schema\/person\/image\/","url":"https:\/\/secure.gravatar.com\/avatar\/e2835a76ca7c31a2416b2d51c4ec9a8f?s=96&d=mm&r=g","contentUrl":"https:\/\/secure.gravatar.com\/avatar\/e2835a76ca7c31a2416b2d51c4ec9a8f?s=96&d=mm&r=g","caption":"M M"},"sameAs":["http:\/\/MM"],"url":"https:\/\/permbledhja.com\/sq\/author\/muhamet\/"}]}},"_links":{"self":[{"href":"https:\/\/permbledhja.com\/sq\/wp-json\/wp\/v2\/posts\/29704"}],"collection":[{"href":"https:\/\/permbledhja.com\/sq\/wp-json\/wp\/v2\/posts"}],"about":[{"href":"https:\/\/permbledhja.com\/sq\/wp-json\/wp\/v2\/types\/post"}],"author":[{"embeddable":true,"href":"https:\/\/permbledhja.com\/sq\/wp-json\/wp\/v2\/users\/2"}],"replies":[{"embeddable":true,"href":"https:\/\/permbledhja.com\/sq\/wp-json\/wp\/v2\/comments?post=29704"}],"version-history":[{"count":1,"href":"https:\/\/permbledhja.com\/sq\/wp-json\/wp\/v2\/posts\/29704\/revisions"}],"predecessor-version":[{"id":29706,"href":"https:\/\/permbledhja.com\/sq\/wp-json\/wp\/v2\/posts\/29704\/revisions\/29706"}],"wp:featuredmedia":[{"embeddable":true,"href":"https:\/\/permbledhja.com\/sq\/wp-json\/wp\/v2\/media\/29705"}],"wp:attachment":[{"href":"https:\/\/permbledhja.com\/sq\/wp-json\/wp\/v2\/media?parent=29704"}],"wp:term":[{"taxonomy":"category","embeddable":true,"href":"https:\/\/permbledhja.com\/sq\/wp-json\/wp\/v2\/categories?post=29704"},{"taxonomy":"post_tag","embeddable":true,"href":"https:\/\/permbledhja.com\/sq\/wp-json\/wp\/v2\/tags?post=29704"}],"curies":[{"name":"wp","href":"https:\/\/api.w.org\/{rel}","templated":true}]}}