{"id":29679,"date":"2023-10-04T07:18:48","date_gmt":"2023-10-04T07:18:48","guid":{"rendered":"https:\/\/permbledhja.com\/?p=29679"},"modified":"2023-10-04T07:18:48","modified_gmt":"2023-10-04T07:18:48","slug":"u-arrestua-dje-ja-me-sa-vite-burg-mund-te-denohet-radoiciq","status":"publish","type":"post","link":"https:\/\/permbledhja.com\/sq\/u-arrestua-dje-ja-me-sa-vite-burg-mund-te-denohet-radoiciq\/","title":{"rendered":"U arrestua dje, ja me sa vite burg mund t\u00eb d\u00ebnohet Radoi\u00e7iq"},"content":{"rendered":"<h3>P\u00ebr bashkim p\u00ebr kryerjen e veprave kriminale, prodhim, posedim, mbajtje, dhe trafikim t\u00eb paligjsh\u00ebm t\u00eb arm\u00ebve dhe l\u00ebnd\u00ebve plas\u00ebse dhe krime t\u00eb r\u00ebnda kund\u00ebr siguris\u00eb s\u00eb p\u00ebrgjithshme, t\u00eb cilat i ngarkohen Millan Radoi\u00e7iqit, ai p\u00ebrballet me burgim deri n\u00eb 12 vjet.<\/h3>\n<p>Radoi\u00e7iq u arrestua dje dhe po mbahet n\u00eb paraburgim deri n\u00eb 48 or\u00eb. Gjat\u00eb seanc\u00ebs d\u00ebgjimore n\u00eb Prokurorin\u00eb e Lart\u00eb Publike n\u00eb Beograd, ai mohoi veprat penale. U sugjerua q\u00eb Radoi\u00e7iq t\u00eb ndalohej.<ins><\/ins><\/p>\n<p>Sipas urdhrit t\u00eb nisjes s\u00eb hetimeve, Millan R. akuzohet p\u00ebr posedim t\u00eb arm\u00ebve, municioneve dhe l\u00ebnd\u00ebve plas\u00ebse t\u00eb fuqis\u00eb s\u00eb madhe shkat\u00ebrruese nga janari 2023 deri m\u00eb 24 shtator dhe p\u00ebr k\u00ebt\u00eb vep\u00ebr penale sipas Kodit Penal serb d\u00ebnohet deri n\u00eb 12 vjet. k\u00ebrc\u00ebnuar, si dhe p\u00ebr vepra t\u00eb r\u00ebnda kriminale kund\u00ebr siguris\u00eb s\u00eb p\u00ebrgjithshme, transmeton Paparaci.<\/p>\n<p>Nj\u00eb dit\u00eb pas konfliktit t\u00eb armatosur n\u00eb Banjska, ku mbet\u00ebn t\u00eb vrar\u00eb nj\u00eb polic i Kosov\u00ebs dhe tre terrorist\u00eb serb\u00eb, Policia e Kosov\u00ebs njoftoi se gjat\u00eb kontrollit t\u00eb disa lokacioneve, objekteve t\u00eb banimit dhe automjeteve, t\u00eb cilat i p\u00ebrdor\u00ebn nj\u00eb grup terrorist\u00ebsh, gjeti nj\u00eb arsenal t\u00eb t\u00ebr\u00eb arm\u00ebsh, me t\u00eb cil\u00ebt terrorist\u00ebt i bllokuar rrug\u00ebt p\u00ebrreth fshatit Banjsk\u00eb, duke p\u00ebrfshir\u00eb automjetet q\u00eb ishin rreth manastirit t\u00eb Banjsk\u00ebs. U gjet\u00ebn qindra arm\u00eb t\u00eb llojeve dhe kalibrave t\u00eb ndrysh\u00ebm, uniforma dhe pajisje logjistike, mes tyre arm\u00eb ushtarake t\u00eb kalibrit t\u00eb r\u00ebnd\u00eb si granata, topa, mitraloza, kallashnikov\u00eb.<\/p>\n<p>Ftes\u00ebs s\u00eb autoriteteve shtet\u00ebrore t\u00eb Republik\u00ebs s\u00eb Serbis\u00eb i \u00ebsht\u00eb p\u00ebrgjigjur pak dit\u00eb m\u00eb par\u00eb Millan Radoi\u00e7iq. M\u00eb pas \u00ebsht\u00eb b\u00ebr\u00eb e ditur se n\u00eb form\u00eb raporti do t\u00eb njoftohet Prokuroria e Lart\u00eb Publike n\u00eb Beograd, e cila do t\u00eb nd\u00ebrmarr\u00eb masa dhe veprime t\u00eb m\u00ebtejshme procedurale brenda juridiksionit t\u00eb saj.<\/p>\n<p>&nbsp;<\/p>\n<div class=\"lm-zs-enabled overlay-plain\" data-lm-zs-src=\"[&quot;https:\/\/www.gazetaexpress.com\/wp-content\/uploads\/2023\/10\/VE.png&quot;, &quot;https:\/\/www.gazetaexpress.com\/wp-content\/uploads\/2023\/04\/milan-radoicic-n1.jpg&quot;, &quot;https:\/\/www.gazetaexpress.com\/wp-content\/uploads\/2023\/10\/Tee.jpeg&quot;, &quot;https:\/\/www.gazetaexpress.com\/wp-content\/uploads\/2023\/10\/Screenshot_20230625-0723222.png&quot;]\">\n<div class=\"lm-zs-slideshow\">\n<div class=\"lm-click-for-story\"><\/div>\n<\/div>\n<\/div>\n","protected":false},"excerpt":{"rendered":"<p>P\u00ebr bashkim p\u00ebr kryerjen e veprave kriminale, prodhim, posedim, mbajtje, dhe trafikim t\u00eb paligjsh\u00ebm t\u00eb arm\u00ebve dhe l\u00ebnd\u00ebve plas\u00ebse dhe krime t\u00eb r\u00ebnda kund\u00ebr siguris\u00eb s\u00eb p\u00ebrgjithshme, t\u00eb cilat i ngarkohen Millan Radoi\u00e7iqit, ai p\u00ebrballet me burgim deri n\u00eb 12 vjet. Radoi\u00e7iq u arrestua dje dhe po mbahet n\u00eb paraburgim deri n\u00eb 48 or\u00eb. Gjat\u00eb [&hellip;]<\/p>\n","protected":false},"author":2,"featured_media":29680,"comment_status":"closed","ping_status":"closed","sticky":false,"template":"","format":"standard","meta":{"_monsterinsights_skip_tracking":false,"_monsterinsights_sitenote_active":false,"_monsterinsights_sitenote_note":"","_monsterinsights_sitenote_category":0,"_uf_show_specific_survey":0,"_uf_disable_surveys":false,"footnotes":""},"categories":[23,15],"tags":[],"yoast_head":"<!-- This site is optimized with the Yoast SEO plugin v21.5 - https:\/\/yoast.com\/wordpress\/plugins\/seo\/ -->\n<title>U arrestua dje, ja me sa vite burg mund t\u00eb d\u00ebnohet Radoi\u00e7iq<\/title>\n<meta name=\"robots\" content=\"index, follow, max-snippet:-1, max-image-preview:large, max-video-preview:-1\" \/>\n<link rel=\"canonical\" href=\"https:\/\/permbledhja.com\/sq\/u-arrestua-dje-ja-me-sa-vite-burg-mund-te-denohet-radoiciq\/\" \/>\n<meta property=\"og:locale\" content=\"sq_AL\" \/>\n<meta property=\"og:type\" content=\"article\" \/>\n<meta property=\"og:title\" content=\"U arrestua dje, ja me sa vite burg mund t\u00eb d\u00ebnohet Radoi\u00e7iq\" \/>\n<meta property=\"og:description\" content=\"P\u00ebr bashkim p\u00ebr kryerjen e veprave kriminale, prodhim, posedim, mbajtje, dhe trafikim t\u00eb paligjsh\u00ebm t\u00eb arm\u00ebve dhe l\u00ebnd\u00ebve plas\u00ebse dhe krime t\u00eb r\u00ebnda kund\u00ebr siguris\u00eb s\u00eb p\u00ebrgjithshme, t\u00eb cilat i ngarkohen Millan Radoi\u00e7iqit, ai p\u00ebrballet me burgim deri n\u00eb 12 vjet. Radoi\u00e7iq u arrestua dje dhe po mbahet n\u00eb paraburgim deri n\u00eb 48 or\u00eb. Gjat\u00eb [&hellip;]\" \/>\n<meta property=\"og:url\" content=\"https:\/\/permbledhja.com\/sq\/u-arrestua-dje-ja-me-sa-vite-burg-mund-te-denohet-radoiciq\/\" \/>\n<meta property=\"og:site_name\" content=\"Ve\u00e7 artikuj p\u00ebrmbledh\u00ebs\" \/>\n<meta property=\"article:publisher\" content=\"https:\/\/www.facebook.com\/press07\/\" \/>\n<meta property=\"article:published_time\" content=\"2023-10-04T07:18:48+00:00\" \/>\n<meta property=\"og:image\" content=\"https:\/\/permbledhja.com\/wp-content\/uploads\/2023\/10\/milan-radoicic-n1-600x360-1.jpg\" \/>\n\t<meta property=\"og:image:width\" content=\"600\" \/>\n\t<meta property=\"og:image:height\" content=\"360\" \/>\n\t<meta property=\"og:image:type\" content=\"image\/jpeg\" \/>\n<meta name=\"author\" content=\"M M\" \/>\n<meta name=\"twitter:card\" content=\"summary_large_image\" \/>\n<meta name=\"twitter:label1\" content=\"Written by\" \/>\n\t<meta name=\"twitter:data1\" content=\"M M\" \/>\n\t<meta name=\"twitter:label2\" content=\"Est. reading time\" \/>\n\t<meta name=\"twitter:data2\" content=\"2 minuta\" \/>\n<script type=\"application\/ld+json\" class=\"yoast-schema-graph\">{\"@context\":\"https:\/\/schema.org\",\"@graph\":[{\"@type\":\"Article\",\"@id\":\"https:\/\/permbledhja.com\/u-arrestua-dje-ja-me-sa-vite-burg-mund-te-denohet-radoiciq\/#article\",\"isPartOf\":{\"@id\":\"https:\/\/permbledhja.com\/u-arrestua-dje-ja-me-sa-vite-burg-mund-te-denohet-radoiciq\/\"},\"author\":{\"name\":\"M M\",\"@id\":\"https:\/\/permbledhja.com\/#\/schema\/person\/d23f13f59b5722643933d6780783acf3\"},\"headline\":\"U arrestua dje, ja me sa vite burg mund t\u00eb d\u00ebnohet Radoi\u00e7iq\",\"datePublished\":\"2023-10-04T07:18:48+00:00\",\"dateModified\":\"2023-10-04T07:18:48+00:00\",\"mainEntityOfPage\":{\"@id\":\"https:\/\/permbledhja.com\/u-arrestua-dje-ja-me-sa-vite-burg-mund-te-denohet-radoiciq\/\"},\"wordCount\":343,\"publisher\":{\"@id\":\"https:\/\/permbledhja.com\/#organization\"},\"articleSection\":[\"Komb\u00ebtare\",\"Lajme\"],\"inLanguage\":\"sq\"},{\"@type\":\"WebPage\",\"@id\":\"https:\/\/permbledhja.com\/u-arrestua-dje-ja-me-sa-vite-burg-mund-te-denohet-radoiciq\/\",\"url\":\"https:\/\/permbledhja.com\/u-arrestua-dje-ja-me-sa-vite-burg-mund-te-denohet-radoiciq\/\",\"name\":\"U arrestua dje, ja me sa vite burg mund t\u00eb d\u00ebnohet Radoi\u00e7iq\",\"isPartOf\":{\"@id\":\"https:\/\/permbledhja.com\/#website\"},\"datePublished\":\"2023-10-04T07:18:48+00:00\",\"dateModified\":\"2023-10-04T07:18:48+00:00\",\"breadcrumb\":{\"@id\":\"https:\/\/permbledhja.com\/u-arrestua-dje-ja-me-sa-vite-burg-mund-te-denohet-radoiciq\/#breadcrumb\"},\"inLanguage\":\"sq\",\"potentialAction\":[{\"@type\":\"ReadAction\",\"target\":[\"https:\/\/permbledhja.com\/u-arrestua-dje-ja-me-sa-vite-burg-mund-te-denohet-radoiciq\/\"]}]},{\"@type\":\"BreadcrumbList\",\"@id\":\"https:\/\/permbledhja.com\/u-arrestua-dje-ja-me-sa-vite-burg-mund-te-denohet-radoiciq\/#breadcrumb\",\"itemListElement\":[{\"@type\":\"ListItem\",\"position\":1,\"name\":\"Ballina\",\"item\":\"https:\/\/permbledhja.com\/sq\/\"},{\"@type\":\"ListItem\",\"position\":2,\"name\":\"U arrestua dje, ja me sa vite burg mund t\u00eb d\u00ebnohet Radoi\u00e7iq\"}]},{\"@type\":\"WebSite\",\"@id\":\"https:\/\/permbledhja.com\/#website\",\"url\":\"https:\/\/permbledhja.com\/\",\"name\":\"Ve\u00e7 artikuj p\u00ebrmbledh\u00ebs\",\"description\":\"\",\"publisher\":{\"@id\":\"https:\/\/permbledhja.com\/#organization\"},\"potentialAction\":[{\"@type\":\"SearchAction\",\"target\":{\"@type\":\"EntryPoint\",\"urlTemplate\":\"https:\/\/permbledhja.com\/?s={search_term_string}\"},\"query-input\":\"required name=search_term_string\"}],\"inLanguage\":\"sq\"},{\"@type\":\"Organization\",\"@id\":\"https:\/\/permbledhja.com\/#organization\",\"name\":\"MK Media & Pr\",\"url\":\"https:\/\/permbledhja.com\/\",\"logo\":{\"@type\":\"ImageObject\",\"inLanguage\":\"sq\",\"@id\":\"https:\/\/permbledhja.com\/#\/schema\/logo\/image\/\",\"url\":\"https:\/\/permbledhja.com\/wp-content\/uploads\/2021\/12\/07-Press-Logo.jpg\",\"contentUrl\":\"https:\/\/permbledhja.com\/wp-content\/uploads\/2021\/12\/07-Press-Logo.jpg\",\"width\":512,\"height\":512,\"caption\":\"MK Media & Pr\"},\"image\":{\"@id\":\"https:\/\/permbledhja.com\/#\/schema\/logo\/image\/\"},\"sameAs\":[\"https:\/\/www.facebook.com\/press07\/\"]},{\"@type\":\"Person\",\"@id\":\"https:\/\/permbledhja.com\/#\/schema\/person\/d23f13f59b5722643933d6780783acf3\",\"name\":\"M M\",\"image\":{\"@type\":\"ImageObject\",\"inLanguage\":\"sq\",\"@id\":\"https:\/\/permbledhja.com\/#\/schema\/person\/image\/\",\"url\":\"https:\/\/secure.gravatar.com\/avatar\/e2835a76ca7c31a2416b2d51c4ec9a8f?s=96&d=mm&r=g\",\"contentUrl\":\"https:\/\/secure.gravatar.com\/avatar\/e2835a76ca7c31a2416b2d51c4ec9a8f?s=96&d=mm&r=g\",\"caption\":\"M M\"},\"sameAs\":[\"http:\/\/MM\"],\"url\":\"https:\/\/permbledhja.com\/sq\/author\/muhamet\/\"}]}<\/script>\n<!-- \/ Yoast SEO plugin. -->","yoast_head_json":{"title":"U arrestua dje, ja me sa vite burg mund t\u00eb d\u00ebnohet Radoi\u00e7iq","robots":{"index":"index","follow":"follow","max-snippet":"max-snippet:-1","max-image-preview":"max-image-preview:large","max-video-preview":"max-video-preview:-1"},"canonical":"https:\/\/permbledhja.com\/sq\/u-arrestua-dje-ja-me-sa-vite-burg-mund-te-denohet-radoiciq\/","og_locale":"sq_AL","og_type":"article","og_title":"U arrestua dje, ja me sa vite burg mund t\u00eb d\u00ebnohet Radoi\u00e7iq","og_description":"P\u00ebr bashkim p\u00ebr kryerjen e veprave kriminale, prodhim, posedim, mbajtje, dhe trafikim t\u00eb paligjsh\u00ebm t\u00eb arm\u00ebve dhe l\u00ebnd\u00ebve plas\u00ebse dhe krime t\u00eb r\u00ebnda kund\u00ebr siguris\u00eb s\u00eb p\u00ebrgjithshme, t\u00eb cilat i ngarkohen Millan Radoi\u00e7iqit, ai p\u00ebrballet me burgim deri n\u00eb 12 vjet. Radoi\u00e7iq u arrestua dje dhe po mbahet n\u00eb paraburgim deri n\u00eb 48 or\u00eb. Gjat\u00eb [&hellip;]","og_url":"https:\/\/permbledhja.com\/sq\/u-arrestua-dje-ja-me-sa-vite-burg-mund-te-denohet-radoiciq\/","og_site_name":"Ve\u00e7 artikuj p\u00ebrmbledh\u00ebs","article_publisher":"https:\/\/www.facebook.com\/press07\/","article_published_time":"2023-10-04T07:18:48+00:00","og_image":[{"width":600,"height":360,"url":"https:\/\/permbledhja.com\/wp-content\/uploads\/2023\/10\/milan-radoicic-n1-600x360-1.jpg","type":"image\/jpeg"}],"author":"M M","twitter_card":"summary_large_image","twitter_misc":{"Written by":"M M","Est. reading time":"2 minuta"},"schema":{"@context":"https:\/\/schema.org","@graph":[{"@type":"Article","@id":"https:\/\/permbledhja.com\/u-arrestua-dje-ja-me-sa-vite-burg-mund-te-denohet-radoiciq\/#article","isPartOf":{"@id":"https:\/\/permbledhja.com\/u-arrestua-dje-ja-me-sa-vite-burg-mund-te-denohet-radoiciq\/"},"author":{"name":"M M","@id":"https:\/\/permbledhja.com\/#\/schema\/person\/d23f13f59b5722643933d6780783acf3"},"headline":"U arrestua dje, ja me sa vite burg mund t\u00eb d\u00ebnohet Radoi\u00e7iq","datePublished":"2023-10-04T07:18:48+00:00","dateModified":"2023-10-04T07:18:48+00:00","mainEntityOfPage":{"@id":"https:\/\/permbledhja.com\/u-arrestua-dje-ja-me-sa-vite-burg-mund-te-denohet-radoiciq\/"},"wordCount":343,"publisher":{"@id":"https:\/\/permbledhja.com\/#organization"},"articleSection":["Komb\u00ebtare","Lajme"],"inLanguage":"sq"},{"@type":"WebPage","@id":"https:\/\/permbledhja.com\/u-arrestua-dje-ja-me-sa-vite-burg-mund-te-denohet-radoiciq\/","url":"https:\/\/permbledhja.com\/u-arrestua-dje-ja-me-sa-vite-burg-mund-te-denohet-radoiciq\/","name":"U arrestua dje, ja me sa vite burg mund t\u00eb d\u00ebnohet Radoi\u00e7iq","isPartOf":{"@id":"https:\/\/permbledhja.com\/#website"},"datePublished":"2023-10-04T07:18:48+00:00","dateModified":"2023-10-04T07:18:48+00:00","breadcrumb":{"@id":"https:\/\/permbledhja.com\/u-arrestua-dje-ja-me-sa-vite-burg-mund-te-denohet-radoiciq\/#breadcrumb"},"inLanguage":"sq","potentialAction":[{"@type":"ReadAction","target":["https:\/\/permbledhja.com\/u-arrestua-dje-ja-me-sa-vite-burg-mund-te-denohet-radoiciq\/"]}]},{"@type":"BreadcrumbList","@id":"https:\/\/permbledhja.com\/u-arrestua-dje-ja-me-sa-vite-burg-mund-te-denohet-radoiciq\/#breadcrumb","itemListElement":[{"@type":"ListItem","position":1,"name":"Ballina","item":"https:\/\/permbledhja.com\/sq\/"},{"@type":"ListItem","position":2,"name":"U arrestua dje, ja me sa vite burg mund t\u00eb d\u00ebnohet Radoi\u00e7iq"}]},{"@type":"WebSite","@id":"https:\/\/permbledhja.com\/#website","url":"https:\/\/permbledhja.com\/","name":"Ve\u00e7 artikuj p\u00ebrmbledh\u00ebs","description":"","publisher":{"@id":"https:\/\/permbledhja.com\/#organization"},"potentialAction":[{"@type":"SearchAction","target":{"@type":"EntryPoint","urlTemplate":"https:\/\/permbledhja.com\/?s={search_term_string}"},"query-input":"required name=search_term_string"}],"inLanguage":"sq"},{"@type":"Organization","@id":"https:\/\/permbledhja.com\/#organization","name":"MK Media & Pr","url":"https:\/\/permbledhja.com\/","logo":{"@type":"ImageObject","inLanguage":"sq","@id":"https:\/\/permbledhja.com\/#\/schema\/logo\/image\/","url":"https:\/\/permbledhja.com\/wp-content\/uploads\/2021\/12\/07-Press-Logo.jpg","contentUrl":"https:\/\/permbledhja.com\/wp-content\/uploads\/2021\/12\/07-Press-Logo.jpg","width":512,"height":512,"caption":"MK Media & Pr"},"image":{"@id":"https:\/\/permbledhja.com\/#\/schema\/logo\/image\/"},"sameAs":["https:\/\/www.facebook.com\/press07\/"]},{"@type":"Person","@id":"https:\/\/permbledhja.com\/#\/schema\/person\/d23f13f59b5722643933d6780783acf3","name":"M M","image":{"@type":"ImageObject","inLanguage":"sq","@id":"https:\/\/permbledhja.com\/#\/schema\/person\/image\/","url":"https:\/\/secure.gravatar.com\/avatar\/e2835a76ca7c31a2416b2d51c4ec9a8f?s=96&d=mm&r=g","contentUrl":"https:\/\/secure.gravatar.com\/avatar\/e2835a76ca7c31a2416b2d51c4ec9a8f?s=96&d=mm&r=g","caption":"M M"},"sameAs":["http:\/\/MM"],"url":"https:\/\/permbledhja.com\/sq\/author\/muhamet\/"}]}},"_links":{"self":[{"href":"https:\/\/permbledhja.com\/sq\/wp-json\/wp\/v2\/posts\/29679"}],"collection":[{"href":"https:\/\/permbledhja.com\/sq\/wp-json\/wp\/v2\/posts"}],"about":[{"href":"https:\/\/permbledhja.com\/sq\/wp-json\/wp\/v2\/types\/post"}],"author":[{"embeddable":true,"href":"https:\/\/permbledhja.com\/sq\/wp-json\/wp\/v2\/users\/2"}],"replies":[{"embeddable":true,"href":"https:\/\/permbledhja.com\/sq\/wp-json\/wp\/v2\/comments?post=29679"}],"version-history":[{"count":1,"href":"https:\/\/permbledhja.com\/sq\/wp-json\/wp\/v2\/posts\/29679\/revisions"}],"predecessor-version":[{"id":29681,"href":"https:\/\/permbledhja.com\/sq\/wp-json\/wp\/v2\/posts\/29679\/revisions\/29681"}],"wp:featuredmedia":[{"embeddable":true,"href":"https:\/\/permbledhja.com\/sq\/wp-json\/wp\/v2\/media\/29680"}],"wp:attachment":[{"href":"https:\/\/permbledhja.com\/sq\/wp-json\/wp\/v2\/media?parent=29679"}],"wp:term":[{"taxonomy":"category","embeddable":true,"href":"https:\/\/permbledhja.com\/sq\/wp-json\/wp\/v2\/categories?post=29679"},{"taxonomy":"post_tag","embeddable":true,"href":"https:\/\/permbledhja.com\/sq\/wp-json\/wp\/v2\/tags?post=29679"}],"curies":[{"name":"wp","href":"https:\/\/api.w.org\/{rel}","templated":true}]}}