{"id":29676,"date":"2023-10-04T07:09:02","date_gmt":"2023-10-04T07:09:02","guid":{"rendered":"https:\/\/permbledhja.com\/?p=29676"},"modified":"2023-10-04T07:09:02","modified_gmt":"2023-10-04T07:09:02","slug":"osmani-paralajmeron-deshmi-te-reja-qe-implikojne-vuciqin-ne-sulmin-terrorist-ne-banjske","status":"publish","type":"post","link":"https:\/\/permbledhja.com\/sq\/osmani-paralajmeron-deshmi-te-reja-qe-implikojne-vuciqin-ne-sulmin-terrorist-ne-banjske\/","title":{"rendered":"Osmani paralajm\u00ebron d\u00ebshmi t\u00eb reja q\u00eb implikojn\u00eb Vu\u00e7iqin n\u00eb sulmin terrorist n\u00eb Banjsk\u00eb"},"content":{"rendered":"<h3>Presidentja e vendit, Vjosa Osmani n\u00eb nj\u00eb intervist\u00eb p\u00ebr CNN ka folur p\u00ebr zhvillimet e fundit n\u00eb veri t\u00eb vendit, sulmin terrorist ndaj Kosov\u00ebs, dialogun Kosov\u00eb-Serbi e \u00e7\u00ebshtje tjera.<\/h3>\n<p>E para e shtetit tha se akti i agresionit serb ishte i planifikuar, plan i ngjash\u00ebm me at\u00eb t\u00eb Krimes\u00eb, p\u00ebr aneksimin e veriut.<\/p>\n<p>Osmani n\u00eb intervist\u00ebn p\u00ebr Christiane Amanpor n\u00eb CNN theksoi se \u00ebsht\u00eb shum\u00eb me r\u00ebnd\u00ebsi q\u00eb t\u00eb sanksionohet e d\u00ebnohet Serbia p\u00ebr veprimet e saj nga faktori nd\u00ebrkomb\u00ebtar.<\/p>\n<p>\u201cArm\u00ebt q\u00eb jan\u00eb gjetur p\u00ebrdoren nga ushtria dhe shteti serb, e jo nga qytetar\u00ebt serb\u00eb. Vu\u00e7iqi do t\u00eb vazhdoj\u00eb ta p\u00ebrdor\u00eb narrativ\u00ebn e Millosheviqit\u201d, u shpreh presidentja e vendit.<\/p>\n<p>Presidentja gjat\u00eb k\u00ebsaj interviste ka k\u00ebrkuar q\u00eb Serbia ta dor\u00ebzoj\u00eb Milan Radoi\u00e7iq.<\/p>\n<p>\u201cK\u00ebrkes\u00eb e Kosov\u00ebs \u00ebsht\u00eb q\u00eb Radoji\u00e7iqi t\u00eb dor\u00ebzohet te autoritetet e Kosov\u00ebs\u201d, ka th\u00ebn\u00eb ajo.<\/p>\n<p>Osmani u pyet edhe p\u00ebr marr\u00ebveshjen Ohrit.<\/p>\n<p>Ajo tha se vet\u00ebm nj\u00eb pal\u00eb (Kosova) \u00ebsht\u00eb konstruktive n\u00eb implementimin e marr\u00ebveshjeve t\u00eb arritura.<\/p>\n<p>\u201cNe kemi zbatuar gati 99 p\u00ebr qind t\u00eb marr\u00ebveshjeve t\u00eb arritur p\u00ebrkund\u00ebr q\u00eb Serbia nuk e ka b\u00ebr\u00eb asgj\u00eb. Vu\u00e7iq \u00ebsht\u00eb i gatsh\u00ebm t\u00eb negocioj\u00eb, por jo edhe t\u00eb zbatoj\u00eb marr\u00ebveshjet\u201d.<\/p>\n<p>\u201cNe asgj\u00eb nuk po k\u00ebrkojm\u00eb pos t\u00eb jet\u00eb nj\u00eb dialog fer dhe i balancuar. Dhe duke mos pasur balancim n\u00eb bisedime, ka inkurajuar Vu\u00e7iqin t\u00eb veproj\u00eb ashtu sikur diten e diel, tha Osmani.<\/p>\n<p>Presidentja e vendit po ashtu paralajm\u00ebroi se do t\u00eb publikojn\u00eb d\u00ebshmi t\u00eb reja se presidenti serb Vu\u00e7iq q\u00ebndron prapa sulmit n\u00eb veri dhe ka dh\u00ebn\u00eb urdhra.<\/p>\n<p>Osmani tha se \u00e7do evidenc\u00eb q\u00eb kan\u00eb nga ky sulm lidhet me lider\u00ebt e shtetit serb.<\/p>\n<p>\u201cKa pasur video t\u00eb qarta se si grupi i Radoi\u00e7iqit ushtrohet n\u00eb shtetin serb. Gjithashtu edhe arm\u00ebt q\u00eb i kemi kapur, ato nuk jan\u00eb t\u00eb njer\u00ebzve t\u00eb r\u00ebndomt\u00eb. Lidhjen e Radoi\u00e7iq me Vu\u00e7iqin e shohim edhe n\u00eb takime t\u00eb ndryshme kur ata shihen bashk\u00eb\u201d, tha ajo.<\/p>\n<p>\u201cN\u00eb dit\u00ebt n\u00eb vijim do t\u00eb publikojm\u00eb d\u00ebshmi t\u00eb reja q\u00eb tregojn\u00eb se Vu\u00e7iq \u00ebsht\u00eb pas k\u00ebsaj dhe ka dh\u00ebn\u00eb urdhra. N\u00eb fillim kishte nj\u00eb kampanj\u00eb t\u00eb fuqishme t\u00eb agresionit para se sulmi t\u00eb ndodh\u201d, tha Osmani.<\/p>\n<p>Ajo po ashtu theksoi se nuk ka konfirmim se ushtria serbe \u00ebsht\u00eb larguar nga kufiri me Kosov\u00ebn.<\/p>\n<p>\u201cK\u00ebt\u00eb informacion nuk e kan\u00eb konfirmuar aleatet tan\u00eb nd\u00ebrkomb\u00ebtar\u201d, ka th\u00ebn\u00eb Osmani n\u00eb nj\u00eb intervist\u00eb p\u00ebr CNN.<\/p>\n<p>Ajo ka th\u00ebn\u00eb se \u201cakti i agresionit ishte planifikuar shum\u00eb mir\u00eb, sikurse ai i vitit 2014 n\u00eb Crime\u201d.<\/p>\n<p>\u201cFillimisht ata nd\u00ebrtuan baza ushtarake n\u00eb linj\u00ebn prej 400 kilometrash dhe d\u00ebshironin q\u00eb t\u00eb ket\u00eb n\u00eb fillim tensione n\u00eb veri dhe me pas sulmi. Kjo do t\u2019i ndihmonte Vladimir Putinit t\u00eb hapte nj\u00eb front t\u00eb ri t\u00eb luft\u00ebs. Kjo ishte sikurse ajo koha e Slobodan Milosheviqit gjat\u00eb viteve 90-ta\u201d, tha ajo.<\/p>\n","protected":false},"excerpt":{"rendered":"<p>Presidentja e vendit, Vjosa Osmani n\u00eb nj\u00eb intervist\u00eb p\u00ebr CNN ka folur p\u00ebr zhvillimet e fundit n\u00eb veri t\u00eb vendit, sulmin terrorist ndaj Kosov\u00ebs, dialogun Kosov\u00eb-Serbi e \u00e7\u00ebshtje tjera. E para e shtetit tha se akti i agresionit serb ishte i planifikuar, plan i ngjash\u00ebm me at\u00eb t\u00eb Krimes\u00eb, p\u00ebr aneksimin e veriut. Osmani n\u00eb [&hellip;]<\/p>\n","protected":false},"author":2,"featured_media":29677,"comment_status":"closed","ping_status":"closed","sticky":false,"template":"","format":"standard","meta":{"_monsterinsights_skip_tracking":false,"_monsterinsights_sitenote_active":false,"_monsterinsights_sitenote_note":"","_monsterinsights_sitenote_category":0,"_uf_show_specific_survey":0,"_uf_disable_surveys":false,"footnotes":""},"categories":[1146,15],"tags":[163],"yoast_head":"<!-- This site is optimized with the Yoast SEO plugin v21.5 - https:\/\/yoast.com\/wordpress\/plugins\/seo\/ -->\n<title>Osmani paralajm\u00ebron d\u00ebshmi t\u00eb reja q\u00eb implikojn\u00eb Vu\u00e7iqin n\u00eb sulmin terrorist n\u00eb Banjsk\u00eb<\/title>\n<meta name=\"robots\" content=\"index, follow, max-snippet:-1, max-image-preview:large, max-video-preview:-1\" \/>\n<link rel=\"canonical\" href=\"https:\/\/permbledhja.com\/sq\/osmani-paralajmeron-deshmi-te-reja-qe-implikojne-vuciqin-ne-sulmin-terrorist-ne-banjske\/\" \/>\n<meta property=\"og:locale\" content=\"sq_AL\" \/>\n<meta property=\"og:type\" content=\"article\" \/>\n<meta property=\"og:title\" content=\"Osmani paralajm\u00ebron d\u00ebshmi t\u00eb reja q\u00eb implikojn\u00eb Vu\u00e7iqin n\u00eb sulmin terrorist n\u00eb Banjsk\u00eb\" \/>\n<meta property=\"og:description\" content=\"Presidentja e vendit, Vjosa Osmani n\u00eb nj\u00eb intervist\u00eb p\u00ebr CNN ka folur p\u00ebr zhvillimet e fundit n\u00eb veri t\u00eb vendit, sulmin terrorist ndaj Kosov\u00ebs, dialogun Kosov\u00eb-Serbi e \u00e7\u00ebshtje tjera. E para e shtetit tha se akti i agresionit serb ishte i planifikuar, plan i ngjash\u00ebm me at\u00eb t\u00eb Krimes\u00eb, p\u00ebr aneksimin e veriut. Osmani n\u00eb [&hellip;]\" \/>\n<meta property=\"og:url\" content=\"https:\/\/permbledhja.com\/sq\/osmani-paralajmeron-deshmi-te-reja-qe-implikojne-vuciqin-ne-sulmin-terrorist-ne-banjske\/\" \/>\n<meta property=\"og:site_name\" content=\"Ve\u00e7 artikuj p\u00ebrmbledh\u00ebs\" \/>\n<meta property=\"article:publisher\" content=\"https:\/\/www.facebook.com\/press07\/\" \/>\n<meta property=\"article:published_time\" content=\"2023-10-04T07:09:02+00:00\" \/>\n<meta property=\"og:image\" content=\"https:\/\/permbledhja.com\/wp-content\/uploads\/2023\/10\/osm.webp\" \/>\n\t<meta property=\"og:image:width\" content=\"1426\" \/>\n\t<meta property=\"og:image:height\" content=\"812\" \/>\n\t<meta property=\"og:image:type\" content=\"image\/webp\" \/>\n<meta name=\"author\" content=\"M M\" \/>\n<meta name=\"twitter:card\" content=\"summary_large_image\" \/>\n<meta name=\"twitter:label1\" content=\"Written by\" \/>\n\t<meta name=\"twitter:data1\" content=\"M M\" \/>\n\t<meta name=\"twitter:label2\" content=\"Est. reading time\" \/>\n\t<meta name=\"twitter:data2\" content=\"3 minuta\" \/>\n<script type=\"application\/ld+json\" class=\"yoast-schema-graph\">{\"@context\":\"https:\/\/schema.org\",\"@graph\":[{\"@type\":\"Article\",\"@id\":\"https:\/\/permbledhja.com\/sq\/osmani-paralajmeron-deshmi-te-reja-qe-implikojne-vuciqin-ne-sulmin-terrorist-ne-banjske\/#article\",\"isPartOf\":{\"@id\":\"https:\/\/permbledhja.com\/sq\/osmani-paralajmeron-deshmi-te-reja-qe-implikojne-vuciqin-ne-sulmin-terrorist-ne-banjske\/\"},\"author\":{\"name\":\"M M\",\"@id\":\"https:\/\/permbledhja.com\/#\/schema\/person\/d23f13f59b5722643933d6780783acf3\"},\"headline\":\"Osmani paralajm\u00ebron d\u00ebshmi t\u00eb reja q\u00eb implikojn\u00eb Vu\u00e7iqin n\u00eb sulmin terrorist n\u00eb Banjsk\u00eb\",\"datePublished\":\"2023-10-04T07:09:02+00:00\",\"dateModified\":\"2023-10-04T07:09:02+00:00\",\"mainEntityOfPage\":{\"@id\":\"https:\/\/permbledhja.com\/sq\/osmani-paralajmeron-deshmi-te-reja-qe-implikojne-vuciqin-ne-sulmin-terrorist-ne-banjske\/\"},\"wordCount\":536,\"publisher\":{\"@id\":\"https:\/\/permbledhja.com\/#organization\"},\"keywords\":[\"Vjosa Osmani\"],\"articleSection\":[\"Kryesoret\",\"Lajme\"],\"inLanguage\":\"sq\"},{\"@type\":\"WebPage\",\"@id\":\"https:\/\/permbledhja.com\/sq\/osmani-paralajmeron-deshmi-te-reja-qe-implikojne-vuciqin-ne-sulmin-terrorist-ne-banjske\/\",\"url\":\"https:\/\/permbledhja.com\/sq\/osmani-paralajmeron-deshmi-te-reja-qe-implikojne-vuciqin-ne-sulmin-terrorist-ne-banjske\/\",\"name\":\"Osmani paralajm\u00ebron d\u00ebshmi t\u00eb reja q\u00eb implikojn\u00eb Vu\u00e7iqin n\u00eb sulmin terrorist n\u00eb Banjsk\u00eb\",\"isPartOf\":{\"@id\":\"https:\/\/permbledhja.com\/#website\"},\"datePublished\":\"2023-10-04T07:09:02+00:00\",\"dateModified\":\"2023-10-04T07:09:02+00:00\",\"breadcrumb\":{\"@id\":\"https:\/\/permbledhja.com\/sq\/osmani-paralajmeron-deshmi-te-reja-qe-implikojne-vuciqin-ne-sulmin-terrorist-ne-banjske\/#breadcrumb\"},\"inLanguage\":\"sq\",\"potentialAction\":[{\"@type\":\"ReadAction\",\"target\":[\"https:\/\/permbledhja.com\/sq\/osmani-paralajmeron-deshmi-te-reja-qe-implikojne-vuciqin-ne-sulmin-terrorist-ne-banjske\/\"]}]},{\"@type\":\"BreadcrumbList\",\"@id\":\"https:\/\/permbledhja.com\/sq\/osmani-paralajmeron-deshmi-te-reja-qe-implikojne-vuciqin-ne-sulmin-terrorist-ne-banjske\/#breadcrumb\",\"itemListElement\":[{\"@type\":\"ListItem\",\"position\":1,\"name\":\"Ballina\",\"item\":\"https:\/\/permbledhja.com\/sq\/\"},{\"@type\":\"ListItem\",\"position\":2,\"name\":\"Osmani paralajm\u00ebron d\u00ebshmi t\u00eb reja q\u00eb implikojn\u00eb Vu\u00e7iqin n\u00eb sulmin terrorist n\u00eb Banjsk\u00eb\"}]},{\"@type\":\"WebSite\",\"@id\":\"https:\/\/permbledhja.com\/#website\",\"url\":\"https:\/\/permbledhja.com\/\",\"name\":\"Ve\u00e7 artikuj p\u00ebrmbledh\u00ebs\",\"description\":\"\",\"publisher\":{\"@id\":\"https:\/\/permbledhja.com\/#organization\"},\"potentialAction\":[{\"@type\":\"SearchAction\",\"target\":{\"@type\":\"EntryPoint\",\"urlTemplate\":\"https:\/\/permbledhja.com\/?s={search_term_string}\"},\"query-input\":\"required name=search_term_string\"}],\"inLanguage\":\"sq\"},{\"@type\":\"Organization\",\"@id\":\"https:\/\/permbledhja.com\/#organization\",\"name\":\"MK Media & Pr\",\"url\":\"https:\/\/permbledhja.com\/\",\"logo\":{\"@type\":\"ImageObject\",\"inLanguage\":\"sq\",\"@id\":\"https:\/\/permbledhja.com\/#\/schema\/logo\/image\/\",\"url\":\"https:\/\/permbledhja.com\/wp-content\/uploads\/2021\/12\/07-Press-Logo.jpg\",\"contentUrl\":\"https:\/\/permbledhja.com\/wp-content\/uploads\/2021\/12\/07-Press-Logo.jpg\",\"width\":512,\"height\":512,\"caption\":\"MK Media & Pr\"},\"image\":{\"@id\":\"https:\/\/permbledhja.com\/#\/schema\/logo\/image\/\"},\"sameAs\":[\"https:\/\/www.facebook.com\/press07\/\"]},{\"@type\":\"Person\",\"@id\":\"https:\/\/permbledhja.com\/#\/schema\/person\/d23f13f59b5722643933d6780783acf3\",\"name\":\"M M\",\"image\":{\"@type\":\"ImageObject\",\"inLanguage\":\"sq\",\"@id\":\"https:\/\/permbledhja.com\/#\/schema\/person\/image\/\",\"url\":\"https:\/\/secure.gravatar.com\/avatar\/e2835a76ca7c31a2416b2d51c4ec9a8f?s=96&d=mm&r=g\",\"contentUrl\":\"https:\/\/secure.gravatar.com\/avatar\/e2835a76ca7c31a2416b2d51c4ec9a8f?s=96&d=mm&r=g\",\"caption\":\"M M\"},\"sameAs\":[\"http:\/\/MM\"],\"url\":\"https:\/\/permbledhja.com\/sq\/author\/muhamet\/\"}]}<\/script>\n<!-- \/ Yoast SEO plugin. -->","yoast_head_json":{"title":"Osmani paralajm\u00ebron d\u00ebshmi t\u00eb reja q\u00eb implikojn\u00eb Vu\u00e7iqin n\u00eb sulmin terrorist n\u00eb Banjsk\u00eb","robots":{"index":"index","follow":"follow","max-snippet":"max-snippet:-1","max-image-preview":"max-image-preview:large","max-video-preview":"max-video-preview:-1"},"canonical":"https:\/\/permbledhja.com\/sq\/osmani-paralajmeron-deshmi-te-reja-qe-implikojne-vuciqin-ne-sulmin-terrorist-ne-banjske\/","og_locale":"sq_AL","og_type":"article","og_title":"Osmani paralajm\u00ebron d\u00ebshmi t\u00eb reja q\u00eb implikojn\u00eb Vu\u00e7iqin n\u00eb sulmin terrorist n\u00eb Banjsk\u00eb","og_description":"Presidentja e vendit, Vjosa Osmani n\u00eb nj\u00eb intervist\u00eb p\u00ebr CNN ka folur p\u00ebr zhvillimet e fundit n\u00eb veri t\u00eb vendit, sulmin terrorist ndaj Kosov\u00ebs, dialogun Kosov\u00eb-Serbi e \u00e7\u00ebshtje tjera. E para e shtetit tha se akti i agresionit serb ishte i planifikuar, plan i ngjash\u00ebm me at\u00eb t\u00eb Krimes\u00eb, p\u00ebr aneksimin e veriut. Osmani n\u00eb [&hellip;]","og_url":"https:\/\/permbledhja.com\/sq\/osmani-paralajmeron-deshmi-te-reja-qe-implikojne-vuciqin-ne-sulmin-terrorist-ne-banjske\/","og_site_name":"Ve\u00e7 artikuj p\u00ebrmbledh\u00ebs","article_publisher":"https:\/\/www.facebook.com\/press07\/","article_published_time":"2023-10-04T07:09:02+00:00","og_image":[{"width":1426,"height":812,"url":"https:\/\/permbledhja.com\/wp-content\/uploads\/2023\/10\/osm.webp","type":"image\/webp"}],"author":"M M","twitter_card":"summary_large_image","twitter_misc":{"Written by":"M M","Est. reading time":"3 minuta"},"schema":{"@context":"https:\/\/schema.org","@graph":[{"@type":"Article","@id":"https:\/\/permbledhja.com\/sq\/osmani-paralajmeron-deshmi-te-reja-qe-implikojne-vuciqin-ne-sulmin-terrorist-ne-banjske\/#article","isPartOf":{"@id":"https:\/\/permbledhja.com\/sq\/osmani-paralajmeron-deshmi-te-reja-qe-implikojne-vuciqin-ne-sulmin-terrorist-ne-banjske\/"},"author":{"name":"M M","@id":"https:\/\/permbledhja.com\/#\/schema\/person\/d23f13f59b5722643933d6780783acf3"},"headline":"Osmani paralajm\u00ebron d\u00ebshmi t\u00eb reja q\u00eb implikojn\u00eb Vu\u00e7iqin n\u00eb sulmin terrorist n\u00eb Banjsk\u00eb","datePublished":"2023-10-04T07:09:02+00:00","dateModified":"2023-10-04T07:09:02+00:00","mainEntityOfPage":{"@id":"https:\/\/permbledhja.com\/sq\/osmani-paralajmeron-deshmi-te-reja-qe-implikojne-vuciqin-ne-sulmin-terrorist-ne-banjske\/"},"wordCount":536,"publisher":{"@id":"https:\/\/permbledhja.com\/#organization"},"keywords":["Vjosa Osmani"],"articleSection":["Kryesoret","Lajme"],"inLanguage":"sq"},{"@type":"WebPage","@id":"https:\/\/permbledhja.com\/sq\/osmani-paralajmeron-deshmi-te-reja-qe-implikojne-vuciqin-ne-sulmin-terrorist-ne-banjske\/","url":"https:\/\/permbledhja.com\/sq\/osmani-paralajmeron-deshmi-te-reja-qe-implikojne-vuciqin-ne-sulmin-terrorist-ne-banjske\/","name":"Osmani paralajm\u00ebron d\u00ebshmi t\u00eb reja q\u00eb implikojn\u00eb Vu\u00e7iqin n\u00eb sulmin terrorist n\u00eb Banjsk\u00eb","isPartOf":{"@id":"https:\/\/permbledhja.com\/#website"},"datePublished":"2023-10-04T07:09:02+00:00","dateModified":"2023-10-04T07:09:02+00:00","breadcrumb":{"@id":"https:\/\/permbledhja.com\/sq\/osmani-paralajmeron-deshmi-te-reja-qe-implikojne-vuciqin-ne-sulmin-terrorist-ne-banjske\/#breadcrumb"},"inLanguage":"sq","potentialAction":[{"@type":"ReadAction","target":["https:\/\/permbledhja.com\/sq\/osmani-paralajmeron-deshmi-te-reja-qe-implikojne-vuciqin-ne-sulmin-terrorist-ne-banjske\/"]}]},{"@type":"BreadcrumbList","@id":"https:\/\/permbledhja.com\/sq\/osmani-paralajmeron-deshmi-te-reja-qe-implikojne-vuciqin-ne-sulmin-terrorist-ne-banjske\/#breadcrumb","itemListElement":[{"@type":"ListItem","position":1,"name":"Ballina","item":"https:\/\/permbledhja.com\/sq\/"},{"@type":"ListItem","position":2,"name":"Osmani paralajm\u00ebron d\u00ebshmi t\u00eb reja q\u00eb implikojn\u00eb Vu\u00e7iqin n\u00eb sulmin terrorist n\u00eb Banjsk\u00eb"}]},{"@type":"WebSite","@id":"https:\/\/permbledhja.com\/#website","url":"https:\/\/permbledhja.com\/","name":"Ve\u00e7 artikuj p\u00ebrmbledh\u00ebs","description":"","publisher":{"@id":"https:\/\/permbledhja.com\/#organization"},"potentialAction":[{"@type":"SearchAction","target":{"@type":"EntryPoint","urlTemplate":"https:\/\/permbledhja.com\/?s={search_term_string}"},"query-input":"required name=search_term_string"}],"inLanguage":"sq"},{"@type":"Organization","@id":"https:\/\/permbledhja.com\/#organization","name":"MK Media & Pr","url":"https:\/\/permbledhja.com\/","logo":{"@type":"ImageObject","inLanguage":"sq","@id":"https:\/\/permbledhja.com\/#\/schema\/logo\/image\/","url":"https:\/\/permbledhja.com\/wp-content\/uploads\/2021\/12\/07-Press-Logo.jpg","contentUrl":"https:\/\/permbledhja.com\/wp-content\/uploads\/2021\/12\/07-Press-Logo.jpg","width":512,"height":512,"caption":"MK Media & Pr"},"image":{"@id":"https:\/\/permbledhja.com\/#\/schema\/logo\/image\/"},"sameAs":["https:\/\/www.facebook.com\/press07\/"]},{"@type":"Person","@id":"https:\/\/permbledhja.com\/#\/schema\/person\/d23f13f59b5722643933d6780783acf3","name":"M M","image":{"@type":"ImageObject","inLanguage":"sq","@id":"https:\/\/permbledhja.com\/#\/schema\/person\/image\/","url":"https:\/\/secure.gravatar.com\/avatar\/e2835a76ca7c31a2416b2d51c4ec9a8f?s=96&d=mm&r=g","contentUrl":"https:\/\/secure.gravatar.com\/avatar\/e2835a76ca7c31a2416b2d51c4ec9a8f?s=96&d=mm&r=g","caption":"M M"},"sameAs":["http:\/\/MM"],"url":"https:\/\/permbledhja.com\/sq\/author\/muhamet\/"}]}},"_links":{"self":[{"href":"https:\/\/permbledhja.com\/sq\/wp-json\/wp\/v2\/posts\/29676"}],"collection":[{"href":"https:\/\/permbledhja.com\/sq\/wp-json\/wp\/v2\/posts"}],"about":[{"href":"https:\/\/permbledhja.com\/sq\/wp-json\/wp\/v2\/types\/post"}],"author":[{"embeddable":true,"href":"https:\/\/permbledhja.com\/sq\/wp-json\/wp\/v2\/users\/2"}],"replies":[{"embeddable":true,"href":"https:\/\/permbledhja.com\/sq\/wp-json\/wp\/v2\/comments?post=29676"}],"version-history":[{"count":1,"href":"https:\/\/permbledhja.com\/sq\/wp-json\/wp\/v2\/posts\/29676\/revisions"}],"predecessor-version":[{"id":29678,"href":"https:\/\/permbledhja.com\/sq\/wp-json\/wp\/v2\/posts\/29676\/revisions\/29678"}],"wp:featuredmedia":[{"embeddable":true,"href":"https:\/\/permbledhja.com\/sq\/wp-json\/wp\/v2\/media\/29677"}],"wp:attachment":[{"href":"https:\/\/permbledhja.com\/sq\/wp-json\/wp\/v2\/media?parent=29676"}],"wp:term":[{"taxonomy":"category","embeddable":true,"href":"https:\/\/permbledhja.com\/sq\/wp-json\/wp\/v2\/categories?post=29676"},{"taxonomy":"post_tag","embeddable":true,"href":"https:\/\/permbledhja.com\/sq\/wp-json\/wp\/v2\/tags?post=29676"}],"curies":[{"name":"wp","href":"https:\/\/api.w.org\/{rel}","templated":true}]}}