{"id":29673,"date":"2023-10-04T06:54:04","date_gmt":"2023-10-04T06:54:04","guid":{"rendered":"https:\/\/permbledhja.com\/?p=29673"},"modified":"2023-10-04T06:54:04","modified_gmt":"2023-10-04T06:54:04","slug":"gazetari-serb-tash-as-vendosja-e-sanksioneve-ndaj-rusise-se-shpeton-vuciqin","status":"publish","type":"post","link":"https:\/\/permbledhja.com\/sq\/gazetari-serb-tash-as-vendosja-e-sanksioneve-ndaj-rusise-se-shpeton-vuciqin\/","title":{"rendered":"Gazetari serb: Tash as vendosja e sanksioneve ndaj Rusis\u00eb s\u2019e shp\u00ebton Vu\u00e7iqin"},"content":{"rendered":"<h3>Gazetari serb, Milivoje Mihajloviq ka analizuar se \u00e7far\u00eb ka v\u00ebn\u00eb n\u00eb drit\u00eb sulmi i 24 shtatorit ndaj Policis\u00eb s\u00eb Kosov\u00ebs n\u00eb Banjsk\u00eb t\u00eb Zve\u00e7anit.<\/h3>\n<p>Ai tha p\u00ebr Nova.rs se jo rast\u00ebsisht kishte heshtje p\u00ebr 17 or\u00eb n\u00eb Beograd.<\/p>\n<p>Gazetari serb besoj se Brukseli dhe Washingtoni do t\u00eb k\u00ebrkojn\u00eb nga Serbia ekstradimin e Milan Radoi\u00e7iqit.<\/p>\n<p>\u201cKjo ngjarje shkat\u00ebrroi iluzionin se dikush n\u00eb Beograd po e mbron Kosov\u00ebn me ushtri\u201d, tha Mihajloviq, i cili beson se tash as vendosja e sanksioneve ndaj Rusis\u00eb nuk mund ta shp\u00ebtoj\u00eb Vu\u00e7iqin.<\/p>\n","protected":false},"excerpt":{"rendered":"<p>Gazetari serb, Milivoje Mihajloviq ka analizuar se \u00e7far\u00eb ka v\u00ebn\u00eb n\u00eb drit\u00eb sulmi i 24 shtatorit ndaj Policis\u00eb s\u00eb Kosov\u00ebs n\u00eb Banjsk\u00eb t\u00eb Zve\u00e7anit. Ai tha p\u00ebr Nova.rs se jo rast\u00ebsisht kishte heshtje p\u00ebr 17 or\u00eb n\u00eb Beograd. Gazetari serb besoj se Brukseli dhe Washingtoni do t\u00eb k\u00ebrkojn\u00eb nga Serbia ekstradimin e Milan Radoi\u00e7iqit. \u201cKjo [&hellip;]<\/p>\n","protected":false},"author":2,"featured_media":29674,"comment_status":"closed","ping_status":"closed","sticky":false,"template":"","format":"standard","meta":{"_monsterinsights_skip_tracking":false,"_monsterinsights_sitenote_active":false,"_monsterinsights_sitenote_note":"","_monsterinsights_sitenote_category":0,"_uf_show_specific_survey":0,"_uf_disable_surveys":false,"footnotes":""},"categories":[23,15],"tags":[],"yoast_head":"<!-- This site is optimized with the Yoast SEO plugin v21.5 - https:\/\/yoast.com\/wordpress\/plugins\/seo\/ -->\n<title>Gazetari serb: Tash as vendosja e sanksioneve ndaj Rusis\u00eb s\u2019e shp\u00ebton Vu\u00e7iqin<\/title>\n<meta name=\"robots\" content=\"index, follow, max-snippet:-1, max-image-preview:large, max-video-preview:-1\" \/>\n<link rel=\"canonical\" href=\"https:\/\/permbledhja.com\/sq\/gazetari-serb-tash-as-vendosja-e-sanksioneve-ndaj-rusise-se-shpeton-vuciqin\/\" \/>\n<meta property=\"og:locale\" content=\"sq_AL\" \/>\n<meta property=\"og:type\" content=\"article\" \/>\n<meta property=\"og:title\" content=\"Gazetari serb: Tash as vendosja e sanksioneve ndaj Rusis\u00eb s\u2019e shp\u00ebton Vu\u00e7iqin\" \/>\n<meta property=\"og:description\" content=\"Gazetari serb, Milivoje Mihajloviq ka analizuar se \u00e7far\u00eb ka v\u00ebn\u00eb n\u00eb drit\u00eb sulmi i 24 shtatorit ndaj Policis\u00eb s\u00eb Kosov\u00ebs n\u00eb Banjsk\u00eb t\u00eb Zve\u00e7anit. Ai tha p\u00ebr Nova.rs se jo rast\u00ebsisht kishte heshtje p\u00ebr 17 or\u00eb n\u00eb Beograd. Gazetari serb besoj se Brukseli dhe Washingtoni do t\u00eb k\u00ebrkojn\u00eb nga Serbia ekstradimin e Milan Radoi\u00e7iqit. \u201cKjo [&hellip;]\" \/>\n<meta property=\"og:url\" content=\"https:\/\/permbledhja.com\/sq\/gazetari-serb-tash-as-vendosja-e-sanksioneve-ndaj-rusise-se-shpeton-vuciqin\/\" \/>\n<meta property=\"og:site_name\" content=\"Ve\u00e7 artikuj p\u00ebrmbledh\u00ebs\" \/>\n<meta property=\"article:publisher\" content=\"https:\/\/www.facebook.com\/press07\/\" \/>\n<meta property=\"article:published_time\" content=\"2023-10-04T06:54:04+00:00\" \/>\n<meta property=\"og:image\" content=\"https:\/\/permbledhja.com\/wp-content\/uploads\/2023\/10\/1647172368-IMG_0295_b-550x360-1.jpg\" \/>\n\t<meta property=\"og:image:width\" content=\"550\" \/>\n\t<meta property=\"og:image:height\" content=\"360\" \/>\n\t<meta property=\"og:image:type\" content=\"image\/jpeg\" \/>\n<meta name=\"author\" content=\"M M\" \/>\n<meta name=\"twitter:card\" content=\"summary_large_image\" \/>\n<meta name=\"twitter:label1\" content=\"Written by\" \/>\n\t<meta name=\"twitter:data1\" content=\"M M\" \/>\n<script type=\"application\/ld+json\" class=\"yoast-schema-graph\">{\"@context\":\"https:\/\/schema.org\",\"@graph\":[{\"@type\":\"Article\",\"@id\":\"https:\/\/permbledhja.com\/sq\/gazetari-serb-tash-as-vendosja-e-sanksioneve-ndaj-rusise-se-shpeton-vuciqin\/#article\",\"isPartOf\":{\"@id\":\"https:\/\/permbledhja.com\/sq\/gazetari-serb-tash-as-vendosja-e-sanksioneve-ndaj-rusise-se-shpeton-vuciqin\/\"},\"author\":{\"name\":\"M M\",\"@id\":\"https:\/\/permbledhja.com\/#\/schema\/person\/d23f13f59b5722643933d6780783acf3\"},\"headline\":\"Gazetari serb: Tash as vendosja e sanksioneve ndaj Rusis\u00eb s\u2019e shp\u00ebton Vu\u00e7iqin\",\"datePublished\":\"2023-10-04T06:54:04+00:00\",\"dateModified\":\"2023-10-04T06:54:04+00:00\",\"mainEntityOfPage\":{\"@id\":\"https:\/\/permbledhja.com\/sq\/gazetari-serb-tash-as-vendosja-e-sanksioneve-ndaj-rusise-se-shpeton-vuciqin\/\"},\"wordCount\":112,\"publisher\":{\"@id\":\"https:\/\/permbledhja.com\/#organization\"},\"articleSection\":[\"Komb\u00ebtare\",\"Lajme\"],\"inLanguage\":\"sq\"},{\"@type\":\"WebPage\",\"@id\":\"https:\/\/permbledhja.com\/sq\/gazetari-serb-tash-as-vendosja-e-sanksioneve-ndaj-rusise-se-shpeton-vuciqin\/\",\"url\":\"https:\/\/permbledhja.com\/sq\/gazetari-serb-tash-as-vendosja-e-sanksioneve-ndaj-rusise-se-shpeton-vuciqin\/\",\"name\":\"Gazetari serb: Tash as vendosja e sanksioneve ndaj Rusis\u00eb s\u2019e shp\u00ebton Vu\u00e7iqin\",\"isPartOf\":{\"@id\":\"https:\/\/permbledhja.com\/#website\"},\"datePublished\":\"2023-10-04T06:54:04+00:00\",\"dateModified\":\"2023-10-04T06:54:04+00:00\",\"breadcrumb\":{\"@id\":\"https:\/\/permbledhja.com\/sq\/gazetari-serb-tash-as-vendosja-e-sanksioneve-ndaj-rusise-se-shpeton-vuciqin\/#breadcrumb\"},\"inLanguage\":\"sq\",\"potentialAction\":[{\"@type\":\"ReadAction\",\"target\":[\"https:\/\/permbledhja.com\/sq\/gazetari-serb-tash-as-vendosja-e-sanksioneve-ndaj-rusise-se-shpeton-vuciqin\/\"]}]},{\"@type\":\"BreadcrumbList\",\"@id\":\"https:\/\/permbledhja.com\/sq\/gazetari-serb-tash-as-vendosja-e-sanksioneve-ndaj-rusise-se-shpeton-vuciqin\/#breadcrumb\",\"itemListElement\":[{\"@type\":\"ListItem\",\"position\":1,\"name\":\"Ballina\",\"item\":\"https:\/\/permbledhja.com\/sq\/\"},{\"@type\":\"ListItem\",\"position\":2,\"name\":\"Gazetari serb: Tash as vendosja e sanksioneve ndaj Rusis\u00eb s\u2019e shp\u00ebton Vu\u00e7iqin\"}]},{\"@type\":\"WebSite\",\"@id\":\"https:\/\/permbledhja.com\/#website\",\"url\":\"https:\/\/permbledhja.com\/\",\"name\":\"Ve\u00e7 artikuj p\u00ebrmbledh\u00ebs\",\"description\":\"\",\"publisher\":{\"@id\":\"https:\/\/permbledhja.com\/#organization\"},\"potentialAction\":[{\"@type\":\"SearchAction\",\"target\":{\"@type\":\"EntryPoint\",\"urlTemplate\":\"https:\/\/permbledhja.com\/?s={search_term_string}\"},\"query-input\":\"required name=search_term_string\"}],\"inLanguage\":\"sq\"},{\"@type\":\"Organization\",\"@id\":\"https:\/\/permbledhja.com\/#organization\",\"name\":\"MK Media & Pr\",\"url\":\"https:\/\/permbledhja.com\/\",\"logo\":{\"@type\":\"ImageObject\",\"inLanguage\":\"sq\",\"@id\":\"https:\/\/permbledhja.com\/#\/schema\/logo\/image\/\",\"url\":\"https:\/\/permbledhja.com\/wp-content\/uploads\/2021\/12\/07-Press-Logo.jpg\",\"contentUrl\":\"https:\/\/permbledhja.com\/wp-content\/uploads\/2021\/12\/07-Press-Logo.jpg\",\"width\":512,\"height\":512,\"caption\":\"MK Media & Pr\"},\"image\":{\"@id\":\"https:\/\/permbledhja.com\/#\/schema\/logo\/image\/\"},\"sameAs\":[\"https:\/\/www.facebook.com\/press07\/\"]},{\"@type\":\"Person\",\"@id\":\"https:\/\/permbledhja.com\/#\/schema\/person\/d23f13f59b5722643933d6780783acf3\",\"name\":\"M M\",\"image\":{\"@type\":\"ImageObject\",\"inLanguage\":\"sq\",\"@id\":\"https:\/\/permbledhja.com\/#\/schema\/person\/image\/\",\"url\":\"https:\/\/secure.gravatar.com\/avatar\/e2835a76ca7c31a2416b2d51c4ec9a8f?s=96&d=mm&r=g\",\"contentUrl\":\"https:\/\/secure.gravatar.com\/avatar\/e2835a76ca7c31a2416b2d51c4ec9a8f?s=96&d=mm&r=g\",\"caption\":\"M M\"},\"sameAs\":[\"http:\/\/MM\"],\"url\":\"https:\/\/permbledhja.com\/sq\/author\/muhamet\/\"}]}<\/script>\n<!-- \/ Yoast SEO plugin. -->","yoast_head_json":{"title":"Gazetari serb: Tash as vendosja e sanksioneve ndaj Rusis\u00eb s\u2019e shp\u00ebton Vu\u00e7iqin","robots":{"index":"index","follow":"follow","max-snippet":"max-snippet:-1","max-image-preview":"max-image-preview:large","max-video-preview":"max-video-preview:-1"},"canonical":"https:\/\/permbledhja.com\/sq\/gazetari-serb-tash-as-vendosja-e-sanksioneve-ndaj-rusise-se-shpeton-vuciqin\/","og_locale":"sq_AL","og_type":"article","og_title":"Gazetari serb: Tash as vendosja e sanksioneve ndaj Rusis\u00eb s\u2019e shp\u00ebton Vu\u00e7iqin","og_description":"Gazetari serb, Milivoje Mihajloviq ka analizuar se \u00e7far\u00eb ka v\u00ebn\u00eb n\u00eb drit\u00eb sulmi i 24 shtatorit ndaj Policis\u00eb s\u00eb Kosov\u00ebs n\u00eb Banjsk\u00eb t\u00eb Zve\u00e7anit. Ai tha p\u00ebr Nova.rs se jo rast\u00ebsisht kishte heshtje p\u00ebr 17 or\u00eb n\u00eb Beograd. Gazetari serb besoj se Brukseli dhe Washingtoni do t\u00eb k\u00ebrkojn\u00eb nga Serbia ekstradimin e Milan Radoi\u00e7iqit. \u201cKjo [&hellip;]","og_url":"https:\/\/permbledhja.com\/sq\/gazetari-serb-tash-as-vendosja-e-sanksioneve-ndaj-rusise-se-shpeton-vuciqin\/","og_site_name":"Ve\u00e7 artikuj p\u00ebrmbledh\u00ebs","article_publisher":"https:\/\/www.facebook.com\/press07\/","article_published_time":"2023-10-04T06:54:04+00:00","og_image":[{"width":550,"height":360,"url":"https:\/\/permbledhja.com\/wp-content\/uploads\/2023\/10\/1647172368-IMG_0295_b-550x360-1.jpg","type":"image\/jpeg"}],"author":"M M","twitter_card":"summary_large_image","twitter_misc":{"Written by":"M M"},"schema":{"@context":"https:\/\/schema.org","@graph":[{"@type":"Article","@id":"https:\/\/permbledhja.com\/sq\/gazetari-serb-tash-as-vendosja-e-sanksioneve-ndaj-rusise-se-shpeton-vuciqin\/#article","isPartOf":{"@id":"https:\/\/permbledhja.com\/sq\/gazetari-serb-tash-as-vendosja-e-sanksioneve-ndaj-rusise-se-shpeton-vuciqin\/"},"author":{"name":"M M","@id":"https:\/\/permbledhja.com\/#\/schema\/person\/d23f13f59b5722643933d6780783acf3"},"headline":"Gazetari serb: Tash as vendosja e sanksioneve ndaj Rusis\u00eb s\u2019e shp\u00ebton Vu\u00e7iqin","datePublished":"2023-10-04T06:54:04+00:00","dateModified":"2023-10-04T06:54:04+00:00","mainEntityOfPage":{"@id":"https:\/\/permbledhja.com\/sq\/gazetari-serb-tash-as-vendosja-e-sanksioneve-ndaj-rusise-se-shpeton-vuciqin\/"},"wordCount":112,"publisher":{"@id":"https:\/\/permbledhja.com\/#organization"},"articleSection":["Komb\u00ebtare","Lajme"],"inLanguage":"sq"},{"@type":"WebPage","@id":"https:\/\/permbledhja.com\/sq\/gazetari-serb-tash-as-vendosja-e-sanksioneve-ndaj-rusise-se-shpeton-vuciqin\/","url":"https:\/\/permbledhja.com\/sq\/gazetari-serb-tash-as-vendosja-e-sanksioneve-ndaj-rusise-se-shpeton-vuciqin\/","name":"Gazetari serb: Tash as vendosja e sanksioneve ndaj Rusis\u00eb s\u2019e shp\u00ebton Vu\u00e7iqin","isPartOf":{"@id":"https:\/\/permbledhja.com\/#website"},"datePublished":"2023-10-04T06:54:04+00:00","dateModified":"2023-10-04T06:54:04+00:00","breadcrumb":{"@id":"https:\/\/permbledhja.com\/sq\/gazetari-serb-tash-as-vendosja-e-sanksioneve-ndaj-rusise-se-shpeton-vuciqin\/#breadcrumb"},"inLanguage":"sq","potentialAction":[{"@type":"ReadAction","target":["https:\/\/permbledhja.com\/sq\/gazetari-serb-tash-as-vendosja-e-sanksioneve-ndaj-rusise-se-shpeton-vuciqin\/"]}]},{"@type":"BreadcrumbList","@id":"https:\/\/permbledhja.com\/sq\/gazetari-serb-tash-as-vendosja-e-sanksioneve-ndaj-rusise-se-shpeton-vuciqin\/#breadcrumb","itemListElement":[{"@type":"ListItem","position":1,"name":"Ballina","item":"https:\/\/permbledhja.com\/sq\/"},{"@type":"ListItem","position":2,"name":"Gazetari serb: Tash as vendosja e sanksioneve ndaj Rusis\u00eb s\u2019e shp\u00ebton Vu\u00e7iqin"}]},{"@type":"WebSite","@id":"https:\/\/permbledhja.com\/#website","url":"https:\/\/permbledhja.com\/","name":"Ve\u00e7 artikuj p\u00ebrmbledh\u00ebs","description":"","publisher":{"@id":"https:\/\/permbledhja.com\/#organization"},"potentialAction":[{"@type":"SearchAction","target":{"@type":"EntryPoint","urlTemplate":"https:\/\/permbledhja.com\/?s={search_term_string}"},"query-input":"required name=search_term_string"}],"inLanguage":"sq"},{"@type":"Organization","@id":"https:\/\/permbledhja.com\/#organization","name":"MK Media & Pr","url":"https:\/\/permbledhja.com\/","logo":{"@type":"ImageObject","inLanguage":"sq","@id":"https:\/\/permbledhja.com\/#\/schema\/logo\/image\/","url":"https:\/\/permbledhja.com\/wp-content\/uploads\/2021\/12\/07-Press-Logo.jpg","contentUrl":"https:\/\/permbledhja.com\/wp-content\/uploads\/2021\/12\/07-Press-Logo.jpg","width":512,"height":512,"caption":"MK Media & Pr"},"image":{"@id":"https:\/\/permbledhja.com\/#\/schema\/logo\/image\/"},"sameAs":["https:\/\/www.facebook.com\/press07\/"]},{"@type":"Person","@id":"https:\/\/permbledhja.com\/#\/schema\/person\/d23f13f59b5722643933d6780783acf3","name":"M M","image":{"@type":"ImageObject","inLanguage":"sq","@id":"https:\/\/permbledhja.com\/#\/schema\/person\/image\/","url":"https:\/\/secure.gravatar.com\/avatar\/e2835a76ca7c31a2416b2d51c4ec9a8f?s=96&d=mm&r=g","contentUrl":"https:\/\/secure.gravatar.com\/avatar\/e2835a76ca7c31a2416b2d51c4ec9a8f?s=96&d=mm&r=g","caption":"M M"},"sameAs":["http:\/\/MM"],"url":"https:\/\/permbledhja.com\/sq\/author\/muhamet\/"}]}},"_links":{"self":[{"href":"https:\/\/permbledhja.com\/sq\/wp-json\/wp\/v2\/posts\/29673"}],"collection":[{"href":"https:\/\/permbledhja.com\/sq\/wp-json\/wp\/v2\/posts"}],"about":[{"href":"https:\/\/permbledhja.com\/sq\/wp-json\/wp\/v2\/types\/post"}],"author":[{"embeddable":true,"href":"https:\/\/permbledhja.com\/sq\/wp-json\/wp\/v2\/users\/2"}],"replies":[{"embeddable":true,"href":"https:\/\/permbledhja.com\/sq\/wp-json\/wp\/v2\/comments?post=29673"}],"version-history":[{"count":1,"href":"https:\/\/permbledhja.com\/sq\/wp-json\/wp\/v2\/posts\/29673\/revisions"}],"predecessor-version":[{"id":29675,"href":"https:\/\/permbledhja.com\/sq\/wp-json\/wp\/v2\/posts\/29673\/revisions\/29675"}],"wp:featuredmedia":[{"embeddable":true,"href":"https:\/\/permbledhja.com\/sq\/wp-json\/wp\/v2\/media\/29674"}],"wp:attachment":[{"href":"https:\/\/permbledhja.com\/sq\/wp-json\/wp\/v2\/media?parent=29673"}],"wp:term":[{"taxonomy":"category","embeddable":true,"href":"https:\/\/permbledhja.com\/sq\/wp-json\/wp\/v2\/categories?post=29673"},{"taxonomy":"post_tag","embeddable":true,"href":"https:\/\/permbledhja.com\/sq\/wp-json\/wp\/v2\/tags?post=29673"}],"curies":[{"name":"wp","href":"https:\/\/api.w.org\/{rel}","templated":true}]}}