{"id":29670,"date":"2023-10-04T06:41:08","date_gmt":"2023-10-04T06:41:08","guid":{"rendered":"https:\/\/permbledhja.com\/?p=29670"},"modified":"2023-10-04T06:41:08","modified_gmt":"2023-10-04T06:41:08","slug":"limaj-serbia-sdo-te-ndalet-me-kaq-sulme-te-tilla-mund-te-perseriten","status":"publish","type":"post","link":"https:\/\/permbledhja.com\/sq\/limaj-serbia-sdo-te-ndalet-me-kaq-sulme-te-tilla-mund-te-perseriten\/","title":{"rendered":"Limaj: Serbia s\u2019do t\u00eb ndalet me kaq, sulme t\u00eb tilla mund t\u00eb p\u00ebrs\u00ebriten"},"content":{"rendered":"<h3>Kryetari i Nisma Socialdemokrate, Fatmir Limaj e ka quajtur agresion i Serbis\u00eb ndaj Kosov\u00ebs sulmin n\u00eb Banjsk\u00eb. Sipas Limajt, Serbia nuk do t\u00eb ndalet me kaq dhe se sulme t\u00eb tilla mund t\u00eb p\u00ebrs\u00ebriten.<\/h3>\n<p>Kreu i Nismas ka th\u00ebn\u00eb se Serbia ka pasur p\u00ebr synim ndryshimin e realitetit t\u00eb Kosov\u00ebs si shtet i pavarur dhe demokratike.<\/p>\n<p>Limaj e sheh edhe si tendenc\u00eb p\u00ebr t\u00eb okupuar territore n\u00eb Kosov\u00eb, teksa grupet terroriste i sheh se jan\u00eb mb\u00ebshtetur nga shteti serb.<\/p>\n<p>\u201cAi \u00ebsht\u00eb nj\u00eb agresion, nuk \u00ebsht\u00eb thjesht nj\u00eb sulm ndaj Policis\u00eb s\u00eb Kosov\u00ebs por \u00ebsht\u00eb agresion ndaj shtetit t\u00eb Kosov\u00ebs. I planifikuar, i mir\u00eb menduar me objektiv t\u00eb qart\u00eb politik dhe n\u00eb mb\u00ebshtetje t\u00eb fuqishme logjistike si\u00e7 e kemi par\u00eb nga shteti serb. Agresion i Serbis\u00eb n\u00eb drejtim t\u00eb Kosov\u00ebs p\u00ebr t\u00eb ndryshuar realitetet, me objektiva t\u00eb qarta territoriale p\u00ebr t\u00eb provokuar nj\u00eb luft\u00eb ose konflikt n\u00eb Kosov\u00eb, p\u00ebr ta destabilizuar k\u00ebt\u00eb vend dhe mund\u00ebsisht p\u00ebr t\u00eb okupuar pjes\u00eb t\u00eb territorit t\u00eb Kosov\u00ebs\u201d, ka th\u00ebn\u00eb Limaj p\u00ebr EO.<\/p>\n<p>Teksa ka folur p\u00ebr sulmin e 24 shtatorit n\u00eb Banjsk\u00eb, Limaj pajtohet q\u00eb t\u00eb ket\u00eb hetim nd\u00ebrkomb\u00ebtar.<\/p>\n<p>\u201cAjo q\u00eb ka ndodhur \u00ebsht\u00eb fillimi i atij planifikimi, k\u00ebshtu q\u00eb natyrisht duhet nj\u00eb hetim i gjithmbarsh\u00ebm dhe besoj se institucionet tona t\u00eb siguris\u00eb kan\u00eb b\u00ebr\u00eb dhe jan\u00eb duke b\u00ebr\u00eb hetime, p\u00ebr ta zbardhur deri n\u00eb fund k\u00ebt\u00eb agresion dhe p\u00ebr ta v\u00ebn\u00eb n\u00eb tavolin\u00ebn e akuz\u00ebs Serbin\u00eb. Pra p\u00ebr ta b\u00ebr\u00eb nd\u00ebrlidhjen e qart\u00eb e cila dihet q\u00eb \u00ebsht\u00eb, e cila dihet q\u00eb \u00ebsht\u00eb, me fakte dhe prova. Kush q\u00ebndron prapa k\u00ebtij agresioni dhe si\u00e7 e ka th\u00ebn\u00eb edhe Parlamenti i Kosov\u00ebs na duhet urgjentisht nj\u00eb hetim nd\u00ebrkomb\u00ebtar p\u00ebr t\u00eb fituar kredibilitetin e nevojsh\u00ebm ky hetim. Kosova \u00ebsht\u00eb e interesuar dhe ka nevoj\u00eb q\u00eb k\u00ebto prova t\u00eb marrin vler\u00ebn kredibile dhe t\u00eb testohen nga nj\u00eb hetim nd\u00ebrkomb\u00ebtar. \u00cbsht\u00eb interes jetik i Kosov\u00ebs q\u00eb ky hetim t\u00eb p\u00ebrfshihen akter\u00ebt n\u00eb k\u00ebt\u00eb hetim dhe p\u00ebrfundimisht t\u00eb dihet sakt\u00eb ajo \u00e7far\u00eb ka ndodhur dhe po ndodh\u201d, u shpreh Limaj.<\/p>\n<p>Ish-z\u00ebvend\u00ebskryeministri u shpreh se Serbia ka ndryshuar diskurs n\u00eb raport me Kosov\u00ebn. Thot\u00eb se nga politikat p\u00ebr t\u00eb kund\u00ebrshtuar pavar\u00ebsin\u00eb, ka hyr\u00eb n\u00eb nj\u00eb faz\u00eb t\u00eb agresionit.<\/p>\n<p>\u201cP\u00ebr mua ky \u00ebsht\u00eb vet\u00ebm fillim i asaj. Serbia ka hyr\u00eb n\u00eb nj\u00eb faz\u00eb tjet\u00ebr n\u00eb drejtim t\u00eb agresionit t\u00eb Kosov\u00ebs. Deri tani ne e dim\u00eb se n\u00eb \u00e7far\u00eb forma Serbia ka funksionuar n\u00eb raport me Kosov\u00ebn duke mohuar nga vet\u00eb, lirin\u00eb dhe shtet\u00ebsin\u00eb e saj dhe nuk ka l\u00ebn\u00eb asgj\u00eb pa b\u00ebr\u00eb p\u00ebr ta anuluar realitetin q\u00eb \u00ebsht\u00eb krijuar. Tani ka kaluar n\u00eb nj\u00eb faz\u00eb tjet\u00ebr, t\u00eb gjitha ato mekanizma i kan\u00eb d\u00ebshtuar, tash ka kaluar n\u00eb nj\u00eb faz\u00eb t\u00eb agresionit t\u00eb hapur territorial ndaj Kosov\u00ebs dhe kjo duhet t\u00eb faktohet dhe provohet\u201d, u shpreh Limaj.<\/p>\n","protected":false},"excerpt":{"rendered":"<p>Kryetari i Nisma Socialdemokrate, Fatmir Limaj e ka quajtur agresion i Serbis\u00eb ndaj Kosov\u00ebs sulmin n\u00eb Banjsk\u00eb. Sipas Limajt, Serbia nuk do t\u00eb ndalet me kaq dhe se sulme t\u00eb tilla mund t\u00eb p\u00ebrs\u00ebriten. Kreu i Nismas ka th\u00ebn\u00eb se Serbia ka pasur p\u00ebr synim ndryshimin e realitetit t\u00eb Kosov\u00ebs si shtet i pavarur dhe [&hellip;]<\/p>\n","protected":false},"author":2,"featured_media":29671,"comment_status":"closed","ping_status":"closed","sticky":false,"template":"","format":"standard","meta":{"_monsterinsights_skip_tracking":false,"_monsterinsights_sitenote_active":false,"_monsterinsights_sitenote_note":"","_monsterinsights_sitenote_category":0,"_uf_show_specific_survey":0,"_uf_disable_surveys":false,"footnotes":""},"categories":[23,15],"tags":[1635],"yoast_head":"<!-- This site is optimized with the Yoast SEO plugin v21.5 - https:\/\/yoast.com\/wordpress\/plugins\/seo\/ -->\n<title>Limaj: Serbia s\u2019do t\u00eb ndalet me kaq, sulme t\u00eb tilla mund t\u00eb p\u00ebrs\u00ebriten<\/title>\n<meta name=\"robots\" content=\"index, follow, max-snippet:-1, max-image-preview:large, max-video-preview:-1\" \/>\n<link rel=\"canonical\" href=\"https:\/\/permbledhja.com\/sq\/limaj-serbia-sdo-te-ndalet-me-kaq-sulme-te-tilla-mund-te-perseriten\/\" \/>\n<meta property=\"og:locale\" content=\"sq_AL\" \/>\n<meta property=\"og:type\" content=\"article\" \/>\n<meta property=\"og:title\" content=\"Limaj: Serbia s\u2019do t\u00eb ndalet me kaq, sulme t\u00eb tilla mund t\u00eb p\u00ebrs\u00ebriten\" \/>\n<meta property=\"og:description\" content=\"Kryetari i Nisma Socialdemokrate, Fatmir Limaj e ka quajtur agresion i Serbis\u00eb ndaj Kosov\u00ebs sulmin n\u00eb Banjsk\u00eb. Sipas Limajt, Serbia nuk do t\u00eb ndalet me kaq dhe se sulme t\u00eb tilla mund t\u00eb p\u00ebrs\u00ebriten. Kreu i Nismas ka th\u00ebn\u00eb se Serbia ka pasur p\u00ebr synim ndryshimin e realitetit t\u00eb Kosov\u00ebs si shtet i pavarur dhe [&hellip;]\" \/>\n<meta property=\"og:url\" content=\"https:\/\/permbledhja.com\/sq\/limaj-serbia-sdo-te-ndalet-me-kaq-sulme-te-tilla-mund-te-perseriten\/\" \/>\n<meta property=\"og:site_name\" content=\"Ve\u00e7 artikuj p\u00ebrmbledh\u00ebs\" \/>\n<meta property=\"article:publisher\" content=\"https:\/\/www.facebook.com\/press07\/\" \/>\n<meta property=\"article:published_time\" content=\"2023-10-04T06:41:08+00:00\" \/>\n<meta property=\"og:image\" content=\"https:\/\/permbledhja.com\/wp-content\/uploads\/2023\/10\/Fatmir-Limaj-639x350-1.png\" \/>\n\t<meta property=\"og:image:width\" content=\"639\" \/>\n\t<meta property=\"og:image:height\" content=\"350\" \/>\n\t<meta property=\"og:image:type\" content=\"image\/png\" \/>\n<meta name=\"author\" content=\"M M\" \/>\n<meta name=\"twitter:card\" content=\"summary_large_image\" \/>\n<meta name=\"twitter:label1\" content=\"Written by\" \/>\n\t<meta name=\"twitter:data1\" content=\"M M\" \/>\n\t<meta name=\"twitter:label2\" content=\"Est. reading time\" \/>\n\t<meta name=\"twitter:data2\" content=\"3 minuta\" \/>\n<script type=\"application\/ld+json\" class=\"yoast-schema-graph\">{\"@context\":\"https:\/\/schema.org\",\"@graph\":[{\"@type\":\"Article\",\"@id\":\"https:\/\/permbledhja.com\/limaj-serbia-sdo-te-ndalet-me-kaq-sulme-te-tilla-mund-te-perseriten\/#article\",\"isPartOf\":{\"@id\":\"https:\/\/permbledhja.com\/limaj-serbia-sdo-te-ndalet-me-kaq-sulme-te-tilla-mund-te-perseriten\/\"},\"author\":{\"name\":\"M M\",\"@id\":\"https:\/\/permbledhja.com\/#\/schema\/person\/d23f13f59b5722643933d6780783acf3\"},\"headline\":\"Limaj: Serbia s\u2019do t\u00eb ndalet me kaq, sulme t\u00eb tilla mund t\u00eb p\u00ebrs\u00ebriten\",\"datePublished\":\"2023-10-04T06:41:08+00:00\",\"dateModified\":\"2023-10-04T06:41:08+00:00\",\"mainEntityOfPage\":{\"@id\":\"https:\/\/permbledhja.com\/limaj-serbia-sdo-te-ndalet-me-kaq-sulme-te-tilla-mund-te-perseriten\/\"},\"wordCount\":542,\"publisher\":{\"@id\":\"https:\/\/permbledhja.com\/#organization\"},\"keywords\":[\"Fatmir Limaj\"],\"articleSection\":[\"Komb\u00ebtare\",\"Lajme\"],\"inLanguage\":\"sq\"},{\"@type\":\"WebPage\",\"@id\":\"https:\/\/permbledhja.com\/limaj-serbia-sdo-te-ndalet-me-kaq-sulme-te-tilla-mund-te-perseriten\/\",\"url\":\"https:\/\/permbledhja.com\/limaj-serbia-sdo-te-ndalet-me-kaq-sulme-te-tilla-mund-te-perseriten\/\",\"name\":\"Limaj: Serbia s\u2019do t\u00eb ndalet me kaq, sulme t\u00eb tilla mund t\u00eb p\u00ebrs\u00ebriten\",\"isPartOf\":{\"@id\":\"https:\/\/permbledhja.com\/#website\"},\"datePublished\":\"2023-10-04T06:41:08+00:00\",\"dateModified\":\"2023-10-04T06:41:08+00:00\",\"breadcrumb\":{\"@id\":\"https:\/\/permbledhja.com\/limaj-serbia-sdo-te-ndalet-me-kaq-sulme-te-tilla-mund-te-perseriten\/#breadcrumb\"},\"inLanguage\":\"sq\",\"potentialAction\":[{\"@type\":\"ReadAction\",\"target\":[\"https:\/\/permbledhja.com\/limaj-serbia-sdo-te-ndalet-me-kaq-sulme-te-tilla-mund-te-perseriten\/\"]}]},{\"@type\":\"BreadcrumbList\",\"@id\":\"https:\/\/permbledhja.com\/limaj-serbia-sdo-te-ndalet-me-kaq-sulme-te-tilla-mund-te-perseriten\/#breadcrumb\",\"itemListElement\":[{\"@type\":\"ListItem\",\"position\":1,\"name\":\"Ballina\",\"item\":\"https:\/\/permbledhja.com\/sq\/\"},{\"@type\":\"ListItem\",\"position\":2,\"name\":\"Limaj: Serbia s\u2019do t\u00eb ndalet me kaq, sulme t\u00eb tilla mund t\u00eb p\u00ebrs\u00ebriten\"}]},{\"@type\":\"WebSite\",\"@id\":\"https:\/\/permbledhja.com\/#website\",\"url\":\"https:\/\/permbledhja.com\/\",\"name\":\"Ve\u00e7 artikuj p\u00ebrmbledh\u00ebs\",\"description\":\"\",\"publisher\":{\"@id\":\"https:\/\/permbledhja.com\/#organization\"},\"potentialAction\":[{\"@type\":\"SearchAction\",\"target\":{\"@type\":\"EntryPoint\",\"urlTemplate\":\"https:\/\/permbledhja.com\/?s={search_term_string}\"},\"query-input\":\"required name=search_term_string\"}],\"inLanguage\":\"sq\"},{\"@type\":\"Organization\",\"@id\":\"https:\/\/permbledhja.com\/#organization\",\"name\":\"MK Media & Pr\",\"url\":\"https:\/\/permbledhja.com\/\",\"logo\":{\"@type\":\"ImageObject\",\"inLanguage\":\"sq\",\"@id\":\"https:\/\/permbledhja.com\/#\/schema\/logo\/image\/\",\"url\":\"https:\/\/permbledhja.com\/wp-content\/uploads\/2021\/12\/07-Press-Logo.jpg\",\"contentUrl\":\"https:\/\/permbledhja.com\/wp-content\/uploads\/2021\/12\/07-Press-Logo.jpg\",\"width\":512,\"height\":512,\"caption\":\"MK Media & Pr\"},\"image\":{\"@id\":\"https:\/\/permbledhja.com\/#\/schema\/logo\/image\/\"},\"sameAs\":[\"https:\/\/www.facebook.com\/press07\/\"]},{\"@type\":\"Person\",\"@id\":\"https:\/\/permbledhja.com\/#\/schema\/person\/d23f13f59b5722643933d6780783acf3\",\"name\":\"M M\",\"image\":{\"@type\":\"ImageObject\",\"inLanguage\":\"sq\",\"@id\":\"https:\/\/permbledhja.com\/#\/schema\/person\/image\/\",\"url\":\"https:\/\/secure.gravatar.com\/avatar\/e2835a76ca7c31a2416b2d51c4ec9a8f?s=96&d=mm&r=g\",\"contentUrl\":\"https:\/\/secure.gravatar.com\/avatar\/e2835a76ca7c31a2416b2d51c4ec9a8f?s=96&d=mm&r=g\",\"caption\":\"M M\"},\"sameAs\":[\"http:\/\/MM\"],\"url\":\"https:\/\/permbledhja.com\/sq\/author\/muhamet\/\"}]}<\/script>\n<!-- \/ Yoast SEO plugin. -->","yoast_head_json":{"title":"Limaj: Serbia s\u2019do t\u00eb ndalet me kaq, sulme t\u00eb tilla mund t\u00eb p\u00ebrs\u00ebriten","robots":{"index":"index","follow":"follow","max-snippet":"max-snippet:-1","max-image-preview":"max-image-preview:large","max-video-preview":"max-video-preview:-1"},"canonical":"https:\/\/permbledhja.com\/sq\/limaj-serbia-sdo-te-ndalet-me-kaq-sulme-te-tilla-mund-te-perseriten\/","og_locale":"sq_AL","og_type":"article","og_title":"Limaj: Serbia s\u2019do t\u00eb ndalet me kaq, sulme t\u00eb tilla mund t\u00eb p\u00ebrs\u00ebriten","og_description":"Kryetari i Nisma Socialdemokrate, Fatmir Limaj e ka quajtur agresion i Serbis\u00eb ndaj Kosov\u00ebs sulmin n\u00eb Banjsk\u00eb. Sipas Limajt, Serbia nuk do t\u00eb ndalet me kaq dhe se sulme t\u00eb tilla mund t\u00eb p\u00ebrs\u00ebriten. Kreu i Nismas ka th\u00ebn\u00eb se Serbia ka pasur p\u00ebr synim ndryshimin e realitetit t\u00eb Kosov\u00ebs si shtet i pavarur dhe [&hellip;]","og_url":"https:\/\/permbledhja.com\/sq\/limaj-serbia-sdo-te-ndalet-me-kaq-sulme-te-tilla-mund-te-perseriten\/","og_site_name":"Ve\u00e7 artikuj p\u00ebrmbledh\u00ebs","article_publisher":"https:\/\/www.facebook.com\/press07\/","article_published_time":"2023-10-04T06:41:08+00:00","og_image":[{"width":639,"height":350,"url":"https:\/\/permbledhja.com\/wp-content\/uploads\/2023\/10\/Fatmir-Limaj-639x350-1.png","type":"image\/png"}],"author":"M M","twitter_card":"summary_large_image","twitter_misc":{"Written by":"M M","Est. reading time":"3 minuta"},"schema":{"@context":"https:\/\/schema.org","@graph":[{"@type":"Article","@id":"https:\/\/permbledhja.com\/limaj-serbia-sdo-te-ndalet-me-kaq-sulme-te-tilla-mund-te-perseriten\/#article","isPartOf":{"@id":"https:\/\/permbledhja.com\/limaj-serbia-sdo-te-ndalet-me-kaq-sulme-te-tilla-mund-te-perseriten\/"},"author":{"name":"M M","@id":"https:\/\/permbledhja.com\/#\/schema\/person\/d23f13f59b5722643933d6780783acf3"},"headline":"Limaj: Serbia s\u2019do t\u00eb ndalet me kaq, sulme t\u00eb tilla mund t\u00eb p\u00ebrs\u00ebriten","datePublished":"2023-10-04T06:41:08+00:00","dateModified":"2023-10-04T06:41:08+00:00","mainEntityOfPage":{"@id":"https:\/\/permbledhja.com\/limaj-serbia-sdo-te-ndalet-me-kaq-sulme-te-tilla-mund-te-perseriten\/"},"wordCount":542,"publisher":{"@id":"https:\/\/permbledhja.com\/#organization"},"keywords":["Fatmir Limaj"],"articleSection":["Komb\u00ebtare","Lajme"],"inLanguage":"sq"},{"@type":"WebPage","@id":"https:\/\/permbledhja.com\/limaj-serbia-sdo-te-ndalet-me-kaq-sulme-te-tilla-mund-te-perseriten\/","url":"https:\/\/permbledhja.com\/limaj-serbia-sdo-te-ndalet-me-kaq-sulme-te-tilla-mund-te-perseriten\/","name":"Limaj: Serbia s\u2019do t\u00eb ndalet me kaq, sulme t\u00eb tilla mund t\u00eb p\u00ebrs\u00ebriten","isPartOf":{"@id":"https:\/\/permbledhja.com\/#website"},"datePublished":"2023-10-04T06:41:08+00:00","dateModified":"2023-10-04T06:41:08+00:00","breadcrumb":{"@id":"https:\/\/permbledhja.com\/limaj-serbia-sdo-te-ndalet-me-kaq-sulme-te-tilla-mund-te-perseriten\/#breadcrumb"},"inLanguage":"sq","potentialAction":[{"@type":"ReadAction","target":["https:\/\/permbledhja.com\/limaj-serbia-sdo-te-ndalet-me-kaq-sulme-te-tilla-mund-te-perseriten\/"]}]},{"@type":"BreadcrumbList","@id":"https:\/\/permbledhja.com\/limaj-serbia-sdo-te-ndalet-me-kaq-sulme-te-tilla-mund-te-perseriten\/#breadcrumb","itemListElement":[{"@type":"ListItem","position":1,"name":"Ballina","item":"https:\/\/permbledhja.com\/sq\/"},{"@type":"ListItem","position":2,"name":"Limaj: Serbia s\u2019do t\u00eb ndalet me kaq, sulme t\u00eb tilla mund t\u00eb p\u00ebrs\u00ebriten"}]},{"@type":"WebSite","@id":"https:\/\/permbledhja.com\/#website","url":"https:\/\/permbledhja.com\/","name":"Ve\u00e7 artikuj p\u00ebrmbledh\u00ebs","description":"","publisher":{"@id":"https:\/\/permbledhja.com\/#organization"},"potentialAction":[{"@type":"SearchAction","target":{"@type":"EntryPoint","urlTemplate":"https:\/\/permbledhja.com\/?s={search_term_string}"},"query-input":"required name=search_term_string"}],"inLanguage":"sq"},{"@type":"Organization","@id":"https:\/\/permbledhja.com\/#organization","name":"MK Media & Pr","url":"https:\/\/permbledhja.com\/","logo":{"@type":"ImageObject","inLanguage":"sq","@id":"https:\/\/permbledhja.com\/#\/schema\/logo\/image\/","url":"https:\/\/permbledhja.com\/wp-content\/uploads\/2021\/12\/07-Press-Logo.jpg","contentUrl":"https:\/\/permbledhja.com\/wp-content\/uploads\/2021\/12\/07-Press-Logo.jpg","width":512,"height":512,"caption":"MK Media & Pr"},"image":{"@id":"https:\/\/permbledhja.com\/#\/schema\/logo\/image\/"},"sameAs":["https:\/\/www.facebook.com\/press07\/"]},{"@type":"Person","@id":"https:\/\/permbledhja.com\/#\/schema\/person\/d23f13f59b5722643933d6780783acf3","name":"M M","image":{"@type":"ImageObject","inLanguage":"sq","@id":"https:\/\/permbledhja.com\/#\/schema\/person\/image\/","url":"https:\/\/secure.gravatar.com\/avatar\/e2835a76ca7c31a2416b2d51c4ec9a8f?s=96&d=mm&r=g","contentUrl":"https:\/\/secure.gravatar.com\/avatar\/e2835a76ca7c31a2416b2d51c4ec9a8f?s=96&d=mm&r=g","caption":"M M"},"sameAs":["http:\/\/MM"],"url":"https:\/\/permbledhja.com\/sq\/author\/muhamet\/"}]}},"_links":{"self":[{"href":"https:\/\/permbledhja.com\/sq\/wp-json\/wp\/v2\/posts\/29670"}],"collection":[{"href":"https:\/\/permbledhja.com\/sq\/wp-json\/wp\/v2\/posts"}],"about":[{"href":"https:\/\/permbledhja.com\/sq\/wp-json\/wp\/v2\/types\/post"}],"author":[{"embeddable":true,"href":"https:\/\/permbledhja.com\/sq\/wp-json\/wp\/v2\/users\/2"}],"replies":[{"embeddable":true,"href":"https:\/\/permbledhja.com\/sq\/wp-json\/wp\/v2\/comments?post=29670"}],"version-history":[{"count":1,"href":"https:\/\/permbledhja.com\/sq\/wp-json\/wp\/v2\/posts\/29670\/revisions"}],"predecessor-version":[{"id":29672,"href":"https:\/\/permbledhja.com\/sq\/wp-json\/wp\/v2\/posts\/29670\/revisions\/29672"}],"wp:featuredmedia":[{"embeddable":true,"href":"https:\/\/permbledhja.com\/sq\/wp-json\/wp\/v2\/media\/29671"}],"wp:attachment":[{"href":"https:\/\/permbledhja.com\/sq\/wp-json\/wp\/v2\/media?parent=29670"}],"wp:term":[{"taxonomy":"category","embeddable":true,"href":"https:\/\/permbledhja.com\/sq\/wp-json\/wp\/v2\/categories?post=29670"},{"taxonomy":"post_tag","embeddable":true,"href":"https:\/\/permbledhja.com\/sq\/wp-json\/wp\/v2\/tags?post=29670"}],"curies":[{"name":"wp","href":"https:\/\/api.w.org\/{rel}","templated":true}]}}