{"id":29661,"date":"2023-10-04T06:11:16","date_gmt":"2023-10-04T06:11:16","guid":{"rendered":"https:\/\/permbledhja.com\/?p=29661"},"modified":"2023-10-04T06:11:16","modified_gmt":"2023-10-04T06:11:16","slug":"rasti-radoiciq-dalin-detaje-te-reja-per-armet-zbulohet-se-ku-i-kishte-fshehur-kryeterroristi-ato","status":"publish","type":"post","link":"https:\/\/permbledhja.com\/sq\/rasti-radoiciq-dalin-detaje-te-reja-per-armet-zbulohet-se-ku-i-kishte-fshehur-kryeterroristi-ato\/","title":{"rendered":"Rasti Radoi\u00e7iq \u2013 dalin detaje t\u00eb reja p\u00ebr arm\u00ebt, zbulohet se ku i kishte fshehur kryeterroristi ato"},"content":{"rendered":"<div class=\"post-content single-post-content\">\n<h3>Milan Radoi\u00e7iq (45) \u00ebsht\u00eb marr\u00eb n\u00eb pyetje dje n\u00eb Prokurorin\u00eb e Lart\u00eb Publike n\u00eb Beograd n\u00ebn dyshimin se ka kryer vepra penale t\u00eb komplotit p\u00ebr kryerjen e veprave kriminale, prodhim t\u00eb paligjsh\u00ebm, mbajtjen, mbajtjen dhe trafikimin e arm\u00ebve t\u00eb zjarrit dhe l\u00ebnd\u00ebve plas\u00ebse dhe krime t\u00eb r\u00ebnda kund\u00ebr siguris\u00eb s\u00eb p\u00ebrgjithshme.<\/h3>\n<p>I dyshuari gjat\u00eb marrjes n\u00eb pyetje ka mohuar kryerjen e veprave penale p\u00ebr t\u00eb cilat akuzohet, shkruan Telegraf.rs.<\/p>\n<p>Pas seanc\u00ebs, prokuroria i propozoi gjyqtarit p\u00ebr procedur\u00eb paraprake t\u00eb Gjykat\u00ebs s\u00eb Lart\u00eb n\u00eb Beograd q\u00eb t\u00eb caktohet masa e paraburgimit p\u00ebr t\u00eb dyshuarin p\u00ebr shkak t\u00eb rrezikut t\u00eb arratisjes.<\/p>\n<p>N\u00eb urdh\u00ebr p\u00ebr kryerjen e hetimeve jan\u00eb p\u00ebrfshir\u00eb disa persona, p\u00ebr momentin, t\u00eb panjohur, t\u00eb cil\u00ebt akuzohen p\u00ebr vepr\u00ebn penale t\u00eb \u201cKrimeve t\u00eb r\u00ebnda kund\u00ebr siguris\u00eb s\u00eb p\u00ebrgjithshme\u201d.<\/p>\n<p>Sipas urdhrit t\u00eb hetimit, Milan R. akuzohet se ka bler\u00eb arm\u00eb, municion dhe mjete shp\u00ebrthyese t\u00eb fuqis\u00eb s\u00eb madhe shkat\u00ebrruese nga Tuzla, Federata e BeH, nga janari 2023 deri m\u00eb 24 shtator, t\u00eb cilat i jan\u00eb dor\u00ebzuar n\u00eb territorin e Beogradit, zakonisht n\u00eb l\u00ebvizje Bubanj Potok \u2013 Vr\u00e7in, dhe t\u00eb cilin m\u00eb pas i transportonte dhe ruante n\u00eb vende t\u00eb pacaktuara n\u00eb territorin e Kosov\u00ebs, ku i fshehu n\u00eb nd\u00ebrtesa dhe pyje t\u00eb braktisura, k\u00ebshtu si kryetar i nj\u00eb grupi me disa persona t\u00eb panjohur, me veprim t\u00eb p\u00ebrbashk\u00ebt dhe p\u00ebrgjith\u00ebsisht t\u00eb rreziksh\u00ebm, m\u00eb 24 shtator ka shkaktuar rrezik p\u00ebr jet\u00ebn e njer\u00ebzve n\u00eb Banjsk\u00eb n\u00eb territorin e Kosov\u00ebs.<\/p>\n<\/div>\n","protected":false},"excerpt":{"rendered":"<p>Milan Radoi\u00e7iq (45) \u00ebsht\u00eb marr\u00eb n\u00eb pyetje dje n\u00eb Prokurorin\u00eb e Lart\u00eb Publike n\u00eb Beograd n\u00ebn dyshimin se ka kryer vepra penale t\u00eb komplotit p\u00ebr kryerjen e veprave kriminale, prodhim t\u00eb paligjsh\u00ebm, mbajtjen, mbajtjen dhe trafikimin e arm\u00ebve t\u00eb zjarrit dhe l\u00ebnd\u00ebve plas\u00ebse dhe krime t\u00eb r\u00ebnda kund\u00ebr siguris\u00eb s\u00eb p\u00ebrgjithshme. I dyshuari gjat\u00eb marrjes [&hellip;]<\/p>\n","protected":false},"author":2,"featured_media":29662,"comment_status":"closed","ping_status":"closed","sticky":false,"template":"","format":"standard","meta":{"_monsterinsights_skip_tracking":false,"_monsterinsights_sitenote_active":false,"_monsterinsights_sitenote_note":"","_monsterinsights_sitenote_category":0,"_uf_show_specific_survey":0,"_uf_disable_surveys":false,"footnotes":""},"categories":[23,15],"tags":[],"yoast_head":"<!-- This site is optimized with the Yoast SEO plugin v21.5 - https:\/\/yoast.com\/wordpress\/plugins\/seo\/ -->\n<title>Rasti Radoi\u00e7iq \u2013 dalin detaje t\u00eb reja p\u00ebr arm\u00ebt, zbulohet se ku i kishte fshehur kryeterroristi ato<\/title>\n<meta name=\"robots\" content=\"index, follow, max-snippet:-1, max-image-preview:large, max-video-preview:-1\" \/>\n<link rel=\"canonical\" href=\"https:\/\/permbledhja.com\/sq\/rasti-radoiciq-dalin-detaje-te-reja-per-armet-zbulohet-se-ku-i-kishte-fshehur-kryeterroristi-ato\/\" \/>\n<meta property=\"og:locale\" content=\"sq_AL\" \/>\n<meta property=\"og:type\" content=\"article\" \/>\n<meta property=\"og:title\" content=\"Rasti Radoi\u00e7iq \u2013 dalin detaje t\u00eb reja p\u00ebr arm\u00ebt, zbulohet se ku i kishte fshehur kryeterroristi ato\" \/>\n<meta property=\"og:description\" content=\"Milan Radoi\u00e7iq (45) \u00ebsht\u00eb marr\u00eb n\u00eb pyetje dje n\u00eb Prokurorin\u00eb e Lart\u00eb Publike n\u00eb Beograd n\u00ebn dyshimin se ka kryer vepra penale t\u00eb komplotit p\u00ebr kryerjen e veprave kriminale, prodhim t\u00eb paligjsh\u00ebm, mbajtjen, mbajtjen dhe trafikimin e arm\u00ebve t\u00eb zjarrit dhe l\u00ebnd\u00ebve plas\u00ebse dhe krime t\u00eb r\u00ebnda kund\u00ebr siguris\u00eb s\u00eb p\u00ebrgjithshme. I dyshuari gjat\u00eb marrjes [&hellip;]\" \/>\n<meta property=\"og:url\" content=\"https:\/\/permbledhja.com\/sq\/rasti-radoiciq-dalin-detaje-te-reja-per-armet-zbulohet-se-ku-i-kishte-fshehur-kryeterroristi-ato\/\" \/>\n<meta property=\"og:site_name\" content=\"Ve\u00e7 artikuj p\u00ebrmbledh\u00ebs\" \/>\n<meta property=\"article:publisher\" content=\"https:\/\/www.facebook.com\/press07\/\" \/>\n<meta property=\"article:published_time\" content=\"2023-10-04T06:11:16+00:00\" \/>\n<meta property=\"og:image\" content=\"https:\/\/permbledhja.com\/wp-content\/uploads\/2023\/10\/vucic-radoicic-jpg.webp\" \/>\n\t<meta property=\"og:image:width\" content=\"850\" \/>\n\t<meta property=\"og:image:height\" content=\"566\" \/>\n\t<meta property=\"og:image:type\" content=\"image\/webp\" \/>\n<meta name=\"author\" content=\"M M\" \/>\n<meta name=\"twitter:card\" content=\"summary_large_image\" \/>\n<meta name=\"twitter:label1\" content=\"Written by\" \/>\n\t<meta name=\"twitter:data1\" content=\"M M\" \/>\n\t<meta name=\"twitter:label2\" content=\"Est. reading time\" \/>\n\t<meta name=\"twitter:data2\" content=\"1 minut\u00eb\" \/>\n<script type=\"application\/ld+json\" class=\"yoast-schema-graph\">{\"@context\":\"https:\/\/schema.org\",\"@graph\":[{\"@type\":\"Article\",\"@id\":\"https:\/\/permbledhja.com\/sq\/rasti-radoiciq-dalin-detaje-te-reja-per-armet-zbulohet-se-ku-i-kishte-fshehur-kryeterroristi-ato\/#article\",\"isPartOf\":{\"@id\":\"https:\/\/permbledhja.com\/sq\/rasti-radoiciq-dalin-detaje-te-reja-per-armet-zbulohet-se-ku-i-kishte-fshehur-kryeterroristi-ato\/\"},\"author\":{\"name\":\"M M\",\"@id\":\"https:\/\/permbledhja.com\/#\/schema\/person\/d23f13f59b5722643933d6780783acf3\"},\"headline\":\"Rasti Radoi\u00e7iq \u2013 dalin detaje t\u00eb reja p\u00ebr arm\u00ebt, zbulohet se ku i kishte fshehur kryeterroristi ato\",\"datePublished\":\"2023-10-04T06:11:16+00:00\",\"dateModified\":\"2023-10-04T06:11:16+00:00\",\"mainEntityOfPage\":{\"@id\":\"https:\/\/permbledhja.com\/sq\/rasti-radoiciq-dalin-detaje-te-reja-per-armet-zbulohet-se-ku-i-kishte-fshehur-kryeterroristi-ato\/\"},\"wordCount\":295,\"publisher\":{\"@id\":\"https:\/\/permbledhja.com\/#organization\"},\"articleSection\":[\"Komb\u00ebtare\",\"Lajme\"],\"inLanguage\":\"sq\"},{\"@type\":\"WebPage\",\"@id\":\"https:\/\/permbledhja.com\/sq\/rasti-radoiciq-dalin-detaje-te-reja-per-armet-zbulohet-se-ku-i-kishte-fshehur-kryeterroristi-ato\/\",\"url\":\"https:\/\/permbledhja.com\/sq\/rasti-radoiciq-dalin-detaje-te-reja-per-armet-zbulohet-se-ku-i-kishte-fshehur-kryeterroristi-ato\/\",\"name\":\"Rasti Radoi\u00e7iq \u2013 dalin detaje t\u00eb reja p\u00ebr arm\u00ebt, zbulohet se ku i kishte fshehur kryeterroristi ato\",\"isPartOf\":{\"@id\":\"https:\/\/permbledhja.com\/#website\"},\"datePublished\":\"2023-10-04T06:11:16+00:00\",\"dateModified\":\"2023-10-04T06:11:16+00:00\",\"breadcrumb\":{\"@id\":\"https:\/\/permbledhja.com\/sq\/rasti-radoiciq-dalin-detaje-te-reja-per-armet-zbulohet-se-ku-i-kishte-fshehur-kryeterroristi-ato\/#breadcrumb\"},\"inLanguage\":\"sq\",\"potentialAction\":[{\"@type\":\"ReadAction\",\"target\":[\"https:\/\/permbledhja.com\/sq\/rasti-radoiciq-dalin-detaje-te-reja-per-armet-zbulohet-se-ku-i-kishte-fshehur-kryeterroristi-ato\/\"]}]},{\"@type\":\"BreadcrumbList\",\"@id\":\"https:\/\/permbledhja.com\/sq\/rasti-radoiciq-dalin-detaje-te-reja-per-armet-zbulohet-se-ku-i-kishte-fshehur-kryeterroristi-ato\/#breadcrumb\",\"itemListElement\":[{\"@type\":\"ListItem\",\"position\":1,\"name\":\"Ballina\",\"item\":\"https:\/\/permbledhja.com\/sq\/\"},{\"@type\":\"ListItem\",\"position\":2,\"name\":\"Rasti Radoi\u00e7iq \u2013 dalin detaje t\u00eb reja p\u00ebr arm\u00ebt, zbulohet se ku i kishte fshehur kryeterroristi ato\"}]},{\"@type\":\"WebSite\",\"@id\":\"https:\/\/permbledhja.com\/#website\",\"url\":\"https:\/\/permbledhja.com\/\",\"name\":\"Ve\u00e7 artikuj p\u00ebrmbledh\u00ebs\",\"description\":\"\",\"publisher\":{\"@id\":\"https:\/\/permbledhja.com\/#organization\"},\"potentialAction\":[{\"@type\":\"SearchAction\",\"target\":{\"@type\":\"EntryPoint\",\"urlTemplate\":\"https:\/\/permbledhja.com\/?s={search_term_string}\"},\"query-input\":\"required name=search_term_string\"}],\"inLanguage\":\"sq\"},{\"@type\":\"Organization\",\"@id\":\"https:\/\/permbledhja.com\/#organization\",\"name\":\"MK Media & Pr\",\"url\":\"https:\/\/permbledhja.com\/\",\"logo\":{\"@type\":\"ImageObject\",\"inLanguage\":\"sq\",\"@id\":\"https:\/\/permbledhja.com\/#\/schema\/logo\/image\/\",\"url\":\"https:\/\/permbledhja.com\/wp-content\/uploads\/2021\/12\/07-Press-Logo.jpg\",\"contentUrl\":\"https:\/\/permbledhja.com\/wp-content\/uploads\/2021\/12\/07-Press-Logo.jpg\",\"width\":512,\"height\":512,\"caption\":\"MK Media & Pr\"},\"image\":{\"@id\":\"https:\/\/permbledhja.com\/#\/schema\/logo\/image\/\"},\"sameAs\":[\"https:\/\/www.facebook.com\/press07\/\"]},{\"@type\":\"Person\",\"@id\":\"https:\/\/permbledhja.com\/#\/schema\/person\/d23f13f59b5722643933d6780783acf3\",\"name\":\"M M\",\"image\":{\"@type\":\"ImageObject\",\"inLanguage\":\"sq\",\"@id\":\"https:\/\/permbledhja.com\/#\/schema\/person\/image\/\",\"url\":\"https:\/\/secure.gravatar.com\/avatar\/e2835a76ca7c31a2416b2d51c4ec9a8f?s=96&d=mm&r=g\",\"contentUrl\":\"https:\/\/secure.gravatar.com\/avatar\/e2835a76ca7c31a2416b2d51c4ec9a8f?s=96&d=mm&r=g\",\"caption\":\"M M\"},\"sameAs\":[\"http:\/\/MM\"],\"url\":\"https:\/\/permbledhja.com\/sq\/author\/muhamet\/\"}]}<\/script>\n<!-- \/ Yoast SEO plugin. -->","yoast_head_json":{"title":"Rasti Radoi\u00e7iq \u2013 dalin detaje t\u00eb reja p\u00ebr arm\u00ebt, zbulohet se ku i kishte fshehur kryeterroristi ato","robots":{"index":"index","follow":"follow","max-snippet":"max-snippet:-1","max-image-preview":"max-image-preview:large","max-video-preview":"max-video-preview:-1"},"canonical":"https:\/\/permbledhja.com\/sq\/rasti-radoiciq-dalin-detaje-te-reja-per-armet-zbulohet-se-ku-i-kishte-fshehur-kryeterroristi-ato\/","og_locale":"sq_AL","og_type":"article","og_title":"Rasti Radoi\u00e7iq \u2013 dalin detaje t\u00eb reja p\u00ebr arm\u00ebt, zbulohet se ku i kishte fshehur kryeterroristi ato","og_description":"Milan Radoi\u00e7iq (45) \u00ebsht\u00eb marr\u00eb n\u00eb pyetje dje n\u00eb Prokurorin\u00eb e Lart\u00eb Publike n\u00eb Beograd n\u00ebn dyshimin se ka kryer vepra penale t\u00eb komplotit p\u00ebr kryerjen e veprave kriminale, prodhim t\u00eb paligjsh\u00ebm, mbajtjen, mbajtjen dhe trafikimin e arm\u00ebve t\u00eb zjarrit dhe l\u00ebnd\u00ebve plas\u00ebse dhe krime t\u00eb r\u00ebnda kund\u00ebr siguris\u00eb s\u00eb p\u00ebrgjithshme. I dyshuari gjat\u00eb marrjes [&hellip;]","og_url":"https:\/\/permbledhja.com\/sq\/rasti-radoiciq-dalin-detaje-te-reja-per-armet-zbulohet-se-ku-i-kishte-fshehur-kryeterroristi-ato\/","og_site_name":"Ve\u00e7 artikuj p\u00ebrmbledh\u00ebs","article_publisher":"https:\/\/www.facebook.com\/press07\/","article_published_time":"2023-10-04T06:11:16+00:00","og_image":[{"width":850,"height":566,"url":"https:\/\/permbledhja.com\/wp-content\/uploads\/2023\/10\/vucic-radoicic-jpg.webp","type":"image\/webp"}],"author":"M M","twitter_card":"summary_large_image","twitter_misc":{"Written by":"M M","Est. reading time":"1 minut\u00eb"},"schema":{"@context":"https:\/\/schema.org","@graph":[{"@type":"Article","@id":"https:\/\/permbledhja.com\/sq\/rasti-radoiciq-dalin-detaje-te-reja-per-armet-zbulohet-se-ku-i-kishte-fshehur-kryeterroristi-ato\/#article","isPartOf":{"@id":"https:\/\/permbledhja.com\/sq\/rasti-radoiciq-dalin-detaje-te-reja-per-armet-zbulohet-se-ku-i-kishte-fshehur-kryeterroristi-ato\/"},"author":{"name":"M M","@id":"https:\/\/permbledhja.com\/#\/schema\/person\/d23f13f59b5722643933d6780783acf3"},"headline":"Rasti Radoi\u00e7iq \u2013 dalin detaje t\u00eb reja p\u00ebr arm\u00ebt, zbulohet se ku i kishte fshehur kryeterroristi ato","datePublished":"2023-10-04T06:11:16+00:00","dateModified":"2023-10-04T06:11:16+00:00","mainEntityOfPage":{"@id":"https:\/\/permbledhja.com\/sq\/rasti-radoiciq-dalin-detaje-te-reja-per-armet-zbulohet-se-ku-i-kishte-fshehur-kryeterroristi-ato\/"},"wordCount":295,"publisher":{"@id":"https:\/\/permbledhja.com\/#organization"},"articleSection":["Komb\u00ebtare","Lajme"],"inLanguage":"sq"},{"@type":"WebPage","@id":"https:\/\/permbledhja.com\/sq\/rasti-radoiciq-dalin-detaje-te-reja-per-armet-zbulohet-se-ku-i-kishte-fshehur-kryeterroristi-ato\/","url":"https:\/\/permbledhja.com\/sq\/rasti-radoiciq-dalin-detaje-te-reja-per-armet-zbulohet-se-ku-i-kishte-fshehur-kryeterroristi-ato\/","name":"Rasti Radoi\u00e7iq \u2013 dalin detaje t\u00eb reja p\u00ebr arm\u00ebt, zbulohet se ku i kishte fshehur kryeterroristi ato","isPartOf":{"@id":"https:\/\/permbledhja.com\/#website"},"datePublished":"2023-10-04T06:11:16+00:00","dateModified":"2023-10-04T06:11:16+00:00","breadcrumb":{"@id":"https:\/\/permbledhja.com\/sq\/rasti-radoiciq-dalin-detaje-te-reja-per-armet-zbulohet-se-ku-i-kishte-fshehur-kryeterroristi-ato\/#breadcrumb"},"inLanguage":"sq","potentialAction":[{"@type":"ReadAction","target":["https:\/\/permbledhja.com\/sq\/rasti-radoiciq-dalin-detaje-te-reja-per-armet-zbulohet-se-ku-i-kishte-fshehur-kryeterroristi-ato\/"]}]},{"@type":"BreadcrumbList","@id":"https:\/\/permbledhja.com\/sq\/rasti-radoiciq-dalin-detaje-te-reja-per-armet-zbulohet-se-ku-i-kishte-fshehur-kryeterroristi-ato\/#breadcrumb","itemListElement":[{"@type":"ListItem","position":1,"name":"Ballina","item":"https:\/\/permbledhja.com\/sq\/"},{"@type":"ListItem","position":2,"name":"Rasti Radoi\u00e7iq \u2013 dalin detaje t\u00eb reja p\u00ebr arm\u00ebt, zbulohet se ku i kishte fshehur kryeterroristi ato"}]},{"@type":"WebSite","@id":"https:\/\/permbledhja.com\/#website","url":"https:\/\/permbledhja.com\/","name":"Ve\u00e7 artikuj p\u00ebrmbledh\u00ebs","description":"","publisher":{"@id":"https:\/\/permbledhja.com\/#organization"},"potentialAction":[{"@type":"SearchAction","target":{"@type":"EntryPoint","urlTemplate":"https:\/\/permbledhja.com\/?s={search_term_string}"},"query-input":"required name=search_term_string"}],"inLanguage":"sq"},{"@type":"Organization","@id":"https:\/\/permbledhja.com\/#organization","name":"MK Media & Pr","url":"https:\/\/permbledhja.com\/","logo":{"@type":"ImageObject","inLanguage":"sq","@id":"https:\/\/permbledhja.com\/#\/schema\/logo\/image\/","url":"https:\/\/permbledhja.com\/wp-content\/uploads\/2021\/12\/07-Press-Logo.jpg","contentUrl":"https:\/\/permbledhja.com\/wp-content\/uploads\/2021\/12\/07-Press-Logo.jpg","width":512,"height":512,"caption":"MK Media & Pr"},"image":{"@id":"https:\/\/permbledhja.com\/#\/schema\/logo\/image\/"},"sameAs":["https:\/\/www.facebook.com\/press07\/"]},{"@type":"Person","@id":"https:\/\/permbledhja.com\/#\/schema\/person\/d23f13f59b5722643933d6780783acf3","name":"M M","image":{"@type":"ImageObject","inLanguage":"sq","@id":"https:\/\/permbledhja.com\/#\/schema\/person\/image\/","url":"https:\/\/secure.gravatar.com\/avatar\/e2835a76ca7c31a2416b2d51c4ec9a8f?s=96&d=mm&r=g","contentUrl":"https:\/\/secure.gravatar.com\/avatar\/e2835a76ca7c31a2416b2d51c4ec9a8f?s=96&d=mm&r=g","caption":"M M"},"sameAs":["http:\/\/MM"],"url":"https:\/\/permbledhja.com\/sq\/author\/muhamet\/"}]}},"_links":{"self":[{"href":"https:\/\/permbledhja.com\/sq\/wp-json\/wp\/v2\/posts\/29661"}],"collection":[{"href":"https:\/\/permbledhja.com\/sq\/wp-json\/wp\/v2\/posts"}],"about":[{"href":"https:\/\/permbledhja.com\/sq\/wp-json\/wp\/v2\/types\/post"}],"author":[{"embeddable":true,"href":"https:\/\/permbledhja.com\/sq\/wp-json\/wp\/v2\/users\/2"}],"replies":[{"embeddable":true,"href":"https:\/\/permbledhja.com\/sq\/wp-json\/wp\/v2\/comments?post=29661"}],"version-history":[{"count":1,"href":"https:\/\/permbledhja.com\/sq\/wp-json\/wp\/v2\/posts\/29661\/revisions"}],"predecessor-version":[{"id":29663,"href":"https:\/\/permbledhja.com\/sq\/wp-json\/wp\/v2\/posts\/29661\/revisions\/29663"}],"wp:featuredmedia":[{"embeddable":true,"href":"https:\/\/permbledhja.com\/sq\/wp-json\/wp\/v2\/media\/29662"}],"wp:attachment":[{"href":"https:\/\/permbledhja.com\/sq\/wp-json\/wp\/v2\/media?parent=29661"}],"wp:term":[{"taxonomy":"category","embeddable":true,"href":"https:\/\/permbledhja.com\/sq\/wp-json\/wp\/v2\/categories?post=29661"},{"taxonomy":"post_tag","embeddable":true,"href":"https:\/\/permbledhja.com\/sq\/wp-json\/wp\/v2\/tags?post=29661"}],"curies":[{"name":"wp","href":"https:\/\/api.w.org\/{rel}","templated":true}]}}