{"id":29642,"date":"2023-10-03T21:18:02","date_gmt":"2023-10-03T21:18:02","guid":{"rendered":"https:\/\/permbledhja.com\/?p=29642"},"modified":"2023-10-03T21:18:02","modified_gmt":"2023-10-03T21:18:02","slug":"eurodeputeti-austriak-vuciq-do-pershkallezim-njerezit-ne-kosove-jane-te-frikesuar","status":"publish","type":"post","link":"https:\/\/permbledhja.com\/sq\/eurodeputeti-austriak-vuciq-do-pershkallezim-njerezit-ne-kosove-jane-te-frikesuar\/","title":{"rendered":"Eurodeputeti austriak: Vu\u00e7iq do p\u00ebrshkall\u00ebzim, njer\u00ebzit n\u00eb Kosov\u00eb jan\u00eb t\u00eb frik\u00ebsuar"},"content":{"rendered":"<h3>Eurodeputeti austriak Lukas Mandl, ka kritikuar P\u00ebrfaq\u00ebsuesin e Lart\u00eb t\u00eb BE-s\u00eb p\u00ebr Politik\u00eb t\u00eb Jashtme, Josep Borrell bashk\u00eb me an\u00ebtar\u00ebt e tjer\u00eb t\u00eb Komisionit, t\u00eb cil\u00ebt nuk mor\u00ebn pjes\u00eb n\u00eb seanc\u00ebn e sotme n\u00eb Parlamentin Evropian.<\/h3>\n<p>Sipas Mandl, Komisioni ka d\u00ebshtuar me politik\u00ebn e vet\u00eb n\u00eb Ballkanin Per\u00ebndimor.<\/p>\n<p><em>\u201cKomisioni nuk duhet t\u2019i kthehet pun\u00ebs s\u00eb vet t\u00eb p\u00ebrditshme, sikur \u00e7do gj\u00eb \u00ebsht\u00eb n\u00eb rregull. Duhet t\u2019ia b\u00ebj\u00eb t\u00eb qart\u00eb regjimit t\u00eb Vu\u00e7iqit dhe t\u00eb gjith\u00eb t\u00eb tjer\u00ebve n\u00eb at\u00eb an\u00eb, se njer\u00ebzit n\u00eb Kosov\u00eb s\u2019mund t\u00eb provohen e duhet t\u00eb ket\u00eb deeskalim\u201d,<\/em> tha Mandl.<\/p>\n<p>M\u00eb pas, ai shtoi se kosovar\u00ebt jan\u00eb t\u00eb frik\u00ebsuar pasi sjellja e Serbis\u00eb u kujton luft\u00ebn, teksa ajo \u00e7ka d\u00ebshiron Vu\u00e7iqi \u00ebsht\u00eb vet\u00ebm p\u00ebrshkall\u00ebzimi.<\/p>\n<p><em>\u201cPas ngjarjeve t\u00eb fundit njer\u00ebzit n\u00eb Kosov\u00eb jan\u00eb t\u00eb frik\u00ebsuar. Kujtimi i luft\u00ebs dhe mizoris\u00eb \u00ebsht\u00eb i pranish\u00ebm. Me udh\u00ebheq\u00ebsit serb\u00eb, Komisioni Evropian nuk duhet t\u2019i kthehet pun\u00ebs si zakonisht. Lider\u00ebt e Kosov\u00ebs mund t\u00eb mos lejojn\u00eb t\u00eb provokohen. P\u00ebrshkall\u00ebzimi \u2013 \u00e7far\u00eb d\u00ebshiron Vu\u00e7iq. Dep\u00ebrshkall\u00ebzimi \u2013 ajo q\u00eb meriton bota\u201d<\/em> shtoi Mandl.<\/p>\n","protected":false},"excerpt":{"rendered":"<p>Eurodeputeti austriak Lukas Mandl, ka kritikuar P\u00ebrfaq\u00ebsuesin e Lart\u00eb t\u00eb BE-s\u00eb p\u00ebr Politik\u00eb t\u00eb Jashtme, Josep Borrell bashk\u00eb me an\u00ebtar\u00ebt e tjer\u00eb t\u00eb Komisionit, t\u00eb cil\u00ebt nuk mor\u00ebn pjes\u00eb n\u00eb seanc\u00ebn e sotme n\u00eb Parlamentin Evropian. Sipas Mandl, Komisioni ka d\u00ebshtuar me politik\u00ebn e vet\u00eb n\u00eb Ballkanin Per\u00ebndimor. \u201cKomisioni nuk duhet t\u2019i kthehet pun\u00ebs s\u00eb [&hellip;]<\/p>\n","protected":false},"author":1,"featured_media":21003,"comment_status":"closed","ping_status":"closed","sticky":false,"template":"","format":"standard","meta":{"_monsterinsights_skip_tracking":false,"_monsterinsights_sitenote_active":false,"_monsterinsights_sitenote_note":"","_monsterinsights_sitenote_category":0,"_uf_show_specific_survey":0,"_uf_disable_surveys":false,"footnotes":""},"categories":[23,15],"tags":[891],"yoast_head":"<!-- This site is optimized with the Yoast SEO plugin v21.5 - https:\/\/yoast.com\/wordpress\/plugins\/seo\/ -->\n<title>Eurodeputeti austriak: Vu\u00e7iq do p\u00ebrshkall\u00ebzim, njer\u00ebzit n\u00eb Kosov\u00eb jan\u00eb t\u00eb frik\u00ebsuar<\/title>\n<meta name=\"robots\" content=\"index, follow, max-snippet:-1, max-image-preview:large, max-video-preview:-1\" \/>\n<link rel=\"canonical\" href=\"https:\/\/permbledhja.com\/sq\/eurodeputeti-austriak-vuciq-do-pershkallezim-njerezit-ne-kosove-jane-te-frikesuar\/\" \/>\n<meta property=\"og:locale\" content=\"sq_AL\" \/>\n<meta property=\"og:type\" content=\"article\" \/>\n<meta property=\"og:title\" content=\"Eurodeputeti austriak: Vu\u00e7iq do p\u00ebrshkall\u00ebzim, njer\u00ebzit n\u00eb Kosov\u00eb jan\u00eb t\u00eb frik\u00ebsuar\" \/>\n<meta property=\"og:description\" content=\"Eurodeputeti austriak Lukas Mandl, ka kritikuar P\u00ebrfaq\u00ebsuesin e Lart\u00eb t\u00eb BE-s\u00eb p\u00ebr Politik\u00eb t\u00eb Jashtme, Josep Borrell bashk\u00eb me an\u00ebtar\u00ebt e tjer\u00eb t\u00eb Komisionit, t\u00eb cil\u00ebt nuk mor\u00ebn pjes\u00eb n\u00eb seanc\u00ebn e sotme n\u00eb Parlamentin Evropian. Sipas Mandl, Komisioni ka d\u00ebshtuar me politik\u00ebn e vet\u00eb n\u00eb Ballkanin Per\u00ebndimor. \u201cKomisioni nuk duhet t\u2019i kthehet pun\u00ebs s\u00eb [&hellip;]\" \/>\n<meta property=\"og:url\" content=\"https:\/\/permbledhja.com\/sq\/eurodeputeti-austriak-vuciq-do-pershkallezim-njerezit-ne-kosove-jane-te-frikesuar\/\" \/>\n<meta property=\"og:site_name\" content=\"Ve\u00e7 artikuj p\u00ebrmbledh\u00ebs\" \/>\n<meta property=\"article:publisher\" content=\"https:\/\/www.facebook.com\/press07\/\" \/>\n<meta property=\"article:author\" content=\"https:\/\/www.facebook.com\/kafexhiu.muharrem\/\" \/>\n<meta property=\"article:published_time\" content=\"2023-10-03T21:18:02+00:00\" \/>\n<meta property=\"og:image\" content=\"https:\/\/permbledhja.com\/wp-content\/uploads\/2023\/07\/Lukas-Mandl-Plenum_Fotos-EP-3-e1690532565530.jpg\" \/>\n\t<meta property=\"og:image:width\" content=\"1015\" \/>\n\t<meta property=\"og:image:height\" content=\"531\" \/>\n\t<meta property=\"og:image:type\" content=\"image\/jpeg\" \/>\n<meta name=\"author\" content=\"P\u00ebrmbledhja\" \/>\n<meta name=\"twitter:card\" content=\"summary_large_image\" \/>\n<meta name=\"twitter:label1\" content=\"Written by\" \/>\n\t<meta name=\"twitter:data1\" content=\"P\u00ebrmbledhja\" \/>\n\t<meta name=\"twitter:label2\" content=\"Est. reading time\" \/>\n\t<meta name=\"twitter:data2\" content=\"1 minut\u00eb\" \/>\n<script type=\"application\/ld+json\" class=\"yoast-schema-graph\">{\"@context\":\"https:\/\/schema.org\",\"@graph\":[{\"@type\":\"Article\",\"@id\":\"https:\/\/permbledhja.com\/eurodeputeti-austriak-vuciq-do-pershkallezim-njerezit-ne-kosove-jane-te-frikesuar\/#article\",\"isPartOf\":{\"@id\":\"https:\/\/permbledhja.com\/eurodeputeti-austriak-vuciq-do-pershkallezim-njerezit-ne-kosove-jane-te-frikesuar\/\"},\"author\":{\"name\":\"P\u00ebrmbledhja\",\"@id\":\"https:\/\/permbledhja.com\/#\/schema\/person\/0d064377258d3221e50693947b9eb4fe\"},\"headline\":\"Eurodeputeti austriak: Vu\u00e7iq do p\u00ebrshkall\u00ebzim, njer\u00ebzit n\u00eb Kosov\u00eb jan\u00eb t\u00eb frik\u00ebsuar\",\"datePublished\":\"2023-10-03T21:18:02+00:00\",\"dateModified\":\"2023-10-03T21:18:02+00:00\",\"mainEntityOfPage\":{\"@id\":\"https:\/\/permbledhja.com\/eurodeputeti-austriak-vuciq-do-pershkallezim-njerezit-ne-kosove-jane-te-frikesuar\/\"},\"wordCount\":228,\"publisher\":{\"@id\":\"https:\/\/permbledhja.com\/#organization\"},\"keywords\":[\"Mandl\"],\"articleSection\":[\"Komb\u00ebtare\",\"Lajme\"],\"inLanguage\":\"sq\"},{\"@type\":\"WebPage\",\"@id\":\"https:\/\/permbledhja.com\/eurodeputeti-austriak-vuciq-do-pershkallezim-njerezit-ne-kosove-jane-te-frikesuar\/\",\"url\":\"https:\/\/permbledhja.com\/eurodeputeti-austriak-vuciq-do-pershkallezim-njerezit-ne-kosove-jane-te-frikesuar\/\",\"name\":\"Eurodeputeti austriak: Vu\u00e7iq do p\u00ebrshkall\u00ebzim, njer\u00ebzit n\u00eb Kosov\u00eb jan\u00eb t\u00eb frik\u00ebsuar\",\"isPartOf\":{\"@id\":\"https:\/\/permbledhja.com\/#website\"},\"datePublished\":\"2023-10-03T21:18:02+00:00\",\"dateModified\":\"2023-10-03T21:18:02+00:00\",\"breadcrumb\":{\"@id\":\"https:\/\/permbledhja.com\/eurodeputeti-austriak-vuciq-do-pershkallezim-njerezit-ne-kosove-jane-te-frikesuar\/#breadcrumb\"},\"inLanguage\":\"sq\",\"potentialAction\":[{\"@type\":\"ReadAction\",\"target\":[\"https:\/\/permbledhja.com\/eurodeputeti-austriak-vuciq-do-pershkallezim-njerezit-ne-kosove-jane-te-frikesuar\/\"]}]},{\"@type\":\"BreadcrumbList\",\"@id\":\"https:\/\/permbledhja.com\/eurodeputeti-austriak-vuciq-do-pershkallezim-njerezit-ne-kosove-jane-te-frikesuar\/#breadcrumb\",\"itemListElement\":[{\"@type\":\"ListItem\",\"position\":1,\"name\":\"Ballina\",\"item\":\"https:\/\/permbledhja.com\/sq\/\"},{\"@type\":\"ListItem\",\"position\":2,\"name\":\"Eurodeputeti austriak: Vu\u00e7iq do p\u00ebrshkall\u00ebzim, njer\u00ebzit n\u00eb Kosov\u00eb jan\u00eb t\u00eb frik\u00ebsuar\"}]},{\"@type\":\"WebSite\",\"@id\":\"https:\/\/permbledhja.com\/#website\",\"url\":\"https:\/\/permbledhja.com\/\",\"name\":\"Ve\u00e7 artikuj p\u00ebrmbledh\u00ebs\",\"description\":\"\",\"publisher\":{\"@id\":\"https:\/\/permbledhja.com\/#organization\"},\"potentialAction\":[{\"@type\":\"SearchAction\",\"target\":{\"@type\":\"EntryPoint\",\"urlTemplate\":\"https:\/\/permbledhja.com\/?s={search_term_string}\"},\"query-input\":\"required name=search_term_string\"}],\"inLanguage\":\"sq\"},{\"@type\":\"Organization\",\"@id\":\"https:\/\/permbledhja.com\/#organization\",\"name\":\"MK Media & Pr\",\"url\":\"https:\/\/permbledhja.com\/\",\"logo\":{\"@type\":\"ImageObject\",\"inLanguage\":\"sq\",\"@id\":\"https:\/\/permbledhja.com\/#\/schema\/logo\/image\/\",\"url\":\"https:\/\/permbledhja.com\/wp-content\/uploads\/2021\/12\/07-Press-Logo.jpg\",\"contentUrl\":\"https:\/\/permbledhja.com\/wp-content\/uploads\/2021\/12\/07-Press-Logo.jpg\",\"width\":512,\"height\":512,\"caption\":\"MK Media & Pr\"},\"image\":{\"@id\":\"https:\/\/permbledhja.com\/#\/schema\/logo\/image\/\"},\"sameAs\":[\"https:\/\/www.facebook.com\/press07\/\"]},{\"@type\":\"Person\",\"@id\":\"https:\/\/permbledhja.com\/#\/schema\/person\/0d064377258d3221e50693947b9eb4fe\",\"name\":\"P\u00ebrmbledhja\",\"image\":{\"@type\":\"ImageObject\",\"inLanguage\":\"sq\",\"@id\":\"https:\/\/permbledhja.com\/#\/schema\/person\/image\/\",\"url\":\"https:\/\/permbledhja.com\/wp-content\/uploads\/2026\/01\/452004717_1040944174702970_8932037511805513407_n-96x96.jpg\",\"contentUrl\":\"https:\/\/permbledhja.com\/wp-content\/uploads\/2026\/01\/452004717_1040944174702970_8932037511805513407_n-96x96.jpg\",\"caption\":\"P\u00ebrmbledhja\"},\"sameAs\":[\"https:\/\/www.facebook.com\/kafexhiu.muharrem\/\",\"https:\/\/www.instagram.com\/muharrem_kafexhiu\/\"],\"url\":\"https:\/\/permbledhja.com\/sq\/author\/admin\/\"}]}<\/script>\n<!-- \/ Yoast SEO plugin. -->","yoast_head_json":{"title":"Eurodeputeti austriak: Vu\u00e7iq do p\u00ebrshkall\u00ebzim, njer\u00ebzit n\u00eb Kosov\u00eb jan\u00eb t\u00eb frik\u00ebsuar","robots":{"index":"index","follow":"follow","max-snippet":"max-snippet:-1","max-image-preview":"max-image-preview:large","max-video-preview":"max-video-preview:-1"},"canonical":"https:\/\/permbledhja.com\/sq\/eurodeputeti-austriak-vuciq-do-pershkallezim-njerezit-ne-kosove-jane-te-frikesuar\/","og_locale":"sq_AL","og_type":"article","og_title":"Eurodeputeti austriak: Vu\u00e7iq do p\u00ebrshkall\u00ebzim, njer\u00ebzit n\u00eb Kosov\u00eb jan\u00eb t\u00eb frik\u00ebsuar","og_description":"Eurodeputeti austriak Lukas Mandl, ka kritikuar P\u00ebrfaq\u00ebsuesin e Lart\u00eb t\u00eb BE-s\u00eb p\u00ebr Politik\u00eb t\u00eb Jashtme, Josep Borrell bashk\u00eb me an\u00ebtar\u00ebt e tjer\u00eb t\u00eb Komisionit, t\u00eb cil\u00ebt nuk mor\u00ebn pjes\u00eb n\u00eb seanc\u00ebn e sotme n\u00eb Parlamentin Evropian. Sipas Mandl, Komisioni ka d\u00ebshtuar me politik\u00ebn e vet\u00eb n\u00eb Ballkanin Per\u00ebndimor. \u201cKomisioni nuk duhet t\u2019i kthehet pun\u00ebs s\u00eb [&hellip;]","og_url":"https:\/\/permbledhja.com\/sq\/eurodeputeti-austriak-vuciq-do-pershkallezim-njerezit-ne-kosove-jane-te-frikesuar\/","og_site_name":"Ve\u00e7 artikuj p\u00ebrmbledh\u00ebs","article_publisher":"https:\/\/www.facebook.com\/press07\/","article_author":"https:\/\/www.facebook.com\/kafexhiu.muharrem\/","article_published_time":"2023-10-03T21:18:02+00:00","og_image":[{"width":1015,"height":531,"url":"https:\/\/permbledhja.com\/wp-content\/uploads\/2023\/07\/Lukas-Mandl-Plenum_Fotos-EP-3-e1690532565530.jpg","type":"image\/jpeg"}],"author":"P\u00ebrmbledhja","twitter_card":"summary_large_image","twitter_misc":{"Written by":"P\u00ebrmbledhja","Est. reading time":"1 minut\u00eb"},"schema":{"@context":"https:\/\/schema.org","@graph":[{"@type":"Article","@id":"https:\/\/permbledhja.com\/eurodeputeti-austriak-vuciq-do-pershkallezim-njerezit-ne-kosove-jane-te-frikesuar\/#article","isPartOf":{"@id":"https:\/\/permbledhja.com\/eurodeputeti-austriak-vuciq-do-pershkallezim-njerezit-ne-kosove-jane-te-frikesuar\/"},"author":{"name":"P\u00ebrmbledhja","@id":"https:\/\/permbledhja.com\/#\/schema\/person\/0d064377258d3221e50693947b9eb4fe"},"headline":"Eurodeputeti austriak: Vu\u00e7iq do p\u00ebrshkall\u00ebzim, njer\u00ebzit n\u00eb Kosov\u00eb jan\u00eb t\u00eb frik\u00ebsuar","datePublished":"2023-10-03T21:18:02+00:00","dateModified":"2023-10-03T21:18:02+00:00","mainEntityOfPage":{"@id":"https:\/\/permbledhja.com\/eurodeputeti-austriak-vuciq-do-pershkallezim-njerezit-ne-kosove-jane-te-frikesuar\/"},"wordCount":228,"publisher":{"@id":"https:\/\/permbledhja.com\/#organization"},"keywords":["Mandl"],"articleSection":["Komb\u00ebtare","Lajme"],"inLanguage":"sq"},{"@type":"WebPage","@id":"https:\/\/permbledhja.com\/eurodeputeti-austriak-vuciq-do-pershkallezim-njerezit-ne-kosove-jane-te-frikesuar\/","url":"https:\/\/permbledhja.com\/eurodeputeti-austriak-vuciq-do-pershkallezim-njerezit-ne-kosove-jane-te-frikesuar\/","name":"Eurodeputeti austriak: Vu\u00e7iq do p\u00ebrshkall\u00ebzim, njer\u00ebzit n\u00eb Kosov\u00eb jan\u00eb t\u00eb frik\u00ebsuar","isPartOf":{"@id":"https:\/\/permbledhja.com\/#website"},"datePublished":"2023-10-03T21:18:02+00:00","dateModified":"2023-10-03T21:18:02+00:00","breadcrumb":{"@id":"https:\/\/permbledhja.com\/eurodeputeti-austriak-vuciq-do-pershkallezim-njerezit-ne-kosove-jane-te-frikesuar\/#breadcrumb"},"inLanguage":"sq","potentialAction":[{"@type":"ReadAction","target":["https:\/\/permbledhja.com\/eurodeputeti-austriak-vuciq-do-pershkallezim-njerezit-ne-kosove-jane-te-frikesuar\/"]}]},{"@type":"BreadcrumbList","@id":"https:\/\/permbledhja.com\/eurodeputeti-austriak-vuciq-do-pershkallezim-njerezit-ne-kosove-jane-te-frikesuar\/#breadcrumb","itemListElement":[{"@type":"ListItem","position":1,"name":"Ballina","item":"https:\/\/permbledhja.com\/sq\/"},{"@type":"ListItem","position":2,"name":"Eurodeputeti austriak: Vu\u00e7iq do p\u00ebrshkall\u00ebzim, njer\u00ebzit n\u00eb Kosov\u00eb jan\u00eb t\u00eb frik\u00ebsuar"}]},{"@type":"WebSite","@id":"https:\/\/permbledhja.com\/#website","url":"https:\/\/permbledhja.com\/","name":"Ve\u00e7 artikuj p\u00ebrmbledh\u00ebs","description":"","publisher":{"@id":"https:\/\/permbledhja.com\/#organization"},"potentialAction":[{"@type":"SearchAction","target":{"@type":"EntryPoint","urlTemplate":"https:\/\/permbledhja.com\/?s={search_term_string}"},"query-input":"required name=search_term_string"}],"inLanguage":"sq"},{"@type":"Organization","@id":"https:\/\/permbledhja.com\/#organization","name":"MK Media & Pr","url":"https:\/\/permbledhja.com\/","logo":{"@type":"ImageObject","inLanguage":"sq","@id":"https:\/\/permbledhja.com\/#\/schema\/logo\/image\/","url":"https:\/\/permbledhja.com\/wp-content\/uploads\/2021\/12\/07-Press-Logo.jpg","contentUrl":"https:\/\/permbledhja.com\/wp-content\/uploads\/2021\/12\/07-Press-Logo.jpg","width":512,"height":512,"caption":"MK Media & Pr"},"image":{"@id":"https:\/\/permbledhja.com\/#\/schema\/logo\/image\/"},"sameAs":["https:\/\/www.facebook.com\/press07\/"]},{"@type":"Person","@id":"https:\/\/permbledhja.com\/#\/schema\/person\/0d064377258d3221e50693947b9eb4fe","name":"P\u00ebrmbledhja","image":{"@type":"ImageObject","inLanguage":"sq","@id":"https:\/\/permbledhja.com\/#\/schema\/person\/image\/","url":"https:\/\/permbledhja.com\/wp-content\/uploads\/2026\/01\/452004717_1040944174702970_8932037511805513407_n-96x96.jpg","contentUrl":"https:\/\/permbledhja.com\/wp-content\/uploads\/2026\/01\/452004717_1040944174702970_8932037511805513407_n-96x96.jpg","caption":"P\u00ebrmbledhja"},"sameAs":["https:\/\/www.facebook.com\/kafexhiu.muharrem\/","https:\/\/www.instagram.com\/muharrem_kafexhiu\/"],"url":"https:\/\/permbledhja.com\/sq\/author\/admin\/"}]}},"_links":{"self":[{"href":"https:\/\/permbledhja.com\/sq\/wp-json\/wp\/v2\/posts\/29642"}],"collection":[{"href":"https:\/\/permbledhja.com\/sq\/wp-json\/wp\/v2\/posts"}],"about":[{"href":"https:\/\/permbledhja.com\/sq\/wp-json\/wp\/v2\/types\/post"}],"author":[{"embeddable":true,"href":"https:\/\/permbledhja.com\/sq\/wp-json\/wp\/v2\/users\/1"}],"replies":[{"embeddable":true,"href":"https:\/\/permbledhja.com\/sq\/wp-json\/wp\/v2\/comments?post=29642"}],"version-history":[{"count":1,"href":"https:\/\/permbledhja.com\/sq\/wp-json\/wp\/v2\/posts\/29642\/revisions"}],"predecessor-version":[{"id":29643,"href":"https:\/\/permbledhja.com\/sq\/wp-json\/wp\/v2\/posts\/29642\/revisions\/29643"}],"wp:featuredmedia":[{"embeddable":true,"href":"https:\/\/permbledhja.com\/sq\/wp-json\/wp\/v2\/media\/21003"}],"wp:attachment":[{"href":"https:\/\/permbledhja.com\/sq\/wp-json\/wp\/v2\/media?parent=29642"}],"wp:term":[{"taxonomy":"category","embeddable":true,"href":"https:\/\/permbledhja.com\/sq\/wp-json\/wp\/v2\/categories?post=29642"},{"taxonomy":"post_tag","embeddable":true,"href":"https:\/\/permbledhja.com\/sq\/wp-json\/wp\/v2\/tags?post=29642"}],"curies":[{"name":"wp","href":"https:\/\/api.w.org\/{rel}","templated":true}]}}