{"id":29638,"date":"2023-10-03T21:04:19","date_gmt":"2023-10-03T21:04:19","guid":{"rendered":"https:\/\/permbledhja.com\/?p=29638"},"modified":"2023-10-03T21:04:27","modified_gmt":"2023-10-03T21:04:27","slug":"per-vite-me-radhe-euro-deputetja-holandeze-kritika-vuciqit-e-mosndeshkimit-ndaj-tij-minoi-stabilitetin-ne-ballkan","status":"publish","type":"post","link":"https:\/\/permbledhja.com\/sq\/per-vite-me-radhe-euro-deputetja-holandeze-kritika-vuciqit-e-mosndeshkimit-ndaj-tij-minoi-stabilitetin-ne-ballkan\/","title":{"rendered":"\u201cP\u00ebr vite me radh\u00eb\u201d, euro-deputetja holandeze kritika Vu\u00e7iqit e mosnd\u00ebshkimit ndaj tij: Minoi stabilitetin n\u00eb Ballkan"},"content":{"rendered":"<h3>Eurodeputetja holandeze Tineke Strik, ka hedhur kritika t\u00eb ashpra ndaj Serbis\u00eb p\u00ebr sulmin terrorist n\u00eb veri t\u00eb Kosov\u00ebs.<\/h3>\n<div class=\"code-block code-block-43 code-block-pas-paragrafit-2t-inarticle\">\n<div>\n<p>Para deputet\u00ebve t\u00eb Parlamentit Evropian, Strik tha se Vu\u00e7iq m\u00eb vite n\u00eb heshtje \u00ebsht\u00eb lejuar ta minoj\u00eb stabilitetin n\u00eb rajon.<\/p>\n<p>K\u00ebt\u00eb shton ajo e b\u00ebjn\u00eb autokrat\u00ebt sikur Vu\u00e7iq kur kan\u00eb mosnd\u00ebshkueshm\u00ebri.<\/p>\n<p><em>\u201cT\u00eb gjith\u00eb ishim t\u00eb shokuar kur nj\u00eb band\u00eb serbe e armatosur r\u00ebnd\u00eb me lidhje t\u00eb forta n\u00eb dukje me qeverin\u00eb serbe, u fut n\u00eb Kosov\u00eb dhe vrau brutalisht nj\u00eb oficer policie. T\u00eb tronditur, por jo t\u00eb befasuar\u201d.<\/em><\/p>\n<p><em>\u201cPasi k\u00ebtu t\u00eb \u00e7on strategjia e k\u00ebnaqjes t\u00eb cilin e aplikon Bashkimi Evropian. Me vite ne n\u00eb heshtje kemi lejuar Vu\u00e7iqin ta minoj\u00eb stabilitetin n\u00eb rajon, t\u00eb mbetet p\u00ebrkrah\u00ebs i Kremlinit, t\u2019i shkat\u00ebrroj\u00eb t\u00eb drejtat e minoriteteve n\u00eb vendin e vet\u00eb. Ne e trajtojm\u00eb at\u00eb si mik, duke e nxitur t\u00eb shkoj\u00eb edhe m\u00eb larg. K\u00ebt\u00eb b\u00ebjn\u00eb autokrat\u00ebt kur kan\u00eb mosnd\u00ebshkueshm\u00ebri. \u00cbsht\u00eb dashur ta m\u00ebsojm\u00eb m\u00ebsimin me Putinin\u201d<\/em>, u shpreh ajo.<\/p>\n<p>Eurodeputetja theksoi se pas ngjarjeve t\u00eb fundit n\u00eb veri, \u00ebsht\u00eb koha q\u00eb lider\u00ebt e BE-s\u00eb t\u00eb zgjohen.<\/p>\n<p>\u201cSituata e siguris\u00eb n\u00eb Ballkan \u00ebsht\u00eb mjaft e rrezikshme\u201d, tha Strik.<\/p>\n<blockquote class=\"twitter-tweet\">\n<p dir=\"ltr\" lang=\"en\">Dutch Member of European Parliament, Strik:<\/p>\n<p>&#8220;We were all shocked when a heavily-armed Serbian gang with seemingly strong links to the government, invaded Kosovo and brutally killed a police officer.<\/p>\n<p>Shocked, but not surprised, because this is what EU appeasement leads to.&#8221; <a href=\"https:\/\/t.co\/cfpdfnYaQo\">pic.twitter.com\/cfpdfnYaQo<\/a><\/p>\n<p>\u2014 Admirim (@admirim) <a href=\"https:\/\/twitter.com\/admirim\/status\/1709277447370187077?ref_src=twsrc%5Etfw\">October 3, 2023<\/a><\/p><\/blockquote>\n<p><script src=\"https:\/\/platform.twitter.com\/widgets.js\" async=\"\" charset=\"utf-8\"><\/script><\/p>\n<\/div>\n<\/div>\n","protected":false},"excerpt":{"rendered":"<p>Eurodeputetja holandeze Tineke Strik, ka hedhur kritika t\u00eb ashpra ndaj Serbis\u00eb p\u00ebr sulmin terrorist n\u00eb veri t\u00eb Kosov\u00ebs. Para deputet\u00ebve t\u00eb Parlamentit Evropian, Strik tha se Vu\u00e7iq m\u00eb vite n\u00eb heshtje \u00ebsht\u00eb lejuar ta minoj\u00eb stabilitetin n\u00eb rajon. K\u00ebt\u00eb shton ajo e b\u00ebjn\u00eb autokrat\u00ebt sikur Vu\u00e7iq kur kan\u00eb mosnd\u00ebshkueshm\u00ebri. \u201cT\u00eb gjith\u00eb ishim t\u00eb shokuar kur [&hellip;]<\/p>\n","protected":false},"author":1,"featured_media":29639,"comment_status":"closed","ping_status":"closed","sticky":false,"template":"","format":"standard","meta":{"_monsterinsights_skip_tracking":false,"_monsterinsights_sitenote_active":false,"_monsterinsights_sitenote_note":"","_monsterinsights_sitenote_category":0,"_uf_show_specific_survey":0,"_uf_disable_surveys":false,"footnotes":""},"categories":[23,15],"tags":[366],"yoast_head":"<!-- This site is optimized with the Yoast SEO plugin v21.5 - https:\/\/yoast.com\/wordpress\/plugins\/seo\/ -->\n<title>\u201cP\u00ebr vite me radh\u00eb\u201d, euro-deputetja holandeze kritika Vu\u00e7iqit e mosnd\u00ebshkimit ndaj tij: Minoi stabilitetin n\u00eb Ballkan<\/title>\n<meta name=\"robots\" content=\"index, follow, max-snippet:-1, max-image-preview:large, max-video-preview:-1\" \/>\n<link rel=\"canonical\" href=\"https:\/\/permbledhja.com\/sq\/per-vite-me-radhe-euro-deputetja-holandeze-kritika-vuciqit-e-mosndeshkimit-ndaj-tij-minoi-stabilitetin-ne-ballkan\/\" \/>\n<meta property=\"og:locale\" content=\"sq_AL\" \/>\n<meta property=\"og:type\" content=\"article\" \/>\n<meta property=\"og:title\" content=\"\u201cP\u00ebr vite me radh\u00eb\u201d, euro-deputetja holandeze kritika Vu\u00e7iqit e mosnd\u00ebshkimit ndaj tij: Minoi stabilitetin n\u00eb Ballkan\" \/>\n<meta property=\"og:description\" content=\"Eurodeputetja holandeze Tineke Strik, ka hedhur kritika t\u00eb ashpra ndaj Serbis\u00eb p\u00ebr sulmin terrorist n\u00eb veri t\u00eb Kosov\u00ebs. Para deputet\u00ebve t\u00eb Parlamentit Evropian, Strik tha se Vu\u00e7iq m\u00eb vite n\u00eb heshtje \u00ebsht\u00eb lejuar ta minoj\u00eb stabilitetin n\u00eb rajon. K\u00ebt\u00eb shton ajo e b\u00ebjn\u00eb autokrat\u00ebt sikur Vu\u00e7iq kur kan\u00eb mosnd\u00ebshkueshm\u00ebri. \u201cT\u00eb gjith\u00eb ishim t\u00eb shokuar kur [&hellip;]\" \/>\n<meta property=\"og:url\" content=\"https:\/\/permbledhja.com\/sq\/per-vite-me-radhe-euro-deputetja-holandeze-kritika-vuciqit-e-mosndeshkimit-ndaj-tij-minoi-stabilitetin-ne-ballkan\/\" \/>\n<meta property=\"og:site_name\" content=\"Ve\u00e7 artikuj p\u00ebrmbledh\u00ebs\" \/>\n<meta property=\"article:publisher\" content=\"https:\/\/www.facebook.com\/press07\/\" \/>\n<meta property=\"article:author\" content=\"https:\/\/www.facebook.com\/kafexhiu.muharrem\/\" \/>\n<meta property=\"article:published_time\" content=\"2023-10-03T21:04:19+00:00\" \/>\n<meta property=\"article:modified_time\" content=\"2023-10-03T21:04:27+00:00\" \/>\n<meta property=\"og:image\" content=\"https:\/\/permbledhja.com\/wp-content\/uploads\/2023\/10\/FNWGfTJWUAUH1W0-scaled.jpg\" \/>\n\t<meta property=\"og:image:width\" content=\"2560\" \/>\n\t<meta property=\"og:image:height\" content=\"1707\" \/>\n\t<meta property=\"og:image:type\" content=\"image\/jpeg\" \/>\n<meta name=\"author\" content=\"P\u00ebrmbledhja\" \/>\n<meta name=\"twitter:card\" content=\"summary_large_image\" \/>\n<meta name=\"twitter:label1\" content=\"Written by\" \/>\n\t<meta name=\"twitter:data1\" content=\"P\u00ebrmbledhja\" \/>\n\t<meta name=\"twitter:label2\" content=\"Est. reading time\" \/>\n\t<meta name=\"twitter:data2\" content=\"1 minut\u00eb\" \/>\n<script type=\"application\/ld+json\" class=\"yoast-schema-graph\">{\"@context\":\"https:\/\/schema.org\",\"@graph\":[{\"@type\":\"Article\",\"@id\":\"https:\/\/permbledhja.com\/per-vite-me-radhe-euro-deputetja-holandeze-kritika-vuciqit-e-mosndeshkimit-ndaj-tij-minoi-stabilitetin-ne-ballkan\/#article\",\"isPartOf\":{\"@id\":\"https:\/\/permbledhja.com\/per-vite-me-radhe-euro-deputetja-holandeze-kritika-vuciqit-e-mosndeshkimit-ndaj-tij-minoi-stabilitetin-ne-ballkan\/\"},\"author\":{\"name\":\"P\u00ebrmbledhja\",\"@id\":\"https:\/\/permbledhja.com\/#\/schema\/person\/0d064377258d3221e50693947b9eb4fe\"},\"headline\":\"\u201cP\u00ebr vite me radh\u00eb\u201d, euro-deputetja holandeze kritika Vu\u00e7iqit e mosnd\u00ebshkimit ndaj tij: Minoi stabilitetin n\u00eb Ballkan\",\"datePublished\":\"2023-10-03T21:04:19+00:00\",\"dateModified\":\"2023-10-03T21:04:27+00:00\",\"mainEntityOfPage\":{\"@id\":\"https:\/\/permbledhja.com\/per-vite-me-radhe-euro-deputetja-holandeze-kritika-vuciqit-e-mosndeshkimit-ndaj-tij-minoi-stabilitetin-ne-ballkan\/\"},\"wordCount\":279,\"publisher\":{\"@id\":\"https:\/\/permbledhja.com\/#organization\"},\"keywords\":[\"Vu\u00e7iq\"],\"articleSection\":[\"Komb\u00ebtare\",\"Lajme\"],\"inLanguage\":\"sq\"},{\"@type\":\"WebPage\",\"@id\":\"https:\/\/permbledhja.com\/per-vite-me-radhe-euro-deputetja-holandeze-kritika-vuciqit-e-mosndeshkimit-ndaj-tij-minoi-stabilitetin-ne-ballkan\/\",\"url\":\"https:\/\/permbledhja.com\/per-vite-me-radhe-euro-deputetja-holandeze-kritika-vuciqit-e-mosndeshkimit-ndaj-tij-minoi-stabilitetin-ne-ballkan\/\",\"name\":\"\u201cP\u00ebr vite me radh\u00eb\u201d, euro-deputetja holandeze kritika Vu\u00e7iqit e mosnd\u00ebshkimit ndaj tij: Minoi stabilitetin n\u00eb Ballkan\",\"isPartOf\":{\"@id\":\"https:\/\/permbledhja.com\/#website\"},\"datePublished\":\"2023-10-03T21:04:19+00:00\",\"dateModified\":\"2023-10-03T21:04:27+00:00\",\"breadcrumb\":{\"@id\":\"https:\/\/permbledhja.com\/per-vite-me-radhe-euro-deputetja-holandeze-kritika-vuciqit-e-mosndeshkimit-ndaj-tij-minoi-stabilitetin-ne-ballkan\/#breadcrumb\"},\"inLanguage\":\"sq\",\"potentialAction\":[{\"@type\":\"ReadAction\",\"target\":[\"https:\/\/permbledhja.com\/per-vite-me-radhe-euro-deputetja-holandeze-kritika-vuciqit-e-mosndeshkimit-ndaj-tij-minoi-stabilitetin-ne-ballkan\/\"]}]},{\"@type\":\"BreadcrumbList\",\"@id\":\"https:\/\/permbledhja.com\/per-vite-me-radhe-euro-deputetja-holandeze-kritika-vuciqit-e-mosndeshkimit-ndaj-tij-minoi-stabilitetin-ne-ballkan\/#breadcrumb\",\"itemListElement\":[{\"@type\":\"ListItem\",\"position\":1,\"name\":\"Ballina\",\"item\":\"https:\/\/permbledhja.com\/sq\/\"},{\"@type\":\"ListItem\",\"position\":2,\"name\":\"\u201cP\u00ebr vite me radh\u00eb\u201d, euro-deputetja holandeze kritika Vu\u00e7iqit e mosnd\u00ebshkimit ndaj tij: Minoi stabilitetin n\u00eb Ballkan\"}]},{\"@type\":\"WebSite\",\"@id\":\"https:\/\/permbledhja.com\/#website\",\"url\":\"https:\/\/permbledhja.com\/\",\"name\":\"Ve\u00e7 artikuj p\u00ebrmbledh\u00ebs\",\"description\":\"\",\"publisher\":{\"@id\":\"https:\/\/permbledhja.com\/#organization\"},\"potentialAction\":[{\"@type\":\"SearchAction\",\"target\":{\"@type\":\"EntryPoint\",\"urlTemplate\":\"https:\/\/permbledhja.com\/?s={search_term_string}\"},\"query-input\":\"required name=search_term_string\"}],\"inLanguage\":\"sq\"},{\"@type\":\"Organization\",\"@id\":\"https:\/\/permbledhja.com\/#organization\",\"name\":\"MK Media & Pr\",\"url\":\"https:\/\/permbledhja.com\/\",\"logo\":{\"@type\":\"ImageObject\",\"inLanguage\":\"sq\",\"@id\":\"https:\/\/permbledhja.com\/#\/schema\/logo\/image\/\",\"url\":\"https:\/\/permbledhja.com\/wp-content\/uploads\/2021\/12\/07-Press-Logo.jpg\",\"contentUrl\":\"https:\/\/permbledhja.com\/wp-content\/uploads\/2021\/12\/07-Press-Logo.jpg\",\"width\":512,\"height\":512,\"caption\":\"MK Media & Pr\"},\"image\":{\"@id\":\"https:\/\/permbledhja.com\/#\/schema\/logo\/image\/\"},\"sameAs\":[\"https:\/\/www.facebook.com\/press07\/\"]},{\"@type\":\"Person\",\"@id\":\"https:\/\/permbledhja.com\/#\/schema\/person\/0d064377258d3221e50693947b9eb4fe\",\"name\":\"P\u00ebrmbledhja\",\"image\":{\"@type\":\"ImageObject\",\"inLanguage\":\"sq\",\"@id\":\"https:\/\/permbledhja.com\/#\/schema\/person\/image\/\",\"url\":\"https:\/\/permbledhja.com\/wp-content\/uploads\/2026\/01\/452004717_1040944174702970_8932037511805513407_n-96x96.jpg\",\"contentUrl\":\"https:\/\/permbledhja.com\/wp-content\/uploads\/2026\/01\/452004717_1040944174702970_8932037511805513407_n-96x96.jpg\",\"caption\":\"P\u00ebrmbledhja\"},\"sameAs\":[\"https:\/\/www.facebook.com\/kafexhiu.muharrem\/\",\"https:\/\/www.instagram.com\/muharrem_kafexhiu\/\"],\"url\":\"https:\/\/permbledhja.com\/sq\/author\/admin\/\"}]}<\/script>\n<!-- \/ Yoast SEO plugin. -->","yoast_head_json":{"title":"\u201cP\u00ebr vite me radh\u00eb\u201d, euro-deputetja holandeze kritika Vu\u00e7iqit e mosnd\u00ebshkimit ndaj tij: Minoi stabilitetin n\u00eb Ballkan","robots":{"index":"index","follow":"follow","max-snippet":"max-snippet:-1","max-image-preview":"max-image-preview:large","max-video-preview":"max-video-preview:-1"},"canonical":"https:\/\/permbledhja.com\/sq\/per-vite-me-radhe-euro-deputetja-holandeze-kritika-vuciqit-e-mosndeshkimit-ndaj-tij-minoi-stabilitetin-ne-ballkan\/","og_locale":"sq_AL","og_type":"article","og_title":"\u201cP\u00ebr vite me radh\u00eb\u201d, euro-deputetja holandeze kritika Vu\u00e7iqit e mosnd\u00ebshkimit ndaj tij: Minoi stabilitetin n\u00eb Ballkan","og_description":"Eurodeputetja holandeze Tineke Strik, ka hedhur kritika t\u00eb ashpra ndaj Serbis\u00eb p\u00ebr sulmin terrorist n\u00eb veri t\u00eb Kosov\u00ebs. Para deputet\u00ebve t\u00eb Parlamentit Evropian, Strik tha se Vu\u00e7iq m\u00eb vite n\u00eb heshtje \u00ebsht\u00eb lejuar ta minoj\u00eb stabilitetin n\u00eb rajon. K\u00ebt\u00eb shton ajo e b\u00ebjn\u00eb autokrat\u00ebt sikur Vu\u00e7iq kur kan\u00eb mosnd\u00ebshkueshm\u00ebri. \u201cT\u00eb gjith\u00eb ishim t\u00eb shokuar kur [&hellip;]","og_url":"https:\/\/permbledhja.com\/sq\/per-vite-me-radhe-euro-deputetja-holandeze-kritika-vuciqit-e-mosndeshkimit-ndaj-tij-minoi-stabilitetin-ne-ballkan\/","og_site_name":"Ve\u00e7 artikuj p\u00ebrmbledh\u00ebs","article_publisher":"https:\/\/www.facebook.com\/press07\/","article_author":"https:\/\/www.facebook.com\/kafexhiu.muharrem\/","article_published_time":"2023-10-03T21:04:19+00:00","article_modified_time":"2023-10-03T21:04:27+00:00","og_image":[{"width":2560,"height":1707,"url":"https:\/\/permbledhja.com\/wp-content\/uploads\/2023\/10\/FNWGfTJWUAUH1W0-scaled.jpg","type":"image\/jpeg"}],"author":"P\u00ebrmbledhja","twitter_card":"summary_large_image","twitter_misc":{"Written by":"P\u00ebrmbledhja","Est. reading time":"1 minut\u00eb"},"schema":{"@context":"https:\/\/schema.org","@graph":[{"@type":"Article","@id":"https:\/\/permbledhja.com\/per-vite-me-radhe-euro-deputetja-holandeze-kritika-vuciqit-e-mosndeshkimit-ndaj-tij-minoi-stabilitetin-ne-ballkan\/#article","isPartOf":{"@id":"https:\/\/permbledhja.com\/per-vite-me-radhe-euro-deputetja-holandeze-kritika-vuciqit-e-mosndeshkimit-ndaj-tij-minoi-stabilitetin-ne-ballkan\/"},"author":{"name":"P\u00ebrmbledhja","@id":"https:\/\/permbledhja.com\/#\/schema\/person\/0d064377258d3221e50693947b9eb4fe"},"headline":"\u201cP\u00ebr vite me radh\u00eb\u201d, euro-deputetja holandeze kritika Vu\u00e7iqit e mosnd\u00ebshkimit ndaj tij: Minoi stabilitetin n\u00eb Ballkan","datePublished":"2023-10-03T21:04:19+00:00","dateModified":"2023-10-03T21:04:27+00:00","mainEntityOfPage":{"@id":"https:\/\/permbledhja.com\/per-vite-me-radhe-euro-deputetja-holandeze-kritika-vuciqit-e-mosndeshkimit-ndaj-tij-minoi-stabilitetin-ne-ballkan\/"},"wordCount":279,"publisher":{"@id":"https:\/\/permbledhja.com\/#organization"},"keywords":["Vu\u00e7iq"],"articleSection":["Komb\u00ebtare","Lajme"],"inLanguage":"sq"},{"@type":"WebPage","@id":"https:\/\/permbledhja.com\/per-vite-me-radhe-euro-deputetja-holandeze-kritika-vuciqit-e-mosndeshkimit-ndaj-tij-minoi-stabilitetin-ne-ballkan\/","url":"https:\/\/permbledhja.com\/per-vite-me-radhe-euro-deputetja-holandeze-kritika-vuciqit-e-mosndeshkimit-ndaj-tij-minoi-stabilitetin-ne-ballkan\/","name":"\u201cP\u00ebr vite me radh\u00eb\u201d, euro-deputetja holandeze kritika Vu\u00e7iqit e mosnd\u00ebshkimit ndaj tij: Minoi stabilitetin n\u00eb Ballkan","isPartOf":{"@id":"https:\/\/permbledhja.com\/#website"},"datePublished":"2023-10-03T21:04:19+00:00","dateModified":"2023-10-03T21:04:27+00:00","breadcrumb":{"@id":"https:\/\/permbledhja.com\/per-vite-me-radhe-euro-deputetja-holandeze-kritika-vuciqit-e-mosndeshkimit-ndaj-tij-minoi-stabilitetin-ne-ballkan\/#breadcrumb"},"inLanguage":"sq","potentialAction":[{"@type":"ReadAction","target":["https:\/\/permbledhja.com\/per-vite-me-radhe-euro-deputetja-holandeze-kritika-vuciqit-e-mosndeshkimit-ndaj-tij-minoi-stabilitetin-ne-ballkan\/"]}]},{"@type":"BreadcrumbList","@id":"https:\/\/permbledhja.com\/per-vite-me-radhe-euro-deputetja-holandeze-kritika-vuciqit-e-mosndeshkimit-ndaj-tij-minoi-stabilitetin-ne-ballkan\/#breadcrumb","itemListElement":[{"@type":"ListItem","position":1,"name":"Ballina","item":"https:\/\/permbledhja.com\/sq\/"},{"@type":"ListItem","position":2,"name":"\u201cP\u00ebr vite me radh\u00eb\u201d, euro-deputetja holandeze kritika Vu\u00e7iqit e mosnd\u00ebshkimit ndaj tij: Minoi stabilitetin n\u00eb Ballkan"}]},{"@type":"WebSite","@id":"https:\/\/permbledhja.com\/#website","url":"https:\/\/permbledhja.com\/","name":"Ve\u00e7 artikuj p\u00ebrmbledh\u00ebs","description":"","publisher":{"@id":"https:\/\/permbledhja.com\/#organization"},"potentialAction":[{"@type":"SearchAction","target":{"@type":"EntryPoint","urlTemplate":"https:\/\/permbledhja.com\/?s={search_term_string}"},"query-input":"required name=search_term_string"}],"inLanguage":"sq"},{"@type":"Organization","@id":"https:\/\/permbledhja.com\/#organization","name":"MK Media & Pr","url":"https:\/\/permbledhja.com\/","logo":{"@type":"ImageObject","inLanguage":"sq","@id":"https:\/\/permbledhja.com\/#\/schema\/logo\/image\/","url":"https:\/\/permbledhja.com\/wp-content\/uploads\/2021\/12\/07-Press-Logo.jpg","contentUrl":"https:\/\/permbledhja.com\/wp-content\/uploads\/2021\/12\/07-Press-Logo.jpg","width":512,"height":512,"caption":"MK Media & Pr"},"image":{"@id":"https:\/\/permbledhja.com\/#\/schema\/logo\/image\/"},"sameAs":["https:\/\/www.facebook.com\/press07\/"]},{"@type":"Person","@id":"https:\/\/permbledhja.com\/#\/schema\/person\/0d064377258d3221e50693947b9eb4fe","name":"P\u00ebrmbledhja","image":{"@type":"ImageObject","inLanguage":"sq","@id":"https:\/\/permbledhja.com\/#\/schema\/person\/image\/","url":"https:\/\/permbledhja.com\/wp-content\/uploads\/2026\/01\/452004717_1040944174702970_8932037511805513407_n-96x96.jpg","contentUrl":"https:\/\/permbledhja.com\/wp-content\/uploads\/2026\/01\/452004717_1040944174702970_8932037511805513407_n-96x96.jpg","caption":"P\u00ebrmbledhja"},"sameAs":["https:\/\/www.facebook.com\/kafexhiu.muharrem\/","https:\/\/www.instagram.com\/muharrem_kafexhiu\/"],"url":"https:\/\/permbledhja.com\/sq\/author\/admin\/"}]}},"_links":{"self":[{"href":"https:\/\/permbledhja.com\/sq\/wp-json\/wp\/v2\/posts\/29638"}],"collection":[{"href":"https:\/\/permbledhja.com\/sq\/wp-json\/wp\/v2\/posts"}],"about":[{"href":"https:\/\/permbledhja.com\/sq\/wp-json\/wp\/v2\/types\/post"}],"author":[{"embeddable":true,"href":"https:\/\/permbledhja.com\/sq\/wp-json\/wp\/v2\/users\/1"}],"replies":[{"embeddable":true,"href":"https:\/\/permbledhja.com\/sq\/wp-json\/wp\/v2\/comments?post=29638"}],"version-history":[{"count":2,"href":"https:\/\/permbledhja.com\/sq\/wp-json\/wp\/v2\/posts\/29638\/revisions"}],"predecessor-version":[{"id":29641,"href":"https:\/\/permbledhja.com\/sq\/wp-json\/wp\/v2\/posts\/29638\/revisions\/29641"}],"wp:featuredmedia":[{"embeddable":true,"href":"https:\/\/permbledhja.com\/sq\/wp-json\/wp\/v2\/media\/29639"}],"wp:attachment":[{"href":"https:\/\/permbledhja.com\/sq\/wp-json\/wp\/v2\/media?parent=29638"}],"wp:term":[{"taxonomy":"category","embeddable":true,"href":"https:\/\/permbledhja.com\/sq\/wp-json\/wp\/v2\/categories?post=29638"},{"taxonomy":"post_tag","embeddable":true,"href":"https:\/\/permbledhja.com\/sq\/wp-json\/wp\/v2\/tags?post=29638"}],"curies":[{"name":"wp","href":"https:\/\/api.w.org\/{rel}","templated":true}]}}