{"id":29412,"date":"2023-10-02T16:22:57","date_gmt":"2023-10-02T16:22:57","guid":{"rendered":"https:\/\/permbledhja.com\/?p=29412"},"modified":"2023-10-02T16:22:57","modified_gmt":"2023-10-02T16:22:57","slug":"von-cramon-gjermania-te-dergoje-me-shume-ushtare-ne-kosove","status":"publish","type":"post","link":"https:\/\/permbledhja.com\/sq\/von-cramon-gjermania-te-dergoje-me-shume-ushtare-ne-kosove\/","title":{"rendered":"Von Cramon: Gjermania t\u00eb d\u00ebrgoj\u00eb m\u00eb shum\u00eb ushtar\u00eb n\u00eb Kosov\u00eb"},"content":{"rendered":"<h3>Eurodeputetja Viola von Cramon ka k\u00ebrkuar nga Gjermania q\u00eb t\u00eb d\u00ebrgoj\u00eb m\u00eb shum\u00eb trupa ushtarak\u00eb n\u00eb Kosov\u00eb.<\/h3>\n<p>Ajo, me an\u00eb t\u00eb nj\u00eb shkrimi n\u00eb X, ka b\u00ebr\u00eb t\u00eb ditur se kjo \u00ebsht\u00eb e nevojshme q\u00eb t\u00eb mbrohen t\u00eb gjith\u00eb qytetar\u00ebt n\u00eb Kosov\u00eb.<\/p>\n<p>\u201cVendim i r\u00ebnd\u00ebsish\u00ebm \u00ebsht\u00eb ai i Britanis\u00eb s\u00eb Madhe p\u00ebr t\u00eb vendosur 200 trupa ushtarak\u00eb p\u00ebr t\u00eb p\u00ebrforcuar NATO-n dhe KFOR-in n\u00eb terren\u201d.<\/p>\n<p>\u201cGjermania duhet t\u00eb vendos\u00eb m\u00eb shum\u00eb trupa p\u00ebr t\u00eb siguruar paqen dhe p\u00ebr t\u00eb mbrojtur t\u00eb gjith\u00eb n\u00eb Kosov\u00eb, ku KFOR-i i udh\u00ebhequr nga NATO-ja mbetet jetik\u201d, ka th\u00ebn\u00eb Von Cramon.<\/p>\n","protected":false},"excerpt":{"rendered":"<p>Eurodeputetja Viola von Cramon ka k\u00ebrkuar nga Gjermania q\u00eb t\u00eb d\u00ebrgoj\u00eb m\u00eb shum\u00eb trupa ushtarak\u00eb n\u00eb Kosov\u00eb. Ajo, me an\u00eb t\u00eb nj\u00eb shkrimi n\u00eb X, ka b\u00ebr\u00eb t\u00eb ditur se kjo \u00ebsht\u00eb e nevojshme q\u00eb t\u00eb mbrohen t\u00eb gjith\u00eb qytetar\u00ebt n\u00eb Kosov\u00eb. \u201cVendim i r\u00ebnd\u00ebsish\u00ebm \u00ebsht\u00eb ai i Britanis\u00eb s\u00eb Madhe p\u00ebr t\u00eb vendosur 200 [&hellip;]<\/p>\n","protected":false},"author":1,"featured_media":29413,"comment_status":"closed","ping_status":"closed","sticky":false,"template":"","format":"standard","meta":{"_monsterinsights_skip_tracking":false,"_monsterinsights_sitenote_active":false,"_monsterinsights_sitenote_note":"","_monsterinsights_sitenote_category":0,"_uf_show_specific_survey":0,"_uf_disable_surveys":false,"footnotes":""},"categories":[23,15],"tags":[616],"yoast_head":"<!-- This site is optimized with the Yoast SEO plugin v21.5 - https:\/\/yoast.com\/wordpress\/plugins\/seo\/ -->\n<title>Von Cramon: Gjermania t\u00eb d\u00ebrgoj\u00eb m\u00eb shum\u00eb ushtar\u00eb n\u00eb Kosov\u00eb<\/title>\n<meta name=\"robots\" content=\"index, follow, max-snippet:-1, max-image-preview:large, max-video-preview:-1\" \/>\n<link rel=\"canonical\" href=\"https:\/\/permbledhja.com\/sq\/von-cramon-gjermania-te-dergoje-me-shume-ushtare-ne-kosove\/\" \/>\n<meta property=\"og:locale\" content=\"sq_AL\" \/>\n<meta property=\"og:type\" content=\"article\" \/>\n<meta property=\"og:title\" content=\"Von Cramon: Gjermania t\u00eb d\u00ebrgoj\u00eb m\u00eb shum\u00eb ushtar\u00eb n\u00eb Kosov\u00eb\" \/>\n<meta property=\"og:description\" content=\"Eurodeputetja Viola von Cramon ka k\u00ebrkuar nga Gjermania q\u00eb t\u00eb d\u00ebrgoj\u00eb m\u00eb shum\u00eb trupa ushtarak\u00eb n\u00eb Kosov\u00eb. Ajo, me an\u00eb t\u00eb nj\u00eb shkrimi n\u00eb X, ka b\u00ebr\u00eb t\u00eb ditur se kjo \u00ebsht\u00eb e nevojshme q\u00eb t\u00eb mbrohen t\u00eb gjith\u00eb qytetar\u00ebt n\u00eb Kosov\u00eb. \u201cVendim i r\u00ebnd\u00ebsish\u00ebm \u00ebsht\u00eb ai i Britanis\u00eb s\u00eb Madhe p\u00ebr t\u00eb vendosur 200 [&hellip;]\" \/>\n<meta property=\"og:url\" content=\"https:\/\/permbledhja.com\/sq\/von-cramon-gjermania-te-dergoje-me-shume-ushtare-ne-kosove\/\" \/>\n<meta property=\"og:site_name\" content=\"Ve\u00e7 artikuj p\u00ebrmbledh\u00ebs\" \/>\n<meta property=\"article:publisher\" content=\"https:\/\/www.facebook.com\/press07\/\" \/>\n<meta property=\"article:author\" content=\"https:\/\/www.facebook.com\/kafexhiu.muharrem\/\" \/>\n<meta property=\"article:published_time\" content=\"2023-10-02T16:22:57+00:00\" \/>\n<meta property=\"og:image\" content=\"https:\/\/permbledhja.com\/wp-content\/uploads\/2023\/10\/0B59B97D-1324-456A-A639-CE9A18DCDDEB.jpeg\" \/>\n\t<meta property=\"og:image:width\" content=\"924\" \/>\n\t<meta property=\"og:image:height\" content=\"524\" \/>\n\t<meta property=\"og:image:type\" content=\"image\/jpeg\" \/>\n<meta name=\"author\" content=\"P\u00ebrmbledhja\" \/>\n<meta name=\"twitter:card\" content=\"summary_large_image\" \/>\n<meta name=\"twitter:label1\" content=\"Written by\" \/>\n\t<meta name=\"twitter:data1\" content=\"P\u00ebrmbledhja\" \/>\n\t<meta name=\"twitter:label2\" content=\"Est. reading time\" \/>\n\t<meta name=\"twitter:data2\" content=\"1 minut\u00eb\" \/>\n<script type=\"application\/ld+json\" class=\"yoast-schema-graph\">{\"@context\":\"https:\/\/schema.org\",\"@graph\":[{\"@type\":\"Article\",\"@id\":\"https:\/\/permbledhja.com\/von-cramon-gjermania-te-dergoje-me-shume-ushtare-ne-kosove\/#article\",\"isPartOf\":{\"@id\":\"https:\/\/permbledhja.com\/von-cramon-gjermania-te-dergoje-me-shume-ushtare-ne-kosove\/\"},\"author\":{\"name\":\"P\u00ebrmbledhja\",\"@id\":\"https:\/\/permbledhja.com\/#\/schema\/person\/0d064377258d3221e50693947b9eb4fe\"},\"headline\":\"Von Cramon: Gjermania t\u00eb d\u00ebrgoj\u00eb m\u00eb shum\u00eb ushtar\u00eb n\u00eb Kosov\u00eb\",\"datePublished\":\"2023-10-02T16:22:57+00:00\",\"dateModified\":\"2023-10-02T16:22:57+00:00\",\"mainEntityOfPage\":{\"@id\":\"https:\/\/permbledhja.com\/von-cramon-gjermania-te-dergoje-me-shume-ushtare-ne-kosove\/\"},\"wordCount\":120,\"publisher\":{\"@id\":\"https:\/\/permbledhja.com\/#organization\"},\"keywords\":[\"Gjermania\"],\"articleSection\":[\"Komb\u00ebtare\",\"Lajme\"],\"inLanguage\":\"sq\"},{\"@type\":\"WebPage\",\"@id\":\"https:\/\/permbledhja.com\/von-cramon-gjermania-te-dergoje-me-shume-ushtare-ne-kosove\/\",\"url\":\"https:\/\/permbledhja.com\/von-cramon-gjermania-te-dergoje-me-shume-ushtare-ne-kosove\/\",\"name\":\"Von Cramon: Gjermania t\u00eb d\u00ebrgoj\u00eb m\u00eb shum\u00eb ushtar\u00eb n\u00eb Kosov\u00eb\",\"isPartOf\":{\"@id\":\"https:\/\/permbledhja.com\/#website\"},\"datePublished\":\"2023-10-02T16:22:57+00:00\",\"dateModified\":\"2023-10-02T16:22:57+00:00\",\"breadcrumb\":{\"@id\":\"https:\/\/permbledhja.com\/von-cramon-gjermania-te-dergoje-me-shume-ushtare-ne-kosove\/#breadcrumb\"},\"inLanguage\":\"sq\",\"potentialAction\":[{\"@type\":\"ReadAction\",\"target\":[\"https:\/\/permbledhja.com\/von-cramon-gjermania-te-dergoje-me-shume-ushtare-ne-kosove\/\"]}]},{\"@type\":\"BreadcrumbList\",\"@id\":\"https:\/\/permbledhja.com\/von-cramon-gjermania-te-dergoje-me-shume-ushtare-ne-kosove\/#breadcrumb\",\"itemListElement\":[{\"@type\":\"ListItem\",\"position\":1,\"name\":\"Ballina\",\"item\":\"https:\/\/permbledhja.com\/sq\/\"},{\"@type\":\"ListItem\",\"position\":2,\"name\":\"Von Cramon: Gjermania t\u00eb d\u00ebrgoj\u00eb m\u00eb shum\u00eb ushtar\u00eb n\u00eb Kosov\u00eb\"}]},{\"@type\":\"WebSite\",\"@id\":\"https:\/\/permbledhja.com\/#website\",\"url\":\"https:\/\/permbledhja.com\/\",\"name\":\"Ve\u00e7 artikuj p\u00ebrmbledh\u00ebs\",\"description\":\"\",\"publisher\":{\"@id\":\"https:\/\/permbledhja.com\/#organization\"},\"potentialAction\":[{\"@type\":\"SearchAction\",\"target\":{\"@type\":\"EntryPoint\",\"urlTemplate\":\"https:\/\/permbledhja.com\/?s={search_term_string}\"},\"query-input\":\"required name=search_term_string\"}],\"inLanguage\":\"sq\"},{\"@type\":\"Organization\",\"@id\":\"https:\/\/permbledhja.com\/#organization\",\"name\":\"MK Media & Pr\",\"url\":\"https:\/\/permbledhja.com\/\",\"logo\":{\"@type\":\"ImageObject\",\"inLanguage\":\"sq\",\"@id\":\"https:\/\/permbledhja.com\/#\/schema\/logo\/image\/\",\"url\":\"https:\/\/permbledhja.com\/wp-content\/uploads\/2021\/12\/07-Press-Logo.jpg\",\"contentUrl\":\"https:\/\/permbledhja.com\/wp-content\/uploads\/2021\/12\/07-Press-Logo.jpg\",\"width\":512,\"height\":512,\"caption\":\"MK Media & Pr\"},\"image\":{\"@id\":\"https:\/\/permbledhja.com\/#\/schema\/logo\/image\/\"},\"sameAs\":[\"https:\/\/www.facebook.com\/press07\/\"]},{\"@type\":\"Person\",\"@id\":\"https:\/\/permbledhja.com\/#\/schema\/person\/0d064377258d3221e50693947b9eb4fe\",\"name\":\"P\u00ebrmbledhja\",\"image\":{\"@type\":\"ImageObject\",\"inLanguage\":\"sq\",\"@id\":\"https:\/\/permbledhja.com\/#\/schema\/person\/image\/\",\"url\":\"https:\/\/permbledhja.com\/wp-content\/uploads\/2026\/01\/452004717_1040944174702970_8932037511805513407_n-96x96.jpg\",\"contentUrl\":\"https:\/\/permbledhja.com\/wp-content\/uploads\/2026\/01\/452004717_1040944174702970_8932037511805513407_n-96x96.jpg\",\"caption\":\"P\u00ebrmbledhja\"},\"sameAs\":[\"https:\/\/www.facebook.com\/kafexhiu.muharrem\/\",\"https:\/\/www.instagram.com\/muharrem_kafexhiu\/\"],\"url\":\"https:\/\/permbledhja.com\/sq\/author\/admin\/\"}]}<\/script>\n<!-- \/ Yoast SEO plugin. -->","yoast_head_json":{"title":"Von Cramon: Gjermania t\u00eb d\u00ebrgoj\u00eb m\u00eb shum\u00eb ushtar\u00eb n\u00eb Kosov\u00eb","robots":{"index":"index","follow":"follow","max-snippet":"max-snippet:-1","max-image-preview":"max-image-preview:large","max-video-preview":"max-video-preview:-1"},"canonical":"https:\/\/permbledhja.com\/sq\/von-cramon-gjermania-te-dergoje-me-shume-ushtare-ne-kosove\/","og_locale":"sq_AL","og_type":"article","og_title":"Von Cramon: Gjermania t\u00eb d\u00ebrgoj\u00eb m\u00eb shum\u00eb ushtar\u00eb n\u00eb Kosov\u00eb","og_description":"Eurodeputetja Viola von Cramon ka k\u00ebrkuar nga Gjermania q\u00eb t\u00eb d\u00ebrgoj\u00eb m\u00eb shum\u00eb trupa ushtarak\u00eb n\u00eb Kosov\u00eb. Ajo, me an\u00eb t\u00eb nj\u00eb shkrimi n\u00eb X, ka b\u00ebr\u00eb t\u00eb ditur se kjo \u00ebsht\u00eb e nevojshme q\u00eb t\u00eb mbrohen t\u00eb gjith\u00eb qytetar\u00ebt n\u00eb Kosov\u00eb. \u201cVendim i r\u00ebnd\u00ebsish\u00ebm \u00ebsht\u00eb ai i Britanis\u00eb s\u00eb Madhe p\u00ebr t\u00eb vendosur 200 [&hellip;]","og_url":"https:\/\/permbledhja.com\/sq\/von-cramon-gjermania-te-dergoje-me-shume-ushtare-ne-kosove\/","og_site_name":"Ve\u00e7 artikuj p\u00ebrmbledh\u00ebs","article_publisher":"https:\/\/www.facebook.com\/press07\/","article_author":"https:\/\/www.facebook.com\/kafexhiu.muharrem\/","article_published_time":"2023-10-02T16:22:57+00:00","og_image":[{"width":924,"height":524,"url":"https:\/\/permbledhja.com\/wp-content\/uploads\/2023\/10\/0B59B97D-1324-456A-A639-CE9A18DCDDEB.jpeg","type":"image\/jpeg"}],"author":"P\u00ebrmbledhja","twitter_card":"summary_large_image","twitter_misc":{"Written by":"P\u00ebrmbledhja","Est. reading time":"1 minut\u00eb"},"schema":{"@context":"https:\/\/schema.org","@graph":[{"@type":"Article","@id":"https:\/\/permbledhja.com\/von-cramon-gjermania-te-dergoje-me-shume-ushtare-ne-kosove\/#article","isPartOf":{"@id":"https:\/\/permbledhja.com\/von-cramon-gjermania-te-dergoje-me-shume-ushtare-ne-kosove\/"},"author":{"name":"P\u00ebrmbledhja","@id":"https:\/\/permbledhja.com\/#\/schema\/person\/0d064377258d3221e50693947b9eb4fe"},"headline":"Von Cramon: Gjermania t\u00eb d\u00ebrgoj\u00eb m\u00eb shum\u00eb ushtar\u00eb n\u00eb Kosov\u00eb","datePublished":"2023-10-02T16:22:57+00:00","dateModified":"2023-10-02T16:22:57+00:00","mainEntityOfPage":{"@id":"https:\/\/permbledhja.com\/von-cramon-gjermania-te-dergoje-me-shume-ushtare-ne-kosove\/"},"wordCount":120,"publisher":{"@id":"https:\/\/permbledhja.com\/#organization"},"keywords":["Gjermania"],"articleSection":["Komb\u00ebtare","Lajme"],"inLanguage":"sq"},{"@type":"WebPage","@id":"https:\/\/permbledhja.com\/von-cramon-gjermania-te-dergoje-me-shume-ushtare-ne-kosove\/","url":"https:\/\/permbledhja.com\/von-cramon-gjermania-te-dergoje-me-shume-ushtare-ne-kosove\/","name":"Von Cramon: Gjermania t\u00eb d\u00ebrgoj\u00eb m\u00eb shum\u00eb ushtar\u00eb n\u00eb Kosov\u00eb","isPartOf":{"@id":"https:\/\/permbledhja.com\/#website"},"datePublished":"2023-10-02T16:22:57+00:00","dateModified":"2023-10-02T16:22:57+00:00","breadcrumb":{"@id":"https:\/\/permbledhja.com\/von-cramon-gjermania-te-dergoje-me-shume-ushtare-ne-kosove\/#breadcrumb"},"inLanguage":"sq","potentialAction":[{"@type":"ReadAction","target":["https:\/\/permbledhja.com\/von-cramon-gjermania-te-dergoje-me-shume-ushtare-ne-kosove\/"]}]},{"@type":"BreadcrumbList","@id":"https:\/\/permbledhja.com\/von-cramon-gjermania-te-dergoje-me-shume-ushtare-ne-kosove\/#breadcrumb","itemListElement":[{"@type":"ListItem","position":1,"name":"Ballina","item":"https:\/\/permbledhja.com\/sq\/"},{"@type":"ListItem","position":2,"name":"Von Cramon: Gjermania t\u00eb d\u00ebrgoj\u00eb m\u00eb shum\u00eb ushtar\u00eb n\u00eb Kosov\u00eb"}]},{"@type":"WebSite","@id":"https:\/\/permbledhja.com\/#website","url":"https:\/\/permbledhja.com\/","name":"Ve\u00e7 artikuj p\u00ebrmbledh\u00ebs","description":"","publisher":{"@id":"https:\/\/permbledhja.com\/#organization"},"potentialAction":[{"@type":"SearchAction","target":{"@type":"EntryPoint","urlTemplate":"https:\/\/permbledhja.com\/?s={search_term_string}"},"query-input":"required name=search_term_string"}],"inLanguage":"sq"},{"@type":"Organization","@id":"https:\/\/permbledhja.com\/#organization","name":"MK Media & Pr","url":"https:\/\/permbledhja.com\/","logo":{"@type":"ImageObject","inLanguage":"sq","@id":"https:\/\/permbledhja.com\/#\/schema\/logo\/image\/","url":"https:\/\/permbledhja.com\/wp-content\/uploads\/2021\/12\/07-Press-Logo.jpg","contentUrl":"https:\/\/permbledhja.com\/wp-content\/uploads\/2021\/12\/07-Press-Logo.jpg","width":512,"height":512,"caption":"MK Media & Pr"},"image":{"@id":"https:\/\/permbledhja.com\/#\/schema\/logo\/image\/"},"sameAs":["https:\/\/www.facebook.com\/press07\/"]},{"@type":"Person","@id":"https:\/\/permbledhja.com\/#\/schema\/person\/0d064377258d3221e50693947b9eb4fe","name":"P\u00ebrmbledhja","image":{"@type":"ImageObject","inLanguage":"sq","@id":"https:\/\/permbledhja.com\/#\/schema\/person\/image\/","url":"https:\/\/permbledhja.com\/wp-content\/uploads\/2026\/01\/452004717_1040944174702970_8932037511805513407_n-96x96.jpg","contentUrl":"https:\/\/permbledhja.com\/wp-content\/uploads\/2026\/01\/452004717_1040944174702970_8932037511805513407_n-96x96.jpg","caption":"P\u00ebrmbledhja"},"sameAs":["https:\/\/www.facebook.com\/kafexhiu.muharrem\/","https:\/\/www.instagram.com\/muharrem_kafexhiu\/"],"url":"https:\/\/permbledhja.com\/sq\/author\/admin\/"}]}},"_links":{"self":[{"href":"https:\/\/permbledhja.com\/sq\/wp-json\/wp\/v2\/posts\/29412"}],"collection":[{"href":"https:\/\/permbledhja.com\/sq\/wp-json\/wp\/v2\/posts"}],"about":[{"href":"https:\/\/permbledhja.com\/sq\/wp-json\/wp\/v2\/types\/post"}],"author":[{"embeddable":true,"href":"https:\/\/permbledhja.com\/sq\/wp-json\/wp\/v2\/users\/1"}],"replies":[{"embeddable":true,"href":"https:\/\/permbledhja.com\/sq\/wp-json\/wp\/v2\/comments?post=29412"}],"version-history":[{"count":1,"href":"https:\/\/permbledhja.com\/sq\/wp-json\/wp\/v2\/posts\/29412\/revisions"}],"predecessor-version":[{"id":29414,"href":"https:\/\/permbledhja.com\/sq\/wp-json\/wp\/v2\/posts\/29412\/revisions\/29414"}],"wp:featuredmedia":[{"embeddable":true,"href":"https:\/\/permbledhja.com\/sq\/wp-json\/wp\/v2\/media\/29413"}],"wp:attachment":[{"href":"https:\/\/permbledhja.com\/sq\/wp-json\/wp\/v2\/media?parent=29412"}],"wp:term":[{"taxonomy":"category","embeddable":true,"href":"https:\/\/permbledhja.com\/sq\/wp-json\/wp\/v2\/categories?post=29412"},{"taxonomy":"post_tag","embeddable":true,"href":"https:\/\/permbledhja.com\/sq\/wp-json\/wp\/v2\/tags?post=29412"}],"curies":[{"name":"wp","href":"https:\/\/api.w.org\/{rel}","templated":true}]}}