{"id":29378,"date":"2023-10-02T12:35:32","date_gmt":"2023-10-02T12:35:32","guid":{"rendered":"https:\/\/permbledhja.com\/?p=29378"},"modified":"2023-10-02T12:40:08","modified_gmt":"2023-10-02T12:40:08","slug":"cfare-miziviri-granit-xhaka-nencmon-brishte-kombetaren-e-kosoves0","status":"publish","type":"post","link":"https:\/\/permbledhja.com\/sq\/cfare-miziviri-granit-xhaka-nencmon-brishte-kombetaren-e-kosoves0\/","title":{"rendered":"\u00c7far\u00eb \u201cmiziviri\u201d Granit Xhaka! N\u00ebn\u00e7mon brisht\u00eb komb\u00ebtaren e Kosov\u00ebs"},"content":{"rendered":"<h3>Kapiteni i komb\u00ebtares s\u00eb Zvicr\u00ebs Granit Xhaka ka n\u00ebn\u00e7muar Kosov\u00ebn, duke th\u00ebn\u00eb se lojtar\u00ebt e rinj t\u00eb Zvicr\u00ebs duhet t\u00eb luajn\u00eb me k\u00ebso komb\u00ebtaresh.<\/h3>\n<p>Xhaka ka dh\u00ebn\u00eb nj\u00eb intervist\u00eb t\u00eb gjat\u00eb p\u00ebr gazet\u00ebn zvicerane \u201cNZZ Magazin\u201d, ku p\u00ebrpos arsyeve p\u00ebr largimin nga Arsenal dhe kalimin te Bayer Leverkusen, komentoi edhe talent\u00ebt e \u201cHelvetik\u00ebve\u201d.<\/p>\n<p>I pyetur p\u00ebr talent\u00ebt si Fabian Rieder, Zeki Amdouni dhe Ardon Jashari dhe r\u00ebnd\u00ebsin\u00eb q\u00eb do t\u00eb ken\u00eb n\u00eb vitet n\u00eb vijim, Xhaka tha se lojtar\u00ebt e rinj duhet t\u00eb ken\u00eb minutazh\u00eb ndaj komb\u00ebtareve si Kosova ose Andorra.<\/p>\n<p>\u201c<i>Potenciali mbizot\u00ebron gjithmon\u00eb. Nuk ka r\u00ebnd\u00ebsi n\u00ebse jeni 18 apo 30. N\u00ebse dikush e meriton t\u00eb luaj\u00eb, at\u00ebher\u00eb duhet t\u00eb luaj\u00eb<\/i>\u201d.<\/p>\n<p>\u201c<i>Amdouni s\u00eb fundmi ka impresionuar dhe ka sh\u00ebnuar gola, Rieder ka b\u00ebr\u00eb hapin e radh\u00ebs me transferimin e tij te Rennes, Jashari ka qen\u00eb kapiten n\u00eb Luzern n\u00eb mosh\u00ebn 20-vje\u00e7are dhe po luan n\u00eb nj\u00eb nivel shum\u00eb t\u00eb lart\u00eb. Ai e meriton shansin e tij.\u00a0<b>Kund\u00ebr kujt d\u00ebshironi t\u00eb luani n\u00ebse jo kund\u00ebr Kosov\u00ebs apo Andorr\u00ebs?<\/b>\u00a0K\u00ebta jan\u00eb tre futbollist\u00ebt q\u00eb do t\u00eb jen\u00eb t\u00eb r\u00ebnd\u00ebsish\u00ebm p\u00ebr Zvicr\u00ebn n\u00eb t\u00eb ardhmen<\/i>\u201d,\u00a0<a href=\"https:\/\/magazin.nzz.ch\/nzz-am-sonntag\/sport\/granit-xhaka-der-schweizer-captain-erklaert-warum-ihn-leverkusen-besser-macht-ld.1758201\" target=\"_blank\" rel=\"noopener\">deklaroi ai.<\/a><\/p>\n<p>Nd\u00ebr t\u00eb tjera, Kosova barazoi me Zvicr\u00ebn n\u00eb muajin shtator me rezultat 2:2.\/Nacionale<\/p>\n","protected":false},"excerpt":{"rendered":"<p>Kapiteni i komb\u00ebtares s\u00eb Zvicr\u00ebs Granit Xhaka ka n\u00ebn\u00e7muar Kosov\u00ebn, duke th\u00ebn\u00eb se lojtar\u00ebt e rinj t\u00eb Zvicr\u00ebs duhet t\u00eb luajn\u00eb me k\u00ebso komb\u00ebtaresh. Xhaka ka dh\u00ebn\u00eb nj\u00eb intervist\u00eb t\u00eb gjat\u00eb p\u00ebr gazet\u00ebn zvicerane \u201cNZZ Magazin\u201d, ku p\u00ebrpos arsyeve p\u00ebr largimin nga Arsenal dhe kalimin te Bayer Leverkusen, komentoi edhe talent\u00ebt e \u201cHelvetik\u00ebve\u201d. I pyetur [&hellip;]<\/p>\n","protected":false},"author":2,"featured_media":29381,"comment_status":"closed","ping_status":"closed","sticky":false,"template":"","format":"standard","meta":{"_monsterinsights_skip_tracking":false,"_monsterinsights_sitenote_active":false,"_monsterinsights_sitenote_note":"","_monsterinsights_sitenote_category":0,"_uf_show_specific_survey":0,"_uf_disable_surveys":false,"footnotes":""},"categories":[15,6],"tags":[],"yoast_head":"<!-- This site is optimized with the Yoast SEO plugin v21.5 - https:\/\/yoast.com\/wordpress\/plugins\/seo\/ -->\n<title>\u00c7far\u00eb \u201cmiziviri\u201d Granit Xhaka! N\u00ebn\u00e7mon brisht\u00eb komb\u00ebtaren e Kosov\u00ebs<\/title>\n<meta name=\"robots\" content=\"index, follow, max-snippet:-1, max-image-preview:large, max-video-preview:-1\" \/>\n<link rel=\"canonical\" href=\"https:\/\/permbledhja.com\/sq\/cfare-miziviri-granit-xhaka-nencmon-brishte-kombetaren-e-kosoves0\/\" \/>\n<meta property=\"og:locale\" content=\"sq_AL\" \/>\n<meta property=\"og:type\" content=\"article\" \/>\n<meta property=\"og:title\" content=\"\u00c7far\u00eb \u201cmiziviri\u201d Granit Xhaka! N\u00ebn\u00e7mon brisht\u00eb komb\u00ebtaren e Kosov\u00ebs\" \/>\n<meta property=\"og:description\" content=\"Kapiteni i komb\u00ebtares s\u00eb Zvicr\u00ebs Granit Xhaka ka n\u00ebn\u00e7muar Kosov\u00ebn, duke th\u00ebn\u00eb se lojtar\u00ebt e rinj t\u00eb Zvicr\u00ebs duhet t\u00eb luajn\u00eb me k\u00ebso komb\u00ebtaresh. Xhaka ka dh\u00ebn\u00eb nj\u00eb intervist\u00eb t\u00eb gjat\u00eb p\u00ebr gazet\u00ebn zvicerane \u201cNZZ Magazin\u201d, ku p\u00ebrpos arsyeve p\u00ebr largimin nga Arsenal dhe kalimin te Bayer Leverkusen, komentoi edhe talent\u00ebt e \u201cHelvetik\u00ebve\u201d. I pyetur [&hellip;]\" \/>\n<meta property=\"og:url\" content=\"https:\/\/permbledhja.com\/sq\/cfare-miziviri-granit-xhaka-nencmon-brishte-kombetaren-e-kosoves0\/\" \/>\n<meta property=\"og:site_name\" content=\"Ve\u00e7 artikuj p\u00ebrmbledh\u00ebs\" \/>\n<meta property=\"article:publisher\" content=\"https:\/\/www.facebook.com\/press07\/\" \/>\n<meta property=\"article:published_time\" content=\"2023-10-02T12:35:32+00:00\" \/>\n<meta property=\"article:modified_time\" content=\"2023-10-02T12:40:08+00:00\" \/>\n<meta property=\"og:image\" content=\"https:\/\/permbledhja.com\/wp-content\/uploads\/2023\/10\/ccccc.jpg\" \/>\n\t<meta property=\"og:image:width\" content=\"1069\" \/>\n\t<meta property=\"og:image:height\" content=\"629\" \/>\n\t<meta property=\"og:image:type\" content=\"image\/jpeg\" \/>\n<meta name=\"author\" content=\"M M\" \/>\n<meta name=\"twitter:card\" content=\"summary_large_image\" \/>\n<meta name=\"twitter:label1\" content=\"Written by\" \/>\n\t<meta name=\"twitter:data1\" content=\"M M\" \/>\n\t<meta name=\"twitter:label2\" content=\"Est. reading time\" \/>\n\t<meta name=\"twitter:data2\" content=\"1 minut\u00eb\" \/>\n<script type=\"application\/ld+json\" class=\"yoast-schema-graph\">{\"@context\":\"https:\/\/schema.org\",\"@graph\":[{\"@type\":\"Article\",\"@id\":\"https:\/\/permbledhja.com\/cfare-miziviri-granit-xhaka-nencmon-brishte-kombetaren-e-kosoves0\/#article\",\"isPartOf\":{\"@id\":\"https:\/\/permbledhja.com\/cfare-miziviri-granit-xhaka-nencmon-brishte-kombetaren-e-kosoves0\/\"},\"author\":{\"name\":\"M M\",\"@id\":\"https:\/\/permbledhja.com\/#\/schema\/person\/d23f13f59b5722643933d6780783acf3\"},\"headline\":\"\u00c7far\u00eb \u201cmiziviri\u201d Granit Xhaka! N\u00ebn\u00e7mon brisht\u00eb komb\u00ebtaren e Kosov\u00ebs\",\"datePublished\":\"2023-10-02T12:35:32+00:00\",\"dateModified\":\"2023-10-02T12:40:08+00:00\",\"mainEntityOfPage\":{\"@id\":\"https:\/\/permbledhja.com\/cfare-miziviri-granit-xhaka-nencmon-brishte-kombetaren-e-kosoves0\/\"},\"wordCount\":258,\"publisher\":{\"@id\":\"https:\/\/permbledhja.com\/#organization\"},\"articleSection\":[\"Lajme\",\"Sport\"],\"inLanguage\":\"sq\"},{\"@type\":\"WebPage\",\"@id\":\"https:\/\/permbledhja.com\/cfare-miziviri-granit-xhaka-nencmon-brishte-kombetaren-e-kosoves0\/\",\"url\":\"https:\/\/permbledhja.com\/cfare-miziviri-granit-xhaka-nencmon-brishte-kombetaren-e-kosoves0\/\",\"name\":\"\u00c7far\u00eb \u201cmiziviri\u201d Granit Xhaka! N\u00ebn\u00e7mon brisht\u00eb komb\u00ebtaren e Kosov\u00ebs\",\"isPartOf\":{\"@id\":\"https:\/\/permbledhja.com\/#website\"},\"datePublished\":\"2023-10-02T12:35:32+00:00\",\"dateModified\":\"2023-10-02T12:40:08+00:00\",\"breadcrumb\":{\"@id\":\"https:\/\/permbledhja.com\/cfare-miziviri-granit-xhaka-nencmon-brishte-kombetaren-e-kosoves0\/#breadcrumb\"},\"inLanguage\":\"sq\",\"potentialAction\":[{\"@type\":\"ReadAction\",\"target\":[\"https:\/\/permbledhja.com\/cfare-miziviri-granit-xhaka-nencmon-brishte-kombetaren-e-kosoves0\/\"]}]},{\"@type\":\"BreadcrumbList\",\"@id\":\"https:\/\/permbledhja.com\/cfare-miziviri-granit-xhaka-nencmon-brishte-kombetaren-e-kosoves0\/#breadcrumb\",\"itemListElement\":[{\"@type\":\"ListItem\",\"position\":1,\"name\":\"Ballina\",\"item\":\"https:\/\/permbledhja.com\/sq\/\"},{\"@type\":\"ListItem\",\"position\":2,\"name\":\"\u00c7far\u00eb \u201cmiziviri\u201d Granit Xhaka! N\u00ebn\u00e7mon brisht\u00eb komb\u00ebtaren e Kosov\u00ebs\"}]},{\"@type\":\"WebSite\",\"@id\":\"https:\/\/permbledhja.com\/#website\",\"url\":\"https:\/\/permbledhja.com\/\",\"name\":\"Ve\u00e7 artikuj p\u00ebrmbledh\u00ebs\",\"description\":\"\",\"publisher\":{\"@id\":\"https:\/\/permbledhja.com\/#organization\"},\"potentialAction\":[{\"@type\":\"SearchAction\",\"target\":{\"@type\":\"EntryPoint\",\"urlTemplate\":\"https:\/\/permbledhja.com\/?s={search_term_string}\"},\"query-input\":\"required name=search_term_string\"}],\"inLanguage\":\"sq\"},{\"@type\":\"Organization\",\"@id\":\"https:\/\/permbledhja.com\/#organization\",\"name\":\"MK Media & Pr\",\"url\":\"https:\/\/permbledhja.com\/\",\"logo\":{\"@type\":\"ImageObject\",\"inLanguage\":\"sq\",\"@id\":\"https:\/\/permbledhja.com\/#\/schema\/logo\/image\/\",\"url\":\"https:\/\/permbledhja.com\/wp-content\/uploads\/2021\/12\/07-Press-Logo.jpg\",\"contentUrl\":\"https:\/\/permbledhja.com\/wp-content\/uploads\/2021\/12\/07-Press-Logo.jpg\",\"width\":512,\"height\":512,\"caption\":\"MK Media & Pr\"},\"image\":{\"@id\":\"https:\/\/permbledhja.com\/#\/schema\/logo\/image\/\"},\"sameAs\":[\"https:\/\/www.facebook.com\/press07\/\"]},{\"@type\":\"Person\",\"@id\":\"https:\/\/permbledhja.com\/#\/schema\/person\/d23f13f59b5722643933d6780783acf3\",\"name\":\"M M\",\"image\":{\"@type\":\"ImageObject\",\"inLanguage\":\"sq\",\"@id\":\"https:\/\/permbledhja.com\/#\/schema\/person\/image\/\",\"url\":\"https:\/\/secure.gravatar.com\/avatar\/e2835a76ca7c31a2416b2d51c4ec9a8f?s=96&d=mm&r=g\",\"contentUrl\":\"https:\/\/secure.gravatar.com\/avatar\/e2835a76ca7c31a2416b2d51c4ec9a8f?s=96&d=mm&r=g\",\"caption\":\"M M\"},\"sameAs\":[\"http:\/\/MM\"],\"url\":\"https:\/\/permbledhja.com\/sq\/author\/muhamet\/\"}]}<\/script>\n<!-- \/ Yoast SEO plugin. -->","yoast_head_json":{"title":"\u00c7far\u00eb \u201cmiziviri\u201d Granit Xhaka! N\u00ebn\u00e7mon brisht\u00eb komb\u00ebtaren e Kosov\u00ebs","robots":{"index":"index","follow":"follow","max-snippet":"max-snippet:-1","max-image-preview":"max-image-preview:large","max-video-preview":"max-video-preview:-1"},"canonical":"https:\/\/permbledhja.com\/sq\/cfare-miziviri-granit-xhaka-nencmon-brishte-kombetaren-e-kosoves0\/","og_locale":"sq_AL","og_type":"article","og_title":"\u00c7far\u00eb \u201cmiziviri\u201d Granit Xhaka! N\u00ebn\u00e7mon brisht\u00eb komb\u00ebtaren e Kosov\u00ebs","og_description":"Kapiteni i komb\u00ebtares s\u00eb Zvicr\u00ebs Granit Xhaka ka n\u00ebn\u00e7muar Kosov\u00ebn, duke th\u00ebn\u00eb se lojtar\u00ebt e rinj t\u00eb Zvicr\u00ebs duhet t\u00eb luajn\u00eb me k\u00ebso komb\u00ebtaresh. Xhaka ka dh\u00ebn\u00eb nj\u00eb intervist\u00eb t\u00eb gjat\u00eb p\u00ebr gazet\u00ebn zvicerane \u201cNZZ Magazin\u201d, ku p\u00ebrpos arsyeve p\u00ebr largimin nga Arsenal dhe kalimin te Bayer Leverkusen, komentoi edhe talent\u00ebt e \u201cHelvetik\u00ebve\u201d. I pyetur [&hellip;]","og_url":"https:\/\/permbledhja.com\/sq\/cfare-miziviri-granit-xhaka-nencmon-brishte-kombetaren-e-kosoves0\/","og_site_name":"Ve\u00e7 artikuj p\u00ebrmbledh\u00ebs","article_publisher":"https:\/\/www.facebook.com\/press07\/","article_published_time":"2023-10-02T12:35:32+00:00","article_modified_time":"2023-10-02T12:40:08+00:00","og_image":[{"width":1069,"height":629,"url":"https:\/\/permbledhja.com\/wp-content\/uploads\/2023\/10\/ccccc.jpg","type":"image\/jpeg"}],"author":"M M","twitter_card":"summary_large_image","twitter_misc":{"Written by":"M M","Est. reading time":"1 minut\u00eb"},"schema":{"@context":"https:\/\/schema.org","@graph":[{"@type":"Article","@id":"https:\/\/permbledhja.com\/cfare-miziviri-granit-xhaka-nencmon-brishte-kombetaren-e-kosoves0\/#article","isPartOf":{"@id":"https:\/\/permbledhja.com\/cfare-miziviri-granit-xhaka-nencmon-brishte-kombetaren-e-kosoves0\/"},"author":{"name":"M M","@id":"https:\/\/permbledhja.com\/#\/schema\/person\/d23f13f59b5722643933d6780783acf3"},"headline":"\u00c7far\u00eb \u201cmiziviri\u201d Granit Xhaka! N\u00ebn\u00e7mon brisht\u00eb komb\u00ebtaren e Kosov\u00ebs","datePublished":"2023-10-02T12:35:32+00:00","dateModified":"2023-10-02T12:40:08+00:00","mainEntityOfPage":{"@id":"https:\/\/permbledhja.com\/cfare-miziviri-granit-xhaka-nencmon-brishte-kombetaren-e-kosoves0\/"},"wordCount":258,"publisher":{"@id":"https:\/\/permbledhja.com\/#organization"},"articleSection":["Lajme","Sport"],"inLanguage":"sq"},{"@type":"WebPage","@id":"https:\/\/permbledhja.com\/cfare-miziviri-granit-xhaka-nencmon-brishte-kombetaren-e-kosoves0\/","url":"https:\/\/permbledhja.com\/cfare-miziviri-granit-xhaka-nencmon-brishte-kombetaren-e-kosoves0\/","name":"\u00c7far\u00eb \u201cmiziviri\u201d Granit Xhaka! N\u00ebn\u00e7mon brisht\u00eb komb\u00ebtaren e Kosov\u00ebs","isPartOf":{"@id":"https:\/\/permbledhja.com\/#website"},"datePublished":"2023-10-02T12:35:32+00:00","dateModified":"2023-10-02T12:40:08+00:00","breadcrumb":{"@id":"https:\/\/permbledhja.com\/cfare-miziviri-granit-xhaka-nencmon-brishte-kombetaren-e-kosoves0\/#breadcrumb"},"inLanguage":"sq","potentialAction":[{"@type":"ReadAction","target":["https:\/\/permbledhja.com\/cfare-miziviri-granit-xhaka-nencmon-brishte-kombetaren-e-kosoves0\/"]}]},{"@type":"BreadcrumbList","@id":"https:\/\/permbledhja.com\/cfare-miziviri-granit-xhaka-nencmon-brishte-kombetaren-e-kosoves0\/#breadcrumb","itemListElement":[{"@type":"ListItem","position":1,"name":"Ballina","item":"https:\/\/permbledhja.com\/sq\/"},{"@type":"ListItem","position":2,"name":"\u00c7far\u00eb \u201cmiziviri\u201d Granit Xhaka! N\u00ebn\u00e7mon brisht\u00eb komb\u00ebtaren e Kosov\u00ebs"}]},{"@type":"WebSite","@id":"https:\/\/permbledhja.com\/#website","url":"https:\/\/permbledhja.com\/","name":"Ve\u00e7 artikuj p\u00ebrmbledh\u00ebs","description":"","publisher":{"@id":"https:\/\/permbledhja.com\/#organization"},"potentialAction":[{"@type":"SearchAction","target":{"@type":"EntryPoint","urlTemplate":"https:\/\/permbledhja.com\/?s={search_term_string}"},"query-input":"required name=search_term_string"}],"inLanguage":"sq"},{"@type":"Organization","@id":"https:\/\/permbledhja.com\/#organization","name":"MK Media & Pr","url":"https:\/\/permbledhja.com\/","logo":{"@type":"ImageObject","inLanguage":"sq","@id":"https:\/\/permbledhja.com\/#\/schema\/logo\/image\/","url":"https:\/\/permbledhja.com\/wp-content\/uploads\/2021\/12\/07-Press-Logo.jpg","contentUrl":"https:\/\/permbledhja.com\/wp-content\/uploads\/2021\/12\/07-Press-Logo.jpg","width":512,"height":512,"caption":"MK Media & Pr"},"image":{"@id":"https:\/\/permbledhja.com\/#\/schema\/logo\/image\/"},"sameAs":["https:\/\/www.facebook.com\/press07\/"]},{"@type":"Person","@id":"https:\/\/permbledhja.com\/#\/schema\/person\/d23f13f59b5722643933d6780783acf3","name":"M M","image":{"@type":"ImageObject","inLanguage":"sq","@id":"https:\/\/permbledhja.com\/#\/schema\/person\/image\/","url":"https:\/\/secure.gravatar.com\/avatar\/e2835a76ca7c31a2416b2d51c4ec9a8f?s=96&d=mm&r=g","contentUrl":"https:\/\/secure.gravatar.com\/avatar\/e2835a76ca7c31a2416b2d51c4ec9a8f?s=96&d=mm&r=g","caption":"M M"},"sameAs":["http:\/\/MM"],"url":"https:\/\/permbledhja.com\/sq\/author\/muhamet\/"}]}},"_links":{"self":[{"href":"https:\/\/permbledhja.com\/sq\/wp-json\/wp\/v2\/posts\/29378"}],"collection":[{"href":"https:\/\/permbledhja.com\/sq\/wp-json\/wp\/v2\/posts"}],"about":[{"href":"https:\/\/permbledhja.com\/sq\/wp-json\/wp\/v2\/types\/post"}],"author":[{"embeddable":true,"href":"https:\/\/permbledhja.com\/sq\/wp-json\/wp\/v2\/users\/2"}],"replies":[{"embeddable":true,"href":"https:\/\/permbledhja.com\/sq\/wp-json\/wp\/v2\/comments?post=29378"}],"version-history":[{"count":1,"href":"https:\/\/permbledhja.com\/sq\/wp-json\/wp\/v2\/posts\/29378\/revisions"}],"predecessor-version":[{"id":29380,"href":"https:\/\/permbledhja.com\/sq\/wp-json\/wp\/v2\/posts\/29378\/revisions\/29380"}],"wp:featuredmedia":[{"embeddable":true,"href":"https:\/\/permbledhja.com\/sq\/wp-json\/wp\/v2\/media\/29381"}],"wp:attachment":[{"href":"https:\/\/permbledhja.com\/sq\/wp-json\/wp\/v2\/media?parent=29378"}],"wp:term":[{"taxonomy":"category","embeddable":true,"href":"https:\/\/permbledhja.com\/sq\/wp-json\/wp\/v2\/categories?post=29378"},{"taxonomy":"post_tag","embeddable":true,"href":"https:\/\/permbledhja.com\/sq\/wp-json\/wp\/v2\/tags?post=29378"}],"curies":[{"name":"wp","href":"https:\/\/api.w.org\/{rel}","templated":true}]}}