{"id":29372,"date":"2023-10-02T11:18:20","date_gmt":"2023-10-02T11:18:20","guid":{"rendered":"https:\/\/permbledhja.com\/?p=29372"},"modified":"2023-10-02T11:18:20","modified_gmt":"2023-10-02T11:18:20","slug":"kurti-buxheti-i-komunave-per-vitin-2024-arrin-ne-742-milione-euro","status":"publish","type":"post","link":"https:\/\/permbledhja.com\/sq\/kurti-buxheti-i-komunave-per-vitin-2024-arrin-ne-742-milione-euro\/","title":{"rendered":"Kurti: Buxheti i komunave p\u00ebr vitin 2024 arrin n\u00eb 742 milion\u00eb euro"},"content":{"rendered":"<h3>Gjat\u00eb dit\u00ebs s\u00eb sotme n\u00eb objektin e Qeveris\u00eb \u00ebsht\u00eb zhvilluar takimi i radh\u00ebs midis kryeministrit t\u00eb Kosov\u00ebs, Albin Kurti dhe kryetar\u00ebt e komunave t\u00eb Kosov\u00ebs.<\/h3>\n<p>N\u00eb fjal\u00ebn e tij para kryetar\u00ebve t\u00eb komunave t\u00eb Kosov\u00ebs, Kurti iu premtoi kryetar\u00ebve se n\u00eb vitin e ardhsh\u00ebm granti i p\u00ebrgjithsh\u00ebm p\u00ebr komunat do t\u00eb jet\u00eb rreth 250 milion\u00eb euro.<\/p>\n<p>Sipas Kurtit kjo \u00ebsht\u00eb vler\u00eb rekorde si asnj\u00ebher\u00eb m\u00eb par\u00eb.<\/p>\n<p>\u201cBuxheti i komunave p\u00ebr vitin 2024 arrin n\u00eb 742 milion\u00eb euro. Po b\u00ebhet viti i dyt\u00eb radhazi q\u00eb rritja e buxhetit \u00ebsht\u00eb n\u00eb p\u00ebrqindje dyshifrore krahasuar me vitin paraprak. N\u00eb vler\u00eb absolute buxheti i vitit 2024 \u00ebsht\u00eb p\u00ebr gati 90 milion\u00eb euro m\u00eb i lart\u00eb krahasuar me vitin 2023, kurse nga fillimi i mandatit p\u00ebr tri vite buxheti vjetor i komunave \u00ebsht\u00eb rritur p\u00ebr 195 milion\u00eb euro m\u00eb shum\u00eb. Investimet kapitale nga ministrit\u00eb e linj\u00ebs n\u00eb komuna p\u00ebrfshijn\u00eb autostrada, p\u00ebrmir\u00ebsim t\u00eb infrastruktur\u00ebs n\u00eb qend\u00ebr dhe rrug\u00eb t\u00eb reja, ndri\u00e7im publik, investime n\u00eb energji efi\u00e7iente, parqe, hap\u00ebsira t\u00eb gjelbra, shkolla p\u00ebr nx\u00ebn\u00ebsit dhe sht\u00ebpi p\u00ebr personat me kushte t\u00eb v\u00ebshtira financiare. K\u00ebto investime p\u00ebrfshijn\u00eb t\u00eb gjitha komunat dhe pa p\u00ebrjashtuar asnj\u00eb zon\u00eb dhe diskriminuar asnj\u00eb komunitet. Granti i p\u00ebrgjithsh\u00ebm p\u00ebr komuna p\u00ebr vitin 2024 kap shum\u00ebn prej 284.7 milion\u00eb euro, e q\u00eb paraqet vler\u00ebn m\u00eb t\u00eb madhe ndonj\u00ebher\u00eb p\u00ebr k\u00ebt\u00eb grant. Kjo vler\u00eb rekorde e grantit t\u00eb p\u00ebrgjithsh\u00ebm vjen si rezultat i rritjes s\u00eb t\u00eb hyrave n\u00eb buxhetin e shtetit\u201d, tha ai.<\/p>\n<p>Po ashtu n\u00eb k\u00ebt\u00eb takim u diskutua edhe p\u00ebr organizimin e loj\u00ebrave mesdhetare \u201cPrishtina 2030\u201d, ku Kurti u shpreh se komunat do t\u00eb p\u00ebrfitojn\u00eb shum\u00eb investime.<\/p>\n<p>\u201cKomunat tona p\u00ebrve\u00e7 q\u00eb kan\u00eb mund\u00ebsit\u00eb q\u00eb t\u00eb d\u00ebshmojn\u00eb tradit\u00ebn ton\u00eb si nikoqir t\u00eb mir\u00eb dhe p\u00ebrfitojn\u00eb edhe shum\u00eb investime t\u00eb cilat vijn\u00eb nga organizimi i loj\u00ebrave mesdhetare \u2018Prishtina 2030\u2019\u201d, tha Kurti.<\/p>\n<p>N\u00eb an\u00ebn tjet\u00ebr, kritik karshi ekzekutivit u shpreh kryetari i Asociacionit t\u00eb Komunave t\u00eb Kosov\u00ebs, Agim Aliu.<\/p>\n<p>Aliu i cili \u00ebsht\u00eb edhe kryetar i Komun\u00ebs s\u00eb Ferizajt, tha se qeveria duhet t\u00eb ndryshoj\u00eb qasjen komunikuese ndaj nivelit lokal<\/p>\n","protected":false},"excerpt":{"rendered":"<p>Gjat\u00eb dit\u00ebs s\u00eb sotme n\u00eb objektin e Qeveris\u00eb \u00ebsht\u00eb zhvilluar takimi i radh\u00ebs midis kryeministrit t\u00eb Kosov\u00ebs, Albin Kurti dhe kryetar\u00ebt e komunave t\u00eb Kosov\u00ebs. N\u00eb fjal\u00ebn e tij para kryetar\u00ebve t\u00eb komunave t\u00eb Kosov\u00ebs, Kurti iu premtoi kryetar\u00ebve se n\u00eb vitin e ardhsh\u00ebm granti i p\u00ebrgjithsh\u00ebm p\u00ebr komunat do t\u00eb jet\u00eb rreth 250 milion\u00eb [&hellip;]<\/p>\n","protected":false},"author":2,"featured_media":29373,"comment_status":"closed","ping_status":"closed","sticky":false,"template":"","format":"standard","meta":{"_monsterinsights_skip_tracking":false,"_monsterinsights_sitenote_active":false,"_monsterinsights_sitenote_note":"","_monsterinsights_sitenote_category":0,"_uf_show_specific_survey":0,"_uf_disable_surveys":false,"footnotes":""},"categories":[1146,15],"tags":[86],"yoast_head":"<!-- This site is optimized with the Yoast SEO plugin v21.5 - https:\/\/yoast.com\/wordpress\/plugins\/seo\/ -->\n<title>Kurti: Buxheti i komunave p\u00ebr vitin 2024 arrin n\u00eb 742 milion\u00eb euro<\/title>\n<meta name=\"robots\" content=\"index, follow, max-snippet:-1, max-image-preview:large, max-video-preview:-1\" \/>\n<link rel=\"canonical\" href=\"https:\/\/permbledhja.com\/sq\/kurti-buxheti-i-komunave-per-vitin-2024-arrin-ne-742-milione-euro\/\" \/>\n<meta property=\"og:locale\" content=\"sq_AL\" \/>\n<meta property=\"og:type\" content=\"article\" \/>\n<meta property=\"og:title\" content=\"Kurti: Buxheti i komunave p\u00ebr vitin 2024 arrin n\u00eb 742 milion\u00eb euro\" \/>\n<meta property=\"og:description\" content=\"Gjat\u00eb dit\u00ebs s\u00eb sotme n\u00eb objektin e Qeveris\u00eb \u00ebsht\u00eb zhvilluar takimi i radh\u00ebs midis kryeministrit t\u00eb Kosov\u00ebs, Albin Kurti dhe kryetar\u00ebt e komunave t\u00eb Kosov\u00ebs. N\u00eb fjal\u00ebn e tij para kryetar\u00ebve t\u00eb komunave t\u00eb Kosov\u00ebs, Kurti iu premtoi kryetar\u00ebve se n\u00eb vitin e ardhsh\u00ebm granti i p\u00ebrgjithsh\u00ebm p\u00ebr komunat do t\u00eb jet\u00eb rreth 250 milion\u00eb [&hellip;]\" \/>\n<meta property=\"og:url\" content=\"https:\/\/permbledhja.com\/sq\/kurti-buxheti-i-komunave-per-vitin-2024-arrin-ne-742-milione-euro\/\" \/>\n<meta property=\"og:site_name\" content=\"Ve\u00e7 artikuj p\u00ebrmbledh\u00ebs\" \/>\n<meta property=\"article:publisher\" content=\"https:\/\/www.facebook.com\/press07\/\" \/>\n<meta property=\"article:published_time\" content=\"2023-10-02T11:18:20+00:00\" \/>\n<meta property=\"og:image\" content=\"https:\/\/permbledhja.com\/wp-content\/uploads\/2023\/10\/385778632_220336867718590_3756445185795251608_n.jpg\" \/>\n\t<meta property=\"og:image:width\" content=\"1080\" \/>\n\t<meta property=\"og:image:height\" content=\"810\" \/>\n\t<meta property=\"og:image:type\" content=\"image\/jpeg\" \/>\n<meta name=\"author\" content=\"M M\" \/>\n<meta name=\"twitter:card\" content=\"summary_large_image\" \/>\n<meta name=\"twitter:label1\" content=\"Written by\" \/>\n\t<meta name=\"twitter:data1\" content=\"M M\" \/>\n\t<meta name=\"twitter:label2\" content=\"Est. reading time\" \/>\n\t<meta name=\"twitter:data2\" content=\"2 minuta\" \/>\n<script type=\"application\/ld+json\" class=\"yoast-schema-graph\">{\"@context\":\"https:\/\/schema.org\",\"@graph\":[{\"@type\":\"Article\",\"@id\":\"https:\/\/permbledhja.com\/kurti-buxheti-i-komunave-per-vitin-2024-arrin-ne-742-milione-euro\/#article\",\"isPartOf\":{\"@id\":\"https:\/\/permbledhja.com\/kurti-buxheti-i-komunave-per-vitin-2024-arrin-ne-742-milione-euro\/\"},\"author\":{\"name\":\"M M\",\"@id\":\"https:\/\/permbledhja.com\/#\/schema\/person\/d23f13f59b5722643933d6780783acf3\"},\"headline\":\"Kurti: Buxheti i komunave p\u00ebr vitin 2024 arrin n\u00eb 742 milion\u00eb euro\",\"datePublished\":\"2023-10-02T11:18:20+00:00\",\"dateModified\":\"2023-10-02T11:18:20+00:00\",\"mainEntityOfPage\":{\"@id\":\"https:\/\/permbledhja.com\/kurti-buxheti-i-komunave-per-vitin-2024-arrin-ne-742-milione-euro\/\"},\"wordCount\":396,\"publisher\":{\"@id\":\"https:\/\/permbledhja.com\/#organization\"},\"keywords\":[\"Albin Kurti\"],\"articleSection\":[\"Kryesoret\",\"Lajme\"],\"inLanguage\":\"sq\"},{\"@type\":\"WebPage\",\"@id\":\"https:\/\/permbledhja.com\/kurti-buxheti-i-komunave-per-vitin-2024-arrin-ne-742-milione-euro\/\",\"url\":\"https:\/\/permbledhja.com\/kurti-buxheti-i-komunave-per-vitin-2024-arrin-ne-742-milione-euro\/\",\"name\":\"Kurti: Buxheti i komunave p\u00ebr vitin 2024 arrin n\u00eb 742 milion\u00eb euro\",\"isPartOf\":{\"@id\":\"https:\/\/permbledhja.com\/#website\"},\"datePublished\":\"2023-10-02T11:18:20+00:00\",\"dateModified\":\"2023-10-02T11:18:20+00:00\",\"breadcrumb\":{\"@id\":\"https:\/\/permbledhja.com\/kurti-buxheti-i-komunave-per-vitin-2024-arrin-ne-742-milione-euro\/#breadcrumb\"},\"inLanguage\":\"sq\",\"potentialAction\":[{\"@type\":\"ReadAction\",\"target\":[\"https:\/\/permbledhja.com\/kurti-buxheti-i-komunave-per-vitin-2024-arrin-ne-742-milione-euro\/\"]}]},{\"@type\":\"BreadcrumbList\",\"@id\":\"https:\/\/permbledhja.com\/kurti-buxheti-i-komunave-per-vitin-2024-arrin-ne-742-milione-euro\/#breadcrumb\",\"itemListElement\":[{\"@type\":\"ListItem\",\"position\":1,\"name\":\"Ballina\",\"item\":\"https:\/\/permbledhja.com\/sq\/\"},{\"@type\":\"ListItem\",\"position\":2,\"name\":\"Kurti: Buxheti i komunave p\u00ebr vitin 2024 arrin n\u00eb 742 milion\u00eb euro\"}]},{\"@type\":\"WebSite\",\"@id\":\"https:\/\/permbledhja.com\/#website\",\"url\":\"https:\/\/permbledhja.com\/\",\"name\":\"Ve\u00e7 artikuj p\u00ebrmbledh\u00ebs\",\"description\":\"\",\"publisher\":{\"@id\":\"https:\/\/permbledhja.com\/#organization\"},\"potentialAction\":[{\"@type\":\"SearchAction\",\"target\":{\"@type\":\"EntryPoint\",\"urlTemplate\":\"https:\/\/permbledhja.com\/?s={search_term_string}\"},\"query-input\":\"required name=search_term_string\"}],\"inLanguage\":\"sq\"},{\"@type\":\"Organization\",\"@id\":\"https:\/\/permbledhja.com\/#organization\",\"name\":\"MK Media & Pr\",\"url\":\"https:\/\/permbledhja.com\/\",\"logo\":{\"@type\":\"ImageObject\",\"inLanguage\":\"sq\",\"@id\":\"https:\/\/permbledhja.com\/#\/schema\/logo\/image\/\",\"url\":\"https:\/\/permbledhja.com\/wp-content\/uploads\/2021\/12\/07-Press-Logo.jpg\",\"contentUrl\":\"https:\/\/permbledhja.com\/wp-content\/uploads\/2021\/12\/07-Press-Logo.jpg\",\"width\":512,\"height\":512,\"caption\":\"MK Media & Pr\"},\"image\":{\"@id\":\"https:\/\/permbledhja.com\/#\/schema\/logo\/image\/\"},\"sameAs\":[\"https:\/\/www.facebook.com\/press07\/\"]},{\"@type\":\"Person\",\"@id\":\"https:\/\/permbledhja.com\/#\/schema\/person\/d23f13f59b5722643933d6780783acf3\",\"name\":\"M M\",\"image\":{\"@type\":\"ImageObject\",\"inLanguage\":\"sq\",\"@id\":\"https:\/\/permbledhja.com\/#\/schema\/person\/image\/\",\"url\":\"https:\/\/secure.gravatar.com\/avatar\/e2835a76ca7c31a2416b2d51c4ec9a8f?s=96&d=mm&r=g\",\"contentUrl\":\"https:\/\/secure.gravatar.com\/avatar\/e2835a76ca7c31a2416b2d51c4ec9a8f?s=96&d=mm&r=g\",\"caption\":\"M M\"},\"sameAs\":[\"http:\/\/MM\"],\"url\":\"https:\/\/permbledhja.com\/sq\/author\/muhamet\/\"}]}<\/script>\n<!-- \/ Yoast SEO plugin. -->","yoast_head_json":{"title":"Kurti: Buxheti i komunave p\u00ebr vitin 2024 arrin n\u00eb 742 milion\u00eb euro","robots":{"index":"index","follow":"follow","max-snippet":"max-snippet:-1","max-image-preview":"max-image-preview:large","max-video-preview":"max-video-preview:-1"},"canonical":"https:\/\/permbledhja.com\/sq\/kurti-buxheti-i-komunave-per-vitin-2024-arrin-ne-742-milione-euro\/","og_locale":"sq_AL","og_type":"article","og_title":"Kurti: Buxheti i komunave p\u00ebr vitin 2024 arrin n\u00eb 742 milion\u00eb euro","og_description":"Gjat\u00eb dit\u00ebs s\u00eb sotme n\u00eb objektin e Qeveris\u00eb \u00ebsht\u00eb zhvilluar takimi i radh\u00ebs midis kryeministrit t\u00eb Kosov\u00ebs, Albin Kurti dhe kryetar\u00ebt e komunave t\u00eb Kosov\u00ebs. N\u00eb fjal\u00ebn e tij para kryetar\u00ebve t\u00eb komunave t\u00eb Kosov\u00ebs, Kurti iu premtoi kryetar\u00ebve se n\u00eb vitin e ardhsh\u00ebm granti i p\u00ebrgjithsh\u00ebm p\u00ebr komunat do t\u00eb jet\u00eb rreth 250 milion\u00eb [&hellip;]","og_url":"https:\/\/permbledhja.com\/sq\/kurti-buxheti-i-komunave-per-vitin-2024-arrin-ne-742-milione-euro\/","og_site_name":"Ve\u00e7 artikuj p\u00ebrmbledh\u00ebs","article_publisher":"https:\/\/www.facebook.com\/press07\/","article_published_time":"2023-10-02T11:18:20+00:00","og_image":[{"width":1080,"height":810,"url":"https:\/\/permbledhja.com\/wp-content\/uploads\/2023\/10\/385778632_220336867718590_3756445185795251608_n.jpg","type":"image\/jpeg"}],"author":"M M","twitter_card":"summary_large_image","twitter_misc":{"Written by":"M M","Est. reading time":"2 minuta"},"schema":{"@context":"https:\/\/schema.org","@graph":[{"@type":"Article","@id":"https:\/\/permbledhja.com\/kurti-buxheti-i-komunave-per-vitin-2024-arrin-ne-742-milione-euro\/#article","isPartOf":{"@id":"https:\/\/permbledhja.com\/kurti-buxheti-i-komunave-per-vitin-2024-arrin-ne-742-milione-euro\/"},"author":{"name":"M M","@id":"https:\/\/permbledhja.com\/#\/schema\/person\/d23f13f59b5722643933d6780783acf3"},"headline":"Kurti: Buxheti i komunave p\u00ebr vitin 2024 arrin n\u00eb 742 milion\u00eb euro","datePublished":"2023-10-02T11:18:20+00:00","dateModified":"2023-10-02T11:18:20+00:00","mainEntityOfPage":{"@id":"https:\/\/permbledhja.com\/kurti-buxheti-i-komunave-per-vitin-2024-arrin-ne-742-milione-euro\/"},"wordCount":396,"publisher":{"@id":"https:\/\/permbledhja.com\/#organization"},"keywords":["Albin Kurti"],"articleSection":["Kryesoret","Lajme"],"inLanguage":"sq"},{"@type":"WebPage","@id":"https:\/\/permbledhja.com\/kurti-buxheti-i-komunave-per-vitin-2024-arrin-ne-742-milione-euro\/","url":"https:\/\/permbledhja.com\/kurti-buxheti-i-komunave-per-vitin-2024-arrin-ne-742-milione-euro\/","name":"Kurti: Buxheti i komunave p\u00ebr vitin 2024 arrin n\u00eb 742 milion\u00eb euro","isPartOf":{"@id":"https:\/\/permbledhja.com\/#website"},"datePublished":"2023-10-02T11:18:20+00:00","dateModified":"2023-10-02T11:18:20+00:00","breadcrumb":{"@id":"https:\/\/permbledhja.com\/kurti-buxheti-i-komunave-per-vitin-2024-arrin-ne-742-milione-euro\/#breadcrumb"},"inLanguage":"sq","potentialAction":[{"@type":"ReadAction","target":["https:\/\/permbledhja.com\/kurti-buxheti-i-komunave-per-vitin-2024-arrin-ne-742-milione-euro\/"]}]},{"@type":"BreadcrumbList","@id":"https:\/\/permbledhja.com\/kurti-buxheti-i-komunave-per-vitin-2024-arrin-ne-742-milione-euro\/#breadcrumb","itemListElement":[{"@type":"ListItem","position":1,"name":"Ballina","item":"https:\/\/permbledhja.com\/sq\/"},{"@type":"ListItem","position":2,"name":"Kurti: Buxheti i komunave p\u00ebr vitin 2024 arrin n\u00eb 742 milion\u00eb euro"}]},{"@type":"WebSite","@id":"https:\/\/permbledhja.com\/#website","url":"https:\/\/permbledhja.com\/","name":"Ve\u00e7 artikuj p\u00ebrmbledh\u00ebs","description":"","publisher":{"@id":"https:\/\/permbledhja.com\/#organization"},"potentialAction":[{"@type":"SearchAction","target":{"@type":"EntryPoint","urlTemplate":"https:\/\/permbledhja.com\/?s={search_term_string}"},"query-input":"required name=search_term_string"}],"inLanguage":"sq"},{"@type":"Organization","@id":"https:\/\/permbledhja.com\/#organization","name":"MK Media & Pr","url":"https:\/\/permbledhja.com\/","logo":{"@type":"ImageObject","inLanguage":"sq","@id":"https:\/\/permbledhja.com\/#\/schema\/logo\/image\/","url":"https:\/\/permbledhja.com\/wp-content\/uploads\/2021\/12\/07-Press-Logo.jpg","contentUrl":"https:\/\/permbledhja.com\/wp-content\/uploads\/2021\/12\/07-Press-Logo.jpg","width":512,"height":512,"caption":"MK Media & Pr"},"image":{"@id":"https:\/\/permbledhja.com\/#\/schema\/logo\/image\/"},"sameAs":["https:\/\/www.facebook.com\/press07\/"]},{"@type":"Person","@id":"https:\/\/permbledhja.com\/#\/schema\/person\/d23f13f59b5722643933d6780783acf3","name":"M M","image":{"@type":"ImageObject","inLanguage":"sq","@id":"https:\/\/permbledhja.com\/#\/schema\/person\/image\/","url":"https:\/\/secure.gravatar.com\/avatar\/e2835a76ca7c31a2416b2d51c4ec9a8f?s=96&d=mm&r=g","contentUrl":"https:\/\/secure.gravatar.com\/avatar\/e2835a76ca7c31a2416b2d51c4ec9a8f?s=96&d=mm&r=g","caption":"M M"},"sameAs":["http:\/\/MM"],"url":"https:\/\/permbledhja.com\/sq\/author\/muhamet\/"}]}},"_links":{"self":[{"href":"https:\/\/permbledhja.com\/sq\/wp-json\/wp\/v2\/posts\/29372"}],"collection":[{"href":"https:\/\/permbledhja.com\/sq\/wp-json\/wp\/v2\/posts"}],"about":[{"href":"https:\/\/permbledhja.com\/sq\/wp-json\/wp\/v2\/types\/post"}],"author":[{"embeddable":true,"href":"https:\/\/permbledhja.com\/sq\/wp-json\/wp\/v2\/users\/2"}],"replies":[{"embeddable":true,"href":"https:\/\/permbledhja.com\/sq\/wp-json\/wp\/v2\/comments?post=29372"}],"version-history":[{"count":1,"href":"https:\/\/permbledhja.com\/sq\/wp-json\/wp\/v2\/posts\/29372\/revisions"}],"predecessor-version":[{"id":29374,"href":"https:\/\/permbledhja.com\/sq\/wp-json\/wp\/v2\/posts\/29372\/revisions\/29374"}],"wp:featuredmedia":[{"embeddable":true,"href":"https:\/\/permbledhja.com\/sq\/wp-json\/wp\/v2\/media\/29373"}],"wp:attachment":[{"href":"https:\/\/permbledhja.com\/sq\/wp-json\/wp\/v2\/media?parent=29372"}],"wp:term":[{"taxonomy":"category","embeddable":true,"href":"https:\/\/permbledhja.com\/sq\/wp-json\/wp\/v2\/categories?post=29372"},{"taxonomy":"post_tag","embeddable":true,"href":"https:\/\/permbledhja.com\/sq\/wp-json\/wp\/v2\/tags?post=29372"}],"curies":[{"name":"wp","href":"https:\/\/api.w.org\/{rel}","templated":true}]}}