{"id":29369,"date":"2023-10-02T10:59:50","date_gmt":"2023-10-02T10:59:50","guid":{"rendered":"https:\/\/permbledhja.com\/?p=29369"},"modified":"2023-10-02T10:59:50","modified_gmt":"2023-10-02T10:59:50","slug":"ushtria-e-serbise-mohon-se-planifikoi-aneksimin-e-veriut-te-kosoves","status":"publish","type":"post","link":"https:\/\/permbledhja.com\/sq\/ushtria-e-serbise-mohon-se-planifikoi-aneksimin-e-veriut-te-kosoves\/","title":{"rendered":"Ushtria e Serbis\u00eb mohon se planifikoi aneksimin e veriut t\u00eb Kosov\u00ebs"},"content":{"rendered":"<h3>Shefi i Shtabit t\u00eb P\u00ebrgjithsh\u00ebm t\u00eb Ushtris\u00eb s\u00eb Serbis\u00eb, Millan Mojsilloviq, i mohoi akuzat e autoriteteve t\u00eb Kosov\u00ebs se Serbia, p\u00ebrmes sulmit n\u00eb Banjsk\u00eb, ka synuar aneksimin e veriut t\u00eb Kosov\u00ebs.<\/h3>\n<p>\u201cUshtria serbe \u00ebsht\u00eb nj\u00eb organizat\u00eb serioze, e fort\u00eb, q\u00eb nuk toleron g\u00ebnjeshtra\u201d, tha ai n\u00eb nj\u00eb konferenc\u00eb p\u00ebr gazetar\u00ebt.<\/p>\n<p>Ministri i Brendsh\u00ebm i Kosov\u00ebs, Xhelal Sve\u00e7la, tha t\u00eb diel\u00ebn se Serbia ka planifikuar aneksimin e veriut t\u00eb Kosov\u00ebs.<\/p>\n<p>M\u00eb 24 shtator, policia e Kosov\u00ebs u sulmua nga nj\u00eb grup i armatosur n\u00eb fshatin Banjsk\u00eb t\u00eb komun\u00ebs s\u00eb Zve\u00e7anit, ku mbeti i vrar\u00eb rreshteri Afrim Bunjaku.<\/p>\n<p>N\u00eb shk\u00ebmbimin e zjarrit q\u00eb pasoi u vran\u00eb edhe tre sulmues t\u00eb nacionalitetit serb.<\/p>\n","protected":false},"excerpt":{"rendered":"<p>Shefi i Shtabit t\u00eb P\u00ebrgjithsh\u00ebm t\u00eb Ushtris\u00eb s\u00eb Serbis\u00eb, Millan Mojsilloviq, i mohoi akuzat e autoriteteve t\u00eb Kosov\u00ebs se Serbia, p\u00ebrmes sulmit n\u00eb Banjsk\u00eb, ka synuar aneksimin e veriut t\u00eb Kosov\u00ebs. \u201cUshtria serbe \u00ebsht\u00eb nj\u00eb organizat\u00eb serioze, e fort\u00eb, q\u00eb nuk toleron g\u00ebnjeshtra\u201d, tha ai n\u00eb nj\u00eb konferenc\u00eb p\u00ebr gazetar\u00ebt. Ministri i Brendsh\u00ebm i Kosov\u00ebs, [&hellip;]<\/p>\n","protected":false},"author":2,"featured_media":29370,"comment_status":"closed","ping_status":"closed","sticky":false,"template":"","format":"standard","meta":{"_monsterinsights_skip_tracking":false,"_monsterinsights_sitenote_active":false,"_monsterinsights_sitenote_note":"","_monsterinsights_sitenote_category":0,"_uf_show_specific_survey":0,"_uf_disable_surveys":false,"footnotes":""},"categories":[23,15],"tags":[],"yoast_head":"<!-- This site is optimized with the Yoast SEO plugin v21.5 - https:\/\/yoast.com\/wordpress\/plugins\/seo\/ -->\n<title>Ushtria e Serbis\u00eb mohon se planifikoi aneksimin e veriut t\u00eb Kosov\u00ebs<\/title>\n<meta name=\"robots\" content=\"index, follow, max-snippet:-1, max-image-preview:large, max-video-preview:-1\" \/>\n<link rel=\"canonical\" href=\"https:\/\/permbledhja.com\/sq\/ushtria-e-serbise-mohon-se-planifikoi-aneksimin-e-veriut-te-kosoves\/\" \/>\n<meta property=\"og:locale\" content=\"sq_AL\" \/>\n<meta property=\"og:type\" content=\"article\" \/>\n<meta property=\"og:title\" content=\"Ushtria e Serbis\u00eb mohon se planifikoi aneksimin e veriut t\u00eb Kosov\u00ebs\" \/>\n<meta property=\"og:description\" content=\"Shefi i Shtabit t\u00eb P\u00ebrgjithsh\u00ebm t\u00eb Ushtris\u00eb s\u00eb Serbis\u00eb, Millan Mojsilloviq, i mohoi akuzat e autoriteteve t\u00eb Kosov\u00ebs se Serbia, p\u00ebrmes sulmit n\u00eb Banjsk\u00eb, ka synuar aneksimin e veriut t\u00eb Kosov\u00ebs. \u201cUshtria serbe \u00ebsht\u00eb nj\u00eb organizat\u00eb serioze, e fort\u00eb, q\u00eb nuk toleron g\u00ebnjeshtra\u201d, tha ai n\u00eb nj\u00eb konferenc\u00eb p\u00ebr gazetar\u00ebt. Ministri i Brendsh\u00ebm i Kosov\u00ebs, [&hellip;]\" \/>\n<meta property=\"og:url\" content=\"https:\/\/permbledhja.com\/sq\/ushtria-e-serbise-mohon-se-planifikoi-aneksimin-e-veriut-te-kosoves\/\" \/>\n<meta property=\"og:site_name\" content=\"Ve\u00e7 artikuj p\u00ebrmbledh\u00ebs\" \/>\n<meta property=\"article:publisher\" content=\"https:\/\/www.facebook.com\/press07\/\" \/>\n<meta property=\"article:published_time\" content=\"2023-10-02T10:59:50+00:00\" \/>\n<meta property=\"og:image\" content=\"https:\/\/permbledhja.com\/wp-content\/uploads\/2023\/10\/ushtria.webp\" \/>\n\t<meta property=\"og:image:width\" content=\"907\" \/>\n\t<meta property=\"og:image:height\" content=\"531\" \/>\n\t<meta property=\"og:image:type\" content=\"image\/webp\" \/>\n<meta name=\"author\" content=\"M M\" \/>\n<meta name=\"twitter:card\" content=\"summary_large_image\" \/>\n<meta name=\"twitter:label1\" content=\"Written by\" \/>\n\t<meta name=\"twitter:data1\" content=\"M M\" \/>\n\t<meta name=\"twitter:label2\" content=\"Est. reading time\" \/>\n\t<meta name=\"twitter:data2\" content=\"1 minut\u00eb\" \/>\n<script type=\"application\/ld+json\" class=\"yoast-schema-graph\">{\"@context\":\"https:\/\/schema.org\",\"@graph\":[{\"@type\":\"Article\",\"@id\":\"https:\/\/permbledhja.com\/sq\/ushtria-e-serbise-mohon-se-planifikoi-aneksimin-e-veriut-te-kosoves\/#article\",\"isPartOf\":{\"@id\":\"https:\/\/permbledhja.com\/sq\/ushtria-e-serbise-mohon-se-planifikoi-aneksimin-e-veriut-te-kosoves\/\"},\"author\":{\"name\":\"M M\",\"@id\":\"https:\/\/permbledhja.com\/#\/schema\/person\/d23f13f59b5722643933d6780783acf3\"},\"headline\":\"Ushtria e Serbis\u00eb mohon se planifikoi aneksimin e veriut t\u00eb Kosov\u00ebs\",\"datePublished\":\"2023-10-02T10:59:50+00:00\",\"dateModified\":\"2023-10-02T10:59:50+00:00\",\"mainEntityOfPage\":{\"@id\":\"https:\/\/permbledhja.com\/sq\/ushtria-e-serbise-mohon-se-planifikoi-aneksimin-e-veriut-te-kosoves\/\"},\"wordCount\":138,\"publisher\":{\"@id\":\"https:\/\/permbledhja.com\/#organization\"},\"articleSection\":[\"Komb\u00ebtare\",\"Lajme\"],\"inLanguage\":\"sq\"},{\"@type\":\"WebPage\",\"@id\":\"https:\/\/permbledhja.com\/sq\/ushtria-e-serbise-mohon-se-planifikoi-aneksimin-e-veriut-te-kosoves\/\",\"url\":\"https:\/\/permbledhja.com\/sq\/ushtria-e-serbise-mohon-se-planifikoi-aneksimin-e-veriut-te-kosoves\/\",\"name\":\"Ushtria e Serbis\u00eb mohon se planifikoi aneksimin e veriut t\u00eb Kosov\u00ebs\",\"isPartOf\":{\"@id\":\"https:\/\/permbledhja.com\/#website\"},\"datePublished\":\"2023-10-02T10:59:50+00:00\",\"dateModified\":\"2023-10-02T10:59:50+00:00\",\"breadcrumb\":{\"@id\":\"https:\/\/permbledhja.com\/sq\/ushtria-e-serbise-mohon-se-planifikoi-aneksimin-e-veriut-te-kosoves\/#breadcrumb\"},\"inLanguage\":\"sq\",\"potentialAction\":[{\"@type\":\"ReadAction\",\"target\":[\"https:\/\/permbledhja.com\/sq\/ushtria-e-serbise-mohon-se-planifikoi-aneksimin-e-veriut-te-kosoves\/\"]}]},{\"@type\":\"BreadcrumbList\",\"@id\":\"https:\/\/permbledhja.com\/sq\/ushtria-e-serbise-mohon-se-planifikoi-aneksimin-e-veriut-te-kosoves\/#breadcrumb\",\"itemListElement\":[{\"@type\":\"ListItem\",\"position\":1,\"name\":\"Ballina\",\"item\":\"https:\/\/permbledhja.com\/sq\/\"},{\"@type\":\"ListItem\",\"position\":2,\"name\":\"Ushtria e Serbis\u00eb mohon se planifikoi aneksimin e veriut t\u00eb Kosov\u00ebs\"}]},{\"@type\":\"WebSite\",\"@id\":\"https:\/\/permbledhja.com\/#website\",\"url\":\"https:\/\/permbledhja.com\/\",\"name\":\"Ve\u00e7 artikuj p\u00ebrmbledh\u00ebs\",\"description\":\"\",\"publisher\":{\"@id\":\"https:\/\/permbledhja.com\/#organization\"},\"potentialAction\":[{\"@type\":\"SearchAction\",\"target\":{\"@type\":\"EntryPoint\",\"urlTemplate\":\"https:\/\/permbledhja.com\/?s={search_term_string}\"},\"query-input\":\"required name=search_term_string\"}],\"inLanguage\":\"sq\"},{\"@type\":\"Organization\",\"@id\":\"https:\/\/permbledhja.com\/#organization\",\"name\":\"MK Media & Pr\",\"url\":\"https:\/\/permbledhja.com\/\",\"logo\":{\"@type\":\"ImageObject\",\"inLanguage\":\"sq\",\"@id\":\"https:\/\/permbledhja.com\/#\/schema\/logo\/image\/\",\"url\":\"https:\/\/permbledhja.com\/wp-content\/uploads\/2021\/12\/07-Press-Logo.jpg\",\"contentUrl\":\"https:\/\/permbledhja.com\/wp-content\/uploads\/2021\/12\/07-Press-Logo.jpg\",\"width\":512,\"height\":512,\"caption\":\"MK Media & Pr\"},\"image\":{\"@id\":\"https:\/\/permbledhja.com\/#\/schema\/logo\/image\/\"},\"sameAs\":[\"https:\/\/www.facebook.com\/press07\/\"]},{\"@type\":\"Person\",\"@id\":\"https:\/\/permbledhja.com\/#\/schema\/person\/d23f13f59b5722643933d6780783acf3\",\"name\":\"M M\",\"image\":{\"@type\":\"ImageObject\",\"inLanguage\":\"sq\",\"@id\":\"https:\/\/permbledhja.com\/#\/schema\/person\/image\/\",\"url\":\"https:\/\/secure.gravatar.com\/avatar\/e2835a76ca7c31a2416b2d51c4ec9a8f?s=96&d=mm&r=g\",\"contentUrl\":\"https:\/\/secure.gravatar.com\/avatar\/e2835a76ca7c31a2416b2d51c4ec9a8f?s=96&d=mm&r=g\",\"caption\":\"M M\"},\"sameAs\":[\"http:\/\/MM\"],\"url\":\"https:\/\/permbledhja.com\/sq\/author\/muhamet\/\"}]}<\/script>\n<!-- \/ Yoast SEO plugin. -->","yoast_head_json":{"title":"Ushtria e Serbis\u00eb mohon se planifikoi aneksimin e veriut t\u00eb Kosov\u00ebs","robots":{"index":"index","follow":"follow","max-snippet":"max-snippet:-1","max-image-preview":"max-image-preview:large","max-video-preview":"max-video-preview:-1"},"canonical":"https:\/\/permbledhja.com\/sq\/ushtria-e-serbise-mohon-se-planifikoi-aneksimin-e-veriut-te-kosoves\/","og_locale":"sq_AL","og_type":"article","og_title":"Ushtria e Serbis\u00eb mohon se planifikoi aneksimin e veriut t\u00eb Kosov\u00ebs","og_description":"Shefi i Shtabit t\u00eb P\u00ebrgjithsh\u00ebm t\u00eb Ushtris\u00eb s\u00eb Serbis\u00eb, Millan Mojsilloviq, i mohoi akuzat e autoriteteve t\u00eb Kosov\u00ebs se Serbia, p\u00ebrmes sulmit n\u00eb Banjsk\u00eb, ka synuar aneksimin e veriut t\u00eb Kosov\u00ebs. \u201cUshtria serbe \u00ebsht\u00eb nj\u00eb organizat\u00eb serioze, e fort\u00eb, q\u00eb nuk toleron g\u00ebnjeshtra\u201d, tha ai n\u00eb nj\u00eb konferenc\u00eb p\u00ebr gazetar\u00ebt. Ministri i Brendsh\u00ebm i Kosov\u00ebs, [&hellip;]","og_url":"https:\/\/permbledhja.com\/sq\/ushtria-e-serbise-mohon-se-planifikoi-aneksimin-e-veriut-te-kosoves\/","og_site_name":"Ve\u00e7 artikuj p\u00ebrmbledh\u00ebs","article_publisher":"https:\/\/www.facebook.com\/press07\/","article_published_time":"2023-10-02T10:59:50+00:00","og_image":[{"width":907,"height":531,"url":"https:\/\/permbledhja.com\/wp-content\/uploads\/2023\/10\/ushtria.webp","type":"image\/webp"}],"author":"M M","twitter_card":"summary_large_image","twitter_misc":{"Written by":"M M","Est. reading time":"1 minut\u00eb"},"schema":{"@context":"https:\/\/schema.org","@graph":[{"@type":"Article","@id":"https:\/\/permbledhja.com\/sq\/ushtria-e-serbise-mohon-se-planifikoi-aneksimin-e-veriut-te-kosoves\/#article","isPartOf":{"@id":"https:\/\/permbledhja.com\/sq\/ushtria-e-serbise-mohon-se-planifikoi-aneksimin-e-veriut-te-kosoves\/"},"author":{"name":"M M","@id":"https:\/\/permbledhja.com\/#\/schema\/person\/d23f13f59b5722643933d6780783acf3"},"headline":"Ushtria e Serbis\u00eb mohon se planifikoi aneksimin e veriut t\u00eb Kosov\u00ebs","datePublished":"2023-10-02T10:59:50+00:00","dateModified":"2023-10-02T10:59:50+00:00","mainEntityOfPage":{"@id":"https:\/\/permbledhja.com\/sq\/ushtria-e-serbise-mohon-se-planifikoi-aneksimin-e-veriut-te-kosoves\/"},"wordCount":138,"publisher":{"@id":"https:\/\/permbledhja.com\/#organization"},"articleSection":["Komb\u00ebtare","Lajme"],"inLanguage":"sq"},{"@type":"WebPage","@id":"https:\/\/permbledhja.com\/sq\/ushtria-e-serbise-mohon-se-planifikoi-aneksimin-e-veriut-te-kosoves\/","url":"https:\/\/permbledhja.com\/sq\/ushtria-e-serbise-mohon-se-planifikoi-aneksimin-e-veriut-te-kosoves\/","name":"Ushtria e Serbis\u00eb mohon se planifikoi aneksimin e veriut t\u00eb Kosov\u00ebs","isPartOf":{"@id":"https:\/\/permbledhja.com\/#website"},"datePublished":"2023-10-02T10:59:50+00:00","dateModified":"2023-10-02T10:59:50+00:00","breadcrumb":{"@id":"https:\/\/permbledhja.com\/sq\/ushtria-e-serbise-mohon-se-planifikoi-aneksimin-e-veriut-te-kosoves\/#breadcrumb"},"inLanguage":"sq","potentialAction":[{"@type":"ReadAction","target":["https:\/\/permbledhja.com\/sq\/ushtria-e-serbise-mohon-se-planifikoi-aneksimin-e-veriut-te-kosoves\/"]}]},{"@type":"BreadcrumbList","@id":"https:\/\/permbledhja.com\/sq\/ushtria-e-serbise-mohon-se-planifikoi-aneksimin-e-veriut-te-kosoves\/#breadcrumb","itemListElement":[{"@type":"ListItem","position":1,"name":"Ballina","item":"https:\/\/permbledhja.com\/sq\/"},{"@type":"ListItem","position":2,"name":"Ushtria e Serbis\u00eb mohon se planifikoi aneksimin e veriut t\u00eb Kosov\u00ebs"}]},{"@type":"WebSite","@id":"https:\/\/permbledhja.com\/#website","url":"https:\/\/permbledhja.com\/","name":"Ve\u00e7 artikuj p\u00ebrmbledh\u00ebs","description":"","publisher":{"@id":"https:\/\/permbledhja.com\/#organization"},"potentialAction":[{"@type":"SearchAction","target":{"@type":"EntryPoint","urlTemplate":"https:\/\/permbledhja.com\/?s={search_term_string}"},"query-input":"required name=search_term_string"}],"inLanguage":"sq"},{"@type":"Organization","@id":"https:\/\/permbledhja.com\/#organization","name":"MK Media & Pr","url":"https:\/\/permbledhja.com\/","logo":{"@type":"ImageObject","inLanguage":"sq","@id":"https:\/\/permbledhja.com\/#\/schema\/logo\/image\/","url":"https:\/\/permbledhja.com\/wp-content\/uploads\/2021\/12\/07-Press-Logo.jpg","contentUrl":"https:\/\/permbledhja.com\/wp-content\/uploads\/2021\/12\/07-Press-Logo.jpg","width":512,"height":512,"caption":"MK Media & Pr"},"image":{"@id":"https:\/\/permbledhja.com\/#\/schema\/logo\/image\/"},"sameAs":["https:\/\/www.facebook.com\/press07\/"]},{"@type":"Person","@id":"https:\/\/permbledhja.com\/#\/schema\/person\/d23f13f59b5722643933d6780783acf3","name":"M M","image":{"@type":"ImageObject","inLanguage":"sq","@id":"https:\/\/permbledhja.com\/#\/schema\/person\/image\/","url":"https:\/\/secure.gravatar.com\/avatar\/e2835a76ca7c31a2416b2d51c4ec9a8f?s=96&d=mm&r=g","contentUrl":"https:\/\/secure.gravatar.com\/avatar\/e2835a76ca7c31a2416b2d51c4ec9a8f?s=96&d=mm&r=g","caption":"M M"},"sameAs":["http:\/\/MM"],"url":"https:\/\/permbledhja.com\/sq\/author\/muhamet\/"}]}},"_links":{"self":[{"href":"https:\/\/permbledhja.com\/sq\/wp-json\/wp\/v2\/posts\/29369"}],"collection":[{"href":"https:\/\/permbledhja.com\/sq\/wp-json\/wp\/v2\/posts"}],"about":[{"href":"https:\/\/permbledhja.com\/sq\/wp-json\/wp\/v2\/types\/post"}],"author":[{"embeddable":true,"href":"https:\/\/permbledhja.com\/sq\/wp-json\/wp\/v2\/users\/2"}],"replies":[{"embeddable":true,"href":"https:\/\/permbledhja.com\/sq\/wp-json\/wp\/v2\/comments?post=29369"}],"version-history":[{"count":1,"href":"https:\/\/permbledhja.com\/sq\/wp-json\/wp\/v2\/posts\/29369\/revisions"}],"predecessor-version":[{"id":29371,"href":"https:\/\/permbledhja.com\/sq\/wp-json\/wp\/v2\/posts\/29369\/revisions\/29371"}],"wp:featuredmedia":[{"embeddable":true,"href":"https:\/\/permbledhja.com\/sq\/wp-json\/wp\/v2\/media\/29370"}],"wp:attachment":[{"href":"https:\/\/permbledhja.com\/sq\/wp-json\/wp\/v2\/media?parent=29369"}],"wp:term":[{"taxonomy":"category","embeddable":true,"href":"https:\/\/permbledhja.com\/sq\/wp-json\/wp\/v2\/categories?post=29369"},{"taxonomy":"post_tag","embeddable":true,"href":"https:\/\/permbledhja.com\/sq\/wp-json\/wp\/v2\/tags?post=29369"}],"curies":[{"name":"wp","href":"https:\/\/api.w.org\/{rel}","templated":true}]}}