{"id":29235,"date":"2023-10-01T10:57:21","date_gmt":"2023-10-01T10:57:21","guid":{"rendered":"https:\/\/permbledhja.com\/?p=29235"},"modified":"2023-10-01T10:57:53","modified_gmt":"2023-10-01T10:57:53","slug":"the-guardian-serbia-terheq-disa-trupa-nga-kufiri-me-kosoven-pas-paralajmerimit-nga-shba","status":"publish","type":"post","link":"https:\/\/permbledhja.com\/sq\/the-guardian-serbia-terheq-disa-trupa-nga-kufiri-me-kosoven-pas-paralajmerimit-nga-shba\/","title":{"rendered":"The Guardian: Serbia t\u00ebrheq disa trupa nga kufiri me Kosov\u00ebn pas paralajm\u00ebrimit nga SHBA"},"content":{"rendered":"<h3>Serbia ka t\u00ebrhequr disa nga trupat e saj nga kufiri me Kosov\u00ebn pas paralajm\u00ebrimeve t\u00eb SHBA-s\u00eb se mund t\u00eb p\u00ebrballet me masa nd\u00ebshkuese p\u00ebr at\u00eb q\u00eb Sht\u00ebpia e Bardh\u00eb e quajti nj\u00eb grumbullim \u201ct\u00eb paprecedent\u00eb\u201d t\u00eb trupave dhe armatimit serb, shkruan gazeta e njohur britanike,\u00a0<a href=\"https:\/\/www.theguardian.com\/world\/2023\/sep\/30\/serbia-pulls-some-troops-back-from-kosovo-border-after-warning-from-us\">The Guardian<\/a>.<\/h3>\n<p>Presidenti serb, Aleksandar Vu\u00e7iq, njoftoi se kishte urdh\u00ebruar t\u00ebrheqjen e trupave. N\u00eb nj\u00eb deklarat\u00eb p\u00ebr Financial Times, ai tha se \u00e7do veprim ushtarak do t\u00eb ishte kund\u00ebrproduktiv, duke shtuar: \u201cSerbia nuk d\u00ebshiron luft\u00eb\u201d.<\/p>\n<p>Guradian raporton se nj\u00eb zyrtar i qeveris\u00eb kosovare konfirmoi nj\u00eb t\u00ebrheqje t\u00eb pjesshme serbe t\u00eb shtun\u00ebn, me largimin e trupave dhe pajisjeve q\u00eb ishin zhvendosur n\u00eb pozicionet p\u00ebrreth kufirit n\u00eb pes\u00eb dit\u00ebt e fundit, duke l\u00ebn\u00eb pas nj\u00eb forc\u00eb ende t\u00eb konsiderueshme q\u00eb \u00ebsht\u00eb e vendosur p\u00ebrgjithmon\u00eb n\u00eb zon\u00eb.<\/p>\n<p>T\u00ebrheqja pasoi nj\u00eb deklarat\u00eb publike shqet\u00ebsimi nga Sht\u00ebpia e Bardh\u00eb, nj\u00eb thirrje t\u00eb ashp\u00ebr drejtuar Vu\u00e7iqit nga sekretari amerikan i shtetit, Antony Blinken dhe p\u00ebrforcimin e forc\u00ebs paqeruajt\u00ebse t\u00eb NATO-s n\u00eb Kosov\u00eb, KFOR, me qindra trupa britanike.<\/p>\n<p>N\u00eb bised\u00ebn e tij me Vu\u00e7iqin, Blinken b\u00ebri thirrje p\u00ebr \u201cdeeskalim t\u00eb menj\u00ebhersh\u00ebm\u201d dhe nj\u00eb kthim n\u00eb marr\u00ebveshjen e m\u00ebparshme p\u00ebr normalizimin e marr\u00ebdh\u00ebnieve me Kosov\u00ebn.<\/p>\n<p>Sipas Vu\u00e7iqit, Blinken tha se mund t\u00eb ket\u00eb masa amerikane kund\u00ebr Serbis\u00eb n\u00ebse ai nuk e respekton k\u00ebrkes\u00ebn. \u201cUn\u00eb thash\u00eb se ju jeni nj\u00eb superfuqi dhe mund t\u00eb b\u00ebni ose t\u00eb thoni \u00e7far\u00eb t\u00eb doni, por un\u00eb jam plot\u00ebsisht kund\u00ebr k\u00ebsaj. Mendoj se do t\u00eb ishte shum\u00eb keq\u201d, tha presidenti serb p\u00ebr agjencin\u00eb e shtypit Tanjug.<\/p>\n<p>T\u00eb shtun\u00ebn n\u00eb mbr\u00ebmje, ambasadori i Gjermanis\u00eb n\u00eb SHBA, Andreas Michaelis, e p\u00ebrshkroi situat\u00ebn si \u201cnj\u00eb tjet\u00ebr fu\u00e7i baruti n\u00eb Europ\u00eb\u201d dhe nj\u00eb rrezik q\u00eb duhet marr\u00eb seriozisht.<\/p>\n<p>Michaelis tha n\u00eb mediat sociale se kishte pasur \u201cbashk\u00ebpunim shum\u00eb t\u00eb ngusht\u00eb midis Gjermanis\u00eb dhe SHBA-s\u00eb n\u00eb dit\u00ebt dhe or\u00ebt e fundit\u201d, i cili kishte qen\u00eb \u201cabsolutisht \u00e7el\u00ebsi p\u00ebr t\u00eb shmangur p\u00ebrshkall\u00ebzimin e m\u00ebtejsh\u00ebm\u201d.<\/p>\n<p>\u201cSerbia duhet t\u00eb veproj\u00eb tani\u201d, tha Michaelis.<\/p>\n<p>Paralajm\u00ebrimet e SHBA-s\u00eb erdh\u00ebn n\u00eb fund t\u00eb nj\u00eb jave tensioni t\u00eb lart\u00eb, duke filluar me nj\u00eb prit\u00eb nga paraushtarak\u00ebt serb\u00eb t\u00eb armatosur mir\u00eb ndaj nj\u00eb patrulle t\u00eb policis\u00eb kosovare, n\u00eb t\u00eb cil\u00ebn u vra nj\u00eb oficer policie. Tre persona t\u00eb armatosur serb\u00eb u vran\u00eb n\u00eb betej\u00ebn q\u00eb pasoi, af\u00ebr fshatit Banjska.<\/p>\n<p>Grupi i armatosur drejtohej nga Milan Radoi\u00e7iq, n\u00ebnkryetari i List\u00ebs Serbe, nj\u00eb parti e mb\u00ebshtetur nga Beogradi q\u00eb p\u00ebrfaq\u00ebson pakic\u00ebn serbe n\u00eb veri t\u00eb Kosov\u00ebs. P\u00ebrmes nj\u00eb avokati, Radoi\u00e7iq tha se ai ishte p\u00ebrgjegj\u00ebs p\u00ebr shk\u00ebmbimin e zjarrit me policin\u00eb kosovare, por nuk shpjegoi burimin e arm\u00ebve moderne q\u00eb paraushtarak\u00ebt serb\u00eb mbanin.<\/p>\n<p>Qeveria e Kosov\u00ebs shfaqi nj\u00eb dokument q\u00eb pretendonte t\u00eb tregonte se nj\u00eb granat\u00ebhedh\u00ebs q\u00eb grupi kishte mbajtur u ishte dh\u00ebn\u00eb atyre nga ushtria serbe dhe zyrtar\u00ebt n\u00eb Prishtin\u00eb shpreh\u00ebn shqet\u00ebsimin se p\u00ebrleshja e s\u00eb diel\u00ebs kishte p\u00ebr q\u00ebllim t\u00eb ofronte nj\u00eb pretekst p\u00ebr nj\u00eb nd\u00ebrhyrje ushtarake serbe n\u00eb veri t\u00eb Kosov\u00ebs.<\/p>\n<p>Serbia shpalli nj\u00eb dit\u00eb zie p\u00ebr tre serb\u00ebt e vdekur n\u00eb Kosov\u00ebs dhe Vu\u00e7iq pretendoi n\u00eb m\u00ebnyr\u00eb t\u00eb rreme se forcat e Kosov\u00ebs po kryenin nj\u00eb fushat\u00eb \u201cspastrimi etnik brutal\u201d kund\u00ebr serb\u00ebve etnik\u00eb.<\/p>\n","protected":false},"excerpt":{"rendered":"<p>Serbia ka t\u00ebrhequr disa nga trupat e saj nga kufiri me Kosov\u00ebn pas paralajm\u00ebrimeve t\u00eb SHBA-s\u00eb se mund t\u00eb p\u00ebrballet me masa nd\u00ebshkuese p\u00ebr at\u00eb q\u00eb Sht\u00ebpia e Bardh\u00eb e quajti nj\u00eb grumbullim \u201ct\u00eb paprecedent\u00eb\u201d t\u00eb trupave dhe armatimit serb, shkruan gazeta e njohur britanike,\u00a0The Guardian. Presidenti serb, Aleksandar Vu\u00e7iq, njoftoi se kishte urdh\u00ebruar t\u00ebrheqjen [&hellip;]<\/p>\n","protected":false},"author":2,"featured_media":29236,"comment_status":"closed","ping_status":"closed","sticky":false,"template":"","format":"standard","meta":{"_monsterinsights_skip_tracking":false,"_monsterinsights_sitenote_active":false,"_monsterinsights_sitenote_note":"","_monsterinsights_sitenote_category":0,"_uf_show_specific_survey":0,"_uf_disable_surveys":false,"footnotes":""},"categories":[23,15],"tags":[658],"yoast_head":"<!-- This site is optimized with the Yoast SEO plugin v21.5 - https:\/\/yoast.com\/wordpress\/plugins\/seo\/ -->\n<title>The Guardian: Serbia t\u00ebrheq disa trupa nga kufiri me Kosov\u00ebn pas paralajm\u00ebrimit nga SHBA<\/title>\n<meta name=\"robots\" content=\"index, follow, max-snippet:-1, max-image-preview:large, max-video-preview:-1\" \/>\n<link rel=\"canonical\" href=\"https:\/\/permbledhja.com\/sq\/the-guardian-serbia-terheq-disa-trupa-nga-kufiri-me-kosoven-pas-paralajmerimit-nga-shba\/\" \/>\n<meta property=\"og:locale\" content=\"sq_AL\" \/>\n<meta property=\"og:type\" content=\"article\" \/>\n<meta property=\"og:title\" content=\"The Guardian: Serbia t\u00ebrheq disa trupa nga kufiri me Kosov\u00ebn pas paralajm\u00ebrimit nga SHBA\" \/>\n<meta property=\"og:description\" content=\"Serbia ka t\u00ebrhequr disa nga trupat e saj nga kufiri me Kosov\u00ebn pas paralajm\u00ebrimeve t\u00eb SHBA-s\u00eb se mund t\u00eb p\u00ebrballet me masa nd\u00ebshkuese p\u00ebr at\u00eb q\u00eb Sht\u00ebpia e Bardh\u00eb e quajti nj\u00eb grumbullim \u201ct\u00eb paprecedent\u00eb\u201d t\u00eb trupave dhe armatimit serb, shkruan gazeta e njohur britanike,\u00a0The Guardian. Presidenti serb, Aleksandar Vu\u00e7iq, njoftoi se kishte urdh\u00ebruar t\u00ebrheqjen [&hellip;]\" \/>\n<meta property=\"og:url\" content=\"https:\/\/permbledhja.com\/sq\/the-guardian-serbia-terheq-disa-trupa-nga-kufiri-me-kosoven-pas-paralajmerimit-nga-shba\/\" \/>\n<meta property=\"og:site_name\" content=\"Ve\u00e7 artikuj p\u00ebrmbledh\u00ebs\" \/>\n<meta property=\"article:publisher\" content=\"https:\/\/www.facebook.com\/press07\/\" \/>\n<meta property=\"article:published_time\" content=\"2023-10-01T10:57:21+00:00\" \/>\n<meta property=\"article:modified_time\" content=\"2023-10-01T10:57:53+00:00\" \/>\n<meta property=\"og:image\" content=\"https:\/\/permbledhja.com\/wp-content\/uploads\/2023\/10\/Serbias-President-Aleksandar-Vucic.webp\" \/>\n\t<meta property=\"og:image:width\" content=\"2000\" \/>\n\t<meta property=\"og:image:height\" content=\"1328\" \/>\n\t<meta property=\"og:image:type\" content=\"image\/webp\" \/>\n<meta name=\"author\" content=\"M M\" \/>\n<meta name=\"twitter:card\" content=\"summary_large_image\" \/>\n<meta name=\"twitter:label1\" content=\"Written by\" \/>\n\t<meta name=\"twitter:data1\" content=\"M M\" \/>\n\t<meta name=\"twitter:label2\" content=\"Est. reading time\" \/>\n\t<meta name=\"twitter:data2\" content=\"3 minuta\" \/>\n<script type=\"application\/ld+json\" class=\"yoast-schema-graph\">{\"@context\":\"https:\/\/schema.org\",\"@graph\":[{\"@type\":\"Article\",\"@id\":\"https:\/\/permbledhja.com\/the-guardian-serbia-terheq-disa-trupa-nga-kufiri-me-kosoven-pas-paralajmerimit-nga-shba\/#article\",\"isPartOf\":{\"@id\":\"https:\/\/permbledhja.com\/the-guardian-serbia-terheq-disa-trupa-nga-kufiri-me-kosoven-pas-paralajmerimit-nga-shba\/\"},\"author\":{\"name\":\"M M\",\"@id\":\"https:\/\/permbledhja.com\/#\/schema\/person\/d23f13f59b5722643933d6780783acf3\"},\"headline\":\"The Guardian: Serbia t\u00ebrheq disa trupa nga kufiri me Kosov\u00ebn pas paralajm\u00ebrimit nga SHBA\",\"datePublished\":\"2023-10-01T10:57:21+00:00\",\"dateModified\":\"2023-10-01T10:57:53+00:00\",\"mainEntityOfPage\":{\"@id\":\"https:\/\/permbledhja.com\/the-guardian-serbia-terheq-disa-trupa-nga-kufiri-me-kosoven-pas-paralajmerimit-nga-shba\/\"},\"wordCount\":629,\"publisher\":{\"@id\":\"https:\/\/permbledhja.com\/#organization\"},\"keywords\":[\"Aleksandar Vu\u00e7iq\"],\"articleSection\":[\"Komb\u00ebtare\",\"Lajme\"],\"inLanguage\":\"sq\"},{\"@type\":\"WebPage\",\"@id\":\"https:\/\/permbledhja.com\/the-guardian-serbia-terheq-disa-trupa-nga-kufiri-me-kosoven-pas-paralajmerimit-nga-shba\/\",\"url\":\"https:\/\/permbledhja.com\/the-guardian-serbia-terheq-disa-trupa-nga-kufiri-me-kosoven-pas-paralajmerimit-nga-shba\/\",\"name\":\"The Guardian: Serbia t\u00ebrheq disa trupa nga kufiri me Kosov\u00ebn pas paralajm\u00ebrimit nga SHBA\",\"isPartOf\":{\"@id\":\"https:\/\/permbledhja.com\/#website\"},\"datePublished\":\"2023-10-01T10:57:21+00:00\",\"dateModified\":\"2023-10-01T10:57:53+00:00\",\"breadcrumb\":{\"@id\":\"https:\/\/permbledhja.com\/the-guardian-serbia-terheq-disa-trupa-nga-kufiri-me-kosoven-pas-paralajmerimit-nga-shba\/#breadcrumb\"},\"inLanguage\":\"sq\",\"potentialAction\":[{\"@type\":\"ReadAction\",\"target\":[\"https:\/\/permbledhja.com\/the-guardian-serbia-terheq-disa-trupa-nga-kufiri-me-kosoven-pas-paralajmerimit-nga-shba\/\"]}]},{\"@type\":\"BreadcrumbList\",\"@id\":\"https:\/\/permbledhja.com\/the-guardian-serbia-terheq-disa-trupa-nga-kufiri-me-kosoven-pas-paralajmerimit-nga-shba\/#breadcrumb\",\"itemListElement\":[{\"@type\":\"ListItem\",\"position\":1,\"name\":\"Ballina\",\"item\":\"https:\/\/permbledhja.com\/sq\/\"},{\"@type\":\"ListItem\",\"position\":2,\"name\":\"The Guardian: Serbia t\u00ebrheq disa trupa nga kufiri me Kosov\u00ebn pas paralajm\u00ebrimit nga SHBA\"}]},{\"@type\":\"WebSite\",\"@id\":\"https:\/\/permbledhja.com\/#website\",\"url\":\"https:\/\/permbledhja.com\/\",\"name\":\"Ve\u00e7 artikuj p\u00ebrmbledh\u00ebs\",\"description\":\"\",\"publisher\":{\"@id\":\"https:\/\/permbledhja.com\/#organization\"},\"potentialAction\":[{\"@type\":\"SearchAction\",\"target\":{\"@type\":\"EntryPoint\",\"urlTemplate\":\"https:\/\/permbledhja.com\/?s={search_term_string}\"},\"query-input\":\"required name=search_term_string\"}],\"inLanguage\":\"sq\"},{\"@type\":\"Organization\",\"@id\":\"https:\/\/permbledhja.com\/#organization\",\"name\":\"MK Media & Pr\",\"url\":\"https:\/\/permbledhja.com\/\",\"logo\":{\"@type\":\"ImageObject\",\"inLanguage\":\"sq\",\"@id\":\"https:\/\/permbledhja.com\/#\/schema\/logo\/image\/\",\"url\":\"https:\/\/permbledhja.com\/wp-content\/uploads\/2021\/12\/07-Press-Logo.jpg\",\"contentUrl\":\"https:\/\/permbledhja.com\/wp-content\/uploads\/2021\/12\/07-Press-Logo.jpg\",\"width\":512,\"height\":512,\"caption\":\"MK Media & Pr\"},\"image\":{\"@id\":\"https:\/\/permbledhja.com\/#\/schema\/logo\/image\/\"},\"sameAs\":[\"https:\/\/www.facebook.com\/press07\/\"]},{\"@type\":\"Person\",\"@id\":\"https:\/\/permbledhja.com\/#\/schema\/person\/d23f13f59b5722643933d6780783acf3\",\"name\":\"M M\",\"image\":{\"@type\":\"ImageObject\",\"inLanguage\":\"sq\",\"@id\":\"https:\/\/permbledhja.com\/#\/schema\/person\/image\/\",\"url\":\"https:\/\/secure.gravatar.com\/avatar\/e2835a76ca7c31a2416b2d51c4ec9a8f?s=96&d=mm&r=g\",\"contentUrl\":\"https:\/\/secure.gravatar.com\/avatar\/e2835a76ca7c31a2416b2d51c4ec9a8f?s=96&d=mm&r=g\",\"caption\":\"M M\"},\"sameAs\":[\"http:\/\/MM\"],\"url\":\"https:\/\/permbledhja.com\/sq\/author\/muhamet\/\"}]}<\/script>\n<!-- \/ Yoast SEO plugin. -->","yoast_head_json":{"title":"The Guardian: Serbia t\u00ebrheq disa trupa nga kufiri me Kosov\u00ebn pas paralajm\u00ebrimit nga SHBA","robots":{"index":"index","follow":"follow","max-snippet":"max-snippet:-1","max-image-preview":"max-image-preview:large","max-video-preview":"max-video-preview:-1"},"canonical":"https:\/\/permbledhja.com\/sq\/the-guardian-serbia-terheq-disa-trupa-nga-kufiri-me-kosoven-pas-paralajmerimit-nga-shba\/","og_locale":"sq_AL","og_type":"article","og_title":"The Guardian: Serbia t\u00ebrheq disa trupa nga kufiri me Kosov\u00ebn pas paralajm\u00ebrimit nga SHBA","og_description":"Serbia ka t\u00ebrhequr disa nga trupat e saj nga kufiri me Kosov\u00ebn pas paralajm\u00ebrimeve t\u00eb SHBA-s\u00eb se mund t\u00eb p\u00ebrballet me masa nd\u00ebshkuese p\u00ebr at\u00eb q\u00eb Sht\u00ebpia e Bardh\u00eb e quajti nj\u00eb grumbullim \u201ct\u00eb paprecedent\u00eb\u201d t\u00eb trupave dhe armatimit serb, shkruan gazeta e njohur britanike,\u00a0The Guardian. Presidenti serb, Aleksandar Vu\u00e7iq, njoftoi se kishte urdh\u00ebruar t\u00ebrheqjen [&hellip;]","og_url":"https:\/\/permbledhja.com\/sq\/the-guardian-serbia-terheq-disa-trupa-nga-kufiri-me-kosoven-pas-paralajmerimit-nga-shba\/","og_site_name":"Ve\u00e7 artikuj p\u00ebrmbledh\u00ebs","article_publisher":"https:\/\/www.facebook.com\/press07\/","article_published_time":"2023-10-01T10:57:21+00:00","article_modified_time":"2023-10-01T10:57:53+00:00","og_image":[{"width":2000,"height":1328,"url":"https:\/\/permbledhja.com\/wp-content\/uploads\/2023\/10\/Serbias-President-Aleksandar-Vucic.webp","type":"image\/webp"}],"author":"M M","twitter_card":"summary_large_image","twitter_misc":{"Written by":"M M","Est. reading time":"3 minuta"},"schema":{"@context":"https:\/\/schema.org","@graph":[{"@type":"Article","@id":"https:\/\/permbledhja.com\/the-guardian-serbia-terheq-disa-trupa-nga-kufiri-me-kosoven-pas-paralajmerimit-nga-shba\/#article","isPartOf":{"@id":"https:\/\/permbledhja.com\/the-guardian-serbia-terheq-disa-trupa-nga-kufiri-me-kosoven-pas-paralajmerimit-nga-shba\/"},"author":{"name":"M M","@id":"https:\/\/permbledhja.com\/#\/schema\/person\/d23f13f59b5722643933d6780783acf3"},"headline":"The Guardian: Serbia t\u00ebrheq disa trupa nga kufiri me Kosov\u00ebn pas paralajm\u00ebrimit nga SHBA","datePublished":"2023-10-01T10:57:21+00:00","dateModified":"2023-10-01T10:57:53+00:00","mainEntityOfPage":{"@id":"https:\/\/permbledhja.com\/the-guardian-serbia-terheq-disa-trupa-nga-kufiri-me-kosoven-pas-paralajmerimit-nga-shba\/"},"wordCount":629,"publisher":{"@id":"https:\/\/permbledhja.com\/#organization"},"keywords":["Aleksandar Vu\u00e7iq"],"articleSection":["Komb\u00ebtare","Lajme"],"inLanguage":"sq"},{"@type":"WebPage","@id":"https:\/\/permbledhja.com\/the-guardian-serbia-terheq-disa-trupa-nga-kufiri-me-kosoven-pas-paralajmerimit-nga-shba\/","url":"https:\/\/permbledhja.com\/the-guardian-serbia-terheq-disa-trupa-nga-kufiri-me-kosoven-pas-paralajmerimit-nga-shba\/","name":"The Guardian: Serbia t\u00ebrheq disa trupa nga kufiri me Kosov\u00ebn pas paralajm\u00ebrimit nga SHBA","isPartOf":{"@id":"https:\/\/permbledhja.com\/#website"},"datePublished":"2023-10-01T10:57:21+00:00","dateModified":"2023-10-01T10:57:53+00:00","breadcrumb":{"@id":"https:\/\/permbledhja.com\/the-guardian-serbia-terheq-disa-trupa-nga-kufiri-me-kosoven-pas-paralajmerimit-nga-shba\/#breadcrumb"},"inLanguage":"sq","potentialAction":[{"@type":"ReadAction","target":["https:\/\/permbledhja.com\/the-guardian-serbia-terheq-disa-trupa-nga-kufiri-me-kosoven-pas-paralajmerimit-nga-shba\/"]}]},{"@type":"BreadcrumbList","@id":"https:\/\/permbledhja.com\/the-guardian-serbia-terheq-disa-trupa-nga-kufiri-me-kosoven-pas-paralajmerimit-nga-shba\/#breadcrumb","itemListElement":[{"@type":"ListItem","position":1,"name":"Ballina","item":"https:\/\/permbledhja.com\/sq\/"},{"@type":"ListItem","position":2,"name":"The Guardian: Serbia t\u00ebrheq disa trupa nga kufiri me Kosov\u00ebn pas paralajm\u00ebrimit nga SHBA"}]},{"@type":"WebSite","@id":"https:\/\/permbledhja.com\/#website","url":"https:\/\/permbledhja.com\/","name":"Ve\u00e7 artikuj p\u00ebrmbledh\u00ebs","description":"","publisher":{"@id":"https:\/\/permbledhja.com\/#organization"},"potentialAction":[{"@type":"SearchAction","target":{"@type":"EntryPoint","urlTemplate":"https:\/\/permbledhja.com\/?s={search_term_string}"},"query-input":"required name=search_term_string"}],"inLanguage":"sq"},{"@type":"Organization","@id":"https:\/\/permbledhja.com\/#organization","name":"MK Media & Pr","url":"https:\/\/permbledhja.com\/","logo":{"@type":"ImageObject","inLanguage":"sq","@id":"https:\/\/permbledhja.com\/#\/schema\/logo\/image\/","url":"https:\/\/permbledhja.com\/wp-content\/uploads\/2021\/12\/07-Press-Logo.jpg","contentUrl":"https:\/\/permbledhja.com\/wp-content\/uploads\/2021\/12\/07-Press-Logo.jpg","width":512,"height":512,"caption":"MK Media & Pr"},"image":{"@id":"https:\/\/permbledhja.com\/#\/schema\/logo\/image\/"},"sameAs":["https:\/\/www.facebook.com\/press07\/"]},{"@type":"Person","@id":"https:\/\/permbledhja.com\/#\/schema\/person\/d23f13f59b5722643933d6780783acf3","name":"M M","image":{"@type":"ImageObject","inLanguage":"sq","@id":"https:\/\/permbledhja.com\/#\/schema\/person\/image\/","url":"https:\/\/secure.gravatar.com\/avatar\/e2835a76ca7c31a2416b2d51c4ec9a8f?s=96&d=mm&r=g","contentUrl":"https:\/\/secure.gravatar.com\/avatar\/e2835a76ca7c31a2416b2d51c4ec9a8f?s=96&d=mm&r=g","caption":"M M"},"sameAs":["http:\/\/MM"],"url":"https:\/\/permbledhja.com\/sq\/author\/muhamet\/"}]}},"_links":{"self":[{"href":"https:\/\/permbledhja.com\/sq\/wp-json\/wp\/v2\/posts\/29235"}],"collection":[{"href":"https:\/\/permbledhja.com\/sq\/wp-json\/wp\/v2\/posts"}],"about":[{"href":"https:\/\/permbledhja.com\/sq\/wp-json\/wp\/v2\/types\/post"}],"author":[{"embeddable":true,"href":"https:\/\/permbledhja.com\/sq\/wp-json\/wp\/v2\/users\/2"}],"replies":[{"embeddable":true,"href":"https:\/\/permbledhja.com\/sq\/wp-json\/wp\/v2\/comments?post=29235"}],"version-history":[{"count":1,"href":"https:\/\/permbledhja.com\/sq\/wp-json\/wp\/v2\/posts\/29235\/revisions"}],"predecessor-version":[{"id":29237,"href":"https:\/\/permbledhja.com\/sq\/wp-json\/wp\/v2\/posts\/29235\/revisions\/29237"}],"wp:featuredmedia":[{"embeddable":true,"href":"https:\/\/permbledhja.com\/sq\/wp-json\/wp\/v2\/media\/29236"}],"wp:attachment":[{"href":"https:\/\/permbledhja.com\/sq\/wp-json\/wp\/v2\/media?parent=29235"}],"wp:term":[{"taxonomy":"category","embeddable":true,"href":"https:\/\/permbledhja.com\/sq\/wp-json\/wp\/v2\/categories?post=29235"},{"taxonomy":"post_tag","embeddable":true,"href":"https:\/\/permbledhja.com\/sq\/wp-json\/wp\/v2\/tags?post=29235"}],"curies":[{"name":"wp","href":"https:\/\/api.w.org\/{rel}","templated":true}]}}