{"id":29101,"date":"2023-09-30T11:05:25","date_gmt":"2023-09-30T11:05:25","guid":{"rendered":"https:\/\/permbledhja.com\/?p=29101"},"modified":"2023-09-30T11:05:25","modified_gmt":"2023-09-30T11:05:25","slug":"ish-koloneli-amerikan-sulmuesit-ne-banjske-ishin-te-pajisur-si-nje-kembesori-ushtarake","status":"publish","type":"post","link":"https:\/\/permbledhja.com\/sq\/ish-koloneli-amerikan-sulmuesit-ne-banjske-ishin-te-pajisur-si-nje-kembesori-ushtarake\/","title":{"rendered":"Ish-koloneli amerikan: Sulmuesit n\u00eb Banjsk\u00eb ishin t\u00eb pajisur si nj\u00eb k\u00ebmb\u00ebsori ushtarake"},"content":{"rendered":"<h3>Ish-koloneli i ushtris\u00eb amerikane, Gian Gentile, thot\u00eb se grupi i armatosur n\u00ebsulmin e 24 shtatorit n\u00eb Banjsk\u00eb ishte pajisur si nj\u00eb k\u00ebmb\u00ebsori ushtarake prej 120 apo 130 ushtar\u00ebsh dhe se kishte potencial p\u00ebr t\u00eb shkaktuar d\u00ebme t\u00eb m\u00ebdha ndaj infrastuktur\u00ebs civile n\u00eb Banjsk\u00eb dhe forcave policore.<\/h3>\n<p>Pasi analizoi fotografit\u00eb dhe list\u00ebn e armatimit t\u00eb konfiskuar nga Policia e Kosov\u00ebs \u2013 pas sulmit q\u00eb la nj\u00eb polic t\u00eb vrar\u00eb n\u00eb pjes\u00ebn veriore t\u00eb vendit \u2013 drejtori i asociuar n\u00eb Divizionin p\u00ebr K\u00ebrkime Ushtarake n\u00eb institutin amerikan RAND Corporation, Gentile, thot\u00eb se \u00ebsht\u00eb befasuar nga prezenca e disa prej llojeve t\u00eb arm\u00ebve.<\/p>\n<p>\u201cKishte fotografi t\u00eb mortajave 60-milimet\u00ebrshe. K\u00ebto jan\u00eb arm\u00eb ushtarake dhe jan\u00eb efektive ndaj nj\u00eb k\u00ebmb\u00ebsorie t\u00eb armatosur leht\u00eb n\u00eb an\u00ebn tjet\u00ebr. Por, s\u2019do t\u00eb ishin efektive n\u00ebse d\u00ebshiron ta ndal\u00ebsh nj\u00eb tank, p\u00ebr shembull\u201d, thot\u00eb Gentile p\u00ebr REL.<\/p>\n<p>Sulmi n\u00eb Banjsk\u00eb ndodhi nat\u00ebn mes 23 dhe 24 shtatorit kur grupe t\u00eb armatosura sulmuan policin\u00eb e Kosov\u00ebs n\u00eb fshatin e komun\u00ebs s\u00eb Zve\u00e7anit, duke l\u00ebn\u00eb nj\u00eb polic t\u00eb vrar\u00eb.<\/p>\n<p>N\u00eb p\u00ebrleshjet q\u00eb pasuan u vran\u00eb edhe tre sulmues.<\/p>\n<p>Gentile beson se armatimi i konfiskuar nuk do t\u00eb ishte shum\u00eb efektiv ndaj objekteve t\u00eb p\u00ebrforcuara, si bunker\u00ebt, por thot\u00eb se, n\u00eb nj\u00eb sulm ndaj nj\u00eb grupi t\u00eb polic\u00ebve, armatimi do t\u00eb ishte shum\u00eb efektiv.<\/p>\n<p>\u201cN\u00ebse q\u00ebllimi juaj i vet\u00ebm do t\u00eb ishte mbijetesa, do t\u00eb ishte m\u00eb mir\u00eb t\u00eb ishit n\u00eb an\u00ebn e sulmuesve me k\u00ebto lloje t\u00eb arm\u00ebve. Llojet e arm\u00ebve n\u00eb fotografit\u00eb q\u00eb m\u2019i d\u00ebrguat [t\u00eb ekspozuara nga Policia e Kosov\u00ebs], do ta shkat\u00ebrronin nj\u00eb forc\u00eb leht\u00eb t\u00eb armatosur policore me vet\u00ebm pistoleta dhe ndoshta pushk\u00eb\u201d, thot\u00eb Gentile.<\/p>\n<p>Ai shton se forcat e policis\u00eb nuk kan\u00eb pajisje t\u00eb nivelit t\u00eb till\u00eb ushtarak as n\u00eb SHBA dhe se armatimi i till\u00eb do t\u00eb mund ta d\u00ebmtonte r\u00ebnd\u00eb infrastruktur\u00ebn civile, si sht\u00ebpit\u00eb p\u00ebrreth Manastirit t\u00eb Banjsk\u00ebs, ku u strehuan sulmuesit.<\/p>\n<p>\u201cKjo m\u00eb shkoi n\u00eb mendje\u2026 q\u00eb k\u00ebto jan\u00eb llojet e arm\u00ebve, pajisjeve dhe sistemeve me t\u00eb cilat do t\u00eb ishte e pajisur nj\u00eb kompani k\u00ebmb\u00ebsorie, e jo nj\u00eb forc\u00eb policore\u201d, thot\u00eb Gentile, i cili sh\u00ebrbeu disa vite si profesor n\u00eb akademin\u00eb ushtarake t\u00eb SHBA-s\u00eb, Westpoint.<\/p>\n<p>N\u00eb Manastirin e Banjsk\u00ebs dhe objektet p\u00ebrreth, p\u00ebrfshir\u00eb sht\u00ebpi banimi, u konfiskua sasi e madhe armatimi, dy automjete t\u00eb blinduara, m\u00eb shum\u00eb se 20 automjete malore dhe dy motor\u00eb, po ashtu, p\u00ebr terrene malore, tha Policia e Kosov\u00ebs.<\/p>\n<p>P\u00ebrve\u00e7 dy motor\u00ebve, p\u00ebr t\u00eb cil\u00ebt thot\u00eb se nuk kan\u00eb ndonj\u00eb vler\u00eb ushtarake pasi q\u00eb vozit\u00ebsi i tyre do t\u00eb ishte i ekspozuar ndaj sulmeve, Gentile thot\u00eb se armatimi i konfiskuar \u00ebsht\u00eb i llojit q\u00eb ende p\u00ebrdoret kudo n\u00eb bot\u00eb.<\/p>\n<p>\u201cUshtar\u00ebt ukrainas dhe rus\u00eb patjet\u00ebr q\u00eb p\u00ebrdorin mortaja t\u00eb kalibrit t\u00eb vog\u00ebl, mortaja 80-milimet\u00ebrshe, dhe raketahedh\u00ebs automatik\u00eb. Pastaj, edhe mitraloz\u00ebt [p\u00ebrdoren]. K\u00ebshtu q\u00eb, po, do t\u00eb thosha q\u00eb k\u00ebto sisteme definitivisht p\u00ebrdoren nga forcat ushtarake edhe sot\u201d, thot\u00eb Gentile.<\/p>\n<p>P\u00ebr p\u00ebrdorimin e disa prej pajisjeve t\u00eb konfiskuara, Gentile thot\u00eb se nuk do t\u00eb duhej as trajnim i gjat\u00eb. Njohurit\u00eb bazike p\u00ebr p\u00ebrdorim t\u00eb arm\u00ebve do t\u00eb mjaftonin. Por, sipas tij, gj\u00ebrat do t\u00eb komplikoheshin n\u00ebse ato do t\u00eb duhej t\u00eb pastroheshin dhe t\u00eb rip\u00ebrdoreshin.<\/p>\n<p>\u201cPastaj, kur flasim p\u00ebr eksploziv\u00ebt e llojit C4. Dikush do t\u00eb duhej t\u00eb dinte se si t\u00eb vendoste nj\u00eb tel shp\u00ebrthyes aty, si ta instaloj\u00eb pa e eksploduar veten\u201d, thot\u00eb Gentile.<\/p>\n<p>N\u00eb mbledhjen e Qeveris\u00eb s\u00eb Kosov\u00ebs m\u00eb 27 shtator, kryeministri i Kosov\u00ebs, Albin Kurti, tha se vlera e armatimit t\u00eb konfiskuar \u00ebsht\u00eb mbi pes\u00eb milion\u00eb euro. Por, i gjith\u00eb ky armatim i konfiskuar mund t\u00eb shkat\u00ebrrohet.<\/p>\n<p>Sipas Kodit t\u00eb Procedur\u00ebs Penale n\u00eb Kosov\u00eb, armatimi i konfiskuar mund t\u00eb shkat\u00ebrrohet, por mund edhe t\u00eb shfryt\u00ebzohet nga organet e vendit.<\/p>\n<p>Policia e Kosov\u00ebs tha se vendimi p\u00ebr fatin e k\u00ebtij armatimi \u201cdo t\u00eb l\u00ebshohet nga organet e drejt\u00ebsis\u00eb pas p\u00ebrfundimit t\u00eb t\u00eb gjitha procedurave t\u00eb parapara ligjore\u201d.<\/p>\n<p>\u201cN\u00eb raste t\u00eb m\u00ebhershme me arm\u00eb t\u00eb konfiskuara, kur kan\u00eb p\u00ebrfunduar t\u00eb gjitha procedurat lidhur me to, jan\u00eb nd\u00ebrmarr\u00eb veprime t\u00eb ndryshme. N\u00eb shumic\u00ebn e her\u00ebve jan\u00eb shkat\u00ebrruar\u201d, thuhet n\u00eb p\u00ebrgjigjen e Policis\u00eb s\u00eb Kosov\u00ebs.<\/p>\n<p>S\u00eb fundi, arm\u00eb t\u00eb konfiskuara ishin shkrir\u00eb m\u00eb 20 shtator \u2013 kat\u00ebr dit\u00eb para sulmit n\u00eb Banjsk\u00eb \u2013 dhe ishin p\u00ebrdorur p\u00ebr t\u00eb prodhuar kapak\u00eb pusetash.<\/p>\n","protected":false},"excerpt":{"rendered":"<p>Ish-koloneli i ushtris\u00eb amerikane, Gian Gentile, thot\u00eb se grupi i armatosur n\u00ebsulmin e 24 shtatorit n\u00eb Banjsk\u00eb ishte pajisur si nj\u00eb k\u00ebmb\u00ebsori ushtarake prej 120 apo 130 ushtar\u00ebsh dhe se kishte potencial p\u00ebr t\u00eb shkaktuar d\u00ebme t\u00eb m\u00ebdha ndaj infrastuktur\u00ebs civile n\u00eb Banjsk\u00eb dhe forcave policore. Pasi analizoi fotografit\u00eb dhe list\u00ebn e armatimit t\u00eb konfiskuar [&hellip;]<\/p>\n","protected":false},"author":1,"featured_media":29102,"comment_status":"closed","ping_status":"closed","sticky":false,"template":"","format":"standard","meta":{"_monsterinsights_skip_tracking":false,"_monsterinsights_sitenote_active":false,"_monsterinsights_sitenote_note":"","_monsterinsights_sitenote_category":0,"_uf_show_specific_survey":0,"_uf_disable_surveys":false,"footnotes":""},"categories":[23,15],"tags":[2400],"yoast_head":"<!-- This site is optimized with the Yoast SEO plugin v21.5 - https:\/\/yoast.com\/wordpress\/plugins\/seo\/ -->\n<title>Ish-koloneli amerikan: Sulmuesit n\u00eb Banjsk\u00eb ishin t\u00eb pajisur si nj\u00eb k\u00ebmb\u00ebsori ushtarake<\/title>\n<meta name=\"robots\" content=\"index, follow, max-snippet:-1, max-image-preview:large, max-video-preview:-1\" \/>\n<link rel=\"canonical\" href=\"https:\/\/permbledhja.com\/sq\/ish-koloneli-amerikan-sulmuesit-ne-banjske-ishin-te-pajisur-si-nje-kembesori-ushtarake\/\" \/>\n<meta property=\"og:locale\" content=\"sq_AL\" \/>\n<meta property=\"og:type\" content=\"article\" \/>\n<meta property=\"og:title\" content=\"Ish-koloneli amerikan: Sulmuesit n\u00eb Banjsk\u00eb ishin t\u00eb pajisur si nj\u00eb k\u00ebmb\u00ebsori ushtarake\" \/>\n<meta property=\"og:description\" content=\"Ish-koloneli i ushtris\u00eb amerikane, Gian Gentile, thot\u00eb se grupi i armatosur n\u00ebsulmin e 24 shtatorit n\u00eb Banjsk\u00eb ishte pajisur si nj\u00eb k\u00ebmb\u00ebsori ushtarake prej 120 apo 130 ushtar\u00ebsh dhe se kishte potencial p\u00ebr t\u00eb shkaktuar d\u00ebme t\u00eb m\u00ebdha ndaj infrastuktur\u00ebs civile n\u00eb Banjsk\u00eb dhe forcave policore. Pasi analizoi fotografit\u00eb dhe list\u00ebn e armatimit t\u00eb konfiskuar [&hellip;]\" \/>\n<meta property=\"og:url\" content=\"https:\/\/permbledhja.com\/sq\/ish-koloneli-amerikan-sulmuesit-ne-banjske-ishin-te-pajisur-si-nje-kembesori-ushtarake\/\" \/>\n<meta property=\"og:site_name\" content=\"Ve\u00e7 artikuj p\u00ebrmbledh\u00ebs\" \/>\n<meta property=\"article:publisher\" content=\"https:\/\/www.facebook.com\/press07\/\" \/>\n<meta property=\"article:author\" content=\"https:\/\/www.facebook.com\/kafexhiu.muharrem\/\" \/>\n<meta property=\"article:published_time\" content=\"2023-09-30T11:05:25+00:00\" \/>\n<meta property=\"og:image\" content=\"https:\/\/permbledhja.com\/wp-content\/uploads\/2023\/09\/383466662_615019500838312_1488106123083944669_n-1.jpg\" \/>\n\t<meta property=\"og:image:width\" content=\"2048\" \/>\n\t<meta property=\"og:image:height\" content=\"1365\" \/>\n\t<meta property=\"og:image:type\" content=\"image\/jpeg\" \/>\n<meta name=\"author\" content=\"P\u00ebrmbledhja\" \/>\n<meta name=\"twitter:card\" content=\"summary_large_image\" \/>\n<meta name=\"twitter:label1\" content=\"Written by\" \/>\n\t<meta name=\"twitter:data1\" content=\"P\u00ebrmbledhja\" \/>\n\t<meta name=\"twitter:label2\" content=\"Est. reading time\" \/>\n\t<meta name=\"twitter:data2\" content=\"4 minuta\" \/>\n<script type=\"application\/ld+json\" class=\"yoast-schema-graph\">{\"@context\":\"https:\/\/schema.org\",\"@graph\":[{\"@type\":\"Article\",\"@id\":\"https:\/\/permbledhja.com\/ish-koloneli-amerikan-sulmuesit-ne-banjske-ishin-te-pajisur-si-nje-kembesori-ushtarake\/#article\",\"isPartOf\":{\"@id\":\"https:\/\/permbledhja.com\/ish-koloneli-amerikan-sulmuesit-ne-banjske-ishin-te-pajisur-si-nje-kembesori-ushtarake\/\"},\"author\":{\"name\":\"P\u00ebrmbledhja\",\"@id\":\"https:\/\/permbledhja.com\/#\/schema\/person\/0d064377258d3221e50693947b9eb4fe\"},\"headline\":\"Ish-koloneli amerikan: Sulmuesit n\u00eb Banjsk\u00eb ishin t\u00eb pajisur si nj\u00eb k\u00ebmb\u00ebsori ushtarake\",\"datePublished\":\"2023-09-30T11:05:25+00:00\",\"dateModified\":\"2023-09-30T11:05:25+00:00\",\"mainEntityOfPage\":{\"@id\":\"https:\/\/permbledhja.com\/ish-koloneli-amerikan-sulmuesit-ne-banjske-ishin-te-pajisur-si-nje-kembesori-ushtarake\/\"},\"wordCount\":809,\"publisher\":{\"@id\":\"https:\/\/permbledhja.com\/#organization\"},\"keywords\":[\"Banjsk\u00eb\"],\"articleSection\":[\"Komb\u00ebtare\",\"Lajme\"],\"inLanguage\":\"sq\"},{\"@type\":\"WebPage\",\"@id\":\"https:\/\/permbledhja.com\/ish-koloneli-amerikan-sulmuesit-ne-banjske-ishin-te-pajisur-si-nje-kembesori-ushtarake\/\",\"url\":\"https:\/\/permbledhja.com\/ish-koloneli-amerikan-sulmuesit-ne-banjske-ishin-te-pajisur-si-nje-kembesori-ushtarake\/\",\"name\":\"Ish-koloneli amerikan: Sulmuesit n\u00eb Banjsk\u00eb ishin t\u00eb pajisur si nj\u00eb k\u00ebmb\u00ebsori ushtarake\",\"isPartOf\":{\"@id\":\"https:\/\/permbledhja.com\/#website\"},\"datePublished\":\"2023-09-30T11:05:25+00:00\",\"dateModified\":\"2023-09-30T11:05:25+00:00\",\"breadcrumb\":{\"@id\":\"https:\/\/permbledhja.com\/ish-koloneli-amerikan-sulmuesit-ne-banjske-ishin-te-pajisur-si-nje-kembesori-ushtarake\/#breadcrumb\"},\"inLanguage\":\"sq\",\"potentialAction\":[{\"@type\":\"ReadAction\",\"target\":[\"https:\/\/permbledhja.com\/ish-koloneli-amerikan-sulmuesit-ne-banjske-ishin-te-pajisur-si-nje-kembesori-ushtarake\/\"]}]},{\"@type\":\"BreadcrumbList\",\"@id\":\"https:\/\/permbledhja.com\/ish-koloneli-amerikan-sulmuesit-ne-banjske-ishin-te-pajisur-si-nje-kembesori-ushtarake\/#breadcrumb\",\"itemListElement\":[{\"@type\":\"ListItem\",\"position\":1,\"name\":\"Ballina\",\"item\":\"https:\/\/permbledhja.com\/sq\/\"},{\"@type\":\"ListItem\",\"position\":2,\"name\":\"Ish-koloneli amerikan: Sulmuesit n\u00eb Banjsk\u00eb ishin t\u00eb pajisur si nj\u00eb k\u00ebmb\u00ebsori ushtarake\"}]},{\"@type\":\"WebSite\",\"@id\":\"https:\/\/permbledhja.com\/#website\",\"url\":\"https:\/\/permbledhja.com\/\",\"name\":\"Ve\u00e7 artikuj p\u00ebrmbledh\u00ebs\",\"description\":\"\",\"publisher\":{\"@id\":\"https:\/\/permbledhja.com\/#organization\"},\"potentialAction\":[{\"@type\":\"SearchAction\",\"target\":{\"@type\":\"EntryPoint\",\"urlTemplate\":\"https:\/\/permbledhja.com\/?s={search_term_string}\"},\"query-input\":\"required name=search_term_string\"}],\"inLanguage\":\"sq\"},{\"@type\":\"Organization\",\"@id\":\"https:\/\/permbledhja.com\/#organization\",\"name\":\"MK Media & Pr\",\"url\":\"https:\/\/permbledhja.com\/\",\"logo\":{\"@type\":\"ImageObject\",\"inLanguage\":\"sq\",\"@id\":\"https:\/\/permbledhja.com\/#\/schema\/logo\/image\/\",\"url\":\"https:\/\/permbledhja.com\/wp-content\/uploads\/2021\/12\/07-Press-Logo.jpg\",\"contentUrl\":\"https:\/\/permbledhja.com\/wp-content\/uploads\/2021\/12\/07-Press-Logo.jpg\",\"width\":512,\"height\":512,\"caption\":\"MK Media & Pr\"},\"image\":{\"@id\":\"https:\/\/permbledhja.com\/#\/schema\/logo\/image\/\"},\"sameAs\":[\"https:\/\/www.facebook.com\/press07\/\"]},{\"@type\":\"Person\",\"@id\":\"https:\/\/permbledhja.com\/#\/schema\/person\/0d064377258d3221e50693947b9eb4fe\",\"name\":\"P\u00ebrmbledhja\",\"image\":{\"@type\":\"ImageObject\",\"inLanguage\":\"sq\",\"@id\":\"https:\/\/permbledhja.com\/#\/schema\/person\/image\/\",\"url\":\"https:\/\/permbledhja.com\/wp-content\/uploads\/2026\/01\/452004717_1040944174702970_8932037511805513407_n-96x96.jpg\",\"contentUrl\":\"https:\/\/permbledhja.com\/wp-content\/uploads\/2026\/01\/452004717_1040944174702970_8932037511805513407_n-96x96.jpg\",\"caption\":\"P\u00ebrmbledhja\"},\"sameAs\":[\"https:\/\/www.facebook.com\/kafexhiu.muharrem\/\",\"https:\/\/www.instagram.com\/muharrem_kafexhiu\/\"],\"url\":\"https:\/\/permbledhja.com\/sq\/author\/admin\/\"}]}<\/script>\n<!-- \/ Yoast SEO plugin. -->","yoast_head_json":{"title":"Ish-koloneli amerikan: Sulmuesit n\u00eb Banjsk\u00eb ishin t\u00eb pajisur si nj\u00eb k\u00ebmb\u00ebsori ushtarake","robots":{"index":"index","follow":"follow","max-snippet":"max-snippet:-1","max-image-preview":"max-image-preview:large","max-video-preview":"max-video-preview:-1"},"canonical":"https:\/\/permbledhja.com\/sq\/ish-koloneli-amerikan-sulmuesit-ne-banjske-ishin-te-pajisur-si-nje-kembesori-ushtarake\/","og_locale":"sq_AL","og_type":"article","og_title":"Ish-koloneli amerikan: Sulmuesit n\u00eb Banjsk\u00eb ishin t\u00eb pajisur si nj\u00eb k\u00ebmb\u00ebsori ushtarake","og_description":"Ish-koloneli i ushtris\u00eb amerikane, Gian Gentile, thot\u00eb se grupi i armatosur n\u00ebsulmin e 24 shtatorit n\u00eb Banjsk\u00eb ishte pajisur si nj\u00eb k\u00ebmb\u00ebsori ushtarake prej 120 apo 130 ushtar\u00ebsh dhe se kishte potencial p\u00ebr t\u00eb shkaktuar d\u00ebme t\u00eb m\u00ebdha ndaj infrastuktur\u00ebs civile n\u00eb Banjsk\u00eb dhe forcave policore. Pasi analizoi fotografit\u00eb dhe list\u00ebn e armatimit t\u00eb konfiskuar [&hellip;]","og_url":"https:\/\/permbledhja.com\/sq\/ish-koloneli-amerikan-sulmuesit-ne-banjske-ishin-te-pajisur-si-nje-kembesori-ushtarake\/","og_site_name":"Ve\u00e7 artikuj p\u00ebrmbledh\u00ebs","article_publisher":"https:\/\/www.facebook.com\/press07\/","article_author":"https:\/\/www.facebook.com\/kafexhiu.muharrem\/","article_published_time":"2023-09-30T11:05:25+00:00","og_image":[{"width":2048,"height":1365,"url":"https:\/\/permbledhja.com\/wp-content\/uploads\/2023\/09\/383466662_615019500838312_1488106123083944669_n-1.jpg","type":"image\/jpeg"}],"author":"P\u00ebrmbledhja","twitter_card":"summary_large_image","twitter_misc":{"Written by":"P\u00ebrmbledhja","Est. reading time":"4 minuta"},"schema":{"@context":"https:\/\/schema.org","@graph":[{"@type":"Article","@id":"https:\/\/permbledhja.com\/ish-koloneli-amerikan-sulmuesit-ne-banjske-ishin-te-pajisur-si-nje-kembesori-ushtarake\/#article","isPartOf":{"@id":"https:\/\/permbledhja.com\/ish-koloneli-amerikan-sulmuesit-ne-banjske-ishin-te-pajisur-si-nje-kembesori-ushtarake\/"},"author":{"name":"P\u00ebrmbledhja","@id":"https:\/\/permbledhja.com\/#\/schema\/person\/0d064377258d3221e50693947b9eb4fe"},"headline":"Ish-koloneli amerikan: Sulmuesit n\u00eb Banjsk\u00eb ishin t\u00eb pajisur si nj\u00eb k\u00ebmb\u00ebsori ushtarake","datePublished":"2023-09-30T11:05:25+00:00","dateModified":"2023-09-30T11:05:25+00:00","mainEntityOfPage":{"@id":"https:\/\/permbledhja.com\/ish-koloneli-amerikan-sulmuesit-ne-banjske-ishin-te-pajisur-si-nje-kembesori-ushtarake\/"},"wordCount":809,"publisher":{"@id":"https:\/\/permbledhja.com\/#organization"},"keywords":["Banjsk\u00eb"],"articleSection":["Komb\u00ebtare","Lajme"],"inLanguage":"sq"},{"@type":"WebPage","@id":"https:\/\/permbledhja.com\/ish-koloneli-amerikan-sulmuesit-ne-banjske-ishin-te-pajisur-si-nje-kembesori-ushtarake\/","url":"https:\/\/permbledhja.com\/ish-koloneli-amerikan-sulmuesit-ne-banjske-ishin-te-pajisur-si-nje-kembesori-ushtarake\/","name":"Ish-koloneli amerikan: Sulmuesit n\u00eb Banjsk\u00eb ishin t\u00eb pajisur si nj\u00eb k\u00ebmb\u00ebsori ushtarake","isPartOf":{"@id":"https:\/\/permbledhja.com\/#website"},"datePublished":"2023-09-30T11:05:25+00:00","dateModified":"2023-09-30T11:05:25+00:00","breadcrumb":{"@id":"https:\/\/permbledhja.com\/ish-koloneli-amerikan-sulmuesit-ne-banjske-ishin-te-pajisur-si-nje-kembesori-ushtarake\/#breadcrumb"},"inLanguage":"sq","potentialAction":[{"@type":"ReadAction","target":["https:\/\/permbledhja.com\/ish-koloneli-amerikan-sulmuesit-ne-banjske-ishin-te-pajisur-si-nje-kembesori-ushtarake\/"]}]},{"@type":"BreadcrumbList","@id":"https:\/\/permbledhja.com\/ish-koloneli-amerikan-sulmuesit-ne-banjske-ishin-te-pajisur-si-nje-kembesori-ushtarake\/#breadcrumb","itemListElement":[{"@type":"ListItem","position":1,"name":"Ballina","item":"https:\/\/permbledhja.com\/sq\/"},{"@type":"ListItem","position":2,"name":"Ish-koloneli amerikan: Sulmuesit n\u00eb Banjsk\u00eb ishin t\u00eb pajisur si nj\u00eb k\u00ebmb\u00ebsori ushtarake"}]},{"@type":"WebSite","@id":"https:\/\/permbledhja.com\/#website","url":"https:\/\/permbledhja.com\/","name":"Ve\u00e7 artikuj p\u00ebrmbledh\u00ebs","description":"","publisher":{"@id":"https:\/\/permbledhja.com\/#organization"},"potentialAction":[{"@type":"SearchAction","target":{"@type":"EntryPoint","urlTemplate":"https:\/\/permbledhja.com\/?s={search_term_string}"},"query-input":"required name=search_term_string"}],"inLanguage":"sq"},{"@type":"Organization","@id":"https:\/\/permbledhja.com\/#organization","name":"MK Media & Pr","url":"https:\/\/permbledhja.com\/","logo":{"@type":"ImageObject","inLanguage":"sq","@id":"https:\/\/permbledhja.com\/#\/schema\/logo\/image\/","url":"https:\/\/permbledhja.com\/wp-content\/uploads\/2021\/12\/07-Press-Logo.jpg","contentUrl":"https:\/\/permbledhja.com\/wp-content\/uploads\/2021\/12\/07-Press-Logo.jpg","width":512,"height":512,"caption":"MK Media & Pr"},"image":{"@id":"https:\/\/permbledhja.com\/#\/schema\/logo\/image\/"},"sameAs":["https:\/\/www.facebook.com\/press07\/"]},{"@type":"Person","@id":"https:\/\/permbledhja.com\/#\/schema\/person\/0d064377258d3221e50693947b9eb4fe","name":"P\u00ebrmbledhja","image":{"@type":"ImageObject","inLanguage":"sq","@id":"https:\/\/permbledhja.com\/#\/schema\/person\/image\/","url":"https:\/\/permbledhja.com\/wp-content\/uploads\/2026\/01\/452004717_1040944174702970_8932037511805513407_n-96x96.jpg","contentUrl":"https:\/\/permbledhja.com\/wp-content\/uploads\/2026\/01\/452004717_1040944174702970_8932037511805513407_n-96x96.jpg","caption":"P\u00ebrmbledhja"},"sameAs":["https:\/\/www.facebook.com\/kafexhiu.muharrem\/","https:\/\/www.instagram.com\/muharrem_kafexhiu\/"],"url":"https:\/\/permbledhja.com\/sq\/author\/admin\/"}]}},"_links":{"self":[{"href":"https:\/\/permbledhja.com\/sq\/wp-json\/wp\/v2\/posts\/29101"}],"collection":[{"href":"https:\/\/permbledhja.com\/sq\/wp-json\/wp\/v2\/posts"}],"about":[{"href":"https:\/\/permbledhja.com\/sq\/wp-json\/wp\/v2\/types\/post"}],"author":[{"embeddable":true,"href":"https:\/\/permbledhja.com\/sq\/wp-json\/wp\/v2\/users\/1"}],"replies":[{"embeddable":true,"href":"https:\/\/permbledhja.com\/sq\/wp-json\/wp\/v2\/comments?post=29101"}],"version-history":[{"count":1,"href":"https:\/\/permbledhja.com\/sq\/wp-json\/wp\/v2\/posts\/29101\/revisions"}],"predecessor-version":[{"id":29103,"href":"https:\/\/permbledhja.com\/sq\/wp-json\/wp\/v2\/posts\/29101\/revisions\/29103"}],"wp:featuredmedia":[{"embeddable":true,"href":"https:\/\/permbledhja.com\/sq\/wp-json\/wp\/v2\/media\/29102"}],"wp:attachment":[{"href":"https:\/\/permbledhja.com\/sq\/wp-json\/wp\/v2\/media?parent=29101"}],"wp:term":[{"taxonomy":"category","embeddable":true,"href":"https:\/\/permbledhja.com\/sq\/wp-json\/wp\/v2\/categories?post=29101"},{"taxonomy":"post_tag","embeddable":true,"href":"https:\/\/permbledhja.com\/sq\/wp-json\/wp\/v2\/tags?post=29101"}],"curies":[{"name":"wp","href":"https:\/\/api.w.org\/{rel}","templated":true}]}}