{"id":28969,"date":"2023-09-29T10:28:34","date_gmt":"2023-09-29T10:28:34","guid":{"rendered":"https:\/\/permbledhja.com\/?p=28969"},"modified":"2023-09-29T10:28:45","modified_gmt":"2023-09-29T10:28:45","slug":"radoiciq-do-ti-drejtohet-publikut-letren-do-ta-lexoje-avokati-i-tij","status":"publish","type":"post","link":"https:\/\/permbledhja.com\/sq\/radoiciq-do-ti-drejtohet-publikut-letren-do-ta-lexoje-avokati-i-tij\/","title":{"rendered":"Radoi\u00e7iq do t&#8217;i drejtohet publikut, letr\u00ebn do ta lexoj\u00eb avokati i tij"},"content":{"rendered":"<h3>Goran Petronijeviq, n\u00eb cil\u00ebsin\u00eb e p\u00ebrfaq\u00ebsuesit t\u00eb n\u00ebnkryetarit t\u00eb List\u00ebs Srpska, terroristit Milan Radoji\u00e7iq, sot n\u00eb nj\u00eb konferenc\u00eb p\u00ebr media do t\u2019u drejtohet mediave.<\/h3>\n<p>Konferenca p\u00ebr media do t\u00eb filloj\u00eb n\u00eb ora 14:00 dhe do t\u00eb mbahet n\u00eb Qendr\u00ebn Mediale n\u00eb Beograd.<\/p>\n<p>Me at\u00eb rast, Petronijeviq do t\u00eb lexoj\u00eb fjalimin e Milan Radoi\u00e7iqit p\u00ebr publikun, raporton Danas, transmeton Express.<\/p>\n<p>Ministri i Brendsh\u00ebm, Xhelal Sve\u00e7la, ka publikuar nj\u00eb video shfaqte Radoji\u00e7iqin bashk\u00eb me grupin terrorist q\u00eb sulmoi Policin\u00eb e Kosov\u00ebs.<\/p>\n<p>M\u00eb pas, u raportua se Radoji\u00e7iq ishte plagosur para se t\u00eb ikte p\u00ebr n\u00eb Serbi.<\/p>\n<p>https:\/\/permbledhja.com\/raportohet-te-jete-vrare-qeni-i-milan-radoiciq\/<\/p>\n","protected":false},"excerpt":{"rendered":"<p>Goran Petronijeviq, n\u00eb cil\u00ebsin\u00eb e p\u00ebrfaq\u00ebsuesit t\u00eb n\u00ebnkryetarit t\u00eb List\u00ebs Srpska, terroristit Milan Radoji\u00e7iq, sot n\u00eb nj\u00eb konferenc\u00eb p\u00ebr media do t\u2019u drejtohet mediave. Konferenca p\u00ebr media do t\u00eb filloj\u00eb n\u00eb ora 14:00 dhe do t\u00eb mbahet n\u00eb Qendr\u00ebn Mediale n\u00eb Beograd. Me at\u00eb rast, Petronijeviq do t\u00eb lexoj\u00eb fjalimin e Milan Radoi\u00e7iqit p\u00ebr publikun, [&hellip;]<\/p>\n","protected":false},"author":1,"featured_media":28970,"comment_status":"closed","ping_status":"closed","sticky":false,"template":"","format":"standard","meta":{"_monsterinsights_skip_tracking":false,"_monsterinsights_sitenote_active":false,"_monsterinsights_sitenote_note":"","_monsterinsights_sitenote_category":0,"_uf_show_specific_survey":0,"_uf_disable_surveys":false,"footnotes":""},"categories":[23,15],"tags":[2420],"yoast_head":"<!-- This site is optimized with the Yoast SEO plugin v21.5 - https:\/\/yoast.com\/wordpress\/plugins\/seo\/ -->\n<title>Radoi\u00e7iq do t&#039;i drejtohet publikut, letr\u00ebn do ta lexoj\u00eb avokati i tij<\/title>\n<meta name=\"robots\" content=\"index, follow, max-snippet:-1, max-image-preview:large, max-video-preview:-1\" \/>\n<link rel=\"canonical\" href=\"https:\/\/permbledhja.com\/sq\/radoiciq-do-ti-drejtohet-publikut-letren-do-ta-lexoje-avokati-i-tij\/\" \/>\n<meta property=\"og:locale\" content=\"sq_AL\" \/>\n<meta property=\"og:type\" content=\"article\" \/>\n<meta property=\"og:title\" content=\"Radoi\u00e7iq do t&#039;i drejtohet publikut, letr\u00ebn do ta lexoj\u00eb avokati i tij\" \/>\n<meta property=\"og:description\" content=\"Goran Petronijeviq, n\u00eb cil\u00ebsin\u00eb e p\u00ebrfaq\u00ebsuesit t\u00eb n\u00ebnkryetarit t\u00eb List\u00ebs Srpska, terroristit Milan Radoji\u00e7iq, sot n\u00eb nj\u00eb konferenc\u00eb p\u00ebr media do t\u2019u drejtohet mediave. Konferenca p\u00ebr media do t\u00eb filloj\u00eb n\u00eb ora 14:00 dhe do t\u00eb mbahet n\u00eb Qendr\u00ebn Mediale n\u00eb Beograd. Me at\u00eb rast, Petronijeviq do t\u00eb lexoj\u00eb fjalimin e Milan Radoi\u00e7iqit p\u00ebr publikun, [&hellip;]\" \/>\n<meta property=\"og:url\" content=\"https:\/\/permbledhja.com\/sq\/radoiciq-do-ti-drejtohet-publikut-letren-do-ta-lexoje-avokati-i-tij\/\" \/>\n<meta property=\"og:site_name\" content=\"Ve\u00e7 artikuj p\u00ebrmbledh\u00ebs\" \/>\n<meta property=\"article:publisher\" content=\"https:\/\/www.facebook.com\/press07\/\" \/>\n<meta property=\"article:author\" content=\"https:\/\/www.facebook.com\/kafexhiu.muharrem\/\" \/>\n<meta property=\"article:published_time\" content=\"2023-09-29T10:28:34+00:00\" \/>\n<meta property=\"article:modified_time\" content=\"2023-09-29T10:28:45+00:00\" \/>\n<meta property=\"og:image\" content=\"https:\/\/permbledhja.com\/wp-content\/uploads\/2023\/09\/auto_milan-radojicic-600x360-11614582767.jpg\" \/>\n\t<meta property=\"og:image:width\" content=\"850\" \/>\n\t<meta property=\"og:image:height\" content=\"510\" \/>\n\t<meta property=\"og:image:type\" content=\"image\/jpeg\" \/>\n<meta name=\"author\" content=\"P\u00ebrmbledhja\" \/>\n<meta name=\"twitter:card\" content=\"summary_large_image\" \/>\n<meta name=\"twitter:label1\" content=\"Written by\" \/>\n\t<meta name=\"twitter:data1\" content=\"P\u00ebrmbledhja\" \/>\n\t<meta name=\"twitter:label2\" content=\"Est. reading time\" \/>\n\t<meta name=\"twitter:data2\" content=\"1 minut\u00eb\" \/>\n<script type=\"application\/ld+json\" class=\"yoast-schema-graph\">{\"@context\":\"https:\/\/schema.org\",\"@graph\":[{\"@type\":\"Article\",\"@id\":\"https:\/\/permbledhja.com\/sq\/radoiciq-do-ti-drejtohet-publikut-letren-do-ta-lexoje-avokati-i-tij\/#article\",\"isPartOf\":{\"@id\":\"https:\/\/permbledhja.com\/sq\/radoiciq-do-ti-drejtohet-publikut-letren-do-ta-lexoje-avokati-i-tij\/\"},\"author\":{\"name\":\"P\u00ebrmbledhja\",\"@id\":\"https:\/\/permbledhja.com\/#\/schema\/person\/0d064377258d3221e50693947b9eb4fe\"},\"headline\":\"Radoi\u00e7iq do t&#8217;i drejtohet publikut, letr\u00ebn do ta lexoj\u00eb avokati i tij\",\"datePublished\":\"2023-09-29T10:28:34+00:00\",\"dateModified\":\"2023-09-29T10:28:45+00:00\",\"mainEntityOfPage\":{\"@id\":\"https:\/\/permbledhja.com\/sq\/radoiciq-do-ti-drejtohet-publikut-letren-do-ta-lexoje-avokati-i-tij\/\"},\"wordCount\":129,\"publisher\":{\"@id\":\"https:\/\/permbledhja.com\/#organization\"},\"keywords\":[\"Radoi\u00e7iq\"],\"articleSection\":[\"Komb\u00ebtare\",\"Lajme\"],\"inLanguage\":\"sq\"},{\"@type\":\"WebPage\",\"@id\":\"https:\/\/permbledhja.com\/sq\/radoiciq-do-ti-drejtohet-publikut-letren-do-ta-lexoje-avokati-i-tij\/\",\"url\":\"https:\/\/permbledhja.com\/sq\/radoiciq-do-ti-drejtohet-publikut-letren-do-ta-lexoje-avokati-i-tij\/\",\"name\":\"Radoi\u00e7iq do t'i drejtohet publikut, letr\u00ebn do ta lexoj\u00eb avokati i tij\",\"isPartOf\":{\"@id\":\"https:\/\/permbledhja.com\/#website\"},\"datePublished\":\"2023-09-29T10:28:34+00:00\",\"dateModified\":\"2023-09-29T10:28:45+00:00\",\"breadcrumb\":{\"@id\":\"https:\/\/permbledhja.com\/sq\/radoiciq-do-ti-drejtohet-publikut-letren-do-ta-lexoje-avokati-i-tij\/#breadcrumb\"},\"inLanguage\":\"sq\",\"potentialAction\":[{\"@type\":\"ReadAction\",\"target\":[\"https:\/\/permbledhja.com\/sq\/radoiciq-do-ti-drejtohet-publikut-letren-do-ta-lexoje-avokati-i-tij\/\"]}]},{\"@type\":\"BreadcrumbList\",\"@id\":\"https:\/\/permbledhja.com\/sq\/radoiciq-do-ti-drejtohet-publikut-letren-do-ta-lexoje-avokati-i-tij\/#breadcrumb\",\"itemListElement\":[{\"@type\":\"ListItem\",\"position\":1,\"name\":\"Ballina\",\"item\":\"https:\/\/permbledhja.com\/sq\/\"},{\"@type\":\"ListItem\",\"position\":2,\"name\":\"Radoi\u00e7iq do t&#8217;i drejtohet publikut, letr\u00ebn do ta lexoj\u00eb avokati i tij\"}]},{\"@type\":\"WebSite\",\"@id\":\"https:\/\/permbledhja.com\/#website\",\"url\":\"https:\/\/permbledhja.com\/\",\"name\":\"Ve\u00e7 artikuj p\u00ebrmbledh\u00ebs\",\"description\":\"\",\"publisher\":{\"@id\":\"https:\/\/permbledhja.com\/#organization\"},\"potentialAction\":[{\"@type\":\"SearchAction\",\"target\":{\"@type\":\"EntryPoint\",\"urlTemplate\":\"https:\/\/permbledhja.com\/?s={search_term_string}\"},\"query-input\":\"required name=search_term_string\"}],\"inLanguage\":\"sq\"},{\"@type\":\"Organization\",\"@id\":\"https:\/\/permbledhja.com\/#organization\",\"name\":\"MK Media & Pr\",\"url\":\"https:\/\/permbledhja.com\/\",\"logo\":{\"@type\":\"ImageObject\",\"inLanguage\":\"sq\",\"@id\":\"https:\/\/permbledhja.com\/#\/schema\/logo\/image\/\",\"url\":\"https:\/\/permbledhja.com\/wp-content\/uploads\/2021\/12\/07-Press-Logo.jpg\",\"contentUrl\":\"https:\/\/permbledhja.com\/wp-content\/uploads\/2021\/12\/07-Press-Logo.jpg\",\"width\":512,\"height\":512,\"caption\":\"MK Media & Pr\"},\"image\":{\"@id\":\"https:\/\/permbledhja.com\/#\/schema\/logo\/image\/\"},\"sameAs\":[\"https:\/\/www.facebook.com\/press07\/\"]},{\"@type\":\"Person\",\"@id\":\"https:\/\/permbledhja.com\/#\/schema\/person\/0d064377258d3221e50693947b9eb4fe\",\"name\":\"P\u00ebrmbledhja\",\"image\":{\"@type\":\"ImageObject\",\"inLanguage\":\"sq\",\"@id\":\"https:\/\/permbledhja.com\/#\/schema\/person\/image\/\",\"url\":\"https:\/\/permbledhja.com\/wp-content\/uploads\/2026\/01\/452004717_1040944174702970_8932037511805513407_n-96x96.jpg\",\"contentUrl\":\"https:\/\/permbledhja.com\/wp-content\/uploads\/2026\/01\/452004717_1040944174702970_8932037511805513407_n-96x96.jpg\",\"caption\":\"P\u00ebrmbledhja\"},\"sameAs\":[\"https:\/\/www.facebook.com\/kafexhiu.muharrem\/\",\"https:\/\/www.instagram.com\/muharrem_kafexhiu\/\"],\"url\":\"https:\/\/permbledhja.com\/sq\/author\/admin\/\"}]}<\/script>\n<!-- \/ Yoast SEO plugin. -->","yoast_head_json":{"title":"Radoi\u00e7iq do t'i drejtohet publikut, letr\u00ebn do ta lexoj\u00eb avokati i tij","robots":{"index":"index","follow":"follow","max-snippet":"max-snippet:-1","max-image-preview":"max-image-preview:large","max-video-preview":"max-video-preview:-1"},"canonical":"https:\/\/permbledhja.com\/sq\/radoiciq-do-ti-drejtohet-publikut-letren-do-ta-lexoje-avokati-i-tij\/","og_locale":"sq_AL","og_type":"article","og_title":"Radoi\u00e7iq do t'i drejtohet publikut, letr\u00ebn do ta lexoj\u00eb avokati i tij","og_description":"Goran Petronijeviq, n\u00eb cil\u00ebsin\u00eb e p\u00ebrfaq\u00ebsuesit t\u00eb n\u00ebnkryetarit t\u00eb List\u00ebs Srpska, terroristit Milan Radoji\u00e7iq, sot n\u00eb nj\u00eb konferenc\u00eb p\u00ebr media do t\u2019u drejtohet mediave. Konferenca p\u00ebr media do t\u00eb filloj\u00eb n\u00eb ora 14:00 dhe do t\u00eb mbahet n\u00eb Qendr\u00ebn Mediale n\u00eb Beograd. Me at\u00eb rast, Petronijeviq do t\u00eb lexoj\u00eb fjalimin e Milan Radoi\u00e7iqit p\u00ebr publikun, [&hellip;]","og_url":"https:\/\/permbledhja.com\/sq\/radoiciq-do-ti-drejtohet-publikut-letren-do-ta-lexoje-avokati-i-tij\/","og_site_name":"Ve\u00e7 artikuj p\u00ebrmbledh\u00ebs","article_publisher":"https:\/\/www.facebook.com\/press07\/","article_author":"https:\/\/www.facebook.com\/kafexhiu.muharrem\/","article_published_time":"2023-09-29T10:28:34+00:00","article_modified_time":"2023-09-29T10:28:45+00:00","og_image":[{"width":850,"height":510,"url":"https:\/\/permbledhja.com\/wp-content\/uploads\/2023\/09\/auto_milan-radojicic-600x360-11614582767.jpg","type":"image\/jpeg"}],"author":"P\u00ebrmbledhja","twitter_card":"summary_large_image","twitter_misc":{"Written by":"P\u00ebrmbledhja","Est. reading time":"1 minut\u00eb"},"schema":{"@context":"https:\/\/schema.org","@graph":[{"@type":"Article","@id":"https:\/\/permbledhja.com\/sq\/radoiciq-do-ti-drejtohet-publikut-letren-do-ta-lexoje-avokati-i-tij\/#article","isPartOf":{"@id":"https:\/\/permbledhja.com\/sq\/radoiciq-do-ti-drejtohet-publikut-letren-do-ta-lexoje-avokati-i-tij\/"},"author":{"name":"P\u00ebrmbledhja","@id":"https:\/\/permbledhja.com\/#\/schema\/person\/0d064377258d3221e50693947b9eb4fe"},"headline":"Radoi\u00e7iq do t&#8217;i drejtohet publikut, letr\u00ebn do ta lexoj\u00eb avokati i tij","datePublished":"2023-09-29T10:28:34+00:00","dateModified":"2023-09-29T10:28:45+00:00","mainEntityOfPage":{"@id":"https:\/\/permbledhja.com\/sq\/radoiciq-do-ti-drejtohet-publikut-letren-do-ta-lexoje-avokati-i-tij\/"},"wordCount":129,"publisher":{"@id":"https:\/\/permbledhja.com\/#organization"},"keywords":["Radoi\u00e7iq"],"articleSection":["Komb\u00ebtare","Lajme"],"inLanguage":"sq"},{"@type":"WebPage","@id":"https:\/\/permbledhja.com\/sq\/radoiciq-do-ti-drejtohet-publikut-letren-do-ta-lexoje-avokati-i-tij\/","url":"https:\/\/permbledhja.com\/sq\/radoiciq-do-ti-drejtohet-publikut-letren-do-ta-lexoje-avokati-i-tij\/","name":"Radoi\u00e7iq do t'i drejtohet publikut, letr\u00ebn do ta lexoj\u00eb avokati i tij","isPartOf":{"@id":"https:\/\/permbledhja.com\/#website"},"datePublished":"2023-09-29T10:28:34+00:00","dateModified":"2023-09-29T10:28:45+00:00","breadcrumb":{"@id":"https:\/\/permbledhja.com\/sq\/radoiciq-do-ti-drejtohet-publikut-letren-do-ta-lexoje-avokati-i-tij\/#breadcrumb"},"inLanguage":"sq","potentialAction":[{"@type":"ReadAction","target":["https:\/\/permbledhja.com\/sq\/radoiciq-do-ti-drejtohet-publikut-letren-do-ta-lexoje-avokati-i-tij\/"]}]},{"@type":"BreadcrumbList","@id":"https:\/\/permbledhja.com\/sq\/radoiciq-do-ti-drejtohet-publikut-letren-do-ta-lexoje-avokati-i-tij\/#breadcrumb","itemListElement":[{"@type":"ListItem","position":1,"name":"Ballina","item":"https:\/\/permbledhja.com\/sq\/"},{"@type":"ListItem","position":2,"name":"Radoi\u00e7iq do t&#8217;i drejtohet publikut, letr\u00ebn do ta lexoj\u00eb avokati i tij"}]},{"@type":"WebSite","@id":"https:\/\/permbledhja.com\/#website","url":"https:\/\/permbledhja.com\/","name":"Ve\u00e7 artikuj p\u00ebrmbledh\u00ebs","description":"","publisher":{"@id":"https:\/\/permbledhja.com\/#organization"},"potentialAction":[{"@type":"SearchAction","target":{"@type":"EntryPoint","urlTemplate":"https:\/\/permbledhja.com\/?s={search_term_string}"},"query-input":"required name=search_term_string"}],"inLanguage":"sq"},{"@type":"Organization","@id":"https:\/\/permbledhja.com\/#organization","name":"MK Media & Pr","url":"https:\/\/permbledhja.com\/","logo":{"@type":"ImageObject","inLanguage":"sq","@id":"https:\/\/permbledhja.com\/#\/schema\/logo\/image\/","url":"https:\/\/permbledhja.com\/wp-content\/uploads\/2021\/12\/07-Press-Logo.jpg","contentUrl":"https:\/\/permbledhja.com\/wp-content\/uploads\/2021\/12\/07-Press-Logo.jpg","width":512,"height":512,"caption":"MK Media & Pr"},"image":{"@id":"https:\/\/permbledhja.com\/#\/schema\/logo\/image\/"},"sameAs":["https:\/\/www.facebook.com\/press07\/"]},{"@type":"Person","@id":"https:\/\/permbledhja.com\/#\/schema\/person\/0d064377258d3221e50693947b9eb4fe","name":"P\u00ebrmbledhja","image":{"@type":"ImageObject","inLanguage":"sq","@id":"https:\/\/permbledhja.com\/#\/schema\/person\/image\/","url":"https:\/\/permbledhja.com\/wp-content\/uploads\/2026\/01\/452004717_1040944174702970_8932037511805513407_n-96x96.jpg","contentUrl":"https:\/\/permbledhja.com\/wp-content\/uploads\/2026\/01\/452004717_1040944174702970_8932037511805513407_n-96x96.jpg","caption":"P\u00ebrmbledhja"},"sameAs":["https:\/\/www.facebook.com\/kafexhiu.muharrem\/","https:\/\/www.instagram.com\/muharrem_kafexhiu\/"],"url":"https:\/\/permbledhja.com\/sq\/author\/admin\/"}]}},"_links":{"self":[{"href":"https:\/\/permbledhja.com\/sq\/wp-json\/wp\/v2\/posts\/28969"}],"collection":[{"href":"https:\/\/permbledhja.com\/sq\/wp-json\/wp\/v2\/posts"}],"about":[{"href":"https:\/\/permbledhja.com\/sq\/wp-json\/wp\/v2\/types\/post"}],"author":[{"embeddable":true,"href":"https:\/\/permbledhja.com\/sq\/wp-json\/wp\/v2\/users\/1"}],"replies":[{"embeddable":true,"href":"https:\/\/permbledhja.com\/sq\/wp-json\/wp\/v2\/comments?post=28969"}],"version-history":[{"count":1,"href":"https:\/\/permbledhja.com\/sq\/wp-json\/wp\/v2\/posts\/28969\/revisions"}],"predecessor-version":[{"id":28971,"href":"https:\/\/permbledhja.com\/sq\/wp-json\/wp\/v2\/posts\/28969\/revisions\/28971"}],"wp:featuredmedia":[{"embeddable":true,"href":"https:\/\/permbledhja.com\/sq\/wp-json\/wp\/v2\/media\/28970"}],"wp:attachment":[{"href":"https:\/\/permbledhja.com\/sq\/wp-json\/wp\/v2\/media?parent=28969"}],"wp:term":[{"taxonomy":"category","embeddable":true,"href":"https:\/\/permbledhja.com\/sq\/wp-json\/wp\/v2\/categories?post=28969"},{"taxonomy":"post_tag","embeddable":true,"href":"https:\/\/permbledhja.com\/sq\/wp-json\/wp\/v2\/tags?post=28969"}],"curies":[{"name":"wp","href":"https:\/\/api.w.org\/{rel}","templated":true}]}}