{"id":28599,"date":"2023-09-27T09:01:39","date_gmt":"2023-09-27T09:01:39","guid":{"rendered":"https:\/\/permbledhja.com\/?p=28599"},"modified":"2023-09-27T09:01:39","modified_gmt":"2023-09-27T09:01:39","slug":"pjesemarrja-e-radojiciq-ne-grupin-terrorist-kurti-kjo-e-verteton-rendesine-jetike-per-pluralizem-te-serbet","status":"publish","type":"post","link":"https:\/\/permbledhja.com\/sq\/pjesemarrja-e-radojiciq-ne-grupin-terrorist-kurti-kjo-e-verteton-rendesine-jetike-per-pluralizem-te-serbet\/","title":{"rendered":"Pjes\u00ebmarrja e Radoji\u00e7iq n\u00eb Grupin Terrorist, Kurti: Kjo e v\u00ebrteton r\u00ebnd\u00ebsin\u00eb jetike p\u00ebr pluraliz\u00ebm te serb\u00ebt"},"content":{"rendered":"<h3>Kryeministri Kurti n\u00eb mbledhjen e sotme t\u00eb Qeveris\u00eb ka th\u00ebn\u00eb se pas dokumentit t\u00eb pjes\u00ebmarrjes s\u00eb Radoji\u00e7iqit n\u00eb sulmin e s\u00eb diel\u00ebs ndaj Policis\u00eb s\u00eb Kosov\u00ebs n\u00eb Banjsk\u00eb t\u00eb Zve\u00e7anit, \u00ebsht\u00eb \u201cjetike\u201d pluralizmi politik te serb\u00ebt.<\/h3>\n<p>Sipas tij, nuk ka demokraci dhe liri pa pluraliz\u00ebm.<\/p>\n<p>\u201cPas dokumentimit t\u00eb pjes\u00ebmarrjes s\u00eb n\u00ebnkryetarit t\u00eb List\u00ebs Serbe, Milan Radojciq, \u00ebsht\u00eb v\u00ebrtetuar nj\u00eb gj\u00eb q\u00eb meriton v\u00ebmendjen e t\u00eb gjith\u00ebve, r\u00ebnd\u00ebsia jetike e ringjalljes s\u00eb pluralizmit politik t\u00eb serb\u00ebve n\u00eb Kosov\u00eb. Nuk ka demokraci e liri pa pluraliz\u00ebm, serb\u00ebt e Kosov\u00ebs duhet t\u00eb \u00e7lirohen nga tutelat e Serbis\u00eb\u201d, tha ai.<\/p>\n<div>\n<div id=\"div-gpt-ad-1634289484286-0\" data-google-query-id=\"CJWim-W0yoEDFdP8EQgd-HoH4A\"><\/div>\n<\/div>\n","protected":false},"excerpt":{"rendered":"<p>Kryeministri Kurti n\u00eb mbledhjen e sotme t\u00eb Qeveris\u00eb ka th\u00ebn\u00eb se pas dokumentit t\u00eb pjes\u00ebmarrjes s\u00eb Radoji\u00e7iqit n\u00eb sulmin e s\u00eb diel\u00ebs ndaj Policis\u00eb s\u00eb Kosov\u00ebs n\u00eb Banjsk\u00eb t\u00eb Zve\u00e7anit, \u00ebsht\u00eb \u201cjetike\u201d pluralizmi politik te serb\u00ebt. Sipas tij, nuk ka demokraci dhe liri pa pluraliz\u00ebm. \u201cPas dokumentimit t\u00eb pjes\u00ebmarrjes s\u00eb n\u00ebnkryetarit t\u00eb List\u00ebs Serbe, Milan [&hellip;]<\/p>\n","protected":false},"author":2,"featured_media":28600,"comment_status":"closed","ping_status":"closed","sticky":false,"template":"","format":"standard","meta":{"_monsterinsights_skip_tracking":false,"_monsterinsights_sitenote_active":false,"_monsterinsights_sitenote_note":"","_monsterinsights_sitenote_category":0,"_uf_show_specific_survey":0,"_uf_disable_surveys":false,"footnotes":""},"categories":[1146,15],"tags":[86],"yoast_head":"<!-- This site is optimized with the Yoast SEO plugin v21.5 - https:\/\/yoast.com\/wordpress\/plugins\/seo\/ -->\n<title>Pjes\u00ebmarrja e Radoji\u00e7iq n\u00eb Grupin Terrorist, Kurti: Kjo e v\u00ebrteton r\u00ebnd\u00ebsin\u00eb jetike p\u00ebr pluraliz\u00ebm te serb\u00ebt<\/title>\n<meta name=\"robots\" content=\"index, follow, max-snippet:-1, max-image-preview:large, max-video-preview:-1\" \/>\n<link rel=\"canonical\" href=\"https:\/\/permbledhja.com\/sq\/pjesemarrja-e-radojiciq-ne-grupin-terrorist-kurti-kjo-e-verteton-rendesine-jetike-per-pluralizem-te-serbet\/\" \/>\n<meta property=\"og:locale\" content=\"sq_AL\" \/>\n<meta property=\"og:type\" content=\"article\" \/>\n<meta property=\"og:title\" content=\"Pjes\u00ebmarrja e Radoji\u00e7iq n\u00eb Grupin Terrorist, Kurti: Kjo e v\u00ebrteton r\u00ebnd\u00ebsin\u00eb jetike p\u00ebr pluraliz\u00ebm te serb\u00ebt\" \/>\n<meta property=\"og:description\" content=\"Kryeministri Kurti n\u00eb mbledhjen e sotme t\u00eb Qeveris\u00eb ka th\u00ebn\u00eb se pas dokumentit t\u00eb pjes\u00ebmarrjes s\u00eb Radoji\u00e7iqit n\u00eb sulmin e s\u00eb diel\u00ebs ndaj Policis\u00eb s\u00eb Kosov\u00ebs n\u00eb Banjsk\u00eb t\u00eb Zve\u00e7anit, \u00ebsht\u00eb \u201cjetike\u201d pluralizmi politik te serb\u00ebt. Sipas tij, nuk ka demokraci dhe liri pa pluraliz\u00ebm. \u201cPas dokumentimit t\u00eb pjes\u00ebmarrjes s\u00eb n\u00ebnkryetarit t\u00eb List\u00ebs Serbe, Milan [&hellip;]\" \/>\n<meta property=\"og:url\" content=\"https:\/\/permbledhja.com\/sq\/pjesemarrja-e-radojiciq-ne-grupin-terrorist-kurti-kjo-e-verteton-rendesine-jetike-per-pluralizem-te-serbet\/\" \/>\n<meta property=\"og:site_name\" content=\"Ve\u00e7 artikuj p\u00ebrmbledh\u00ebs\" \/>\n<meta property=\"article:publisher\" content=\"https:\/\/www.facebook.com\/press07\/\" \/>\n<meta property=\"article:published_time\" content=\"2023-09-27T09:01:39+00:00\" \/>\n<meta property=\"og:image\" content=\"https:\/\/permbledhja.com\/wp-content\/uploads\/2023\/09\/20.7.2022-scaled-1.jpg\" \/>\n\t<meta property=\"og:image:width\" content=\"2560\" \/>\n\t<meta property=\"og:image:height\" content=\"1707\" \/>\n\t<meta property=\"og:image:type\" content=\"image\/jpeg\" \/>\n<meta name=\"author\" content=\"M M\" \/>\n<meta name=\"twitter:card\" content=\"summary_large_image\" \/>\n<meta name=\"twitter:label1\" content=\"Written by\" \/>\n\t<meta name=\"twitter:data1\" content=\"M M\" \/>\n\t<meta name=\"twitter:label2\" content=\"Est. reading time\" \/>\n\t<meta name=\"twitter:data2\" content=\"1 minut\u00eb\" \/>\n<script type=\"application\/ld+json\" class=\"yoast-schema-graph\">{\"@context\":\"https:\/\/schema.org\",\"@graph\":[{\"@type\":\"Article\",\"@id\":\"https:\/\/permbledhja.com\/pjesemarrja-e-radojiciq-ne-grupin-terrorist-kurti-kjo-e-verteton-rendesine-jetike-per-pluralizem-te-serbet\/#article\",\"isPartOf\":{\"@id\":\"https:\/\/permbledhja.com\/pjesemarrja-e-radojiciq-ne-grupin-terrorist-kurti-kjo-e-verteton-rendesine-jetike-per-pluralizem-te-serbet\/\"},\"author\":{\"name\":\"M M\",\"@id\":\"https:\/\/permbledhja.com\/#\/schema\/person\/d23f13f59b5722643933d6780783acf3\"},\"headline\":\"Pjes\u00ebmarrja e Radoji\u00e7iq n\u00eb Grupin Terrorist, Kurti: Kjo e v\u00ebrteton r\u00ebnd\u00ebsin\u00eb jetike p\u00ebr pluraliz\u00ebm te serb\u00ebt\",\"datePublished\":\"2023-09-27T09:01:39+00:00\",\"dateModified\":\"2023-09-27T09:01:39+00:00\",\"mainEntityOfPage\":{\"@id\":\"https:\/\/permbledhja.com\/pjesemarrja-e-radojiciq-ne-grupin-terrorist-kurti-kjo-e-verteton-rendesine-jetike-per-pluralizem-te-serbet\/\"},\"wordCount\":140,\"publisher\":{\"@id\":\"https:\/\/permbledhja.com\/#organization\"},\"keywords\":[\"Albin Kurti\"],\"articleSection\":[\"Kryesoret\",\"Lajme\"],\"inLanguage\":\"sq\"},{\"@type\":\"WebPage\",\"@id\":\"https:\/\/permbledhja.com\/pjesemarrja-e-radojiciq-ne-grupin-terrorist-kurti-kjo-e-verteton-rendesine-jetike-per-pluralizem-te-serbet\/\",\"url\":\"https:\/\/permbledhja.com\/pjesemarrja-e-radojiciq-ne-grupin-terrorist-kurti-kjo-e-verteton-rendesine-jetike-per-pluralizem-te-serbet\/\",\"name\":\"Pjes\u00ebmarrja e Radoji\u00e7iq n\u00eb Grupin Terrorist, Kurti: Kjo e v\u00ebrteton r\u00ebnd\u00ebsin\u00eb jetike p\u00ebr pluraliz\u00ebm te serb\u00ebt\",\"isPartOf\":{\"@id\":\"https:\/\/permbledhja.com\/#website\"},\"datePublished\":\"2023-09-27T09:01:39+00:00\",\"dateModified\":\"2023-09-27T09:01:39+00:00\",\"breadcrumb\":{\"@id\":\"https:\/\/permbledhja.com\/pjesemarrja-e-radojiciq-ne-grupin-terrorist-kurti-kjo-e-verteton-rendesine-jetike-per-pluralizem-te-serbet\/#breadcrumb\"},\"inLanguage\":\"sq\",\"potentialAction\":[{\"@type\":\"ReadAction\",\"target\":[\"https:\/\/permbledhja.com\/pjesemarrja-e-radojiciq-ne-grupin-terrorist-kurti-kjo-e-verteton-rendesine-jetike-per-pluralizem-te-serbet\/\"]}]},{\"@type\":\"BreadcrumbList\",\"@id\":\"https:\/\/permbledhja.com\/pjesemarrja-e-radojiciq-ne-grupin-terrorist-kurti-kjo-e-verteton-rendesine-jetike-per-pluralizem-te-serbet\/#breadcrumb\",\"itemListElement\":[{\"@type\":\"ListItem\",\"position\":1,\"name\":\"Ballina\",\"item\":\"https:\/\/permbledhja.com\/sq\/\"},{\"@type\":\"ListItem\",\"position\":2,\"name\":\"Pjes\u00ebmarrja e Radoji\u00e7iq n\u00eb Grupin Terrorist, Kurti: Kjo e v\u00ebrteton r\u00ebnd\u00ebsin\u00eb jetike p\u00ebr pluraliz\u00ebm te serb\u00ebt\"}]},{\"@type\":\"WebSite\",\"@id\":\"https:\/\/permbledhja.com\/#website\",\"url\":\"https:\/\/permbledhja.com\/\",\"name\":\"Ve\u00e7 artikuj p\u00ebrmbledh\u00ebs\",\"description\":\"\",\"publisher\":{\"@id\":\"https:\/\/permbledhja.com\/#organization\"},\"potentialAction\":[{\"@type\":\"SearchAction\",\"target\":{\"@type\":\"EntryPoint\",\"urlTemplate\":\"https:\/\/permbledhja.com\/?s={search_term_string}\"},\"query-input\":\"required name=search_term_string\"}],\"inLanguage\":\"sq\"},{\"@type\":\"Organization\",\"@id\":\"https:\/\/permbledhja.com\/#organization\",\"name\":\"MK Media & Pr\",\"url\":\"https:\/\/permbledhja.com\/\",\"logo\":{\"@type\":\"ImageObject\",\"inLanguage\":\"sq\",\"@id\":\"https:\/\/permbledhja.com\/#\/schema\/logo\/image\/\",\"url\":\"https:\/\/permbledhja.com\/wp-content\/uploads\/2021\/12\/07-Press-Logo.jpg\",\"contentUrl\":\"https:\/\/permbledhja.com\/wp-content\/uploads\/2021\/12\/07-Press-Logo.jpg\",\"width\":512,\"height\":512,\"caption\":\"MK Media & Pr\"},\"image\":{\"@id\":\"https:\/\/permbledhja.com\/#\/schema\/logo\/image\/\"},\"sameAs\":[\"https:\/\/www.facebook.com\/press07\/\"]},{\"@type\":\"Person\",\"@id\":\"https:\/\/permbledhja.com\/#\/schema\/person\/d23f13f59b5722643933d6780783acf3\",\"name\":\"M M\",\"image\":{\"@type\":\"ImageObject\",\"inLanguage\":\"sq\",\"@id\":\"https:\/\/permbledhja.com\/#\/schema\/person\/image\/\",\"url\":\"https:\/\/secure.gravatar.com\/avatar\/e2835a76ca7c31a2416b2d51c4ec9a8f?s=96&d=mm&r=g\",\"contentUrl\":\"https:\/\/secure.gravatar.com\/avatar\/e2835a76ca7c31a2416b2d51c4ec9a8f?s=96&d=mm&r=g\",\"caption\":\"M M\"},\"sameAs\":[\"http:\/\/MM\"],\"url\":\"https:\/\/permbledhja.com\/sq\/author\/muhamet\/\"}]}<\/script>\n<!-- \/ Yoast SEO plugin. -->","yoast_head_json":{"title":"Pjes\u00ebmarrja e Radoji\u00e7iq n\u00eb Grupin Terrorist, Kurti: Kjo e v\u00ebrteton r\u00ebnd\u00ebsin\u00eb jetike p\u00ebr pluraliz\u00ebm te serb\u00ebt","robots":{"index":"index","follow":"follow","max-snippet":"max-snippet:-1","max-image-preview":"max-image-preview:large","max-video-preview":"max-video-preview:-1"},"canonical":"https:\/\/permbledhja.com\/sq\/pjesemarrja-e-radojiciq-ne-grupin-terrorist-kurti-kjo-e-verteton-rendesine-jetike-per-pluralizem-te-serbet\/","og_locale":"sq_AL","og_type":"article","og_title":"Pjes\u00ebmarrja e Radoji\u00e7iq n\u00eb Grupin Terrorist, Kurti: Kjo e v\u00ebrteton r\u00ebnd\u00ebsin\u00eb jetike p\u00ebr pluraliz\u00ebm te serb\u00ebt","og_description":"Kryeministri Kurti n\u00eb mbledhjen e sotme t\u00eb Qeveris\u00eb ka th\u00ebn\u00eb se pas dokumentit t\u00eb pjes\u00ebmarrjes s\u00eb Radoji\u00e7iqit n\u00eb sulmin e s\u00eb diel\u00ebs ndaj Policis\u00eb s\u00eb Kosov\u00ebs n\u00eb Banjsk\u00eb t\u00eb Zve\u00e7anit, \u00ebsht\u00eb \u201cjetike\u201d pluralizmi politik te serb\u00ebt. Sipas tij, nuk ka demokraci dhe liri pa pluraliz\u00ebm. \u201cPas dokumentimit t\u00eb pjes\u00ebmarrjes s\u00eb n\u00ebnkryetarit t\u00eb List\u00ebs Serbe, Milan [&hellip;]","og_url":"https:\/\/permbledhja.com\/sq\/pjesemarrja-e-radojiciq-ne-grupin-terrorist-kurti-kjo-e-verteton-rendesine-jetike-per-pluralizem-te-serbet\/","og_site_name":"Ve\u00e7 artikuj p\u00ebrmbledh\u00ebs","article_publisher":"https:\/\/www.facebook.com\/press07\/","article_published_time":"2023-09-27T09:01:39+00:00","og_image":[{"width":2560,"height":1707,"url":"https:\/\/permbledhja.com\/wp-content\/uploads\/2023\/09\/20.7.2022-scaled-1.jpg","type":"image\/jpeg"}],"author":"M M","twitter_card":"summary_large_image","twitter_misc":{"Written by":"M M","Est. reading time":"1 minut\u00eb"},"schema":{"@context":"https:\/\/schema.org","@graph":[{"@type":"Article","@id":"https:\/\/permbledhja.com\/pjesemarrja-e-radojiciq-ne-grupin-terrorist-kurti-kjo-e-verteton-rendesine-jetike-per-pluralizem-te-serbet\/#article","isPartOf":{"@id":"https:\/\/permbledhja.com\/pjesemarrja-e-radojiciq-ne-grupin-terrorist-kurti-kjo-e-verteton-rendesine-jetike-per-pluralizem-te-serbet\/"},"author":{"name":"M M","@id":"https:\/\/permbledhja.com\/#\/schema\/person\/d23f13f59b5722643933d6780783acf3"},"headline":"Pjes\u00ebmarrja e Radoji\u00e7iq n\u00eb Grupin Terrorist, Kurti: Kjo e v\u00ebrteton r\u00ebnd\u00ebsin\u00eb jetike p\u00ebr pluraliz\u00ebm te serb\u00ebt","datePublished":"2023-09-27T09:01:39+00:00","dateModified":"2023-09-27T09:01:39+00:00","mainEntityOfPage":{"@id":"https:\/\/permbledhja.com\/pjesemarrja-e-radojiciq-ne-grupin-terrorist-kurti-kjo-e-verteton-rendesine-jetike-per-pluralizem-te-serbet\/"},"wordCount":140,"publisher":{"@id":"https:\/\/permbledhja.com\/#organization"},"keywords":["Albin Kurti"],"articleSection":["Kryesoret","Lajme"],"inLanguage":"sq"},{"@type":"WebPage","@id":"https:\/\/permbledhja.com\/pjesemarrja-e-radojiciq-ne-grupin-terrorist-kurti-kjo-e-verteton-rendesine-jetike-per-pluralizem-te-serbet\/","url":"https:\/\/permbledhja.com\/pjesemarrja-e-radojiciq-ne-grupin-terrorist-kurti-kjo-e-verteton-rendesine-jetike-per-pluralizem-te-serbet\/","name":"Pjes\u00ebmarrja e Radoji\u00e7iq n\u00eb Grupin Terrorist, Kurti: Kjo e v\u00ebrteton r\u00ebnd\u00ebsin\u00eb jetike p\u00ebr pluraliz\u00ebm te serb\u00ebt","isPartOf":{"@id":"https:\/\/permbledhja.com\/#website"},"datePublished":"2023-09-27T09:01:39+00:00","dateModified":"2023-09-27T09:01:39+00:00","breadcrumb":{"@id":"https:\/\/permbledhja.com\/pjesemarrja-e-radojiciq-ne-grupin-terrorist-kurti-kjo-e-verteton-rendesine-jetike-per-pluralizem-te-serbet\/#breadcrumb"},"inLanguage":"sq","potentialAction":[{"@type":"ReadAction","target":["https:\/\/permbledhja.com\/pjesemarrja-e-radojiciq-ne-grupin-terrorist-kurti-kjo-e-verteton-rendesine-jetike-per-pluralizem-te-serbet\/"]}]},{"@type":"BreadcrumbList","@id":"https:\/\/permbledhja.com\/pjesemarrja-e-radojiciq-ne-grupin-terrorist-kurti-kjo-e-verteton-rendesine-jetike-per-pluralizem-te-serbet\/#breadcrumb","itemListElement":[{"@type":"ListItem","position":1,"name":"Ballina","item":"https:\/\/permbledhja.com\/sq\/"},{"@type":"ListItem","position":2,"name":"Pjes\u00ebmarrja e Radoji\u00e7iq n\u00eb Grupin Terrorist, Kurti: Kjo e v\u00ebrteton r\u00ebnd\u00ebsin\u00eb jetike p\u00ebr pluraliz\u00ebm te serb\u00ebt"}]},{"@type":"WebSite","@id":"https:\/\/permbledhja.com\/#website","url":"https:\/\/permbledhja.com\/","name":"Ve\u00e7 artikuj p\u00ebrmbledh\u00ebs","description":"","publisher":{"@id":"https:\/\/permbledhja.com\/#organization"},"potentialAction":[{"@type":"SearchAction","target":{"@type":"EntryPoint","urlTemplate":"https:\/\/permbledhja.com\/?s={search_term_string}"},"query-input":"required name=search_term_string"}],"inLanguage":"sq"},{"@type":"Organization","@id":"https:\/\/permbledhja.com\/#organization","name":"MK Media & Pr","url":"https:\/\/permbledhja.com\/","logo":{"@type":"ImageObject","inLanguage":"sq","@id":"https:\/\/permbledhja.com\/#\/schema\/logo\/image\/","url":"https:\/\/permbledhja.com\/wp-content\/uploads\/2021\/12\/07-Press-Logo.jpg","contentUrl":"https:\/\/permbledhja.com\/wp-content\/uploads\/2021\/12\/07-Press-Logo.jpg","width":512,"height":512,"caption":"MK Media & Pr"},"image":{"@id":"https:\/\/permbledhja.com\/#\/schema\/logo\/image\/"},"sameAs":["https:\/\/www.facebook.com\/press07\/"]},{"@type":"Person","@id":"https:\/\/permbledhja.com\/#\/schema\/person\/d23f13f59b5722643933d6780783acf3","name":"M M","image":{"@type":"ImageObject","inLanguage":"sq","@id":"https:\/\/permbledhja.com\/#\/schema\/person\/image\/","url":"https:\/\/secure.gravatar.com\/avatar\/e2835a76ca7c31a2416b2d51c4ec9a8f?s=96&d=mm&r=g","contentUrl":"https:\/\/secure.gravatar.com\/avatar\/e2835a76ca7c31a2416b2d51c4ec9a8f?s=96&d=mm&r=g","caption":"M M"},"sameAs":["http:\/\/MM"],"url":"https:\/\/permbledhja.com\/sq\/author\/muhamet\/"}]}},"_links":{"self":[{"href":"https:\/\/permbledhja.com\/sq\/wp-json\/wp\/v2\/posts\/28599"}],"collection":[{"href":"https:\/\/permbledhja.com\/sq\/wp-json\/wp\/v2\/posts"}],"about":[{"href":"https:\/\/permbledhja.com\/sq\/wp-json\/wp\/v2\/types\/post"}],"author":[{"embeddable":true,"href":"https:\/\/permbledhja.com\/sq\/wp-json\/wp\/v2\/users\/2"}],"replies":[{"embeddable":true,"href":"https:\/\/permbledhja.com\/sq\/wp-json\/wp\/v2\/comments?post=28599"}],"version-history":[{"count":1,"href":"https:\/\/permbledhja.com\/sq\/wp-json\/wp\/v2\/posts\/28599\/revisions"}],"predecessor-version":[{"id":28601,"href":"https:\/\/permbledhja.com\/sq\/wp-json\/wp\/v2\/posts\/28599\/revisions\/28601"}],"wp:featuredmedia":[{"embeddable":true,"href":"https:\/\/permbledhja.com\/sq\/wp-json\/wp\/v2\/media\/28600"}],"wp:attachment":[{"href":"https:\/\/permbledhja.com\/sq\/wp-json\/wp\/v2\/media?parent=28599"}],"wp:term":[{"taxonomy":"category","embeddable":true,"href":"https:\/\/permbledhja.com\/sq\/wp-json\/wp\/v2\/categories?post=28599"},{"taxonomy":"post_tag","embeddable":true,"href":"https:\/\/permbledhja.com\/sq\/wp-json\/wp\/v2\/tags?post=28599"}],"curies":[{"name":"wp","href":"https:\/\/api.w.org\/{rel}","templated":true}]}}