{"id":28464,"date":"2023-09-26T12:10:40","date_gmt":"2023-09-26T12:10:40","guid":{"rendered":"https:\/\/permbledhja.com\/?p=28464"},"modified":"2023-09-26T12:10:40","modified_gmt":"2023-09-26T12:10:40","slug":"rrefim-nga-veriu-serbi-qe-ka-prinderit-ne-banjske-policia-u-solli-ilace-ushqim-dhe-pije","status":"publish","type":"post","link":"https:\/\/permbledhja.com\/sq\/rrefim-nga-veriu-serbi-qe-ka-prinderit-ne-banjske-policia-u-solli-ilace-ushqim-dhe-pije\/","title":{"rendered":"Rr\u00ebfim nga veriu \u2013 serbi q\u00eb ka prind\u00ebrit n\u00eb Banjsk\u00eb: Policia u solli ila\u00e7e, ushqim dhe pije"},"content":{"rendered":"<h3>Fshati Banjsk\u00eb vazhdon t\u00eb mbetet i bllokuar dhe askush nuk mund t\u00eb largohet e as t\u00eb hyjn\u00eb aty, nd\u00ebrsa banor\u00ebt e Mitrovic\u00ebs s\u00eb Veriut e konsiderojn\u00eb turp at\u00eb q\u00eb dita e djeshme nuk ishte shpallur dit\u00eb zie.<\/h3>\n<p>Forca t\u00eb shumta t\u00eb Policis\u00eb s\u00eb Kosov\u00ebs jan\u00eb ende t\u00eb pranishme n\u00eb Banjsk\u00eb dhe banor\u00ebt nuk mund t\u00eb dalin nga sht\u00ebpit\u00eb e tyre, thot\u00eb p\u00ebr mediet serbe Dejan Nedeljkoviq, banor i Mitrovic\u00ebs s\u00eb Veriut, prind\u00ebrit e t\u00eb cilit jetojn\u00eb n\u00eb k\u00ebt\u00eb fshat.<\/p>\n<p>\u201cAta [prind\u00ebrit] i kan\u00eb t\u00eb gjitha gj\u00ebrat elementare, Policia e Kosov\u00ebs u solli ila\u00e7e, ushqime e pije duke iu th\u00ebn\u00eb se kjo mund t\u00eb zgjas\u00eb nj\u00eb or\u00eb ose disa dit\u00eb dhe se ata duhet t\u00eb jen\u00eb t\u00eb duruesh\u00ebm\u201d, shpjegon Nedeljkoviq.<\/p>\n<p>Sipas njohurive t\u00eb tij, nj\u00eb num\u00ebr i madh i automjeteve t\u00eb KFOR-it gjend\u00ebn n\u00eb hyrje t\u00eb Manastirit t\u00eb Banjsk\u00ebs.<\/p>\n<p>\u201cMiqt\u00eb e mi m\u00eb than\u00eb se forcat e KFOR-it do t\u00eb kontrollojn\u00eb bodrumet e manastirit, ku murgjit ruajn\u00eb ver\u00ebn dhe produktet e tjera, p\u00ebr t\u00eb par\u00eb n\u00ebse mund t\u00eb gjendet ndonj\u00eb gj\u00eb q\u00eb ka mbetur pas sulmit [terrorist] ndaj policis\u00eb s\u00eb Kosov\u00ebs\u201d, potencon ai.<\/p>\n<p>Si\u00e7 shton Nedeljkoviq, t\u00eb gjith\u00eb banor\u00ebt e fshatit jan\u00eb t\u00eb frik\u00ebsuar.<\/p>\n<p>\u201cNj\u00ebsitet speciale t\u00eb ROSU-s\u00eb erdh\u00ebn n\u00eb dyert e t\u00eb gjitha sht\u00ebpive dhe u than\u00eb banor\u00ebve q\u00eb t\u00eb mos i afrohen dritareve dhe t\u00eb shtrihen posht\u00eb krevatit n\u00ebse d\u00ebgjojn\u00eb t\u00eb sht\u00ebna arm\u00ebsh, q\u00eb t\u00eb mos i godas\u00eb ndonj\u00eb plumb\u201d, shton Nedeljkoviq, shkruan Telegrafi.<\/p>\n<p>Ai thekson se askush nuk e ka kuptuar se \u00e7far\u00eb ka ndodhur, pas k\u00ebsaj ngjarje.<\/p>\n<p>\u201cKa shum\u00eb pik\u00ebpyetje. A kishte logjistik\u00eb q\u00eb q\u00ebndronte pas atyre njer\u00ebzve? A i ka organizuar dikush? Mendoj se ata [sulmuesit] ishin pa eksperienc\u00eb, ngase shumica prej tyre nuk kan\u00eb sh\u00ebrbyer n\u00eb ushtri. A i ka tradhtuar dikush, k\u00ebshtu q\u00eb kan\u00eb mbetur aty dhe kan\u00eb vdekur? P\u00ebr fat t\u00eb keq, k\u00ebt\u00eb ne mund t\u00eb mos e dim\u00eb kurr\u00eb\u201d, p\u00ebrfundon ai.<\/p>\n<p>Kujtojm\u00eb se n\u00eb m\u00ebngjesin e s\u00eb diel\u00ebs, ora 02:34, zyrtar\u00eb t\u00eb Policis\u00eb s\u00eb Kosov\u00ebs jan\u00eb sulmuar n\u00eb fshatin Banjsk\u00eb, ku si pasoj\u00eb ka mbetur i vrar\u00eb polici Afrim Bunjaku dhe nj\u00eb \u00ebsht\u00eb plagosur.<\/p>\n<p>N\u00eb shk\u00ebmbimin e zjarrit mes policis\u00eb dhe terrorist\u00ebve serb\u00eb, kan\u00eb mbetur t\u00eb vrar\u00eb tre sulmues.<\/p>\n","protected":false},"excerpt":{"rendered":"<p>Fshati Banjsk\u00eb vazhdon t\u00eb mbetet i bllokuar dhe askush nuk mund t\u00eb largohet e as t\u00eb hyjn\u00eb aty, nd\u00ebrsa banor\u00ebt e Mitrovic\u00ebs s\u00eb Veriut e konsiderojn\u00eb turp at\u00eb q\u00eb dita e djeshme nuk ishte shpallur dit\u00eb zie. Forca t\u00eb shumta t\u00eb Policis\u00eb s\u00eb Kosov\u00ebs jan\u00eb ende t\u00eb pranishme n\u00eb Banjsk\u00eb dhe banor\u00ebt nuk mund t\u00eb [&hellip;]<\/p>\n","protected":false},"author":1,"featured_media":28465,"comment_status":"closed","ping_status":"closed","sticky":false,"template":"","format":"standard","meta":{"_monsterinsights_skip_tracking":false,"_monsterinsights_sitenote_active":false,"_monsterinsights_sitenote_note":"","_monsterinsights_sitenote_category":0,"_uf_show_specific_survey":0,"_uf_disable_surveys":false,"footnotes":""},"categories":[23,15],"tags":[102],"yoast_head":"<!-- This site is optimized with the Yoast SEO plugin v21.5 - https:\/\/yoast.com\/wordpress\/plugins\/seo\/ -->\n<title>Rr\u00ebfim nga veriu \u2013 serbi q\u00eb ka prind\u00ebrit n\u00eb Banjsk\u00eb: Policia u solli ila\u00e7e, ushqim dhe pije<\/title>\n<meta name=\"robots\" content=\"index, follow, max-snippet:-1, max-image-preview:large, max-video-preview:-1\" \/>\n<link rel=\"canonical\" href=\"https:\/\/permbledhja.com\/sq\/rrefim-nga-veriu-serbi-qe-ka-prinderit-ne-banjske-policia-u-solli-ilace-ushqim-dhe-pije\/\" \/>\n<meta property=\"og:locale\" content=\"sq_AL\" \/>\n<meta property=\"og:type\" content=\"article\" \/>\n<meta property=\"og:title\" content=\"Rr\u00ebfim nga veriu \u2013 serbi q\u00eb ka prind\u00ebrit n\u00eb Banjsk\u00eb: Policia u solli ila\u00e7e, ushqim dhe pije\" \/>\n<meta property=\"og:description\" content=\"Fshati Banjsk\u00eb vazhdon t\u00eb mbetet i bllokuar dhe askush nuk mund t\u00eb largohet e as t\u00eb hyjn\u00eb aty, nd\u00ebrsa banor\u00ebt e Mitrovic\u00ebs s\u00eb Veriut e konsiderojn\u00eb turp at\u00eb q\u00eb dita e djeshme nuk ishte shpallur dit\u00eb zie. Forca t\u00eb shumta t\u00eb Policis\u00eb s\u00eb Kosov\u00ebs jan\u00eb ende t\u00eb pranishme n\u00eb Banjsk\u00eb dhe banor\u00ebt nuk mund t\u00eb [&hellip;]\" \/>\n<meta property=\"og:url\" content=\"https:\/\/permbledhja.com\/sq\/rrefim-nga-veriu-serbi-qe-ka-prinderit-ne-banjske-policia-u-solli-ilace-ushqim-dhe-pije\/\" \/>\n<meta property=\"og:site_name\" content=\"Ve\u00e7 artikuj p\u00ebrmbledh\u00ebs\" \/>\n<meta property=\"article:publisher\" content=\"https:\/\/www.facebook.com\/press07\/\" \/>\n<meta property=\"article:author\" content=\"https:\/\/www.facebook.com\/kafexhiu.muharrem\/\" \/>\n<meta property=\"article:published_time\" content=\"2023-09-26T12:10:40+00:00\" \/>\n<meta property=\"og:image\" content=\"https:\/\/permbledhja.com\/wp-content\/uploads\/2023\/09\/veri-1.webp\" \/>\n\t<meta property=\"og:image:width\" content=\"725\" \/>\n\t<meta property=\"og:image:height\" content=\"382\" \/>\n\t<meta property=\"og:image:type\" content=\"image\/webp\" \/>\n<meta name=\"author\" content=\"P\u00ebrmbledhja\" \/>\n<meta name=\"twitter:card\" content=\"summary_large_image\" \/>\n<meta name=\"twitter:label1\" content=\"Written by\" \/>\n\t<meta name=\"twitter:data1\" content=\"P\u00ebrmbledhja\" \/>\n\t<meta name=\"twitter:label2\" content=\"Est. reading time\" \/>\n\t<meta name=\"twitter:data2\" content=\"2 minuta\" \/>\n<script type=\"application\/ld+json\" class=\"yoast-schema-graph\">{\"@context\":\"https:\/\/schema.org\",\"@graph\":[{\"@type\":\"Article\",\"@id\":\"https:\/\/permbledhja.com\/sq\/rrefim-nga-veriu-serbi-qe-ka-prinderit-ne-banjske-policia-u-solli-ilace-ushqim-dhe-pije\/#article\",\"isPartOf\":{\"@id\":\"https:\/\/permbledhja.com\/sq\/rrefim-nga-veriu-serbi-qe-ka-prinderit-ne-banjske-policia-u-solli-ilace-ushqim-dhe-pije\/\"},\"author\":{\"name\":\"P\u00ebrmbledhja\",\"@id\":\"https:\/\/permbledhja.com\/#\/schema\/person\/0d064377258d3221e50693947b9eb4fe\"},\"headline\":\"Rr\u00ebfim nga veriu \u2013 serbi q\u00eb ka prind\u00ebrit n\u00eb Banjsk\u00eb: Policia u solli ila\u00e7e, ushqim dhe pije\",\"datePublished\":\"2023-09-26T12:10:40+00:00\",\"dateModified\":\"2023-09-26T12:10:40+00:00\",\"mainEntityOfPage\":{\"@id\":\"https:\/\/permbledhja.com\/sq\/rrefim-nga-veriu-serbi-qe-ka-prinderit-ne-banjske-policia-u-solli-ilace-ushqim-dhe-pije\/\"},\"wordCount\":422,\"publisher\":{\"@id\":\"https:\/\/permbledhja.com\/#organization\"},\"keywords\":[\"Policia e Kosov\u00ebs\"],\"articleSection\":[\"Komb\u00ebtare\",\"Lajme\"],\"inLanguage\":\"sq\"},{\"@type\":\"WebPage\",\"@id\":\"https:\/\/permbledhja.com\/sq\/rrefim-nga-veriu-serbi-qe-ka-prinderit-ne-banjske-policia-u-solli-ilace-ushqim-dhe-pije\/\",\"url\":\"https:\/\/permbledhja.com\/sq\/rrefim-nga-veriu-serbi-qe-ka-prinderit-ne-banjske-policia-u-solli-ilace-ushqim-dhe-pije\/\",\"name\":\"Rr\u00ebfim nga veriu \u2013 serbi q\u00eb ka prind\u00ebrit n\u00eb Banjsk\u00eb: Policia u solli ila\u00e7e, ushqim dhe pije\",\"isPartOf\":{\"@id\":\"https:\/\/permbledhja.com\/#website\"},\"datePublished\":\"2023-09-26T12:10:40+00:00\",\"dateModified\":\"2023-09-26T12:10:40+00:00\",\"breadcrumb\":{\"@id\":\"https:\/\/permbledhja.com\/sq\/rrefim-nga-veriu-serbi-qe-ka-prinderit-ne-banjske-policia-u-solli-ilace-ushqim-dhe-pije\/#breadcrumb\"},\"inLanguage\":\"sq\",\"potentialAction\":[{\"@type\":\"ReadAction\",\"target\":[\"https:\/\/permbledhja.com\/sq\/rrefim-nga-veriu-serbi-qe-ka-prinderit-ne-banjske-policia-u-solli-ilace-ushqim-dhe-pije\/\"]}]},{\"@type\":\"BreadcrumbList\",\"@id\":\"https:\/\/permbledhja.com\/sq\/rrefim-nga-veriu-serbi-qe-ka-prinderit-ne-banjske-policia-u-solli-ilace-ushqim-dhe-pije\/#breadcrumb\",\"itemListElement\":[{\"@type\":\"ListItem\",\"position\":1,\"name\":\"Ballina\",\"item\":\"https:\/\/permbledhja.com\/sq\/\"},{\"@type\":\"ListItem\",\"position\":2,\"name\":\"Rr\u00ebfim nga veriu \u2013 serbi q\u00eb ka prind\u00ebrit n\u00eb Banjsk\u00eb: Policia u solli ila\u00e7e, ushqim dhe pije\"}]},{\"@type\":\"WebSite\",\"@id\":\"https:\/\/permbledhja.com\/#website\",\"url\":\"https:\/\/permbledhja.com\/\",\"name\":\"Ve\u00e7 artikuj p\u00ebrmbledh\u00ebs\",\"description\":\"\",\"publisher\":{\"@id\":\"https:\/\/permbledhja.com\/#organization\"},\"potentialAction\":[{\"@type\":\"SearchAction\",\"target\":{\"@type\":\"EntryPoint\",\"urlTemplate\":\"https:\/\/permbledhja.com\/?s={search_term_string}\"},\"query-input\":\"required name=search_term_string\"}],\"inLanguage\":\"sq\"},{\"@type\":\"Organization\",\"@id\":\"https:\/\/permbledhja.com\/#organization\",\"name\":\"MK Media & Pr\",\"url\":\"https:\/\/permbledhja.com\/\",\"logo\":{\"@type\":\"ImageObject\",\"inLanguage\":\"sq\",\"@id\":\"https:\/\/permbledhja.com\/#\/schema\/logo\/image\/\",\"url\":\"https:\/\/permbledhja.com\/wp-content\/uploads\/2021\/12\/07-Press-Logo.jpg\",\"contentUrl\":\"https:\/\/permbledhja.com\/wp-content\/uploads\/2021\/12\/07-Press-Logo.jpg\",\"width\":512,\"height\":512,\"caption\":\"MK Media & Pr\"},\"image\":{\"@id\":\"https:\/\/permbledhja.com\/#\/schema\/logo\/image\/\"},\"sameAs\":[\"https:\/\/www.facebook.com\/press07\/\"]},{\"@type\":\"Person\",\"@id\":\"https:\/\/permbledhja.com\/#\/schema\/person\/0d064377258d3221e50693947b9eb4fe\",\"name\":\"P\u00ebrmbledhja\",\"image\":{\"@type\":\"ImageObject\",\"inLanguage\":\"sq\",\"@id\":\"https:\/\/permbledhja.com\/#\/schema\/person\/image\/\",\"url\":\"https:\/\/permbledhja.com\/wp-content\/uploads\/2026\/01\/452004717_1040944174702970_8932037511805513407_n-96x96.jpg\",\"contentUrl\":\"https:\/\/permbledhja.com\/wp-content\/uploads\/2026\/01\/452004717_1040944174702970_8932037511805513407_n-96x96.jpg\",\"caption\":\"P\u00ebrmbledhja\"},\"sameAs\":[\"https:\/\/www.facebook.com\/kafexhiu.muharrem\/\",\"https:\/\/www.instagram.com\/muharrem_kafexhiu\/\"],\"url\":\"https:\/\/permbledhja.com\/sq\/author\/admin\/\"}]}<\/script>\n<!-- \/ Yoast SEO plugin. -->","yoast_head_json":{"title":"Rr\u00ebfim nga veriu \u2013 serbi q\u00eb ka prind\u00ebrit n\u00eb Banjsk\u00eb: Policia u solli ila\u00e7e, ushqim dhe pije","robots":{"index":"index","follow":"follow","max-snippet":"max-snippet:-1","max-image-preview":"max-image-preview:large","max-video-preview":"max-video-preview:-1"},"canonical":"https:\/\/permbledhja.com\/sq\/rrefim-nga-veriu-serbi-qe-ka-prinderit-ne-banjske-policia-u-solli-ilace-ushqim-dhe-pije\/","og_locale":"sq_AL","og_type":"article","og_title":"Rr\u00ebfim nga veriu \u2013 serbi q\u00eb ka prind\u00ebrit n\u00eb Banjsk\u00eb: Policia u solli ila\u00e7e, ushqim dhe pije","og_description":"Fshati Banjsk\u00eb vazhdon t\u00eb mbetet i bllokuar dhe askush nuk mund t\u00eb largohet e as t\u00eb hyjn\u00eb aty, nd\u00ebrsa banor\u00ebt e Mitrovic\u00ebs s\u00eb Veriut e konsiderojn\u00eb turp at\u00eb q\u00eb dita e djeshme nuk ishte shpallur dit\u00eb zie. Forca t\u00eb shumta t\u00eb Policis\u00eb s\u00eb Kosov\u00ebs jan\u00eb ende t\u00eb pranishme n\u00eb Banjsk\u00eb dhe banor\u00ebt nuk mund t\u00eb [&hellip;]","og_url":"https:\/\/permbledhja.com\/sq\/rrefim-nga-veriu-serbi-qe-ka-prinderit-ne-banjske-policia-u-solli-ilace-ushqim-dhe-pije\/","og_site_name":"Ve\u00e7 artikuj p\u00ebrmbledh\u00ebs","article_publisher":"https:\/\/www.facebook.com\/press07\/","article_author":"https:\/\/www.facebook.com\/kafexhiu.muharrem\/","article_published_time":"2023-09-26T12:10:40+00:00","og_image":[{"width":725,"height":382,"url":"https:\/\/permbledhja.com\/wp-content\/uploads\/2023\/09\/veri-1.webp","type":"image\/webp"}],"author":"P\u00ebrmbledhja","twitter_card":"summary_large_image","twitter_misc":{"Written by":"P\u00ebrmbledhja","Est. reading time":"2 minuta"},"schema":{"@context":"https:\/\/schema.org","@graph":[{"@type":"Article","@id":"https:\/\/permbledhja.com\/sq\/rrefim-nga-veriu-serbi-qe-ka-prinderit-ne-banjske-policia-u-solli-ilace-ushqim-dhe-pije\/#article","isPartOf":{"@id":"https:\/\/permbledhja.com\/sq\/rrefim-nga-veriu-serbi-qe-ka-prinderit-ne-banjske-policia-u-solli-ilace-ushqim-dhe-pije\/"},"author":{"name":"P\u00ebrmbledhja","@id":"https:\/\/permbledhja.com\/#\/schema\/person\/0d064377258d3221e50693947b9eb4fe"},"headline":"Rr\u00ebfim nga veriu \u2013 serbi q\u00eb ka prind\u00ebrit n\u00eb Banjsk\u00eb: Policia u solli ila\u00e7e, ushqim dhe pije","datePublished":"2023-09-26T12:10:40+00:00","dateModified":"2023-09-26T12:10:40+00:00","mainEntityOfPage":{"@id":"https:\/\/permbledhja.com\/sq\/rrefim-nga-veriu-serbi-qe-ka-prinderit-ne-banjske-policia-u-solli-ilace-ushqim-dhe-pije\/"},"wordCount":422,"publisher":{"@id":"https:\/\/permbledhja.com\/#organization"},"keywords":["Policia e Kosov\u00ebs"],"articleSection":["Komb\u00ebtare","Lajme"],"inLanguage":"sq"},{"@type":"WebPage","@id":"https:\/\/permbledhja.com\/sq\/rrefim-nga-veriu-serbi-qe-ka-prinderit-ne-banjske-policia-u-solli-ilace-ushqim-dhe-pije\/","url":"https:\/\/permbledhja.com\/sq\/rrefim-nga-veriu-serbi-qe-ka-prinderit-ne-banjske-policia-u-solli-ilace-ushqim-dhe-pije\/","name":"Rr\u00ebfim nga veriu \u2013 serbi q\u00eb ka prind\u00ebrit n\u00eb Banjsk\u00eb: Policia u solli ila\u00e7e, ushqim dhe pije","isPartOf":{"@id":"https:\/\/permbledhja.com\/#website"},"datePublished":"2023-09-26T12:10:40+00:00","dateModified":"2023-09-26T12:10:40+00:00","breadcrumb":{"@id":"https:\/\/permbledhja.com\/sq\/rrefim-nga-veriu-serbi-qe-ka-prinderit-ne-banjske-policia-u-solli-ilace-ushqim-dhe-pije\/#breadcrumb"},"inLanguage":"sq","potentialAction":[{"@type":"ReadAction","target":["https:\/\/permbledhja.com\/sq\/rrefim-nga-veriu-serbi-qe-ka-prinderit-ne-banjske-policia-u-solli-ilace-ushqim-dhe-pije\/"]}]},{"@type":"BreadcrumbList","@id":"https:\/\/permbledhja.com\/sq\/rrefim-nga-veriu-serbi-qe-ka-prinderit-ne-banjske-policia-u-solli-ilace-ushqim-dhe-pije\/#breadcrumb","itemListElement":[{"@type":"ListItem","position":1,"name":"Ballina","item":"https:\/\/permbledhja.com\/sq\/"},{"@type":"ListItem","position":2,"name":"Rr\u00ebfim nga veriu \u2013 serbi q\u00eb ka prind\u00ebrit n\u00eb Banjsk\u00eb: Policia u solli ila\u00e7e, ushqim dhe pije"}]},{"@type":"WebSite","@id":"https:\/\/permbledhja.com\/#website","url":"https:\/\/permbledhja.com\/","name":"Ve\u00e7 artikuj p\u00ebrmbledh\u00ebs","description":"","publisher":{"@id":"https:\/\/permbledhja.com\/#organization"},"potentialAction":[{"@type":"SearchAction","target":{"@type":"EntryPoint","urlTemplate":"https:\/\/permbledhja.com\/?s={search_term_string}"},"query-input":"required name=search_term_string"}],"inLanguage":"sq"},{"@type":"Organization","@id":"https:\/\/permbledhja.com\/#organization","name":"MK Media & Pr","url":"https:\/\/permbledhja.com\/","logo":{"@type":"ImageObject","inLanguage":"sq","@id":"https:\/\/permbledhja.com\/#\/schema\/logo\/image\/","url":"https:\/\/permbledhja.com\/wp-content\/uploads\/2021\/12\/07-Press-Logo.jpg","contentUrl":"https:\/\/permbledhja.com\/wp-content\/uploads\/2021\/12\/07-Press-Logo.jpg","width":512,"height":512,"caption":"MK Media & Pr"},"image":{"@id":"https:\/\/permbledhja.com\/#\/schema\/logo\/image\/"},"sameAs":["https:\/\/www.facebook.com\/press07\/"]},{"@type":"Person","@id":"https:\/\/permbledhja.com\/#\/schema\/person\/0d064377258d3221e50693947b9eb4fe","name":"P\u00ebrmbledhja","image":{"@type":"ImageObject","inLanguage":"sq","@id":"https:\/\/permbledhja.com\/#\/schema\/person\/image\/","url":"https:\/\/permbledhja.com\/wp-content\/uploads\/2026\/01\/452004717_1040944174702970_8932037511805513407_n-96x96.jpg","contentUrl":"https:\/\/permbledhja.com\/wp-content\/uploads\/2026\/01\/452004717_1040944174702970_8932037511805513407_n-96x96.jpg","caption":"P\u00ebrmbledhja"},"sameAs":["https:\/\/www.facebook.com\/kafexhiu.muharrem\/","https:\/\/www.instagram.com\/muharrem_kafexhiu\/"],"url":"https:\/\/permbledhja.com\/sq\/author\/admin\/"}]}},"_links":{"self":[{"href":"https:\/\/permbledhja.com\/sq\/wp-json\/wp\/v2\/posts\/28464"}],"collection":[{"href":"https:\/\/permbledhja.com\/sq\/wp-json\/wp\/v2\/posts"}],"about":[{"href":"https:\/\/permbledhja.com\/sq\/wp-json\/wp\/v2\/types\/post"}],"author":[{"embeddable":true,"href":"https:\/\/permbledhja.com\/sq\/wp-json\/wp\/v2\/users\/1"}],"replies":[{"embeddable":true,"href":"https:\/\/permbledhja.com\/sq\/wp-json\/wp\/v2\/comments?post=28464"}],"version-history":[{"count":1,"href":"https:\/\/permbledhja.com\/sq\/wp-json\/wp\/v2\/posts\/28464\/revisions"}],"predecessor-version":[{"id":28466,"href":"https:\/\/permbledhja.com\/sq\/wp-json\/wp\/v2\/posts\/28464\/revisions\/28466"}],"wp:featuredmedia":[{"embeddable":true,"href":"https:\/\/permbledhja.com\/sq\/wp-json\/wp\/v2\/media\/28465"}],"wp:attachment":[{"href":"https:\/\/permbledhja.com\/sq\/wp-json\/wp\/v2\/media?parent=28464"}],"wp:term":[{"taxonomy":"category","embeddable":true,"href":"https:\/\/permbledhja.com\/sq\/wp-json\/wp\/v2\/categories?post=28464"},{"taxonomy":"post_tag","embeddable":true,"href":"https:\/\/permbledhja.com\/sq\/wp-json\/wp\/v2\/tags?post=28464"}],"curies":[{"name":"wp","href":"https:\/\/api.w.org\/{rel}","templated":true}]}}