{"id":28462,"date":"2023-09-26T12:00:22","date_gmt":"2023-09-26T12:00:22","guid":{"rendered":"https:\/\/permbledhja.com\/?p=28462"},"modified":"2023-09-26T12:00:22","modified_gmt":"2023-09-26T12:00:22","slug":"svecla-zbulon-planin-e-terroristeve-serbe-do-te-shkonin-ne-iber-do-shpallnin-autonomi","status":"publish","type":"post","link":"https:\/\/permbledhja.com\/sq\/svecla-zbulon-planin-e-terroristeve-serbe-do-te-shkonin-ne-iber-do-shpallnin-autonomi\/","title":{"rendered":"Sve\u00e7la zbulon planin e terrorist\u00ebve serb\u00eb: Do t\u00eb shkonin n\u00eb Ib\u00ebr, do shpallnin autonomi"},"content":{"rendered":"<h3>Ministri i Brendsh\u00ebm i Kosov\u00ebs, Xhelal Sve\u00e7la zbuloi t\u00eb gjith\u00eb planin e hartuar nga serb\u00ebt p\u00ebr t\u00eb nisur nj\u00eb konflikt t\u00eb p\u00ebrmasave t\u00eb m\u00ebdha n\u00eb Kosov\u00eb.<\/h3>\n<p>Sve\u00e7la tha se plani i terrorist\u00ebve serb\u00eb t\u00eb udh\u00ebhequr nga n\u00ebnkryetari i List\u00ebs Serbe, Milan Radoi\u00e7iq dhe n\u00ebn dirigjimin e Vu\u00e7iqit, ishte destabilizimi i Veriut t\u00eb Kosov\u00ebs. Sipas tij armatimi i gjetur ishte armatim i nj\u00eb ushtrie t\u00eb mir\u00ebfillt\u00eb p\u00ebr 200 persona t\u00eb rekrutuar.<\/p>\n<p><em>\u201cTerrorist\u00ebt sipas ministrit do t\u00eb zbrisnin m\u00eb n\u00eb jug n\u00eb vij\u00ebn e lumit Ib\u00ebr dhe do t\u00eb pamund\u00ebsonin futjen e policis\u00eb s\u00eb Kosov\u00ebs n\u00eb t\u00eb gjith\u00eb Veriun. M\u00eb pas ata do t\u00eb shpallnin autonomin\u00eb, n\u00eb nj\u00eb skenar t\u00eb ngjash\u00ebm me planin e Putin p\u00ebr Donbasin n\u00eb vitin 2014\u201d.<\/em><\/p>\n<p>\u201c<em>Flitet p\u00ebr 200 persona potencialisht t\u00eb rekrutuar t\u00eb cil\u00ebt do t\u00eb ishin pjes\u00eb e k\u00ebtij skenari. Plani ka qen\u00eb q\u00eb ata t\u00eb zbresin m\u00eb n\u00eb jug deri n\u00eb vij\u00ebn e lumit Ib\u00ebr dhe p\u00ebrmes sulmeve t\u00eb pamund\u00ebsonin policin\u00eb e Kosov\u00ebs t\u00eb vepronin lirsh\u00ebm dhe m\u00eb pas t\u00eb deklaronin ndonj\u00eb autonomi apo di\u00e7ka tjet\u00ebr<\/em>\u201d, tha Sve\u00e7la.<\/p>\n<p>Ministri i Brendsh\u00ebm t\u00eb Kosov\u00ebs shtoi se aksioni po vijon dhe policia e Kosov\u00ebs ka gjetur kamion\u00eb dhe bulldozer t\u00eb tjer\u00eb me armatime.<\/p>\n<p><em>\u201cKjo \u00ebsht\u00eb nj\u00eb logjistik\u00eb q\u00eb e ka nj\u00eb ushtri e mir\u00ebfillt\u00eb. Numrat e armatimeve po shtohen. Kemi zbuluar dhe nj\u00eb autoblind tjet\u00ebr. Ka kamion\u00eb dhe buldozer\u00eb t\u00eb cil\u00ebt kan\u00eb mbartur municione. Ka raketa hedh\u00ebs m\u00eb shum\u00eb, mina anti-tank m\u00eb shum\u00eb, mina anti-personel m\u00eb shum\u00eb. Kjo list\u00eb e gjat\u00eb po p\u00ebrdit\u00ebsohet. Ky mitroloz me nitroglicerin\u00eb as policia nuk e ka n\u00eb zot\u00ebrim, kjo \u00ebsht\u00eb ushtarake dhe vjen drjtp\u00ebrdrejt\u00eb nga depot e Serbis\u00eb\u201d<\/em>, tha Sve\u00e7la.<\/p>\n<p>Sipas tij terreni i v\u00ebshtir\u00eb dhe hapja e rrug\u00ebve t\u00eb reja n\u00eb kufi, ka b\u00ebr\u00eb q\u00eb grupi duke u kamufluar me makinat e KFOR, t\u00eb sjell\u00eb armatimin n\u00eb Kosov\u00eb.<\/p>\n<p><em>\u201cAi terren \u00ebsht\u00eb i v\u00ebshtir\u00eb dhe n\u00eb vazhdim\u00ebsi kemi zbuluar rrug\u00eb t\u00eb reja. M\u00eb her\u00eb kemi zbuluar 16 rrug\u00eb t\u00eb reja. Ne i kemi bllokuar. Vija e gjat\u00eb kufitare dhe k\u00ebto rrug\u00eb ilegale kan\u00eb mund\u00ebsuar q\u00eb ata t\u00eb futen me k\u00ebto makina. Duke qen\u00eb se jemi d\u00ebshmitar\u00eb se ka prezenc\u00eb t\u00eb KFOR-it, shum\u00eb leht\u00eb k\u00ebta mund t\u00eb kryenin aksione n\u00eb veri duke u kamufluar si personel i KFOR. Makina e Radoi\u00e7i\u00e7 ka qen\u00eb e blinduar. Kan\u00eb vendosur logot e KFOR p\u00ebr t\u00eb qarkulluar lirsh\u00ebm. Ju mund t\u00eb shihni dron\u00eb dhe mjete p\u00ebr mjekim, k\u00ebta jan\u00eb p\u00ebrgatitur p\u00ebr konflikt t\u00eb p\u00ebrmasave t\u00eb m\u00ebdha. Municionet jan\u00eb me qindar mij\u00ebra dhe nuk kemi mundur ende t\u2019i num\u00ebrojm\u00eb\u201d<\/em>, tha Sve\u00e7la.<\/p>\n","protected":false},"excerpt":{"rendered":"<p>Ministri i Brendsh\u00ebm i Kosov\u00ebs, Xhelal Sve\u00e7la zbuloi t\u00eb gjith\u00eb planin e hartuar nga serb\u00ebt p\u00ebr t\u00eb nisur nj\u00eb konflikt t\u00eb p\u00ebrmasave t\u00eb m\u00ebdha n\u00eb Kosov\u00eb. Sve\u00e7la tha se plani i terrorist\u00ebve serb\u00eb t\u00eb udh\u00ebhequr nga n\u00ebnkryetari i List\u00ebs Serbe, Milan Radoi\u00e7iq dhe n\u00ebn dirigjimin e Vu\u00e7iqit, ishte destabilizimi i Veriut t\u00eb Kosov\u00ebs. Sipas tij [&hellip;]<\/p>\n","protected":false},"author":1,"featured_media":22765,"comment_status":"closed","ping_status":"closed","sticky":false,"template":"","format":"standard","meta":{"_monsterinsights_skip_tracking":false,"_monsterinsights_sitenote_active":false,"_monsterinsights_sitenote_note":"","_monsterinsights_sitenote_category":0,"_uf_show_specific_survey":0,"_uf_disable_surveys":false,"footnotes":""},"categories":[1146],"tags":[665],"yoast_head":"<!-- This site is optimized with the Yoast SEO plugin v21.5 - https:\/\/yoast.com\/wordpress\/plugins\/seo\/ -->\n<title>Sve\u00e7la zbulon planin e terrorist\u00ebve serb\u00eb: Do t\u00eb shkonin n\u00eb Ib\u00ebr, do shpallnin autonomi<\/title>\n<meta name=\"robots\" content=\"index, follow, max-snippet:-1, max-image-preview:large, max-video-preview:-1\" \/>\n<link rel=\"canonical\" href=\"https:\/\/permbledhja.com\/sq\/svecla-zbulon-planin-e-terroristeve-serbe-do-te-shkonin-ne-iber-do-shpallnin-autonomi\/\" \/>\n<meta property=\"og:locale\" content=\"sq_AL\" \/>\n<meta property=\"og:type\" content=\"article\" \/>\n<meta property=\"og:title\" content=\"Sve\u00e7la zbulon planin e terrorist\u00ebve serb\u00eb: Do t\u00eb shkonin n\u00eb Ib\u00ebr, do shpallnin autonomi\" \/>\n<meta property=\"og:description\" content=\"Ministri i Brendsh\u00ebm i Kosov\u00ebs, Xhelal Sve\u00e7la zbuloi t\u00eb gjith\u00eb planin e hartuar nga serb\u00ebt p\u00ebr t\u00eb nisur nj\u00eb konflikt t\u00eb p\u00ebrmasave t\u00eb m\u00ebdha n\u00eb Kosov\u00eb. Sve\u00e7la tha se plani i terrorist\u00ebve serb\u00eb t\u00eb udh\u00ebhequr nga n\u00ebnkryetari i List\u00ebs Serbe, Milan Radoi\u00e7iq dhe n\u00ebn dirigjimin e Vu\u00e7iqit, ishte destabilizimi i Veriut t\u00eb Kosov\u00ebs. Sipas tij [&hellip;]\" \/>\n<meta property=\"og:url\" content=\"https:\/\/permbledhja.com\/sq\/svecla-zbulon-planin-e-terroristeve-serbe-do-te-shkonin-ne-iber-do-shpallnin-autonomi\/\" \/>\n<meta property=\"og:site_name\" content=\"Ve\u00e7 artikuj p\u00ebrmbledh\u00ebs\" \/>\n<meta property=\"article:publisher\" content=\"https:\/\/www.facebook.com\/press07\/\" \/>\n<meta property=\"article:author\" content=\"https:\/\/www.facebook.com\/kafexhiu.muharrem\/\" \/>\n<meta property=\"article:published_time\" content=\"2023-09-26T12:00:22+00:00\" \/>\n<meta property=\"og:image\" content=\"https:\/\/permbledhja.com\/wp-content\/uploads\/2023\/08\/Xhelal-Svecla-konference-foto-Ridvan-Slivova-1-e1630915051434-1200x630-1_2022-12-01-093453_hpdj.jpg\" \/>\n\t<meta property=\"og:image:width\" content=\"1000\" \/>\n\t<meta property=\"og:image:height\" content=\"525\" \/>\n\t<meta property=\"og:image:type\" content=\"image\/jpeg\" \/>\n<meta name=\"author\" content=\"P\u00ebrmbledhja\" \/>\n<meta name=\"twitter:card\" content=\"summary_large_image\" \/>\n<meta name=\"twitter:label1\" content=\"Written by\" \/>\n\t<meta name=\"twitter:data1\" content=\"P\u00ebrmbledhja\" \/>\n\t<meta name=\"twitter:label2\" content=\"Est. reading time\" \/>\n\t<meta name=\"twitter:data2\" content=\"2 minuta\" \/>\n<script type=\"application\/ld+json\" class=\"yoast-schema-graph\">{\"@context\":\"https:\/\/schema.org\",\"@graph\":[{\"@type\":\"Article\",\"@id\":\"https:\/\/permbledhja.com\/sq\/svecla-zbulon-planin-e-terroristeve-serbe-do-te-shkonin-ne-iber-do-shpallnin-autonomi\/#article\",\"isPartOf\":{\"@id\":\"https:\/\/permbledhja.com\/sq\/svecla-zbulon-planin-e-terroristeve-serbe-do-te-shkonin-ne-iber-do-shpallnin-autonomi\/\"},\"author\":{\"name\":\"P\u00ebrmbledhja\",\"@id\":\"https:\/\/permbledhja.com\/#\/schema\/person\/0d064377258d3221e50693947b9eb4fe\"},\"headline\":\"Sve\u00e7la zbulon planin e terrorist\u00ebve serb\u00eb: Do t\u00eb shkonin n\u00eb Ib\u00ebr, do shpallnin autonomi\",\"datePublished\":\"2023-09-26T12:00:22+00:00\",\"dateModified\":\"2023-09-26T12:00:22+00:00\",\"mainEntityOfPage\":{\"@id\":\"https:\/\/permbledhja.com\/sq\/svecla-zbulon-planin-e-terroristeve-serbe-do-te-shkonin-ne-iber-do-shpallnin-autonomi\/\"},\"wordCount\":499,\"publisher\":{\"@id\":\"https:\/\/permbledhja.com\/#organization\"},\"keywords\":[\"Xhelal Sve\u00e7la\"],\"articleSection\":[\"Kryesoret\"],\"inLanguage\":\"sq\"},{\"@type\":\"WebPage\",\"@id\":\"https:\/\/permbledhja.com\/sq\/svecla-zbulon-planin-e-terroristeve-serbe-do-te-shkonin-ne-iber-do-shpallnin-autonomi\/\",\"url\":\"https:\/\/permbledhja.com\/sq\/svecla-zbulon-planin-e-terroristeve-serbe-do-te-shkonin-ne-iber-do-shpallnin-autonomi\/\",\"name\":\"Sve\u00e7la zbulon planin e terrorist\u00ebve serb\u00eb: Do t\u00eb shkonin n\u00eb Ib\u00ebr, do shpallnin autonomi\",\"isPartOf\":{\"@id\":\"https:\/\/permbledhja.com\/#website\"},\"datePublished\":\"2023-09-26T12:00:22+00:00\",\"dateModified\":\"2023-09-26T12:00:22+00:00\",\"breadcrumb\":{\"@id\":\"https:\/\/permbledhja.com\/sq\/svecla-zbulon-planin-e-terroristeve-serbe-do-te-shkonin-ne-iber-do-shpallnin-autonomi\/#breadcrumb\"},\"inLanguage\":\"sq\",\"potentialAction\":[{\"@type\":\"ReadAction\",\"target\":[\"https:\/\/permbledhja.com\/sq\/svecla-zbulon-planin-e-terroristeve-serbe-do-te-shkonin-ne-iber-do-shpallnin-autonomi\/\"]}]},{\"@type\":\"BreadcrumbList\",\"@id\":\"https:\/\/permbledhja.com\/sq\/svecla-zbulon-planin-e-terroristeve-serbe-do-te-shkonin-ne-iber-do-shpallnin-autonomi\/#breadcrumb\",\"itemListElement\":[{\"@type\":\"ListItem\",\"position\":1,\"name\":\"Ballina\",\"item\":\"https:\/\/permbledhja.com\/sq\/\"},{\"@type\":\"ListItem\",\"position\":2,\"name\":\"Sve\u00e7la zbulon planin e terrorist\u00ebve serb\u00eb: Do t\u00eb shkonin n\u00eb Ib\u00ebr, do shpallnin autonomi\"}]},{\"@type\":\"WebSite\",\"@id\":\"https:\/\/permbledhja.com\/#website\",\"url\":\"https:\/\/permbledhja.com\/\",\"name\":\"Ve\u00e7 artikuj p\u00ebrmbledh\u00ebs\",\"description\":\"\",\"publisher\":{\"@id\":\"https:\/\/permbledhja.com\/#organization\"},\"potentialAction\":[{\"@type\":\"SearchAction\",\"target\":{\"@type\":\"EntryPoint\",\"urlTemplate\":\"https:\/\/permbledhja.com\/?s={search_term_string}\"},\"query-input\":\"required name=search_term_string\"}],\"inLanguage\":\"sq\"},{\"@type\":\"Organization\",\"@id\":\"https:\/\/permbledhja.com\/#organization\",\"name\":\"MK Media & Pr\",\"url\":\"https:\/\/permbledhja.com\/\",\"logo\":{\"@type\":\"ImageObject\",\"inLanguage\":\"sq\",\"@id\":\"https:\/\/permbledhja.com\/#\/schema\/logo\/image\/\",\"url\":\"https:\/\/permbledhja.com\/wp-content\/uploads\/2021\/12\/07-Press-Logo.jpg\",\"contentUrl\":\"https:\/\/permbledhja.com\/wp-content\/uploads\/2021\/12\/07-Press-Logo.jpg\",\"width\":512,\"height\":512,\"caption\":\"MK Media & Pr\"},\"image\":{\"@id\":\"https:\/\/permbledhja.com\/#\/schema\/logo\/image\/\"},\"sameAs\":[\"https:\/\/www.facebook.com\/press07\/\"]},{\"@type\":\"Person\",\"@id\":\"https:\/\/permbledhja.com\/#\/schema\/person\/0d064377258d3221e50693947b9eb4fe\",\"name\":\"P\u00ebrmbledhja\",\"image\":{\"@type\":\"ImageObject\",\"inLanguage\":\"sq\",\"@id\":\"https:\/\/permbledhja.com\/#\/schema\/person\/image\/\",\"url\":\"https:\/\/permbledhja.com\/wp-content\/uploads\/2026\/01\/452004717_1040944174702970_8932037511805513407_n-96x96.jpg\",\"contentUrl\":\"https:\/\/permbledhja.com\/wp-content\/uploads\/2026\/01\/452004717_1040944174702970_8932037511805513407_n-96x96.jpg\",\"caption\":\"P\u00ebrmbledhja\"},\"sameAs\":[\"https:\/\/www.facebook.com\/kafexhiu.muharrem\/\",\"https:\/\/www.instagram.com\/muharrem_kafexhiu\/\"],\"url\":\"https:\/\/permbledhja.com\/sq\/author\/admin\/\"}]}<\/script>\n<!-- \/ Yoast SEO plugin. -->","yoast_head_json":{"title":"Sve\u00e7la zbulon planin e terrorist\u00ebve serb\u00eb: Do t\u00eb shkonin n\u00eb Ib\u00ebr, do shpallnin autonomi","robots":{"index":"index","follow":"follow","max-snippet":"max-snippet:-1","max-image-preview":"max-image-preview:large","max-video-preview":"max-video-preview:-1"},"canonical":"https:\/\/permbledhja.com\/sq\/svecla-zbulon-planin-e-terroristeve-serbe-do-te-shkonin-ne-iber-do-shpallnin-autonomi\/","og_locale":"sq_AL","og_type":"article","og_title":"Sve\u00e7la zbulon planin e terrorist\u00ebve serb\u00eb: Do t\u00eb shkonin n\u00eb Ib\u00ebr, do shpallnin autonomi","og_description":"Ministri i Brendsh\u00ebm i Kosov\u00ebs, Xhelal Sve\u00e7la zbuloi t\u00eb gjith\u00eb planin e hartuar nga serb\u00ebt p\u00ebr t\u00eb nisur nj\u00eb konflikt t\u00eb p\u00ebrmasave t\u00eb m\u00ebdha n\u00eb Kosov\u00eb. Sve\u00e7la tha se plani i terrorist\u00ebve serb\u00eb t\u00eb udh\u00ebhequr nga n\u00ebnkryetari i List\u00ebs Serbe, Milan Radoi\u00e7iq dhe n\u00ebn dirigjimin e Vu\u00e7iqit, ishte destabilizimi i Veriut t\u00eb Kosov\u00ebs. Sipas tij [&hellip;]","og_url":"https:\/\/permbledhja.com\/sq\/svecla-zbulon-planin-e-terroristeve-serbe-do-te-shkonin-ne-iber-do-shpallnin-autonomi\/","og_site_name":"Ve\u00e7 artikuj p\u00ebrmbledh\u00ebs","article_publisher":"https:\/\/www.facebook.com\/press07\/","article_author":"https:\/\/www.facebook.com\/kafexhiu.muharrem\/","article_published_time":"2023-09-26T12:00:22+00:00","og_image":[{"width":1000,"height":525,"url":"https:\/\/permbledhja.com\/wp-content\/uploads\/2023\/08\/Xhelal-Svecla-konference-foto-Ridvan-Slivova-1-e1630915051434-1200x630-1_2022-12-01-093453_hpdj.jpg","type":"image\/jpeg"}],"author":"P\u00ebrmbledhja","twitter_card":"summary_large_image","twitter_misc":{"Written by":"P\u00ebrmbledhja","Est. reading time":"2 minuta"},"schema":{"@context":"https:\/\/schema.org","@graph":[{"@type":"Article","@id":"https:\/\/permbledhja.com\/sq\/svecla-zbulon-planin-e-terroristeve-serbe-do-te-shkonin-ne-iber-do-shpallnin-autonomi\/#article","isPartOf":{"@id":"https:\/\/permbledhja.com\/sq\/svecla-zbulon-planin-e-terroristeve-serbe-do-te-shkonin-ne-iber-do-shpallnin-autonomi\/"},"author":{"name":"P\u00ebrmbledhja","@id":"https:\/\/permbledhja.com\/#\/schema\/person\/0d064377258d3221e50693947b9eb4fe"},"headline":"Sve\u00e7la zbulon planin e terrorist\u00ebve serb\u00eb: Do t\u00eb shkonin n\u00eb Ib\u00ebr, do shpallnin autonomi","datePublished":"2023-09-26T12:00:22+00:00","dateModified":"2023-09-26T12:00:22+00:00","mainEntityOfPage":{"@id":"https:\/\/permbledhja.com\/sq\/svecla-zbulon-planin-e-terroristeve-serbe-do-te-shkonin-ne-iber-do-shpallnin-autonomi\/"},"wordCount":499,"publisher":{"@id":"https:\/\/permbledhja.com\/#organization"},"keywords":["Xhelal Sve\u00e7la"],"articleSection":["Kryesoret"],"inLanguage":"sq"},{"@type":"WebPage","@id":"https:\/\/permbledhja.com\/sq\/svecla-zbulon-planin-e-terroristeve-serbe-do-te-shkonin-ne-iber-do-shpallnin-autonomi\/","url":"https:\/\/permbledhja.com\/sq\/svecla-zbulon-planin-e-terroristeve-serbe-do-te-shkonin-ne-iber-do-shpallnin-autonomi\/","name":"Sve\u00e7la zbulon planin e terrorist\u00ebve serb\u00eb: Do t\u00eb shkonin n\u00eb Ib\u00ebr, do shpallnin autonomi","isPartOf":{"@id":"https:\/\/permbledhja.com\/#website"},"datePublished":"2023-09-26T12:00:22+00:00","dateModified":"2023-09-26T12:00:22+00:00","breadcrumb":{"@id":"https:\/\/permbledhja.com\/sq\/svecla-zbulon-planin-e-terroristeve-serbe-do-te-shkonin-ne-iber-do-shpallnin-autonomi\/#breadcrumb"},"inLanguage":"sq","potentialAction":[{"@type":"ReadAction","target":["https:\/\/permbledhja.com\/sq\/svecla-zbulon-planin-e-terroristeve-serbe-do-te-shkonin-ne-iber-do-shpallnin-autonomi\/"]}]},{"@type":"BreadcrumbList","@id":"https:\/\/permbledhja.com\/sq\/svecla-zbulon-planin-e-terroristeve-serbe-do-te-shkonin-ne-iber-do-shpallnin-autonomi\/#breadcrumb","itemListElement":[{"@type":"ListItem","position":1,"name":"Ballina","item":"https:\/\/permbledhja.com\/sq\/"},{"@type":"ListItem","position":2,"name":"Sve\u00e7la zbulon planin e terrorist\u00ebve serb\u00eb: Do t\u00eb shkonin n\u00eb Ib\u00ebr, do shpallnin autonomi"}]},{"@type":"WebSite","@id":"https:\/\/permbledhja.com\/#website","url":"https:\/\/permbledhja.com\/","name":"Ve\u00e7 artikuj p\u00ebrmbledh\u00ebs","description":"","publisher":{"@id":"https:\/\/permbledhja.com\/#organization"},"potentialAction":[{"@type":"SearchAction","target":{"@type":"EntryPoint","urlTemplate":"https:\/\/permbledhja.com\/?s={search_term_string}"},"query-input":"required name=search_term_string"}],"inLanguage":"sq"},{"@type":"Organization","@id":"https:\/\/permbledhja.com\/#organization","name":"MK Media & Pr","url":"https:\/\/permbledhja.com\/","logo":{"@type":"ImageObject","inLanguage":"sq","@id":"https:\/\/permbledhja.com\/#\/schema\/logo\/image\/","url":"https:\/\/permbledhja.com\/wp-content\/uploads\/2021\/12\/07-Press-Logo.jpg","contentUrl":"https:\/\/permbledhja.com\/wp-content\/uploads\/2021\/12\/07-Press-Logo.jpg","width":512,"height":512,"caption":"MK Media & Pr"},"image":{"@id":"https:\/\/permbledhja.com\/#\/schema\/logo\/image\/"},"sameAs":["https:\/\/www.facebook.com\/press07\/"]},{"@type":"Person","@id":"https:\/\/permbledhja.com\/#\/schema\/person\/0d064377258d3221e50693947b9eb4fe","name":"P\u00ebrmbledhja","image":{"@type":"ImageObject","inLanguage":"sq","@id":"https:\/\/permbledhja.com\/#\/schema\/person\/image\/","url":"https:\/\/permbledhja.com\/wp-content\/uploads\/2026\/01\/452004717_1040944174702970_8932037511805513407_n-96x96.jpg","contentUrl":"https:\/\/permbledhja.com\/wp-content\/uploads\/2026\/01\/452004717_1040944174702970_8932037511805513407_n-96x96.jpg","caption":"P\u00ebrmbledhja"},"sameAs":["https:\/\/www.facebook.com\/kafexhiu.muharrem\/","https:\/\/www.instagram.com\/muharrem_kafexhiu\/"],"url":"https:\/\/permbledhja.com\/sq\/author\/admin\/"}]}},"_links":{"self":[{"href":"https:\/\/permbledhja.com\/sq\/wp-json\/wp\/v2\/posts\/28462"}],"collection":[{"href":"https:\/\/permbledhja.com\/sq\/wp-json\/wp\/v2\/posts"}],"about":[{"href":"https:\/\/permbledhja.com\/sq\/wp-json\/wp\/v2\/types\/post"}],"author":[{"embeddable":true,"href":"https:\/\/permbledhja.com\/sq\/wp-json\/wp\/v2\/users\/1"}],"replies":[{"embeddable":true,"href":"https:\/\/permbledhja.com\/sq\/wp-json\/wp\/v2\/comments?post=28462"}],"version-history":[{"count":1,"href":"https:\/\/permbledhja.com\/sq\/wp-json\/wp\/v2\/posts\/28462\/revisions"}],"predecessor-version":[{"id":28463,"href":"https:\/\/permbledhja.com\/sq\/wp-json\/wp\/v2\/posts\/28462\/revisions\/28463"}],"wp:featuredmedia":[{"embeddable":true,"href":"https:\/\/permbledhja.com\/sq\/wp-json\/wp\/v2\/media\/22765"}],"wp:attachment":[{"href":"https:\/\/permbledhja.com\/sq\/wp-json\/wp\/v2\/media?parent=28462"}],"wp:term":[{"taxonomy":"category","embeddable":true,"href":"https:\/\/permbledhja.com\/sq\/wp-json\/wp\/v2\/categories?post=28462"},{"taxonomy":"post_tag","embeddable":true,"href":"https:\/\/permbledhja.com\/sq\/wp-json\/wp\/v2\/tags?post=28462"}],"curies":[{"name":"wp","href":"https:\/\/api.w.org\/{rel}","templated":true}]}}