{"id":28453,"date":"2023-09-26T10:27:57","date_gmt":"2023-09-26T10:27:57","guid":{"rendered":"https:\/\/permbledhja.com\/?p=28453"},"modified":"2023-09-26T10:27:57","modified_gmt":"2023-09-26T10:27:57","slug":"snajperisti-gjerman-komenton-ikjen-e-terroristeve-po-ecin-si-ne-nje-shetitje-te-se-dieles","status":"publish","type":"post","link":"https:\/\/permbledhja.com\/sq\/snajperisti-gjerman-komenton-ikjen-e-terroristeve-po-ecin-si-ne-nje-shetitje-te-se-dieles\/","title":{"rendered":"Snajperisti gjerman komenton ikjen e terrorist\u00ebve: Po ecin si n\u00eb nj\u00eb sh\u00ebtitje t\u00eb s\u00eb diel\u00ebs"},"content":{"rendered":"<h3>Ish-snajperisti gjermano-amerikan i U\u00c7K-s\u00eb, Michael Spath, ka komentuar videon e terrorist\u00ebve serb\u00eb duke ikur maleve, pamje q\u00eb u transmetuan dje nga Associated Press.<\/h3>\n<p>Spath ka th\u00ebn\u00eb se n\u00eb k\u00ebt\u00eb video nuk sheh rezistenc\u00eb nga Policia e Kosov\u00ebs, shkruan lajmi.net.<\/p>\n<p>Ai thot\u00eb se kryengrit\u00ebsit madje po ecin \u201csi n\u00eb nj\u00eb sh\u00ebtitje t\u00eb m\u00ebngjesit t\u00eb s\u00eb diel\u00ebs\u201d.<\/p>\n<p>\u201cM\u00eb thuaj \u00e7far\u00eb d\u00ebshiron, un\u00eb shoh nj\u00eb goditje plumbi pas kamionit dhe kaq. Ata kryengrit\u00ebs po ecin atje si n\u00eb nj\u00eb sh\u00ebtitje n\u00eb m\u00ebngjes t\u00eb s\u00eb diel\u00ebs me gjyshin. P\u00ebrve\u00e7 k\u00ebsaj, ata po l\u00ebn\u00eb pas miliona arm\u00eb dhe pajisje. M\u00eb thuaj p\u00ebrs\u00ebri, por di\u00e7ka nuk \u00ebsht\u00eb n\u00eb rregull k\u00ebtu\u201d, tha ai.<\/p>\n<p><iframe loading=\"lazy\" style=\"border: none; overflow: hidden;\" src=\"https:\/\/www.facebook.com\/plugins\/video.php?href=https%3A%2F%2Fwww.facebook.com%2Fmitrovica.press1%2Fvideos%2F6651032434962160%2F%3Fref%3Dembed_video&amp;show_text=0&amp;width=380\" width=\"380\" height=\"476\" frameborder=\"0\" scrolling=\"no\" allowfullscreen=\"allowfullscreen\"><\/iframe><\/p>\n","protected":false},"excerpt":{"rendered":"<p>Ish-snajperisti gjermano-amerikan i U\u00c7K-s\u00eb, Michael Spath, ka komentuar videon e terrorist\u00ebve serb\u00eb duke ikur maleve, pamje q\u00eb u transmetuan dje nga Associated Press. Spath ka th\u00ebn\u00eb se n\u00eb k\u00ebt\u00eb video nuk sheh rezistenc\u00eb nga Policia e Kosov\u00ebs, shkruan lajmi.net. Ai thot\u00eb se kryengrit\u00ebsit madje po ecin \u201csi n\u00eb nj\u00eb sh\u00ebtitje t\u00eb m\u00ebngjesit t\u00eb s\u00eb diel\u00ebs\u201d. [&hellip;]<\/p>\n","protected":false},"author":1,"featured_media":28454,"comment_status":"closed","ping_status":"closed","sticky":false,"template":"","format":"standard","meta":{"_monsterinsights_skip_tracking":false,"_monsterinsights_sitenote_active":false,"_monsterinsights_sitenote_note":"","_monsterinsights_sitenote_category":0,"_uf_show_specific_survey":0,"_uf_disable_surveys":false,"footnotes":""},"categories":[23,15],"tags":[616],"yoast_head":"<!-- This site is optimized with the Yoast SEO plugin v21.5 - https:\/\/yoast.com\/wordpress\/plugins\/seo\/ -->\n<title>Snajperisti gjerman komenton ikjen e terrorist\u00ebve: Po ecin si n\u00eb nj\u00eb sh\u00ebtitje t\u00eb s\u00eb diel\u00ebs<\/title>\n<meta name=\"robots\" content=\"index, follow, max-snippet:-1, max-image-preview:large, max-video-preview:-1\" \/>\n<link rel=\"canonical\" href=\"https:\/\/permbledhja.com\/sq\/snajperisti-gjerman-komenton-ikjen-e-terroristeve-po-ecin-si-ne-nje-shetitje-te-se-dieles\/\" \/>\n<meta property=\"og:locale\" content=\"sq_AL\" \/>\n<meta property=\"og:type\" content=\"article\" \/>\n<meta property=\"og:title\" content=\"Snajperisti gjerman komenton ikjen e terrorist\u00ebve: Po ecin si n\u00eb nj\u00eb sh\u00ebtitje t\u00eb s\u00eb diel\u00ebs\" \/>\n<meta property=\"og:description\" content=\"Ish-snajperisti gjermano-amerikan i U\u00c7K-s\u00eb, Michael Spath, ka komentuar videon e terrorist\u00ebve serb\u00eb duke ikur maleve, pamje q\u00eb u transmetuan dje nga Associated Press. Spath ka th\u00ebn\u00eb se n\u00eb k\u00ebt\u00eb video nuk sheh rezistenc\u00eb nga Policia e Kosov\u00ebs, shkruan lajmi.net. Ai thot\u00eb se kryengrit\u00ebsit madje po ecin \u201csi n\u00eb nj\u00eb sh\u00ebtitje t\u00eb m\u00ebngjesit t\u00eb s\u00eb diel\u00ebs\u201d. [&hellip;]\" \/>\n<meta property=\"og:url\" content=\"https:\/\/permbledhja.com\/sq\/snajperisti-gjerman-komenton-ikjen-e-terroristeve-po-ecin-si-ne-nje-shetitje-te-se-dieles\/\" \/>\n<meta property=\"og:site_name\" content=\"Ve\u00e7 artikuj p\u00ebrmbledh\u00ebs\" \/>\n<meta property=\"article:publisher\" content=\"https:\/\/www.facebook.com\/press07\/\" \/>\n<meta property=\"article:author\" content=\"https:\/\/www.facebook.com\/kafexhiu.muharrem\/\" \/>\n<meta property=\"article:published_time\" content=\"2023-09-26T10:27:57+00:00\" \/>\n<meta property=\"og:image\" content=\"https:\/\/permbledhja.com\/wp-content\/uploads\/2023\/09\/BeFunky-collage-4-scaled-1.jpg\" \/>\n\t<meta property=\"og:image:width\" content=\"2560\" \/>\n\t<meta property=\"og:image:height\" content=\"1809\" \/>\n\t<meta property=\"og:image:type\" content=\"image\/jpeg\" \/>\n<meta name=\"author\" content=\"P\u00ebrmbledhja\" \/>\n<meta name=\"twitter:card\" content=\"summary_large_image\" \/>\n<meta name=\"twitter:label1\" content=\"Written by\" \/>\n\t<meta name=\"twitter:data1\" content=\"P\u00ebrmbledhja\" \/>\n\t<meta name=\"twitter:label2\" content=\"Est. reading time\" \/>\n\t<meta name=\"twitter:data2\" content=\"1 minut\u00eb\" \/>\n<script type=\"application\/ld+json\" class=\"yoast-schema-graph\">{\"@context\":\"https:\/\/schema.org\",\"@graph\":[{\"@type\":\"Article\",\"@id\":\"https:\/\/permbledhja.com\/snajperisti-gjerman-komenton-ikjen-e-terroristeve-po-ecin-si-ne-nje-shetitje-te-se-dieles\/#article\",\"isPartOf\":{\"@id\":\"https:\/\/permbledhja.com\/snajperisti-gjerman-komenton-ikjen-e-terroristeve-po-ecin-si-ne-nje-shetitje-te-se-dieles\/\"},\"author\":{\"name\":\"P\u00ebrmbledhja\",\"@id\":\"https:\/\/permbledhja.com\/#\/schema\/person\/0d064377258d3221e50693947b9eb4fe\"},\"headline\":\"Snajperisti gjerman komenton ikjen e terrorist\u00ebve: Po ecin si n\u00eb nj\u00eb sh\u00ebtitje t\u00eb s\u00eb diel\u00ebs\",\"datePublished\":\"2023-09-26T10:27:57+00:00\",\"dateModified\":\"2023-09-26T10:27:57+00:00\",\"mainEntityOfPage\":{\"@id\":\"https:\/\/permbledhja.com\/snajperisti-gjerman-komenton-ikjen-e-terroristeve-po-ecin-si-ne-nje-shetitje-te-se-dieles\/\"},\"wordCount\":146,\"publisher\":{\"@id\":\"https:\/\/permbledhja.com\/#organization\"},\"keywords\":[\"Gjermania\"],\"articleSection\":[\"Komb\u00ebtare\",\"Lajme\"],\"inLanguage\":\"sq\"},{\"@type\":\"WebPage\",\"@id\":\"https:\/\/permbledhja.com\/snajperisti-gjerman-komenton-ikjen-e-terroristeve-po-ecin-si-ne-nje-shetitje-te-se-dieles\/\",\"url\":\"https:\/\/permbledhja.com\/snajperisti-gjerman-komenton-ikjen-e-terroristeve-po-ecin-si-ne-nje-shetitje-te-se-dieles\/\",\"name\":\"Snajperisti gjerman komenton ikjen e terrorist\u00ebve: Po ecin si n\u00eb nj\u00eb sh\u00ebtitje t\u00eb s\u00eb diel\u00ebs\",\"isPartOf\":{\"@id\":\"https:\/\/permbledhja.com\/#website\"},\"datePublished\":\"2023-09-26T10:27:57+00:00\",\"dateModified\":\"2023-09-26T10:27:57+00:00\",\"breadcrumb\":{\"@id\":\"https:\/\/permbledhja.com\/snajperisti-gjerman-komenton-ikjen-e-terroristeve-po-ecin-si-ne-nje-shetitje-te-se-dieles\/#breadcrumb\"},\"inLanguage\":\"sq\",\"potentialAction\":[{\"@type\":\"ReadAction\",\"target\":[\"https:\/\/permbledhja.com\/snajperisti-gjerman-komenton-ikjen-e-terroristeve-po-ecin-si-ne-nje-shetitje-te-se-dieles\/\"]}]},{\"@type\":\"BreadcrumbList\",\"@id\":\"https:\/\/permbledhja.com\/snajperisti-gjerman-komenton-ikjen-e-terroristeve-po-ecin-si-ne-nje-shetitje-te-se-dieles\/#breadcrumb\",\"itemListElement\":[{\"@type\":\"ListItem\",\"position\":1,\"name\":\"Ballina\",\"item\":\"https:\/\/permbledhja.com\/sq\/\"},{\"@type\":\"ListItem\",\"position\":2,\"name\":\"Snajperisti gjerman komenton ikjen e terrorist\u00ebve: Po ecin si n\u00eb nj\u00eb sh\u00ebtitje t\u00eb s\u00eb diel\u00ebs\"}]},{\"@type\":\"WebSite\",\"@id\":\"https:\/\/permbledhja.com\/#website\",\"url\":\"https:\/\/permbledhja.com\/\",\"name\":\"Ve\u00e7 artikuj p\u00ebrmbledh\u00ebs\",\"description\":\"\",\"publisher\":{\"@id\":\"https:\/\/permbledhja.com\/#organization\"},\"potentialAction\":[{\"@type\":\"SearchAction\",\"target\":{\"@type\":\"EntryPoint\",\"urlTemplate\":\"https:\/\/permbledhja.com\/?s={search_term_string}\"},\"query-input\":\"required name=search_term_string\"}],\"inLanguage\":\"sq\"},{\"@type\":\"Organization\",\"@id\":\"https:\/\/permbledhja.com\/#organization\",\"name\":\"MK Media & Pr\",\"url\":\"https:\/\/permbledhja.com\/\",\"logo\":{\"@type\":\"ImageObject\",\"inLanguage\":\"sq\",\"@id\":\"https:\/\/permbledhja.com\/#\/schema\/logo\/image\/\",\"url\":\"https:\/\/permbledhja.com\/wp-content\/uploads\/2021\/12\/07-Press-Logo.jpg\",\"contentUrl\":\"https:\/\/permbledhja.com\/wp-content\/uploads\/2021\/12\/07-Press-Logo.jpg\",\"width\":512,\"height\":512,\"caption\":\"MK Media & Pr\"},\"image\":{\"@id\":\"https:\/\/permbledhja.com\/#\/schema\/logo\/image\/\"},\"sameAs\":[\"https:\/\/www.facebook.com\/press07\/\"]},{\"@type\":\"Person\",\"@id\":\"https:\/\/permbledhja.com\/#\/schema\/person\/0d064377258d3221e50693947b9eb4fe\",\"name\":\"P\u00ebrmbledhja\",\"image\":{\"@type\":\"ImageObject\",\"inLanguage\":\"sq\",\"@id\":\"https:\/\/permbledhja.com\/#\/schema\/person\/image\/\",\"url\":\"https:\/\/permbledhja.com\/wp-content\/uploads\/2026\/01\/452004717_1040944174702970_8932037511805513407_n-96x96.jpg\",\"contentUrl\":\"https:\/\/permbledhja.com\/wp-content\/uploads\/2026\/01\/452004717_1040944174702970_8932037511805513407_n-96x96.jpg\",\"caption\":\"P\u00ebrmbledhja\"},\"sameAs\":[\"https:\/\/www.facebook.com\/kafexhiu.muharrem\/\",\"https:\/\/www.instagram.com\/muharrem_kafexhiu\/\"],\"url\":\"https:\/\/permbledhja.com\/sq\/author\/admin\/\"}]}<\/script>\n<!-- \/ Yoast SEO plugin. -->","yoast_head_json":{"title":"Snajperisti gjerman komenton ikjen e terrorist\u00ebve: Po ecin si n\u00eb nj\u00eb sh\u00ebtitje t\u00eb s\u00eb diel\u00ebs","robots":{"index":"index","follow":"follow","max-snippet":"max-snippet:-1","max-image-preview":"max-image-preview:large","max-video-preview":"max-video-preview:-1"},"canonical":"https:\/\/permbledhja.com\/sq\/snajperisti-gjerman-komenton-ikjen-e-terroristeve-po-ecin-si-ne-nje-shetitje-te-se-dieles\/","og_locale":"sq_AL","og_type":"article","og_title":"Snajperisti gjerman komenton ikjen e terrorist\u00ebve: Po ecin si n\u00eb nj\u00eb sh\u00ebtitje t\u00eb s\u00eb diel\u00ebs","og_description":"Ish-snajperisti gjermano-amerikan i U\u00c7K-s\u00eb, Michael Spath, ka komentuar videon e terrorist\u00ebve serb\u00eb duke ikur maleve, pamje q\u00eb u transmetuan dje nga Associated Press. Spath ka th\u00ebn\u00eb se n\u00eb k\u00ebt\u00eb video nuk sheh rezistenc\u00eb nga Policia e Kosov\u00ebs, shkruan lajmi.net. Ai thot\u00eb se kryengrit\u00ebsit madje po ecin \u201csi n\u00eb nj\u00eb sh\u00ebtitje t\u00eb m\u00ebngjesit t\u00eb s\u00eb diel\u00ebs\u201d. [&hellip;]","og_url":"https:\/\/permbledhja.com\/sq\/snajperisti-gjerman-komenton-ikjen-e-terroristeve-po-ecin-si-ne-nje-shetitje-te-se-dieles\/","og_site_name":"Ve\u00e7 artikuj p\u00ebrmbledh\u00ebs","article_publisher":"https:\/\/www.facebook.com\/press07\/","article_author":"https:\/\/www.facebook.com\/kafexhiu.muharrem\/","article_published_time":"2023-09-26T10:27:57+00:00","og_image":[{"width":2560,"height":1809,"url":"https:\/\/permbledhja.com\/wp-content\/uploads\/2023\/09\/BeFunky-collage-4-scaled-1.jpg","type":"image\/jpeg"}],"author":"P\u00ebrmbledhja","twitter_card":"summary_large_image","twitter_misc":{"Written by":"P\u00ebrmbledhja","Est. reading time":"1 minut\u00eb"},"schema":{"@context":"https:\/\/schema.org","@graph":[{"@type":"Article","@id":"https:\/\/permbledhja.com\/snajperisti-gjerman-komenton-ikjen-e-terroristeve-po-ecin-si-ne-nje-shetitje-te-se-dieles\/#article","isPartOf":{"@id":"https:\/\/permbledhja.com\/snajperisti-gjerman-komenton-ikjen-e-terroristeve-po-ecin-si-ne-nje-shetitje-te-se-dieles\/"},"author":{"name":"P\u00ebrmbledhja","@id":"https:\/\/permbledhja.com\/#\/schema\/person\/0d064377258d3221e50693947b9eb4fe"},"headline":"Snajperisti gjerman komenton ikjen e terrorist\u00ebve: Po ecin si n\u00eb nj\u00eb sh\u00ebtitje t\u00eb s\u00eb diel\u00ebs","datePublished":"2023-09-26T10:27:57+00:00","dateModified":"2023-09-26T10:27:57+00:00","mainEntityOfPage":{"@id":"https:\/\/permbledhja.com\/snajperisti-gjerman-komenton-ikjen-e-terroristeve-po-ecin-si-ne-nje-shetitje-te-se-dieles\/"},"wordCount":146,"publisher":{"@id":"https:\/\/permbledhja.com\/#organization"},"keywords":["Gjermania"],"articleSection":["Komb\u00ebtare","Lajme"],"inLanguage":"sq"},{"@type":"WebPage","@id":"https:\/\/permbledhja.com\/snajperisti-gjerman-komenton-ikjen-e-terroristeve-po-ecin-si-ne-nje-shetitje-te-se-dieles\/","url":"https:\/\/permbledhja.com\/snajperisti-gjerman-komenton-ikjen-e-terroristeve-po-ecin-si-ne-nje-shetitje-te-se-dieles\/","name":"Snajperisti gjerman komenton ikjen e terrorist\u00ebve: Po ecin si n\u00eb nj\u00eb sh\u00ebtitje t\u00eb s\u00eb diel\u00ebs","isPartOf":{"@id":"https:\/\/permbledhja.com\/#website"},"datePublished":"2023-09-26T10:27:57+00:00","dateModified":"2023-09-26T10:27:57+00:00","breadcrumb":{"@id":"https:\/\/permbledhja.com\/snajperisti-gjerman-komenton-ikjen-e-terroristeve-po-ecin-si-ne-nje-shetitje-te-se-dieles\/#breadcrumb"},"inLanguage":"sq","potentialAction":[{"@type":"ReadAction","target":["https:\/\/permbledhja.com\/snajperisti-gjerman-komenton-ikjen-e-terroristeve-po-ecin-si-ne-nje-shetitje-te-se-dieles\/"]}]},{"@type":"BreadcrumbList","@id":"https:\/\/permbledhja.com\/snajperisti-gjerman-komenton-ikjen-e-terroristeve-po-ecin-si-ne-nje-shetitje-te-se-dieles\/#breadcrumb","itemListElement":[{"@type":"ListItem","position":1,"name":"Ballina","item":"https:\/\/permbledhja.com\/sq\/"},{"@type":"ListItem","position":2,"name":"Snajperisti gjerman komenton ikjen e terrorist\u00ebve: Po ecin si n\u00eb nj\u00eb sh\u00ebtitje t\u00eb s\u00eb diel\u00ebs"}]},{"@type":"WebSite","@id":"https:\/\/permbledhja.com\/#website","url":"https:\/\/permbledhja.com\/","name":"Ve\u00e7 artikuj p\u00ebrmbledh\u00ebs","description":"","publisher":{"@id":"https:\/\/permbledhja.com\/#organization"},"potentialAction":[{"@type":"SearchAction","target":{"@type":"EntryPoint","urlTemplate":"https:\/\/permbledhja.com\/?s={search_term_string}"},"query-input":"required name=search_term_string"}],"inLanguage":"sq"},{"@type":"Organization","@id":"https:\/\/permbledhja.com\/#organization","name":"MK Media & Pr","url":"https:\/\/permbledhja.com\/","logo":{"@type":"ImageObject","inLanguage":"sq","@id":"https:\/\/permbledhja.com\/#\/schema\/logo\/image\/","url":"https:\/\/permbledhja.com\/wp-content\/uploads\/2021\/12\/07-Press-Logo.jpg","contentUrl":"https:\/\/permbledhja.com\/wp-content\/uploads\/2021\/12\/07-Press-Logo.jpg","width":512,"height":512,"caption":"MK Media & Pr"},"image":{"@id":"https:\/\/permbledhja.com\/#\/schema\/logo\/image\/"},"sameAs":["https:\/\/www.facebook.com\/press07\/"]},{"@type":"Person","@id":"https:\/\/permbledhja.com\/#\/schema\/person\/0d064377258d3221e50693947b9eb4fe","name":"P\u00ebrmbledhja","image":{"@type":"ImageObject","inLanguage":"sq","@id":"https:\/\/permbledhja.com\/#\/schema\/person\/image\/","url":"https:\/\/permbledhja.com\/wp-content\/uploads\/2026\/01\/452004717_1040944174702970_8932037511805513407_n-96x96.jpg","contentUrl":"https:\/\/permbledhja.com\/wp-content\/uploads\/2026\/01\/452004717_1040944174702970_8932037511805513407_n-96x96.jpg","caption":"P\u00ebrmbledhja"},"sameAs":["https:\/\/www.facebook.com\/kafexhiu.muharrem\/","https:\/\/www.instagram.com\/muharrem_kafexhiu\/"],"url":"https:\/\/permbledhja.com\/sq\/author\/admin\/"}]}},"_links":{"self":[{"href":"https:\/\/permbledhja.com\/sq\/wp-json\/wp\/v2\/posts\/28453"}],"collection":[{"href":"https:\/\/permbledhja.com\/sq\/wp-json\/wp\/v2\/posts"}],"about":[{"href":"https:\/\/permbledhja.com\/sq\/wp-json\/wp\/v2\/types\/post"}],"author":[{"embeddable":true,"href":"https:\/\/permbledhja.com\/sq\/wp-json\/wp\/v2\/users\/1"}],"replies":[{"embeddable":true,"href":"https:\/\/permbledhja.com\/sq\/wp-json\/wp\/v2\/comments?post=28453"}],"version-history":[{"count":1,"href":"https:\/\/permbledhja.com\/sq\/wp-json\/wp\/v2\/posts\/28453\/revisions"}],"predecessor-version":[{"id":28455,"href":"https:\/\/permbledhja.com\/sq\/wp-json\/wp\/v2\/posts\/28453\/revisions\/28455"}],"wp:featuredmedia":[{"embeddable":true,"href":"https:\/\/permbledhja.com\/sq\/wp-json\/wp\/v2\/media\/28454"}],"wp:attachment":[{"href":"https:\/\/permbledhja.com\/sq\/wp-json\/wp\/v2\/media?parent=28453"}],"wp:term":[{"taxonomy":"category","embeddable":true,"href":"https:\/\/permbledhja.com\/sq\/wp-json\/wp\/v2\/categories?post=28453"},{"taxonomy":"post_tag","embeddable":true,"href":"https:\/\/permbledhja.com\/sq\/wp-json\/wp\/v2\/tags?post=28453"}],"curies":[{"name":"wp","href":"https:\/\/api.w.org\/{rel}","templated":true}]}}