{"id":28446,"date":"2023-09-26T10:17:43","date_gmt":"2023-09-26T10:17:43","guid":{"rendered":"https:\/\/permbledhja.com\/?p=28446"},"modified":"2023-09-26T10:17:43","modified_gmt":"2023-09-26T10:17:43","slug":"radoiciq-ishte-i-perfshire-po-ruhet-i-lenduar-nga-xhandarmeria-serbe","status":"publish","type":"post","link":"https:\/\/permbledhja.com\/sq\/radoiciq-ishte-i-perfshire-po-ruhet-i-lenduar-nga-xhandarmeria-serbe\/","title":{"rendered":"Radoi\u00e7iq ishte i p\u00ebrfshir\u00eb, po ruhet i l\u00ebnduar nga xhandarm\u00ebria serbe"},"content":{"rendered":"<h3>Organet e siguris\u00eb vendase dhe ato nd\u00ebrkomb\u00ebtare kan\u00eb arritur q\u00eb n\u00eb or\u00ebt e hershme t\u00eb m\u00ebngjesit t\u00eb konfirmojn\u00eb se ne mesin e t\u00eb plagosurve \u00ebsht\u00eb edhe n\u00ebnkryetari i List\u00ebs Serbe Milan Radoj\u00e7iq.<\/h3>\n<p>Sipas burimeve t\u00eb Kanal10, tashm\u00eb autoritetet serbe kan\u00eb konfirmuar se Radoj\u00e7iq \u00ebsht\u00eb duke marr\u00eb trajtim mjek\u00ebsor n\u00eb spital ushtarak n\u00ebn p\u00ebrcjellje t\u00eb Xhandarm\u00ebris\u00eb serbe.<\/p>\n<p>Burimet b\u00ebjn\u00eb t\u00eb ditur se kreu i grupit kriminal serb ka raporte t\u00eb mira me komandantin e xhandarm\u00ebris\u00eb s\u00eb ushtris\u00eb serbe duke theksuar se \u201cduket se n\u00eb t\u00eb gjith\u00eb k\u00ebt\u00eb nd\u00ebrmarrje t\u00eb diel\u00ebn n\u00eb veri kan\u00eb bashk\u00ebpunuar mes vete\u201d.<\/p>\n<p>Mediat boshnjake ishin t\u00eb parat q\u00eb raportuar t\u00eb h\u00ebn\u00ebn n\u00eb mbr\u00ebmje se edhe Radoj\u00e7iq \u00ebsht\u00eb plagosur duke konfirmuar prezenc\u00ebn e tij n\u00eb at\u00eb ngjarje terroriste. Policia e Kosov\u00ebs gjat\u00eb dit\u00ebs prezantoi nj\u00eb vetur\u00eb t\u00eb kapur, q\u00eb dyshohet se ishte n\u00eb prond\u00ebri t\u00eb Radojciq, njeriut t\u00eb future n\u00eb list\u00ebn e zez\u00eb t\u00eb Amerik\u00ebs.<\/p>\n","protected":false},"excerpt":{"rendered":"<p>Organet e siguris\u00eb vendase dhe ato nd\u00ebrkomb\u00ebtare kan\u00eb arritur q\u00eb n\u00eb or\u00ebt e hershme t\u00eb m\u00ebngjesit t\u00eb konfirmojn\u00eb se ne mesin e t\u00eb plagosurve \u00ebsht\u00eb edhe n\u00ebnkryetari i List\u00ebs Serbe Milan Radoj\u00e7iq. Sipas burimeve t\u00eb Kanal10, tashm\u00eb autoritetet serbe kan\u00eb konfirmuar se Radoj\u00e7iq \u00ebsht\u00eb duke marr\u00eb trajtim mjek\u00ebsor n\u00eb spital ushtarak n\u00ebn p\u00ebrcjellje t\u00eb Xhandarm\u00ebris\u00eb [&hellip;]<\/p>\n","protected":false},"author":1,"featured_media":28447,"comment_status":"closed","ping_status":"closed","sticky":false,"template":"","format":"standard","meta":{"_monsterinsights_skip_tracking":false,"_monsterinsights_sitenote_active":false,"_monsterinsights_sitenote_note":"","_monsterinsights_sitenote_category":0,"_uf_show_specific_survey":0,"_uf_disable_surveys":false,"footnotes":""},"categories":[23,15],"tags":[2420],"yoast_head":"<!-- This site is optimized with the Yoast SEO plugin v21.5 - https:\/\/yoast.com\/wordpress\/plugins\/seo\/ -->\n<title>Radoi\u00e7iq ishte i p\u00ebrfshir\u00eb, po ruhet i l\u00ebnduar nga xhandarm\u00ebria serbe<\/title>\n<meta name=\"robots\" content=\"index, follow, max-snippet:-1, max-image-preview:large, max-video-preview:-1\" \/>\n<link rel=\"canonical\" href=\"https:\/\/permbledhja.com\/sq\/radoiciq-ishte-i-perfshire-po-ruhet-i-lenduar-nga-xhandarmeria-serbe\/\" \/>\n<meta property=\"og:locale\" content=\"sq_AL\" \/>\n<meta property=\"og:type\" content=\"article\" \/>\n<meta property=\"og:title\" content=\"Radoi\u00e7iq ishte i p\u00ebrfshir\u00eb, po ruhet i l\u00ebnduar nga xhandarm\u00ebria serbe\" \/>\n<meta property=\"og:description\" content=\"Organet e siguris\u00eb vendase dhe ato nd\u00ebrkomb\u00ebtare kan\u00eb arritur q\u00eb n\u00eb or\u00ebt e hershme t\u00eb m\u00ebngjesit t\u00eb konfirmojn\u00eb se ne mesin e t\u00eb plagosurve \u00ebsht\u00eb edhe n\u00ebnkryetari i List\u00ebs Serbe Milan Radoj\u00e7iq. Sipas burimeve t\u00eb Kanal10, tashm\u00eb autoritetet serbe kan\u00eb konfirmuar se Radoj\u00e7iq \u00ebsht\u00eb duke marr\u00eb trajtim mjek\u00ebsor n\u00eb spital ushtarak n\u00ebn p\u00ebrcjellje t\u00eb Xhandarm\u00ebris\u00eb [&hellip;]\" \/>\n<meta property=\"og:url\" content=\"https:\/\/permbledhja.com\/sq\/radoiciq-ishte-i-perfshire-po-ruhet-i-lenduar-nga-xhandarmeria-serbe\/\" \/>\n<meta property=\"og:site_name\" content=\"Ve\u00e7 artikuj p\u00ebrmbledh\u00ebs\" \/>\n<meta property=\"article:publisher\" content=\"https:\/\/www.facebook.com\/press07\/\" \/>\n<meta property=\"article:author\" content=\"https:\/\/www.facebook.com\/kafexhiu.muharrem\/\" \/>\n<meta property=\"article:published_time\" content=\"2023-09-26T10:17:43+00:00\" \/>\n<meta property=\"og:image\" content=\"https:\/\/permbledhja.com\/wp-content\/uploads\/2023\/09\/milan-radojqiq.png\" \/>\n\t<meta property=\"og:image:width\" content=\"900\" \/>\n\t<meta property=\"og:image:height\" content=\"561\" \/>\n\t<meta property=\"og:image:type\" content=\"image\/png\" \/>\n<meta name=\"author\" content=\"P\u00ebrmbledhja\" \/>\n<meta name=\"twitter:card\" content=\"summary_large_image\" \/>\n<meta name=\"twitter:label1\" content=\"Written by\" \/>\n\t<meta name=\"twitter:data1\" content=\"P\u00ebrmbledhja\" \/>\n\t<meta name=\"twitter:label2\" content=\"Est. reading time\" \/>\n\t<meta name=\"twitter:data2\" content=\"1 minut\u00eb\" \/>\n<script type=\"application\/ld+json\" class=\"yoast-schema-graph\">{\"@context\":\"https:\/\/schema.org\",\"@graph\":[{\"@type\":\"Article\",\"@id\":\"https:\/\/permbledhja.com\/sq\/radoiciq-ishte-i-perfshire-po-ruhet-i-lenduar-nga-xhandarmeria-serbe\/#article\",\"isPartOf\":{\"@id\":\"https:\/\/permbledhja.com\/sq\/radoiciq-ishte-i-perfshire-po-ruhet-i-lenduar-nga-xhandarmeria-serbe\/\"},\"author\":{\"name\":\"P\u00ebrmbledhja\",\"@id\":\"https:\/\/permbledhja.com\/#\/schema\/person\/0d064377258d3221e50693947b9eb4fe\"},\"headline\":\"Radoi\u00e7iq ishte i p\u00ebrfshir\u00eb, po ruhet i l\u00ebnduar nga xhandarm\u00ebria serbe\",\"datePublished\":\"2023-09-26T10:17:43+00:00\",\"dateModified\":\"2023-09-26T10:17:43+00:00\",\"mainEntityOfPage\":{\"@id\":\"https:\/\/permbledhja.com\/sq\/radoiciq-ishte-i-perfshire-po-ruhet-i-lenduar-nga-xhandarmeria-serbe\/\"},\"wordCount\":190,\"publisher\":{\"@id\":\"https:\/\/permbledhja.com\/#organization\"},\"keywords\":[\"Radoi\u00e7iq\"],\"articleSection\":[\"Komb\u00ebtare\",\"Lajme\"],\"inLanguage\":\"sq\"},{\"@type\":\"WebPage\",\"@id\":\"https:\/\/permbledhja.com\/sq\/radoiciq-ishte-i-perfshire-po-ruhet-i-lenduar-nga-xhandarmeria-serbe\/\",\"url\":\"https:\/\/permbledhja.com\/sq\/radoiciq-ishte-i-perfshire-po-ruhet-i-lenduar-nga-xhandarmeria-serbe\/\",\"name\":\"Radoi\u00e7iq ishte i p\u00ebrfshir\u00eb, po ruhet i l\u00ebnduar nga xhandarm\u00ebria serbe\",\"isPartOf\":{\"@id\":\"https:\/\/permbledhja.com\/#website\"},\"datePublished\":\"2023-09-26T10:17:43+00:00\",\"dateModified\":\"2023-09-26T10:17:43+00:00\",\"breadcrumb\":{\"@id\":\"https:\/\/permbledhja.com\/sq\/radoiciq-ishte-i-perfshire-po-ruhet-i-lenduar-nga-xhandarmeria-serbe\/#breadcrumb\"},\"inLanguage\":\"sq\",\"potentialAction\":[{\"@type\":\"ReadAction\",\"target\":[\"https:\/\/permbledhja.com\/sq\/radoiciq-ishte-i-perfshire-po-ruhet-i-lenduar-nga-xhandarmeria-serbe\/\"]}]},{\"@type\":\"BreadcrumbList\",\"@id\":\"https:\/\/permbledhja.com\/sq\/radoiciq-ishte-i-perfshire-po-ruhet-i-lenduar-nga-xhandarmeria-serbe\/#breadcrumb\",\"itemListElement\":[{\"@type\":\"ListItem\",\"position\":1,\"name\":\"Ballina\",\"item\":\"https:\/\/permbledhja.com\/sq\/\"},{\"@type\":\"ListItem\",\"position\":2,\"name\":\"Radoi\u00e7iq ishte i p\u00ebrfshir\u00eb, po ruhet i l\u00ebnduar nga xhandarm\u00ebria serbe\"}]},{\"@type\":\"WebSite\",\"@id\":\"https:\/\/permbledhja.com\/#website\",\"url\":\"https:\/\/permbledhja.com\/\",\"name\":\"Ve\u00e7 artikuj p\u00ebrmbledh\u00ebs\",\"description\":\"\",\"publisher\":{\"@id\":\"https:\/\/permbledhja.com\/#organization\"},\"potentialAction\":[{\"@type\":\"SearchAction\",\"target\":{\"@type\":\"EntryPoint\",\"urlTemplate\":\"https:\/\/permbledhja.com\/?s={search_term_string}\"},\"query-input\":\"required name=search_term_string\"}],\"inLanguage\":\"sq\"},{\"@type\":\"Organization\",\"@id\":\"https:\/\/permbledhja.com\/#organization\",\"name\":\"MK Media & Pr\",\"url\":\"https:\/\/permbledhja.com\/\",\"logo\":{\"@type\":\"ImageObject\",\"inLanguage\":\"sq\",\"@id\":\"https:\/\/permbledhja.com\/#\/schema\/logo\/image\/\",\"url\":\"https:\/\/permbledhja.com\/wp-content\/uploads\/2021\/12\/07-Press-Logo.jpg\",\"contentUrl\":\"https:\/\/permbledhja.com\/wp-content\/uploads\/2021\/12\/07-Press-Logo.jpg\",\"width\":512,\"height\":512,\"caption\":\"MK Media & Pr\"},\"image\":{\"@id\":\"https:\/\/permbledhja.com\/#\/schema\/logo\/image\/\"},\"sameAs\":[\"https:\/\/www.facebook.com\/press07\/\"]},{\"@type\":\"Person\",\"@id\":\"https:\/\/permbledhja.com\/#\/schema\/person\/0d064377258d3221e50693947b9eb4fe\",\"name\":\"P\u00ebrmbledhja\",\"image\":{\"@type\":\"ImageObject\",\"inLanguage\":\"sq\",\"@id\":\"https:\/\/permbledhja.com\/#\/schema\/person\/image\/\",\"url\":\"https:\/\/permbledhja.com\/wp-content\/uploads\/2026\/01\/452004717_1040944174702970_8932037511805513407_n-96x96.jpg\",\"contentUrl\":\"https:\/\/permbledhja.com\/wp-content\/uploads\/2026\/01\/452004717_1040944174702970_8932037511805513407_n-96x96.jpg\",\"caption\":\"P\u00ebrmbledhja\"},\"sameAs\":[\"https:\/\/www.facebook.com\/kafexhiu.muharrem\/\",\"https:\/\/www.instagram.com\/muharrem_kafexhiu\/\"],\"url\":\"https:\/\/permbledhja.com\/sq\/author\/admin\/\"}]}<\/script>\n<!-- \/ Yoast SEO plugin. -->","yoast_head_json":{"title":"Radoi\u00e7iq ishte i p\u00ebrfshir\u00eb, po ruhet i l\u00ebnduar nga xhandarm\u00ebria serbe","robots":{"index":"index","follow":"follow","max-snippet":"max-snippet:-1","max-image-preview":"max-image-preview:large","max-video-preview":"max-video-preview:-1"},"canonical":"https:\/\/permbledhja.com\/sq\/radoiciq-ishte-i-perfshire-po-ruhet-i-lenduar-nga-xhandarmeria-serbe\/","og_locale":"sq_AL","og_type":"article","og_title":"Radoi\u00e7iq ishte i p\u00ebrfshir\u00eb, po ruhet i l\u00ebnduar nga xhandarm\u00ebria serbe","og_description":"Organet e siguris\u00eb vendase dhe ato nd\u00ebrkomb\u00ebtare kan\u00eb arritur q\u00eb n\u00eb or\u00ebt e hershme t\u00eb m\u00ebngjesit t\u00eb konfirmojn\u00eb se ne mesin e t\u00eb plagosurve \u00ebsht\u00eb edhe n\u00ebnkryetari i List\u00ebs Serbe Milan Radoj\u00e7iq. Sipas burimeve t\u00eb Kanal10, tashm\u00eb autoritetet serbe kan\u00eb konfirmuar se Radoj\u00e7iq \u00ebsht\u00eb duke marr\u00eb trajtim mjek\u00ebsor n\u00eb spital ushtarak n\u00ebn p\u00ebrcjellje t\u00eb Xhandarm\u00ebris\u00eb [&hellip;]","og_url":"https:\/\/permbledhja.com\/sq\/radoiciq-ishte-i-perfshire-po-ruhet-i-lenduar-nga-xhandarmeria-serbe\/","og_site_name":"Ve\u00e7 artikuj p\u00ebrmbledh\u00ebs","article_publisher":"https:\/\/www.facebook.com\/press07\/","article_author":"https:\/\/www.facebook.com\/kafexhiu.muharrem\/","article_published_time":"2023-09-26T10:17:43+00:00","og_image":[{"width":900,"height":561,"url":"https:\/\/permbledhja.com\/wp-content\/uploads\/2023\/09\/milan-radojqiq.png","type":"image\/png"}],"author":"P\u00ebrmbledhja","twitter_card":"summary_large_image","twitter_misc":{"Written by":"P\u00ebrmbledhja","Est. reading time":"1 minut\u00eb"},"schema":{"@context":"https:\/\/schema.org","@graph":[{"@type":"Article","@id":"https:\/\/permbledhja.com\/sq\/radoiciq-ishte-i-perfshire-po-ruhet-i-lenduar-nga-xhandarmeria-serbe\/#article","isPartOf":{"@id":"https:\/\/permbledhja.com\/sq\/radoiciq-ishte-i-perfshire-po-ruhet-i-lenduar-nga-xhandarmeria-serbe\/"},"author":{"name":"P\u00ebrmbledhja","@id":"https:\/\/permbledhja.com\/#\/schema\/person\/0d064377258d3221e50693947b9eb4fe"},"headline":"Radoi\u00e7iq ishte i p\u00ebrfshir\u00eb, po ruhet i l\u00ebnduar nga xhandarm\u00ebria serbe","datePublished":"2023-09-26T10:17:43+00:00","dateModified":"2023-09-26T10:17:43+00:00","mainEntityOfPage":{"@id":"https:\/\/permbledhja.com\/sq\/radoiciq-ishte-i-perfshire-po-ruhet-i-lenduar-nga-xhandarmeria-serbe\/"},"wordCount":190,"publisher":{"@id":"https:\/\/permbledhja.com\/#organization"},"keywords":["Radoi\u00e7iq"],"articleSection":["Komb\u00ebtare","Lajme"],"inLanguage":"sq"},{"@type":"WebPage","@id":"https:\/\/permbledhja.com\/sq\/radoiciq-ishte-i-perfshire-po-ruhet-i-lenduar-nga-xhandarmeria-serbe\/","url":"https:\/\/permbledhja.com\/sq\/radoiciq-ishte-i-perfshire-po-ruhet-i-lenduar-nga-xhandarmeria-serbe\/","name":"Radoi\u00e7iq ishte i p\u00ebrfshir\u00eb, po ruhet i l\u00ebnduar nga xhandarm\u00ebria serbe","isPartOf":{"@id":"https:\/\/permbledhja.com\/#website"},"datePublished":"2023-09-26T10:17:43+00:00","dateModified":"2023-09-26T10:17:43+00:00","breadcrumb":{"@id":"https:\/\/permbledhja.com\/sq\/radoiciq-ishte-i-perfshire-po-ruhet-i-lenduar-nga-xhandarmeria-serbe\/#breadcrumb"},"inLanguage":"sq","potentialAction":[{"@type":"ReadAction","target":["https:\/\/permbledhja.com\/sq\/radoiciq-ishte-i-perfshire-po-ruhet-i-lenduar-nga-xhandarmeria-serbe\/"]}]},{"@type":"BreadcrumbList","@id":"https:\/\/permbledhja.com\/sq\/radoiciq-ishte-i-perfshire-po-ruhet-i-lenduar-nga-xhandarmeria-serbe\/#breadcrumb","itemListElement":[{"@type":"ListItem","position":1,"name":"Ballina","item":"https:\/\/permbledhja.com\/sq\/"},{"@type":"ListItem","position":2,"name":"Radoi\u00e7iq ishte i p\u00ebrfshir\u00eb, po ruhet i l\u00ebnduar nga xhandarm\u00ebria serbe"}]},{"@type":"WebSite","@id":"https:\/\/permbledhja.com\/#website","url":"https:\/\/permbledhja.com\/","name":"Ve\u00e7 artikuj p\u00ebrmbledh\u00ebs","description":"","publisher":{"@id":"https:\/\/permbledhja.com\/#organization"},"potentialAction":[{"@type":"SearchAction","target":{"@type":"EntryPoint","urlTemplate":"https:\/\/permbledhja.com\/?s={search_term_string}"},"query-input":"required name=search_term_string"}],"inLanguage":"sq"},{"@type":"Organization","@id":"https:\/\/permbledhja.com\/#organization","name":"MK Media & Pr","url":"https:\/\/permbledhja.com\/","logo":{"@type":"ImageObject","inLanguage":"sq","@id":"https:\/\/permbledhja.com\/#\/schema\/logo\/image\/","url":"https:\/\/permbledhja.com\/wp-content\/uploads\/2021\/12\/07-Press-Logo.jpg","contentUrl":"https:\/\/permbledhja.com\/wp-content\/uploads\/2021\/12\/07-Press-Logo.jpg","width":512,"height":512,"caption":"MK Media & Pr"},"image":{"@id":"https:\/\/permbledhja.com\/#\/schema\/logo\/image\/"},"sameAs":["https:\/\/www.facebook.com\/press07\/"]},{"@type":"Person","@id":"https:\/\/permbledhja.com\/#\/schema\/person\/0d064377258d3221e50693947b9eb4fe","name":"P\u00ebrmbledhja","image":{"@type":"ImageObject","inLanguage":"sq","@id":"https:\/\/permbledhja.com\/#\/schema\/person\/image\/","url":"https:\/\/permbledhja.com\/wp-content\/uploads\/2026\/01\/452004717_1040944174702970_8932037511805513407_n-96x96.jpg","contentUrl":"https:\/\/permbledhja.com\/wp-content\/uploads\/2026\/01\/452004717_1040944174702970_8932037511805513407_n-96x96.jpg","caption":"P\u00ebrmbledhja"},"sameAs":["https:\/\/www.facebook.com\/kafexhiu.muharrem\/","https:\/\/www.instagram.com\/muharrem_kafexhiu\/"],"url":"https:\/\/permbledhja.com\/sq\/author\/admin\/"}]}},"_links":{"self":[{"href":"https:\/\/permbledhja.com\/sq\/wp-json\/wp\/v2\/posts\/28446"}],"collection":[{"href":"https:\/\/permbledhja.com\/sq\/wp-json\/wp\/v2\/posts"}],"about":[{"href":"https:\/\/permbledhja.com\/sq\/wp-json\/wp\/v2\/types\/post"}],"author":[{"embeddable":true,"href":"https:\/\/permbledhja.com\/sq\/wp-json\/wp\/v2\/users\/1"}],"replies":[{"embeddable":true,"href":"https:\/\/permbledhja.com\/sq\/wp-json\/wp\/v2\/comments?post=28446"}],"version-history":[{"count":1,"href":"https:\/\/permbledhja.com\/sq\/wp-json\/wp\/v2\/posts\/28446\/revisions"}],"predecessor-version":[{"id":28448,"href":"https:\/\/permbledhja.com\/sq\/wp-json\/wp\/v2\/posts\/28446\/revisions\/28448"}],"wp:featuredmedia":[{"embeddable":true,"href":"https:\/\/permbledhja.com\/sq\/wp-json\/wp\/v2\/media\/28447"}],"wp:attachment":[{"href":"https:\/\/permbledhja.com\/sq\/wp-json\/wp\/v2\/media?parent=28446"}],"wp:term":[{"taxonomy":"category","embeddable":true,"href":"https:\/\/permbledhja.com\/sq\/wp-json\/wp\/v2\/categories?post=28446"},{"taxonomy":"post_tag","embeddable":true,"href":"https:\/\/permbledhja.com\/sq\/wp-json\/wp\/v2\/tags?post=28446"}],"curies":[{"name":"wp","href":"https:\/\/api.w.org\/{rel}","templated":true}]}}