{"id":28443,"date":"2023-09-26T10:04:34","date_gmt":"2023-09-26T10:04:34","guid":{"rendered":"https:\/\/permbledhja.com\/?p=28443"},"modified":"2023-09-26T10:04:34","modified_gmt":"2023-09-26T10:04:34","slug":"deputetja-britanike-trendi-i-ndeshkimit-te-kosoves-dhe-perkedheljes-se-vuciqit-nxiti-dhunen","status":"publish","type":"post","link":"https:\/\/permbledhja.com\/sq\/deputetja-britanike-trendi-i-ndeshkimit-te-kosoves-dhe-perkedheljes-se-vuciqit-nxiti-dhunen\/","title":{"rendered":"Deputetja britanike: Trendi i nd\u00ebshkimit t\u00eb Kosov\u00ebs dhe p\u00ebrk\u00ebdheljes s\u00eb Vu\u00e7iqit nxiti dhun\u00ebn"},"content":{"rendered":"<h3>Deputetja britanike, Alicia Kearns e cila ka ngritur disa her\u00eb z\u00ebrin p\u00ebr sjelljet e Serbis\u00eb, ka th\u00ebn\u00eb se trendi i fundit i nd\u00ebshkimit t\u00eb Kosov\u00ebs nga nd\u00ebrkomb\u00ebtar\u00ebt dhe \u201cp\u00ebrkdheljes\u201d se Vu\u00e7iqit ka nxitur dhun\u00ebn.<\/h3>\n<p>Ai thot\u00eb se kjo sjellje e nd\u00ebrkomb\u00ebtar\u00ebve ka \u00e7uar n\u00eb nj\u00eb situat\u00eb ku drita n\u00eb fund t\u00eb tunelit p\u00ebr normalizim raportesh \u201cpo err\u00ebsohet gjithnj\u00eb e m\u00eb shum\u00eb\u201d.<\/p>\n<p>\u201c<em>Trendi i koh\u00ebve t\u00eb fundit i nd\u00ebshkimit t\u00eb Kosov\u00ebs dhe p\u00ebrk\u00ebdheljes ndaj Vu\u00e7iqit gjithnj\u00eb e m\u00eb autokratik po na \u00e7on m\u00eb thell\u00eb n\u00eb nj\u00eb cik\u00ebl dhune, paq\u00ebndrueshm\u00ebrie dhe keqdashjeje, nd\u00ebrsa drita n\u00eb fund t\u00eb tunelit t\u00eb normalizimit dhe an\u00ebtar\u00ebsimit n\u00eb BE p\u00ebr t\u00eb dy err\u00ebsohet gjithnj\u00eb e m\u00eb shum\u00eb<\/em>\u201d, shkroi ajo n\u00eb X.<\/p>\n<p>Deputetja n\u00eb fjal\u00eb thot\u00eb se KFOR-i duhet t\u00eb hetoj\u00eb automjetet dhe sistemet e arm\u00ebve q\u00eb ishin t\u00eb rreme dhe me figurat e emrat e tyre.<\/p>\n<p><em>\u201cN\u00ebse imazhet fillestare jan\u00eb t\u00eb sakta, KFOR-i duhet t\u00eb hetoj\u00eb automjetet dhe sistemet e arm\u00ebve q\u00eb kishte, ato q\u00eb ne duhet t\u00eb supozojm\u00eb tani p\u00ebr tani jan\u00eb t\u00eb rreme, ngjit\u00ebse me emrin e tyre. Ata thjesht nuk mund t\u00eb pretendojn\u00eb se nuk ka shenja p\u00ebrpjekjesh apo synimesh nga paraushtarak\u00ebt p\u00ebr t\u2019i imituar ata\u201d<\/em>, tha ai.<\/p>\n","protected":false},"excerpt":{"rendered":"<p>Deputetja britanike, Alicia Kearns e cila ka ngritur disa her\u00eb z\u00ebrin p\u00ebr sjelljet e Serbis\u00eb, ka th\u00ebn\u00eb se trendi i fundit i nd\u00ebshkimit t\u00eb Kosov\u00ebs nga nd\u00ebrkomb\u00ebtar\u00ebt dhe \u201cp\u00ebrkdheljes\u201d se Vu\u00e7iqit ka nxitur dhun\u00ebn. Ai thot\u00eb se kjo sjellje e nd\u00ebrkomb\u00ebtar\u00ebve ka \u00e7uar n\u00eb nj\u00eb situat\u00eb ku drita n\u00eb fund t\u00eb tunelit p\u00ebr normalizim raportesh [&hellip;]<\/p>\n","protected":false},"author":1,"featured_media":28444,"comment_status":"closed","ping_status":"closed","sticky":false,"template":"","format":"standard","meta":{"_monsterinsights_skip_tracking":false,"_monsterinsights_sitenote_active":false,"_monsterinsights_sitenote_note":"","_monsterinsights_sitenote_category":0,"_uf_show_specific_survey":0,"_uf_disable_surveys":false,"footnotes":""},"categories":[23,15],"tags":[658],"yoast_head":"<!-- This site is optimized with the Yoast SEO plugin v21.5 - https:\/\/yoast.com\/wordpress\/plugins\/seo\/ -->\n<title>Deputetja britanike: Trendi i nd\u00ebshkimit t\u00eb Kosov\u00ebs dhe p\u00ebrk\u00ebdheljes s\u00eb Vu\u00e7iqit nxiti dhun\u00ebn<\/title>\n<meta name=\"robots\" content=\"index, follow, max-snippet:-1, max-image-preview:large, max-video-preview:-1\" \/>\n<link rel=\"canonical\" href=\"https:\/\/permbledhja.com\/sq\/deputetja-britanike-trendi-i-ndeshkimit-te-kosoves-dhe-perkedheljes-se-vuciqit-nxiti-dhunen\/\" \/>\n<meta property=\"og:locale\" content=\"sq_AL\" \/>\n<meta property=\"og:type\" content=\"article\" \/>\n<meta property=\"og:title\" content=\"Deputetja britanike: Trendi i nd\u00ebshkimit t\u00eb Kosov\u00ebs dhe p\u00ebrk\u00ebdheljes s\u00eb Vu\u00e7iqit nxiti dhun\u00ebn\" \/>\n<meta property=\"og:description\" content=\"Deputetja britanike, Alicia Kearns e cila ka ngritur disa her\u00eb z\u00ebrin p\u00ebr sjelljet e Serbis\u00eb, ka th\u00ebn\u00eb se trendi i fundit i nd\u00ebshkimit t\u00eb Kosov\u00ebs nga nd\u00ebrkomb\u00ebtar\u00ebt dhe \u201cp\u00ebrkdheljes\u201d se Vu\u00e7iqit ka nxitur dhun\u00ebn. Ai thot\u00eb se kjo sjellje e nd\u00ebrkomb\u00ebtar\u00ebve ka \u00e7uar n\u00eb nj\u00eb situat\u00eb ku drita n\u00eb fund t\u00eb tunelit p\u00ebr normalizim raportesh [&hellip;]\" \/>\n<meta property=\"og:url\" content=\"https:\/\/permbledhja.com\/sq\/deputetja-britanike-trendi-i-ndeshkimit-te-kosoves-dhe-perkedheljes-se-vuciqit-nxiti-dhunen\/\" \/>\n<meta property=\"og:site_name\" content=\"Ve\u00e7 artikuj p\u00ebrmbledh\u00ebs\" \/>\n<meta property=\"article:publisher\" content=\"https:\/\/www.facebook.com\/press07\/\" \/>\n<meta property=\"article:author\" content=\"https:\/\/www.facebook.com\/kafexhiu.muharrem\/\" \/>\n<meta property=\"article:published_time\" content=\"2023-09-26T10:04:34+00:00\" \/>\n<meta property=\"og:image\" content=\"https:\/\/permbledhja.com\/wp-content\/uploads\/2023\/09\/p0dkb9xl-640x360-1.jpg\" \/>\n\t<meta property=\"og:image:width\" content=\"640\" \/>\n\t<meta property=\"og:image:height\" content=\"360\" \/>\n\t<meta property=\"og:image:type\" content=\"image\/jpeg\" \/>\n<meta name=\"author\" content=\"P\u00ebrmbledhja\" \/>\n<meta name=\"twitter:card\" content=\"summary_large_image\" \/>\n<meta name=\"twitter:label1\" content=\"Written by\" \/>\n\t<meta name=\"twitter:data1\" content=\"P\u00ebrmbledhja\" \/>\n\t<meta name=\"twitter:label2\" content=\"Est. reading time\" \/>\n\t<meta name=\"twitter:data2\" content=\"1 minut\u00eb\" \/>\n<script type=\"application\/ld+json\" class=\"yoast-schema-graph\">{\"@context\":\"https:\/\/schema.org\",\"@graph\":[{\"@type\":\"Article\",\"@id\":\"https:\/\/permbledhja.com\/deputetja-britanike-trendi-i-ndeshkimit-te-kosoves-dhe-perkedheljes-se-vuciqit-nxiti-dhunen\/#article\",\"isPartOf\":{\"@id\":\"https:\/\/permbledhja.com\/deputetja-britanike-trendi-i-ndeshkimit-te-kosoves-dhe-perkedheljes-se-vuciqit-nxiti-dhunen\/\"},\"author\":{\"name\":\"P\u00ebrmbledhja\",\"@id\":\"https:\/\/permbledhja.com\/#\/schema\/person\/0d064377258d3221e50693947b9eb4fe\"},\"headline\":\"Deputetja britanike: Trendi i nd\u00ebshkimit t\u00eb Kosov\u00ebs dhe p\u00ebrk\u00ebdheljes s\u00eb Vu\u00e7iqit nxiti dhun\u00ebn\",\"datePublished\":\"2023-09-26T10:04:34+00:00\",\"dateModified\":\"2023-09-26T10:04:34+00:00\",\"mainEntityOfPage\":{\"@id\":\"https:\/\/permbledhja.com\/deputetja-britanike-trendi-i-ndeshkimit-te-kosoves-dhe-perkedheljes-se-vuciqit-nxiti-dhunen\/\"},\"wordCount\":252,\"publisher\":{\"@id\":\"https:\/\/permbledhja.com\/#organization\"},\"keywords\":[\"Aleksandar Vu\u00e7iq\"],\"articleSection\":[\"Komb\u00ebtare\",\"Lajme\"],\"inLanguage\":\"sq\"},{\"@type\":\"WebPage\",\"@id\":\"https:\/\/permbledhja.com\/deputetja-britanike-trendi-i-ndeshkimit-te-kosoves-dhe-perkedheljes-se-vuciqit-nxiti-dhunen\/\",\"url\":\"https:\/\/permbledhja.com\/deputetja-britanike-trendi-i-ndeshkimit-te-kosoves-dhe-perkedheljes-se-vuciqit-nxiti-dhunen\/\",\"name\":\"Deputetja britanike: Trendi i nd\u00ebshkimit t\u00eb Kosov\u00ebs dhe p\u00ebrk\u00ebdheljes s\u00eb Vu\u00e7iqit nxiti dhun\u00ebn\",\"isPartOf\":{\"@id\":\"https:\/\/permbledhja.com\/#website\"},\"datePublished\":\"2023-09-26T10:04:34+00:00\",\"dateModified\":\"2023-09-26T10:04:34+00:00\",\"breadcrumb\":{\"@id\":\"https:\/\/permbledhja.com\/deputetja-britanike-trendi-i-ndeshkimit-te-kosoves-dhe-perkedheljes-se-vuciqit-nxiti-dhunen\/#breadcrumb\"},\"inLanguage\":\"sq\",\"potentialAction\":[{\"@type\":\"ReadAction\",\"target\":[\"https:\/\/permbledhja.com\/deputetja-britanike-trendi-i-ndeshkimit-te-kosoves-dhe-perkedheljes-se-vuciqit-nxiti-dhunen\/\"]}]},{\"@type\":\"BreadcrumbList\",\"@id\":\"https:\/\/permbledhja.com\/deputetja-britanike-trendi-i-ndeshkimit-te-kosoves-dhe-perkedheljes-se-vuciqit-nxiti-dhunen\/#breadcrumb\",\"itemListElement\":[{\"@type\":\"ListItem\",\"position\":1,\"name\":\"Ballina\",\"item\":\"https:\/\/permbledhja.com\/sq\/\"},{\"@type\":\"ListItem\",\"position\":2,\"name\":\"Deputetja britanike: Trendi i nd\u00ebshkimit t\u00eb Kosov\u00ebs dhe p\u00ebrk\u00ebdheljes s\u00eb Vu\u00e7iqit nxiti dhun\u00ebn\"}]},{\"@type\":\"WebSite\",\"@id\":\"https:\/\/permbledhja.com\/#website\",\"url\":\"https:\/\/permbledhja.com\/\",\"name\":\"Ve\u00e7 artikuj p\u00ebrmbledh\u00ebs\",\"description\":\"\",\"publisher\":{\"@id\":\"https:\/\/permbledhja.com\/#organization\"},\"potentialAction\":[{\"@type\":\"SearchAction\",\"target\":{\"@type\":\"EntryPoint\",\"urlTemplate\":\"https:\/\/permbledhja.com\/?s={search_term_string}\"},\"query-input\":\"required name=search_term_string\"}],\"inLanguage\":\"sq\"},{\"@type\":\"Organization\",\"@id\":\"https:\/\/permbledhja.com\/#organization\",\"name\":\"MK Media & Pr\",\"url\":\"https:\/\/permbledhja.com\/\",\"logo\":{\"@type\":\"ImageObject\",\"inLanguage\":\"sq\",\"@id\":\"https:\/\/permbledhja.com\/#\/schema\/logo\/image\/\",\"url\":\"https:\/\/permbledhja.com\/wp-content\/uploads\/2021\/12\/07-Press-Logo.jpg\",\"contentUrl\":\"https:\/\/permbledhja.com\/wp-content\/uploads\/2021\/12\/07-Press-Logo.jpg\",\"width\":512,\"height\":512,\"caption\":\"MK Media & Pr\"},\"image\":{\"@id\":\"https:\/\/permbledhja.com\/#\/schema\/logo\/image\/\"},\"sameAs\":[\"https:\/\/www.facebook.com\/press07\/\"]},{\"@type\":\"Person\",\"@id\":\"https:\/\/permbledhja.com\/#\/schema\/person\/0d064377258d3221e50693947b9eb4fe\",\"name\":\"P\u00ebrmbledhja\",\"image\":{\"@type\":\"ImageObject\",\"inLanguage\":\"sq\",\"@id\":\"https:\/\/permbledhja.com\/#\/schema\/person\/image\/\",\"url\":\"https:\/\/permbledhja.com\/wp-content\/uploads\/2026\/01\/452004717_1040944174702970_8932037511805513407_n-96x96.jpg\",\"contentUrl\":\"https:\/\/permbledhja.com\/wp-content\/uploads\/2026\/01\/452004717_1040944174702970_8932037511805513407_n-96x96.jpg\",\"caption\":\"P\u00ebrmbledhja\"},\"sameAs\":[\"https:\/\/www.facebook.com\/kafexhiu.muharrem\/\",\"https:\/\/www.instagram.com\/muharrem_kafexhiu\/\"],\"url\":\"https:\/\/permbledhja.com\/sq\/author\/admin\/\"}]}<\/script>\n<!-- \/ Yoast SEO plugin. -->","yoast_head_json":{"title":"Deputetja britanike: Trendi i nd\u00ebshkimit t\u00eb Kosov\u00ebs dhe p\u00ebrk\u00ebdheljes s\u00eb Vu\u00e7iqit nxiti dhun\u00ebn","robots":{"index":"index","follow":"follow","max-snippet":"max-snippet:-1","max-image-preview":"max-image-preview:large","max-video-preview":"max-video-preview:-1"},"canonical":"https:\/\/permbledhja.com\/sq\/deputetja-britanike-trendi-i-ndeshkimit-te-kosoves-dhe-perkedheljes-se-vuciqit-nxiti-dhunen\/","og_locale":"sq_AL","og_type":"article","og_title":"Deputetja britanike: Trendi i nd\u00ebshkimit t\u00eb Kosov\u00ebs dhe p\u00ebrk\u00ebdheljes s\u00eb Vu\u00e7iqit nxiti dhun\u00ebn","og_description":"Deputetja britanike, Alicia Kearns e cila ka ngritur disa her\u00eb z\u00ebrin p\u00ebr sjelljet e Serbis\u00eb, ka th\u00ebn\u00eb se trendi i fundit i nd\u00ebshkimit t\u00eb Kosov\u00ebs nga nd\u00ebrkomb\u00ebtar\u00ebt dhe \u201cp\u00ebrkdheljes\u201d se Vu\u00e7iqit ka nxitur dhun\u00ebn. Ai thot\u00eb se kjo sjellje e nd\u00ebrkomb\u00ebtar\u00ebve ka \u00e7uar n\u00eb nj\u00eb situat\u00eb ku drita n\u00eb fund t\u00eb tunelit p\u00ebr normalizim raportesh [&hellip;]","og_url":"https:\/\/permbledhja.com\/sq\/deputetja-britanike-trendi-i-ndeshkimit-te-kosoves-dhe-perkedheljes-se-vuciqit-nxiti-dhunen\/","og_site_name":"Ve\u00e7 artikuj p\u00ebrmbledh\u00ebs","article_publisher":"https:\/\/www.facebook.com\/press07\/","article_author":"https:\/\/www.facebook.com\/kafexhiu.muharrem\/","article_published_time":"2023-09-26T10:04:34+00:00","og_image":[{"width":640,"height":360,"url":"https:\/\/permbledhja.com\/wp-content\/uploads\/2023\/09\/p0dkb9xl-640x360-1.jpg","type":"image\/jpeg"}],"author":"P\u00ebrmbledhja","twitter_card":"summary_large_image","twitter_misc":{"Written by":"P\u00ebrmbledhja","Est. reading time":"1 minut\u00eb"},"schema":{"@context":"https:\/\/schema.org","@graph":[{"@type":"Article","@id":"https:\/\/permbledhja.com\/deputetja-britanike-trendi-i-ndeshkimit-te-kosoves-dhe-perkedheljes-se-vuciqit-nxiti-dhunen\/#article","isPartOf":{"@id":"https:\/\/permbledhja.com\/deputetja-britanike-trendi-i-ndeshkimit-te-kosoves-dhe-perkedheljes-se-vuciqit-nxiti-dhunen\/"},"author":{"name":"P\u00ebrmbledhja","@id":"https:\/\/permbledhja.com\/#\/schema\/person\/0d064377258d3221e50693947b9eb4fe"},"headline":"Deputetja britanike: Trendi i nd\u00ebshkimit t\u00eb Kosov\u00ebs dhe p\u00ebrk\u00ebdheljes s\u00eb Vu\u00e7iqit nxiti dhun\u00ebn","datePublished":"2023-09-26T10:04:34+00:00","dateModified":"2023-09-26T10:04:34+00:00","mainEntityOfPage":{"@id":"https:\/\/permbledhja.com\/deputetja-britanike-trendi-i-ndeshkimit-te-kosoves-dhe-perkedheljes-se-vuciqit-nxiti-dhunen\/"},"wordCount":252,"publisher":{"@id":"https:\/\/permbledhja.com\/#organization"},"keywords":["Aleksandar Vu\u00e7iq"],"articleSection":["Komb\u00ebtare","Lajme"],"inLanguage":"sq"},{"@type":"WebPage","@id":"https:\/\/permbledhja.com\/deputetja-britanike-trendi-i-ndeshkimit-te-kosoves-dhe-perkedheljes-se-vuciqit-nxiti-dhunen\/","url":"https:\/\/permbledhja.com\/deputetja-britanike-trendi-i-ndeshkimit-te-kosoves-dhe-perkedheljes-se-vuciqit-nxiti-dhunen\/","name":"Deputetja britanike: Trendi i nd\u00ebshkimit t\u00eb Kosov\u00ebs dhe p\u00ebrk\u00ebdheljes s\u00eb Vu\u00e7iqit nxiti dhun\u00ebn","isPartOf":{"@id":"https:\/\/permbledhja.com\/#website"},"datePublished":"2023-09-26T10:04:34+00:00","dateModified":"2023-09-26T10:04:34+00:00","breadcrumb":{"@id":"https:\/\/permbledhja.com\/deputetja-britanike-trendi-i-ndeshkimit-te-kosoves-dhe-perkedheljes-se-vuciqit-nxiti-dhunen\/#breadcrumb"},"inLanguage":"sq","potentialAction":[{"@type":"ReadAction","target":["https:\/\/permbledhja.com\/deputetja-britanike-trendi-i-ndeshkimit-te-kosoves-dhe-perkedheljes-se-vuciqit-nxiti-dhunen\/"]}]},{"@type":"BreadcrumbList","@id":"https:\/\/permbledhja.com\/deputetja-britanike-trendi-i-ndeshkimit-te-kosoves-dhe-perkedheljes-se-vuciqit-nxiti-dhunen\/#breadcrumb","itemListElement":[{"@type":"ListItem","position":1,"name":"Ballina","item":"https:\/\/permbledhja.com\/sq\/"},{"@type":"ListItem","position":2,"name":"Deputetja britanike: Trendi i nd\u00ebshkimit t\u00eb Kosov\u00ebs dhe p\u00ebrk\u00ebdheljes s\u00eb Vu\u00e7iqit nxiti dhun\u00ebn"}]},{"@type":"WebSite","@id":"https:\/\/permbledhja.com\/#website","url":"https:\/\/permbledhja.com\/","name":"Ve\u00e7 artikuj p\u00ebrmbledh\u00ebs","description":"","publisher":{"@id":"https:\/\/permbledhja.com\/#organization"},"potentialAction":[{"@type":"SearchAction","target":{"@type":"EntryPoint","urlTemplate":"https:\/\/permbledhja.com\/?s={search_term_string}"},"query-input":"required name=search_term_string"}],"inLanguage":"sq"},{"@type":"Organization","@id":"https:\/\/permbledhja.com\/#organization","name":"MK Media & Pr","url":"https:\/\/permbledhja.com\/","logo":{"@type":"ImageObject","inLanguage":"sq","@id":"https:\/\/permbledhja.com\/#\/schema\/logo\/image\/","url":"https:\/\/permbledhja.com\/wp-content\/uploads\/2021\/12\/07-Press-Logo.jpg","contentUrl":"https:\/\/permbledhja.com\/wp-content\/uploads\/2021\/12\/07-Press-Logo.jpg","width":512,"height":512,"caption":"MK Media & Pr"},"image":{"@id":"https:\/\/permbledhja.com\/#\/schema\/logo\/image\/"},"sameAs":["https:\/\/www.facebook.com\/press07\/"]},{"@type":"Person","@id":"https:\/\/permbledhja.com\/#\/schema\/person\/0d064377258d3221e50693947b9eb4fe","name":"P\u00ebrmbledhja","image":{"@type":"ImageObject","inLanguage":"sq","@id":"https:\/\/permbledhja.com\/#\/schema\/person\/image\/","url":"https:\/\/permbledhja.com\/wp-content\/uploads\/2026\/01\/452004717_1040944174702970_8932037511805513407_n-96x96.jpg","contentUrl":"https:\/\/permbledhja.com\/wp-content\/uploads\/2026\/01\/452004717_1040944174702970_8932037511805513407_n-96x96.jpg","caption":"P\u00ebrmbledhja"},"sameAs":["https:\/\/www.facebook.com\/kafexhiu.muharrem\/","https:\/\/www.instagram.com\/muharrem_kafexhiu\/"],"url":"https:\/\/permbledhja.com\/sq\/author\/admin\/"}]}},"_links":{"self":[{"href":"https:\/\/permbledhja.com\/sq\/wp-json\/wp\/v2\/posts\/28443"}],"collection":[{"href":"https:\/\/permbledhja.com\/sq\/wp-json\/wp\/v2\/posts"}],"about":[{"href":"https:\/\/permbledhja.com\/sq\/wp-json\/wp\/v2\/types\/post"}],"author":[{"embeddable":true,"href":"https:\/\/permbledhja.com\/sq\/wp-json\/wp\/v2\/users\/1"}],"replies":[{"embeddable":true,"href":"https:\/\/permbledhja.com\/sq\/wp-json\/wp\/v2\/comments?post=28443"}],"version-history":[{"count":1,"href":"https:\/\/permbledhja.com\/sq\/wp-json\/wp\/v2\/posts\/28443\/revisions"}],"predecessor-version":[{"id":28445,"href":"https:\/\/permbledhja.com\/sq\/wp-json\/wp\/v2\/posts\/28443\/revisions\/28445"}],"wp:featuredmedia":[{"embeddable":true,"href":"https:\/\/permbledhja.com\/sq\/wp-json\/wp\/v2\/media\/28444"}],"wp:attachment":[{"href":"https:\/\/permbledhja.com\/sq\/wp-json\/wp\/v2\/media?parent=28443"}],"wp:term":[{"taxonomy":"category","embeddable":true,"href":"https:\/\/permbledhja.com\/sq\/wp-json\/wp\/v2\/categories?post=28443"},{"taxonomy":"post_tag","embeddable":true,"href":"https:\/\/permbledhja.com\/sq\/wp-json\/wp\/v2\/tags?post=28443"}],"curies":[{"name":"wp","href":"https:\/\/api.w.org\/{rel}","templated":true}]}}