{"id":28331,"date":"2023-09-25T15:31:04","date_gmt":"2023-09-25T15:31:04","guid":{"rendered":"https:\/\/permbledhja.com\/?p=28331"},"modified":"2023-09-25T15:31:04","modified_gmt":"2023-09-25T15:31:04","slug":"te-rinjte-nga-hani-i-elezit-vendosin-fotografi-te-policit-hero-te-produktet-serbe-ne-markete","status":"publish","type":"post","link":"https:\/\/permbledhja.com\/sq\/te-rinjte-nga-hani-i-elezit-vendosin-fotografi-te-policit-hero-te-produktet-serbe-ne-markete\/","title":{"rendered":"T\u00eb rinjt\u00eb nga Hani i Elezit vendosin fotografi t\u00eb policit hero te produktet serbe n\u00eb markete"},"content":{"rendered":"<h3>Dje u vra mizorisht polici Afrim Bunjaku n\u00eb veri nga kriminel\u00ebt e uniformuar e t\u00eb armatosur, e m\u00eb pastaj filloj asgj\u00ebsimi i tyre nga Policia e Kosov\u00ebs.<\/h3>\n<p>E fotografin\u00eb e policit t\u00eb vrar\u00eb tani m\u00eb hero i Kosov\u00ebs, disa t\u00eb rinj\u00eb n\u00eb qytetin e Hanit t\u00eb Elezit e kan\u00eb vendos pran\u00eb produkteve serbe n\u00eb disa markete t\u00eb k\u00ebtij qyteti, shkruan lajmi.net.<\/p>\n<p><em>\u201cDisa t\u00eb rinj nga Hani i Elezit n\u00eb nder t\u00eb policit t\u00eb r\u00ebn\u00eb, Afrim Bunjaku, vendos\u00ebn fotografi t\u00eb tij tek produktet serbe n\u00eb markete. Ata vendos\u00ebn fotografi n\u00eb raftet ku ndodhen produkte t\u00eb ndryshme serbe n\u00eb marketet \u201cViva Fresh\u201d dhe ETC n\u00eb Han t\u00eb Elezit\u201d<\/em>, thuhet n\u00eb postim.<\/p>\n<p><img loading=\"lazy\" decoding=\"async\" class=\"alignnone size-full wp-image-28332\" src=\"https:\/\/permbledhja.com\/wp-content\/uploads\/2023\/09\/5-10.jpg\" alt=\"\" width=\"719\" height=\"928\" srcset=\"https:\/\/permbledhja.com\/wp-content\/uploads\/2023\/09\/5-10.jpg 719w, https:\/\/permbledhja.com\/wp-content\/uploads\/2023\/09\/5-10-232x300.jpg 232w, https:\/\/permbledhja.com\/wp-content\/uploads\/2023\/09\/5-10-9x12.jpg 9w\" sizes=\"(max-width: 719px) 100vw, 719px\" \/> <img loading=\"lazy\" decoding=\"async\" class=\"alignnone size-full wp-image-28333\" src=\"https:\/\/permbledhja.com\/wp-content\/uploads\/2023\/09\/6-8.jpg\" alt=\"\" width=\"719\" height=\"953\" srcset=\"https:\/\/permbledhja.com\/wp-content\/uploads\/2023\/09\/6-8.jpg 719w, https:\/\/permbledhja.com\/wp-content\/uploads\/2023\/09\/6-8-226x300.jpg 226w, https:\/\/permbledhja.com\/wp-content\/uploads\/2023\/09\/6-8-9x12.jpg 9w\" sizes=\"(max-width: 719px) 100vw, 719px\" \/> <img loading=\"lazy\" decoding=\"async\" class=\"alignnone size-full wp-image-28334\" src=\"https:\/\/permbledhja.com\/wp-content\/uploads\/2023\/09\/7-4.jpg\" alt=\"\" width=\"719\" height=\"802\" srcset=\"https:\/\/permbledhja.com\/wp-content\/uploads\/2023\/09\/7-4.jpg 719w, https:\/\/permbledhja.com\/wp-content\/uploads\/2023\/09\/7-4-269x300.jpg 269w, https:\/\/permbledhja.com\/wp-content\/uploads\/2023\/09\/7-4-11x12.jpg 11w\" sizes=\"(max-width: 719px) 100vw, 719px\" \/><\/p>\n","protected":false},"excerpt":{"rendered":"<p>Dje u vra mizorisht polici Afrim Bunjaku n\u00eb veri nga kriminel\u00ebt e uniformuar e t\u00eb armatosur, e m\u00eb pastaj filloj asgj\u00ebsimi i tyre nga Policia e Kosov\u00ebs. E fotografin\u00eb e policit t\u00eb vrar\u00eb tani m\u00eb hero i Kosov\u00ebs, disa t\u00eb rinj\u00eb n\u00eb qytetin e Hanit t\u00eb Elezit e kan\u00eb vendos pran\u00eb produkteve serbe n\u00eb disa [&hellip;]<\/p>\n","protected":false},"author":1,"featured_media":28335,"comment_status":"closed","ping_status":"closed","sticky":false,"template":"","format":"standard","meta":{"_monsterinsights_skip_tracking":false,"_monsterinsights_sitenote_active":false,"_monsterinsights_sitenote_note":"","_monsterinsights_sitenote_category":0,"_uf_show_specific_survey":0,"_uf_disable_surveys":false,"footnotes":""},"categories":[1],"tags":[364],"yoast_head":"<!-- This site is optimized with the Yoast SEO plugin v21.5 - https:\/\/yoast.com\/wordpress\/plugins\/seo\/ -->\n<title>T\u00eb rinjt\u00eb nga Hani i Elezit vendosin fotografi t\u00eb policit hero te produktet serbe n\u00eb markete<\/title>\n<meta name=\"robots\" content=\"index, follow, max-snippet:-1, max-image-preview:large, max-video-preview:-1\" \/>\n<link rel=\"canonical\" href=\"https:\/\/permbledhja.com\/sq\/te-rinjte-nga-hani-i-elezit-vendosin-fotografi-te-policit-hero-te-produktet-serbe-ne-markete\/\" \/>\n<meta property=\"og:locale\" content=\"sq_AL\" \/>\n<meta property=\"og:type\" content=\"article\" \/>\n<meta property=\"og:title\" content=\"T\u00eb rinjt\u00eb nga Hani i Elezit vendosin fotografi t\u00eb policit hero te produktet serbe n\u00eb markete\" \/>\n<meta property=\"og:description\" content=\"Dje u vra mizorisht polici Afrim Bunjaku n\u00eb veri nga kriminel\u00ebt e uniformuar e t\u00eb armatosur, e m\u00eb pastaj filloj asgj\u00ebsimi i tyre nga Policia e Kosov\u00ebs. E fotografin\u00eb e policit t\u00eb vrar\u00eb tani m\u00eb hero i Kosov\u00ebs, disa t\u00eb rinj\u00eb n\u00eb qytetin e Hanit t\u00eb Elezit e kan\u00eb vendos pran\u00eb produkteve serbe n\u00eb disa [&hellip;]\" \/>\n<meta property=\"og:url\" content=\"https:\/\/permbledhja.com\/sq\/te-rinjte-nga-hani-i-elezit-vendosin-fotografi-te-policit-hero-te-produktet-serbe-ne-markete\/\" \/>\n<meta property=\"og:site_name\" content=\"Ve\u00e7 artikuj p\u00ebrmbledh\u00ebs\" \/>\n<meta property=\"article:publisher\" content=\"https:\/\/www.facebook.com\/press07\/\" \/>\n<meta property=\"article:author\" content=\"https:\/\/www.facebook.com\/kafexhiu.muharrem\/\" \/>\n<meta property=\"article:published_time\" content=\"2023-09-25T15:31:04+00:00\" \/>\n<meta property=\"og:image\" content=\"https:\/\/permbledhja.com\/wp-content\/uploads\/2023\/09\/s.png\" \/>\n\t<meta property=\"og:image:width\" content=\"670\" \/>\n\t<meta property=\"og:image:height\" content=\"403\" \/>\n\t<meta property=\"og:image:type\" content=\"image\/png\" \/>\n<meta name=\"author\" content=\"P\u00ebrmbledhja\" \/>\n<meta name=\"twitter:card\" content=\"summary_large_image\" \/>\n<meta name=\"twitter:label1\" content=\"Written by\" \/>\n\t<meta name=\"twitter:data1\" content=\"P\u00ebrmbledhja\" \/>\n\t<meta name=\"twitter:label2\" content=\"Est. reading time\" \/>\n\t<meta name=\"twitter:data2\" content=\"1 minut\u00eb\" \/>\n<script type=\"application\/ld+json\" class=\"yoast-schema-graph\">{\"@context\":\"https:\/\/schema.org\",\"@graph\":[{\"@type\":\"Article\",\"@id\":\"https:\/\/permbledhja.com\/te-rinjte-nga-hani-i-elezit-vendosin-fotografi-te-policit-hero-te-produktet-serbe-ne-markete\/#article\",\"isPartOf\":{\"@id\":\"https:\/\/permbledhja.com\/te-rinjte-nga-hani-i-elezit-vendosin-fotografi-te-policit-hero-te-produktet-serbe-ne-markete\/\"},\"author\":{\"name\":\"P\u00ebrmbledhja\",\"@id\":\"https:\/\/permbledhja.com\/#\/schema\/person\/0d064377258d3221e50693947b9eb4fe\"},\"headline\":\"T\u00eb rinjt\u00eb nga Hani i Elezit vendosin fotografi t\u00eb policit hero te produktet serbe n\u00eb markete\",\"datePublished\":\"2023-09-25T15:31:04+00:00\",\"dateModified\":\"2023-09-25T15:31:04+00:00\",\"mainEntityOfPage\":{\"@id\":\"https:\/\/permbledhja.com\/te-rinjte-nga-hani-i-elezit-vendosin-fotografi-te-policit-hero-te-produktet-serbe-ne-markete\/\"},\"wordCount\":134,\"publisher\":{\"@id\":\"https:\/\/permbledhja.com\/#organization\"},\"keywords\":[\"Hani i Elezit\"],\"articleSection\":[\"Breaking News\"],\"inLanguage\":\"sq\"},{\"@type\":\"WebPage\",\"@id\":\"https:\/\/permbledhja.com\/te-rinjte-nga-hani-i-elezit-vendosin-fotografi-te-policit-hero-te-produktet-serbe-ne-markete\/\",\"url\":\"https:\/\/permbledhja.com\/te-rinjte-nga-hani-i-elezit-vendosin-fotografi-te-policit-hero-te-produktet-serbe-ne-markete\/\",\"name\":\"T\u00eb rinjt\u00eb nga Hani i Elezit vendosin fotografi t\u00eb policit hero te produktet serbe n\u00eb markete\",\"isPartOf\":{\"@id\":\"https:\/\/permbledhja.com\/#website\"},\"datePublished\":\"2023-09-25T15:31:04+00:00\",\"dateModified\":\"2023-09-25T15:31:04+00:00\",\"breadcrumb\":{\"@id\":\"https:\/\/permbledhja.com\/te-rinjte-nga-hani-i-elezit-vendosin-fotografi-te-policit-hero-te-produktet-serbe-ne-markete\/#breadcrumb\"},\"inLanguage\":\"sq\",\"potentialAction\":[{\"@type\":\"ReadAction\",\"target\":[\"https:\/\/permbledhja.com\/te-rinjte-nga-hani-i-elezit-vendosin-fotografi-te-policit-hero-te-produktet-serbe-ne-markete\/\"]}]},{\"@type\":\"BreadcrumbList\",\"@id\":\"https:\/\/permbledhja.com\/te-rinjte-nga-hani-i-elezit-vendosin-fotografi-te-policit-hero-te-produktet-serbe-ne-markete\/#breadcrumb\",\"itemListElement\":[{\"@type\":\"ListItem\",\"position\":1,\"name\":\"Ballina\",\"item\":\"https:\/\/permbledhja.com\/sq\/\"},{\"@type\":\"ListItem\",\"position\":2,\"name\":\"T\u00eb rinjt\u00eb nga Hani i Elezit vendosin fotografi t\u00eb policit hero te produktet serbe n\u00eb markete\"}]},{\"@type\":\"WebSite\",\"@id\":\"https:\/\/permbledhja.com\/#website\",\"url\":\"https:\/\/permbledhja.com\/\",\"name\":\"Ve\u00e7 artikuj p\u00ebrmbledh\u00ebs\",\"description\":\"\",\"publisher\":{\"@id\":\"https:\/\/permbledhja.com\/#organization\"},\"potentialAction\":[{\"@type\":\"SearchAction\",\"target\":{\"@type\":\"EntryPoint\",\"urlTemplate\":\"https:\/\/permbledhja.com\/?s={search_term_string}\"},\"query-input\":\"required name=search_term_string\"}],\"inLanguage\":\"sq\"},{\"@type\":\"Organization\",\"@id\":\"https:\/\/permbledhja.com\/#organization\",\"name\":\"MK Media & Pr\",\"url\":\"https:\/\/permbledhja.com\/\",\"logo\":{\"@type\":\"ImageObject\",\"inLanguage\":\"sq\",\"@id\":\"https:\/\/permbledhja.com\/#\/schema\/logo\/image\/\",\"url\":\"https:\/\/permbledhja.com\/wp-content\/uploads\/2021\/12\/07-Press-Logo.jpg\",\"contentUrl\":\"https:\/\/permbledhja.com\/wp-content\/uploads\/2021\/12\/07-Press-Logo.jpg\",\"width\":512,\"height\":512,\"caption\":\"MK Media & Pr\"},\"image\":{\"@id\":\"https:\/\/permbledhja.com\/#\/schema\/logo\/image\/\"},\"sameAs\":[\"https:\/\/www.facebook.com\/press07\/\"]},{\"@type\":\"Person\",\"@id\":\"https:\/\/permbledhja.com\/#\/schema\/person\/0d064377258d3221e50693947b9eb4fe\",\"name\":\"P\u00ebrmbledhja\",\"image\":{\"@type\":\"ImageObject\",\"inLanguage\":\"sq\",\"@id\":\"https:\/\/permbledhja.com\/#\/schema\/person\/image\/\",\"url\":\"https:\/\/permbledhja.com\/wp-content\/uploads\/2026\/01\/452004717_1040944174702970_8932037511805513407_n-96x96.jpg\",\"contentUrl\":\"https:\/\/permbledhja.com\/wp-content\/uploads\/2026\/01\/452004717_1040944174702970_8932037511805513407_n-96x96.jpg\",\"caption\":\"P\u00ebrmbledhja\"},\"sameAs\":[\"https:\/\/www.facebook.com\/kafexhiu.muharrem\/\",\"https:\/\/www.instagram.com\/muharrem_kafexhiu\/\"],\"url\":\"https:\/\/permbledhja.com\/sq\/author\/admin\/\"}]}<\/script>\n<!-- \/ Yoast SEO plugin. -->","yoast_head_json":{"title":"T\u00eb rinjt\u00eb nga Hani i Elezit vendosin fotografi t\u00eb policit hero te produktet serbe n\u00eb markete","robots":{"index":"index","follow":"follow","max-snippet":"max-snippet:-1","max-image-preview":"max-image-preview:large","max-video-preview":"max-video-preview:-1"},"canonical":"https:\/\/permbledhja.com\/sq\/te-rinjte-nga-hani-i-elezit-vendosin-fotografi-te-policit-hero-te-produktet-serbe-ne-markete\/","og_locale":"sq_AL","og_type":"article","og_title":"T\u00eb rinjt\u00eb nga Hani i Elezit vendosin fotografi t\u00eb policit hero te produktet serbe n\u00eb markete","og_description":"Dje u vra mizorisht polici Afrim Bunjaku n\u00eb veri nga kriminel\u00ebt e uniformuar e t\u00eb armatosur, e m\u00eb pastaj filloj asgj\u00ebsimi i tyre nga Policia e Kosov\u00ebs. E fotografin\u00eb e policit t\u00eb vrar\u00eb tani m\u00eb hero i Kosov\u00ebs, disa t\u00eb rinj\u00eb n\u00eb qytetin e Hanit t\u00eb Elezit e kan\u00eb vendos pran\u00eb produkteve serbe n\u00eb disa [&hellip;]","og_url":"https:\/\/permbledhja.com\/sq\/te-rinjte-nga-hani-i-elezit-vendosin-fotografi-te-policit-hero-te-produktet-serbe-ne-markete\/","og_site_name":"Ve\u00e7 artikuj p\u00ebrmbledh\u00ebs","article_publisher":"https:\/\/www.facebook.com\/press07\/","article_author":"https:\/\/www.facebook.com\/kafexhiu.muharrem\/","article_published_time":"2023-09-25T15:31:04+00:00","og_image":[{"width":670,"height":403,"url":"https:\/\/permbledhja.com\/wp-content\/uploads\/2023\/09\/s.png","type":"image\/png"}],"author":"P\u00ebrmbledhja","twitter_card":"summary_large_image","twitter_misc":{"Written by":"P\u00ebrmbledhja","Est. reading time":"1 minut\u00eb"},"schema":{"@context":"https:\/\/schema.org","@graph":[{"@type":"Article","@id":"https:\/\/permbledhja.com\/te-rinjte-nga-hani-i-elezit-vendosin-fotografi-te-policit-hero-te-produktet-serbe-ne-markete\/#article","isPartOf":{"@id":"https:\/\/permbledhja.com\/te-rinjte-nga-hani-i-elezit-vendosin-fotografi-te-policit-hero-te-produktet-serbe-ne-markete\/"},"author":{"name":"P\u00ebrmbledhja","@id":"https:\/\/permbledhja.com\/#\/schema\/person\/0d064377258d3221e50693947b9eb4fe"},"headline":"T\u00eb rinjt\u00eb nga Hani i Elezit vendosin fotografi t\u00eb policit hero te produktet serbe n\u00eb markete","datePublished":"2023-09-25T15:31:04+00:00","dateModified":"2023-09-25T15:31:04+00:00","mainEntityOfPage":{"@id":"https:\/\/permbledhja.com\/te-rinjte-nga-hani-i-elezit-vendosin-fotografi-te-policit-hero-te-produktet-serbe-ne-markete\/"},"wordCount":134,"publisher":{"@id":"https:\/\/permbledhja.com\/#organization"},"keywords":["Hani i Elezit"],"articleSection":["Breaking News"],"inLanguage":"sq"},{"@type":"WebPage","@id":"https:\/\/permbledhja.com\/te-rinjte-nga-hani-i-elezit-vendosin-fotografi-te-policit-hero-te-produktet-serbe-ne-markete\/","url":"https:\/\/permbledhja.com\/te-rinjte-nga-hani-i-elezit-vendosin-fotografi-te-policit-hero-te-produktet-serbe-ne-markete\/","name":"T\u00eb rinjt\u00eb nga Hani i Elezit vendosin fotografi t\u00eb policit hero te produktet serbe n\u00eb markete","isPartOf":{"@id":"https:\/\/permbledhja.com\/#website"},"datePublished":"2023-09-25T15:31:04+00:00","dateModified":"2023-09-25T15:31:04+00:00","breadcrumb":{"@id":"https:\/\/permbledhja.com\/te-rinjte-nga-hani-i-elezit-vendosin-fotografi-te-policit-hero-te-produktet-serbe-ne-markete\/#breadcrumb"},"inLanguage":"sq","potentialAction":[{"@type":"ReadAction","target":["https:\/\/permbledhja.com\/te-rinjte-nga-hani-i-elezit-vendosin-fotografi-te-policit-hero-te-produktet-serbe-ne-markete\/"]}]},{"@type":"BreadcrumbList","@id":"https:\/\/permbledhja.com\/te-rinjte-nga-hani-i-elezit-vendosin-fotografi-te-policit-hero-te-produktet-serbe-ne-markete\/#breadcrumb","itemListElement":[{"@type":"ListItem","position":1,"name":"Ballina","item":"https:\/\/permbledhja.com\/sq\/"},{"@type":"ListItem","position":2,"name":"T\u00eb rinjt\u00eb nga Hani i Elezit vendosin fotografi t\u00eb policit hero te produktet serbe n\u00eb markete"}]},{"@type":"WebSite","@id":"https:\/\/permbledhja.com\/#website","url":"https:\/\/permbledhja.com\/","name":"Ve\u00e7 artikuj p\u00ebrmbledh\u00ebs","description":"","publisher":{"@id":"https:\/\/permbledhja.com\/#organization"},"potentialAction":[{"@type":"SearchAction","target":{"@type":"EntryPoint","urlTemplate":"https:\/\/permbledhja.com\/?s={search_term_string}"},"query-input":"required name=search_term_string"}],"inLanguage":"sq"},{"@type":"Organization","@id":"https:\/\/permbledhja.com\/#organization","name":"MK Media & Pr","url":"https:\/\/permbledhja.com\/","logo":{"@type":"ImageObject","inLanguage":"sq","@id":"https:\/\/permbledhja.com\/#\/schema\/logo\/image\/","url":"https:\/\/permbledhja.com\/wp-content\/uploads\/2021\/12\/07-Press-Logo.jpg","contentUrl":"https:\/\/permbledhja.com\/wp-content\/uploads\/2021\/12\/07-Press-Logo.jpg","width":512,"height":512,"caption":"MK Media & Pr"},"image":{"@id":"https:\/\/permbledhja.com\/#\/schema\/logo\/image\/"},"sameAs":["https:\/\/www.facebook.com\/press07\/"]},{"@type":"Person","@id":"https:\/\/permbledhja.com\/#\/schema\/person\/0d064377258d3221e50693947b9eb4fe","name":"P\u00ebrmbledhja","image":{"@type":"ImageObject","inLanguage":"sq","@id":"https:\/\/permbledhja.com\/#\/schema\/person\/image\/","url":"https:\/\/permbledhja.com\/wp-content\/uploads\/2026\/01\/452004717_1040944174702970_8932037511805513407_n-96x96.jpg","contentUrl":"https:\/\/permbledhja.com\/wp-content\/uploads\/2026\/01\/452004717_1040944174702970_8932037511805513407_n-96x96.jpg","caption":"P\u00ebrmbledhja"},"sameAs":["https:\/\/www.facebook.com\/kafexhiu.muharrem\/","https:\/\/www.instagram.com\/muharrem_kafexhiu\/"],"url":"https:\/\/permbledhja.com\/sq\/author\/admin\/"}]}},"_links":{"self":[{"href":"https:\/\/permbledhja.com\/sq\/wp-json\/wp\/v2\/posts\/28331"}],"collection":[{"href":"https:\/\/permbledhja.com\/sq\/wp-json\/wp\/v2\/posts"}],"about":[{"href":"https:\/\/permbledhja.com\/sq\/wp-json\/wp\/v2\/types\/post"}],"author":[{"embeddable":true,"href":"https:\/\/permbledhja.com\/sq\/wp-json\/wp\/v2\/users\/1"}],"replies":[{"embeddable":true,"href":"https:\/\/permbledhja.com\/sq\/wp-json\/wp\/v2\/comments?post=28331"}],"version-history":[{"count":1,"href":"https:\/\/permbledhja.com\/sq\/wp-json\/wp\/v2\/posts\/28331\/revisions"}],"predecessor-version":[{"id":28336,"href":"https:\/\/permbledhja.com\/sq\/wp-json\/wp\/v2\/posts\/28331\/revisions\/28336"}],"wp:featuredmedia":[{"embeddable":true,"href":"https:\/\/permbledhja.com\/sq\/wp-json\/wp\/v2\/media\/28335"}],"wp:attachment":[{"href":"https:\/\/permbledhja.com\/sq\/wp-json\/wp\/v2\/media?parent=28331"}],"wp:term":[{"taxonomy":"category","embeddable":true,"href":"https:\/\/permbledhja.com\/sq\/wp-json\/wp\/v2\/categories?post=28331"},{"taxonomy":"post_tag","embeddable":true,"href":"https:\/\/permbledhja.com\/sq\/wp-json\/wp\/v2\/tags?post=28331"}],"curies":[{"name":"wp","href":"https:\/\/api.w.org\/{rel}","templated":true}]}}