{"id":28242,"date":"2023-09-25T12:04:45","date_gmt":"2023-09-25T12:04:45","guid":{"rendered":"https:\/\/permbledhja.com\/?p=28242"},"modified":"2023-09-25T12:04:45","modified_gmt":"2023-09-25T12:04:45","slug":"trajkoviq-kam-informacione-se-jane-vrare-me-shume-se-tre-serbe-dikush-negocioi-per-ta-nxjerre-ate-grup-nga-kosova","status":"publish","type":"post","link":"https:\/\/permbledhja.com\/sq\/trajkoviq-kam-informacione-se-jane-vrare-me-shume-se-tre-serbe-dikush-negocioi-per-ta-nxjerre-ate-grup-nga-kosova\/","title":{"rendered":"Trajkoviq: Kam informacione se jan\u00eb vrar\u00eb m\u00eb shum\u00eb se tre serb\u00eb, dikush negocioi p\u00ebr ta nxjerr\u00eb at\u00eb grup nga Kosova"},"content":{"rendered":"<h3>Duke komentuar sulmet e formacioneve ndaj Policis\u00eb s\u00eb Kosov\u00ebs n\u00eb veri t\u00eb vendit kryetarja e L\u00ebvizjes Evropiane t\u00eb serb\u00ebve t\u00eb Kosov\u00ebs, nj\u00ebher\u00ebsh edhe k\u00ebshilltarja e ministrit p\u00ebr Komunitete e Kthim n\u00eb Qeverin\u00eb e Kosov\u00ebs, Rada Trajkoviq, ka th\u00ebn\u00eb se n\u00eb veri po zhvillohet \u201cnj\u00eb luft\u00eb e pam\u00ebshirshme\u201d.<\/h3>\n<p>Trajkoviq, ka shtuar Beogradi nuk ishte i befasuar nga konflikti i 24 shtatorit, q\u00eb ndodhi n\u00eb fshatin Banjsk\u00eb, t\u00eb Zve\u00e7anit (mes policis\u00eb dhe formacionit kriminal).<\/p>\n<p>K\u00ebshilltarja n\u00eb Qeverin\u00eb e Kosov\u00ebs ka theksuar se dikush ka negociuar p\u00ebr t\u00eb nxjerr\u00eb at\u00eb formacion kriminal prej Kosov\u00ebs.<\/p>\n<p>\u201c\u2026\u00cbsht\u00eb mir\u00eb q\u00eb dikush negocioi dhe punoi p\u00ebr ta nxjerr\u00eb at\u00eb grup nga Kosova\u201d, ka th\u00ebn\u00eb ajo p\u00ebr \u201c<a href=\"https:\/\/n1info.rs\/vesti\/trajkovic-imam-informacije-da-je-vise-od-troje-srba-ubijeno-beograd-nije-bio-iznenadjen\/\">N1<\/a>\u201c.<\/p>\n<p>Sipas saj, ka shum\u00eb gjasa q\u00eb p\u00ebrfaq\u00ebsuesit nd\u00ebrkomb\u00ebtar\u00eb n\u00eb thelb kan\u00eb ndihmuar n\u00eb nxjerrjen e njer\u00ebzve q\u00eb ishin t\u00eb vendosur t\u00eb luftonin deri n\u00eb fund.<\/p>\n<p>\u201cP\u00ebrgatitja e policis\u00eb s\u00eb Kosov\u00ebs \u00ebsht\u00eb n\u00eb nivel t\u00eb lart\u00eb, si mendoni se do t\u00eb dukej Serbia sot po t\u00eb kishim 30 serb\u00eb t\u00eb vrar\u00eb, n\u00eb an\u00ebn tjet\u00ebr shqiptar\u00eb t\u00eb vrar\u00eb. \u201c\u00c7far\u00eb do t\u00eb ishte kjo?\u201d pyeti ajo.<\/p>\n<p>Sipas saj, pjes\u00ebtar\u00ebt e policis\u00eb s\u00eb Kosov\u00ebs sigurisht q\u00eb nuk do t\u00eb punonin n\u00eb nj\u00eb plan p\u00ebr nxjerrjen e njer\u00ebzve q\u00eb vran\u00eb kolegun e tyre.<\/p>\n<p>\u201cAta mund t\u00eb jen\u00eb vet\u00ebm n\u00eb Serbin\u00eb qendrore dhe t\u00eb merren nga autoritetet e siguris\u00eb \u2013 BIA, policia, gjyq\u00ebsori, n\u00eb m\u00ebnyr\u00eb q\u00eb t\u00eb kryhen procedura q\u00eb do t\u2019i th\u00ebrrasin k\u00ebta njer\u00ebz n\u00eb p\u00ebrgjegj\u00ebsi\u201d, ka th\u00ebn\u00eb Trajkoviq, duke theksuar se shteti p\u00ebrgjegj\u00ebs duhet t\u00eb p\u00ebrcaktoj\u00eb kush q\u00ebndron pas tyre.<\/p>\n<p>Trajkoviq ka th\u00ebn\u00eb se n\u00eb veri t\u00eb Kosov\u00ebs po zhvillohet nj\u00eb \u201cluft\u00eb e pam\u00ebshirshme\u201d dhe se Beogradi nuk ishte i befasuar nga sulmi i s\u00eb diel\u00ebs, por e pa se \u201caksioni nuk ishte i p\u00ebrgatitur sa duhet dhe se do t\u2019i shkaktonte nj\u00eb goditje t\u00eb madhe Beogradit\u201d.<\/p>\n<p>\u201cPrandaj kishte heshtje, prandaj t\u00eb gjith\u00eb hoq\u00ebn dor\u00eb nga serb\u00ebt nga Kosova, fjal\u00eb p\u00ebr fjal\u00eb i lan\u00eb t\u00eb vet\u00ebm\u201d, citohet t\u00eb ket\u00eb th\u00ebn\u00eb Trajkoviq p\u00ebr ngjarjet n\u00eb veri t\u00eb Kosov\u00ebs n\u00eb fshatin Banjsk\u00eb<\/p>\n<p>\u201cSot kemi tre serb\u00eb t\u00eb vrar\u00eb, ka z\u00ebra p\u00ebr m\u00eb shum\u00eb, kam informacione q\u00eb thon\u00eb se ka m\u00eb shum\u00eb\u201d, citohet t\u00eb ket\u00eb th\u00ebn\u00eb m\u00eb tej ajo.<\/p>\n","protected":false},"excerpt":{"rendered":"<p>Duke komentuar sulmet e formacioneve ndaj Policis\u00eb s\u00eb Kosov\u00ebs n\u00eb veri t\u00eb vendit kryetarja e L\u00ebvizjes Evropiane t\u00eb serb\u00ebve t\u00eb Kosov\u00ebs, nj\u00ebher\u00ebsh edhe k\u00ebshilltarja e ministrit p\u00ebr Komunitete e Kthim n\u00eb Qeverin\u00eb e Kosov\u00ebs, Rada Trajkoviq, ka th\u00ebn\u00eb se n\u00eb veri po zhvillohet \u201cnj\u00eb luft\u00eb e pam\u00ebshirshme\u201d. Trajkoviq, ka shtuar Beogradi nuk ishte i befasuar [&hellip;]<\/p>\n","protected":false},"author":2,"featured_media":28243,"comment_status":"closed","ping_status":"closed","sticky":false,"template":"","format":"standard","meta":{"_monsterinsights_skip_tracking":false,"_monsterinsights_sitenote_active":false,"_monsterinsights_sitenote_note":"","_monsterinsights_sitenote_category":0,"_uf_show_specific_survey":0,"_uf_disable_surveys":false,"footnotes":""},"categories":[23,15],"tags":[],"yoast_head":"<!-- This site is optimized with the Yoast SEO plugin v21.5 - https:\/\/yoast.com\/wordpress\/plugins\/seo\/ -->\n<title>Trajkoviq: Kam informacione se jan\u00eb vrar\u00eb m\u00eb shum\u00eb se tre serb\u00eb, dikush negocioi p\u00ebr ta nxjerr\u00eb at\u00eb grup nga Kosova<\/title>\n<meta name=\"robots\" content=\"index, follow, max-snippet:-1, max-image-preview:large, max-video-preview:-1\" \/>\n<link rel=\"canonical\" href=\"https:\/\/permbledhja.com\/sq\/trajkoviq-kam-informacione-se-jane-vrare-me-shume-se-tre-serbe-dikush-negocioi-per-ta-nxjerre-ate-grup-nga-kosova\/\" \/>\n<meta property=\"og:locale\" content=\"sq_AL\" \/>\n<meta property=\"og:type\" content=\"article\" \/>\n<meta property=\"og:title\" content=\"Trajkoviq: Kam informacione se jan\u00eb vrar\u00eb m\u00eb shum\u00eb se tre serb\u00eb, dikush negocioi p\u00ebr ta nxjerr\u00eb at\u00eb grup nga Kosova\" \/>\n<meta property=\"og:description\" content=\"Duke komentuar sulmet e formacioneve ndaj Policis\u00eb s\u00eb Kosov\u00ebs n\u00eb veri t\u00eb vendit kryetarja e L\u00ebvizjes Evropiane t\u00eb serb\u00ebve t\u00eb Kosov\u00ebs, nj\u00ebher\u00ebsh edhe k\u00ebshilltarja e ministrit p\u00ebr Komunitete e Kthim n\u00eb Qeverin\u00eb e Kosov\u00ebs, Rada Trajkoviq, ka th\u00ebn\u00eb se n\u00eb veri po zhvillohet \u201cnj\u00eb luft\u00eb e pam\u00ebshirshme\u201d. Trajkoviq, ka shtuar Beogradi nuk ishte i befasuar [&hellip;]\" \/>\n<meta property=\"og:url\" content=\"https:\/\/permbledhja.com\/sq\/trajkoviq-kam-informacione-se-jane-vrare-me-shume-se-tre-serbe-dikush-negocioi-per-ta-nxjerre-ate-grup-nga-kosova\/\" \/>\n<meta property=\"og:site_name\" content=\"Ve\u00e7 artikuj p\u00ebrmbledh\u00ebs\" \/>\n<meta property=\"article:publisher\" content=\"https:\/\/www.facebook.com\/press07\/\" \/>\n<meta property=\"article:published_time\" content=\"2023-09-25T12:04:45+00:00\" \/>\n<meta property=\"og:image\" content=\"https:\/\/permbledhja.com\/wp-content\/uploads\/2023\/09\/Rada-Trajkovic-1.jpg\" \/>\n\t<meta property=\"og:image:width\" content=\"680\" \/>\n\t<meta property=\"og:image:height\" content=\"453\" \/>\n\t<meta property=\"og:image:type\" content=\"image\/jpeg\" \/>\n<meta name=\"author\" content=\"M M\" \/>\n<meta name=\"twitter:card\" content=\"summary_large_image\" \/>\n<meta name=\"twitter:label1\" content=\"Written by\" \/>\n\t<meta name=\"twitter:data1\" content=\"M M\" \/>\n\t<meta name=\"twitter:label2\" content=\"Est. reading time\" \/>\n\t<meta name=\"twitter:data2\" content=\"2 minuta\" \/>\n<script type=\"application\/ld+json\" class=\"yoast-schema-graph\">{\"@context\":\"https:\/\/schema.org\",\"@graph\":[{\"@type\":\"Article\",\"@id\":\"https:\/\/permbledhja.com\/trajkoviq-kam-informacione-se-jane-vrare-me-shume-se-tre-serbe-dikush-negocioi-per-ta-nxjerre-ate-grup-nga-kosova\/#article\",\"isPartOf\":{\"@id\":\"https:\/\/permbledhja.com\/trajkoviq-kam-informacione-se-jane-vrare-me-shume-se-tre-serbe-dikush-negocioi-per-ta-nxjerre-ate-grup-nga-kosova\/\"},\"author\":{\"name\":\"M M\",\"@id\":\"https:\/\/permbledhja.com\/#\/schema\/person\/d23f13f59b5722643933d6780783acf3\"},\"headline\":\"Trajkoviq: Kam informacione se jan\u00eb vrar\u00eb m\u00eb shum\u00eb se tre serb\u00eb, dikush negocioi p\u00ebr ta nxjerr\u00eb at\u00eb grup nga Kosova\",\"datePublished\":\"2023-09-25T12:04:45+00:00\",\"dateModified\":\"2023-09-25T12:04:45+00:00\",\"mainEntityOfPage\":{\"@id\":\"https:\/\/permbledhja.com\/trajkoviq-kam-informacione-se-jane-vrare-me-shume-se-tre-serbe-dikush-negocioi-per-ta-nxjerre-ate-grup-nga-kosova\/\"},\"wordCount\":433,\"publisher\":{\"@id\":\"https:\/\/permbledhja.com\/#organization\"},\"articleSection\":[\"Komb\u00ebtare\",\"Lajme\"],\"inLanguage\":\"sq\"},{\"@type\":\"WebPage\",\"@id\":\"https:\/\/permbledhja.com\/trajkoviq-kam-informacione-se-jane-vrare-me-shume-se-tre-serbe-dikush-negocioi-per-ta-nxjerre-ate-grup-nga-kosova\/\",\"url\":\"https:\/\/permbledhja.com\/trajkoviq-kam-informacione-se-jane-vrare-me-shume-se-tre-serbe-dikush-negocioi-per-ta-nxjerre-ate-grup-nga-kosova\/\",\"name\":\"Trajkoviq: Kam informacione se jan\u00eb vrar\u00eb m\u00eb shum\u00eb se tre serb\u00eb, dikush negocioi p\u00ebr ta nxjerr\u00eb at\u00eb grup nga Kosova\",\"isPartOf\":{\"@id\":\"https:\/\/permbledhja.com\/#website\"},\"datePublished\":\"2023-09-25T12:04:45+00:00\",\"dateModified\":\"2023-09-25T12:04:45+00:00\",\"breadcrumb\":{\"@id\":\"https:\/\/permbledhja.com\/trajkoviq-kam-informacione-se-jane-vrare-me-shume-se-tre-serbe-dikush-negocioi-per-ta-nxjerre-ate-grup-nga-kosova\/#breadcrumb\"},\"inLanguage\":\"sq\",\"potentialAction\":[{\"@type\":\"ReadAction\",\"target\":[\"https:\/\/permbledhja.com\/trajkoviq-kam-informacione-se-jane-vrare-me-shume-se-tre-serbe-dikush-negocioi-per-ta-nxjerre-ate-grup-nga-kosova\/\"]}]},{\"@type\":\"BreadcrumbList\",\"@id\":\"https:\/\/permbledhja.com\/trajkoviq-kam-informacione-se-jane-vrare-me-shume-se-tre-serbe-dikush-negocioi-per-ta-nxjerre-ate-grup-nga-kosova\/#breadcrumb\",\"itemListElement\":[{\"@type\":\"ListItem\",\"position\":1,\"name\":\"Ballina\",\"item\":\"https:\/\/permbledhja.com\/sq\/\"},{\"@type\":\"ListItem\",\"position\":2,\"name\":\"Trajkoviq: Kam informacione se jan\u00eb vrar\u00eb m\u00eb shum\u00eb se tre serb\u00eb, dikush negocioi p\u00ebr ta nxjerr\u00eb at\u00eb grup nga Kosova\"}]},{\"@type\":\"WebSite\",\"@id\":\"https:\/\/permbledhja.com\/#website\",\"url\":\"https:\/\/permbledhja.com\/\",\"name\":\"Ve\u00e7 artikuj p\u00ebrmbledh\u00ebs\",\"description\":\"\",\"publisher\":{\"@id\":\"https:\/\/permbledhja.com\/#organization\"},\"potentialAction\":[{\"@type\":\"SearchAction\",\"target\":{\"@type\":\"EntryPoint\",\"urlTemplate\":\"https:\/\/permbledhja.com\/?s={search_term_string}\"},\"query-input\":\"required name=search_term_string\"}],\"inLanguage\":\"sq\"},{\"@type\":\"Organization\",\"@id\":\"https:\/\/permbledhja.com\/#organization\",\"name\":\"MK Media & Pr\",\"url\":\"https:\/\/permbledhja.com\/\",\"logo\":{\"@type\":\"ImageObject\",\"inLanguage\":\"sq\",\"@id\":\"https:\/\/permbledhja.com\/#\/schema\/logo\/image\/\",\"url\":\"https:\/\/permbledhja.com\/wp-content\/uploads\/2021\/12\/07-Press-Logo.jpg\",\"contentUrl\":\"https:\/\/permbledhja.com\/wp-content\/uploads\/2021\/12\/07-Press-Logo.jpg\",\"width\":512,\"height\":512,\"caption\":\"MK Media & Pr\"},\"image\":{\"@id\":\"https:\/\/permbledhja.com\/#\/schema\/logo\/image\/\"},\"sameAs\":[\"https:\/\/www.facebook.com\/press07\/\"]},{\"@type\":\"Person\",\"@id\":\"https:\/\/permbledhja.com\/#\/schema\/person\/d23f13f59b5722643933d6780783acf3\",\"name\":\"M M\",\"image\":{\"@type\":\"ImageObject\",\"inLanguage\":\"sq\",\"@id\":\"https:\/\/permbledhja.com\/#\/schema\/person\/image\/\",\"url\":\"https:\/\/secure.gravatar.com\/avatar\/e2835a76ca7c31a2416b2d51c4ec9a8f?s=96&d=mm&r=g\",\"contentUrl\":\"https:\/\/secure.gravatar.com\/avatar\/e2835a76ca7c31a2416b2d51c4ec9a8f?s=96&d=mm&r=g\",\"caption\":\"M M\"},\"sameAs\":[\"http:\/\/MM\"],\"url\":\"https:\/\/permbledhja.com\/sq\/author\/muhamet\/\"}]}<\/script>\n<!-- \/ Yoast SEO plugin. -->","yoast_head_json":{"title":"Trajkoviq: Kam informacione se jan\u00eb vrar\u00eb m\u00eb shum\u00eb se tre serb\u00eb, dikush negocioi p\u00ebr ta nxjerr\u00eb at\u00eb grup nga Kosova","robots":{"index":"index","follow":"follow","max-snippet":"max-snippet:-1","max-image-preview":"max-image-preview:large","max-video-preview":"max-video-preview:-1"},"canonical":"https:\/\/permbledhja.com\/sq\/trajkoviq-kam-informacione-se-jane-vrare-me-shume-se-tre-serbe-dikush-negocioi-per-ta-nxjerre-ate-grup-nga-kosova\/","og_locale":"sq_AL","og_type":"article","og_title":"Trajkoviq: Kam informacione se jan\u00eb vrar\u00eb m\u00eb shum\u00eb se tre serb\u00eb, dikush negocioi p\u00ebr ta nxjerr\u00eb at\u00eb grup nga Kosova","og_description":"Duke komentuar sulmet e formacioneve ndaj Policis\u00eb s\u00eb Kosov\u00ebs n\u00eb veri t\u00eb vendit kryetarja e L\u00ebvizjes Evropiane t\u00eb serb\u00ebve t\u00eb Kosov\u00ebs, nj\u00ebher\u00ebsh edhe k\u00ebshilltarja e ministrit p\u00ebr Komunitete e Kthim n\u00eb Qeverin\u00eb e Kosov\u00ebs, Rada Trajkoviq, ka th\u00ebn\u00eb se n\u00eb veri po zhvillohet \u201cnj\u00eb luft\u00eb e pam\u00ebshirshme\u201d. Trajkoviq, ka shtuar Beogradi nuk ishte i befasuar [&hellip;]","og_url":"https:\/\/permbledhja.com\/sq\/trajkoviq-kam-informacione-se-jane-vrare-me-shume-se-tre-serbe-dikush-negocioi-per-ta-nxjerre-ate-grup-nga-kosova\/","og_site_name":"Ve\u00e7 artikuj p\u00ebrmbledh\u00ebs","article_publisher":"https:\/\/www.facebook.com\/press07\/","article_published_time":"2023-09-25T12:04:45+00:00","og_image":[{"width":680,"height":453,"url":"https:\/\/permbledhja.com\/wp-content\/uploads\/2023\/09\/Rada-Trajkovic-1.jpg","type":"image\/jpeg"}],"author":"M M","twitter_card":"summary_large_image","twitter_misc":{"Written by":"M M","Est. reading time":"2 minuta"},"schema":{"@context":"https:\/\/schema.org","@graph":[{"@type":"Article","@id":"https:\/\/permbledhja.com\/trajkoviq-kam-informacione-se-jane-vrare-me-shume-se-tre-serbe-dikush-negocioi-per-ta-nxjerre-ate-grup-nga-kosova\/#article","isPartOf":{"@id":"https:\/\/permbledhja.com\/trajkoviq-kam-informacione-se-jane-vrare-me-shume-se-tre-serbe-dikush-negocioi-per-ta-nxjerre-ate-grup-nga-kosova\/"},"author":{"name":"M M","@id":"https:\/\/permbledhja.com\/#\/schema\/person\/d23f13f59b5722643933d6780783acf3"},"headline":"Trajkoviq: Kam informacione se jan\u00eb vrar\u00eb m\u00eb shum\u00eb se tre serb\u00eb, dikush negocioi p\u00ebr ta nxjerr\u00eb at\u00eb grup nga Kosova","datePublished":"2023-09-25T12:04:45+00:00","dateModified":"2023-09-25T12:04:45+00:00","mainEntityOfPage":{"@id":"https:\/\/permbledhja.com\/trajkoviq-kam-informacione-se-jane-vrare-me-shume-se-tre-serbe-dikush-negocioi-per-ta-nxjerre-ate-grup-nga-kosova\/"},"wordCount":433,"publisher":{"@id":"https:\/\/permbledhja.com\/#organization"},"articleSection":["Komb\u00ebtare","Lajme"],"inLanguage":"sq"},{"@type":"WebPage","@id":"https:\/\/permbledhja.com\/trajkoviq-kam-informacione-se-jane-vrare-me-shume-se-tre-serbe-dikush-negocioi-per-ta-nxjerre-ate-grup-nga-kosova\/","url":"https:\/\/permbledhja.com\/trajkoviq-kam-informacione-se-jane-vrare-me-shume-se-tre-serbe-dikush-negocioi-per-ta-nxjerre-ate-grup-nga-kosova\/","name":"Trajkoviq: Kam informacione se jan\u00eb vrar\u00eb m\u00eb shum\u00eb se tre serb\u00eb, dikush negocioi p\u00ebr ta nxjerr\u00eb at\u00eb grup nga Kosova","isPartOf":{"@id":"https:\/\/permbledhja.com\/#website"},"datePublished":"2023-09-25T12:04:45+00:00","dateModified":"2023-09-25T12:04:45+00:00","breadcrumb":{"@id":"https:\/\/permbledhja.com\/trajkoviq-kam-informacione-se-jane-vrare-me-shume-se-tre-serbe-dikush-negocioi-per-ta-nxjerre-ate-grup-nga-kosova\/#breadcrumb"},"inLanguage":"sq","potentialAction":[{"@type":"ReadAction","target":["https:\/\/permbledhja.com\/trajkoviq-kam-informacione-se-jane-vrare-me-shume-se-tre-serbe-dikush-negocioi-per-ta-nxjerre-ate-grup-nga-kosova\/"]}]},{"@type":"BreadcrumbList","@id":"https:\/\/permbledhja.com\/trajkoviq-kam-informacione-se-jane-vrare-me-shume-se-tre-serbe-dikush-negocioi-per-ta-nxjerre-ate-grup-nga-kosova\/#breadcrumb","itemListElement":[{"@type":"ListItem","position":1,"name":"Ballina","item":"https:\/\/permbledhja.com\/sq\/"},{"@type":"ListItem","position":2,"name":"Trajkoviq: Kam informacione se jan\u00eb vrar\u00eb m\u00eb shum\u00eb se tre serb\u00eb, dikush negocioi p\u00ebr ta nxjerr\u00eb at\u00eb grup nga Kosova"}]},{"@type":"WebSite","@id":"https:\/\/permbledhja.com\/#website","url":"https:\/\/permbledhja.com\/","name":"Ve\u00e7 artikuj p\u00ebrmbledh\u00ebs","description":"","publisher":{"@id":"https:\/\/permbledhja.com\/#organization"},"potentialAction":[{"@type":"SearchAction","target":{"@type":"EntryPoint","urlTemplate":"https:\/\/permbledhja.com\/?s={search_term_string}"},"query-input":"required name=search_term_string"}],"inLanguage":"sq"},{"@type":"Organization","@id":"https:\/\/permbledhja.com\/#organization","name":"MK Media & Pr","url":"https:\/\/permbledhja.com\/","logo":{"@type":"ImageObject","inLanguage":"sq","@id":"https:\/\/permbledhja.com\/#\/schema\/logo\/image\/","url":"https:\/\/permbledhja.com\/wp-content\/uploads\/2021\/12\/07-Press-Logo.jpg","contentUrl":"https:\/\/permbledhja.com\/wp-content\/uploads\/2021\/12\/07-Press-Logo.jpg","width":512,"height":512,"caption":"MK Media & Pr"},"image":{"@id":"https:\/\/permbledhja.com\/#\/schema\/logo\/image\/"},"sameAs":["https:\/\/www.facebook.com\/press07\/"]},{"@type":"Person","@id":"https:\/\/permbledhja.com\/#\/schema\/person\/d23f13f59b5722643933d6780783acf3","name":"M M","image":{"@type":"ImageObject","inLanguage":"sq","@id":"https:\/\/permbledhja.com\/#\/schema\/person\/image\/","url":"https:\/\/secure.gravatar.com\/avatar\/e2835a76ca7c31a2416b2d51c4ec9a8f?s=96&d=mm&r=g","contentUrl":"https:\/\/secure.gravatar.com\/avatar\/e2835a76ca7c31a2416b2d51c4ec9a8f?s=96&d=mm&r=g","caption":"M M"},"sameAs":["http:\/\/MM"],"url":"https:\/\/permbledhja.com\/sq\/author\/muhamet\/"}]}},"_links":{"self":[{"href":"https:\/\/permbledhja.com\/sq\/wp-json\/wp\/v2\/posts\/28242"}],"collection":[{"href":"https:\/\/permbledhja.com\/sq\/wp-json\/wp\/v2\/posts"}],"about":[{"href":"https:\/\/permbledhja.com\/sq\/wp-json\/wp\/v2\/types\/post"}],"author":[{"embeddable":true,"href":"https:\/\/permbledhja.com\/sq\/wp-json\/wp\/v2\/users\/2"}],"replies":[{"embeddable":true,"href":"https:\/\/permbledhja.com\/sq\/wp-json\/wp\/v2\/comments?post=28242"}],"version-history":[{"count":1,"href":"https:\/\/permbledhja.com\/sq\/wp-json\/wp\/v2\/posts\/28242\/revisions"}],"predecessor-version":[{"id":28244,"href":"https:\/\/permbledhja.com\/sq\/wp-json\/wp\/v2\/posts\/28242\/revisions\/28244"}],"wp:featuredmedia":[{"embeddable":true,"href":"https:\/\/permbledhja.com\/sq\/wp-json\/wp\/v2\/media\/28243"}],"wp:attachment":[{"href":"https:\/\/permbledhja.com\/sq\/wp-json\/wp\/v2\/media?parent=28242"}],"wp:term":[{"taxonomy":"category","embeddable":true,"href":"https:\/\/permbledhja.com\/sq\/wp-json\/wp\/v2\/categories?post=28242"},{"taxonomy":"post_tag","embeddable":true,"href":"https:\/\/permbledhja.com\/sq\/wp-json\/wp\/v2\/tags?post=28242"}],"curies":[{"name":"wp","href":"https:\/\/api.w.org\/{rel}","templated":true}]}}