{"id":28053,"date":"2023-09-24T15:40:55","date_gmt":"2023-09-24T15:40:55","guid":{"rendered":"https:\/\/permbledhja.com\/?p=28053"},"modified":"2023-09-24T15:40:55","modified_gmt":"2023-09-24T15:40:55","slug":"deputeti-gjerman-jam-kureshtar-te-shoh-cfare-justifikimi-do-te-kete-vuciqi-per-sulmin-ne-veri","status":"publish","type":"post","link":"https:\/\/permbledhja.com\/sq\/deputeti-gjerman-jam-kureshtar-te-shoh-cfare-justifikimi-do-te-kete-vuciqi-per-sulmin-ne-veri\/","title":{"rendered":"Deputeti gjerman: Jam kureshtar t\u00eb shoh \u00e7far\u00eb justifikimi do t\u00eb ket\u00eb Vu\u00e7iqi p\u00ebr sulmin n\u00eb veri"},"content":{"rendered":"<h3>Kryetar i Komisionit t\u00eb Pun\u00ebve t\u00eb Jashtme t\u00eb Bundestagut Gjerman, Michael Roth, ka reaguar p\u00ebr sulmin brutal n\u00eb veri, ku u vra nj\u00eb polic i Kosov\u00ebs.<\/h3>\n<p>Ai ka th\u00ebn\u00eb se bandat serbe me mb\u00ebsjhtetje nga Beogradi jan\u00eb p\u00ebrgjegj\u00ebs p\u00ebr k\u00ebt\u00eb sulm.<\/p>\n<p>Roth ka th\u00ebn\u00eb se \u00ebsht\u00eb kureshtar ta shoh se cili do t\u00eb jet\u00eb justifikimi i presidentit serb, Aleksand\u00ebr Vu\u00e7iq.<\/p>\n<p><em>\u201dDhuna brutale thjesht nuk mbaron kurr\u00eb. Tani ka vdekur nj\u00eb polic kosovar. Bandat serbe (me mb\u00ebshtetje t\u00eb drejtp\u00ebrdrejt\u00eb nga Beogradi) ndoshta jan\u00eb p\u00ebrs\u00ebri p\u00ebrgjegj\u00ebse p\u00ebr k\u00ebt\u00eb. Jam kurioz t\u00eb shoh se \u00e7far\u00eb justifikimi do t\u00eb ket\u00eb Vu\u00e7iq\u201d<\/em>, ka th\u00ebn\u00eb ai.<\/p>\n<p>Situata n\u00eb Veriun e Kosov\u00ebs vazhdon t\u00eb mbetet e tensionuar.<\/p>\n<blockquote class=\"twitter-tweet\">\n<p dir=\"ltr\" lang=\"de\">Die brutale Gewalt nimmt einfach kein Ende. Nun kam ein kosovarischer Polizist zu Tode. Vermutlich tragen daf\u00fcr wieder serbische Gangs (mit direkter Unterst\u00fctzung aus Belgrad) die Verantwortung. Ich bin gespannt, was Pr\u00e4sident <a href=\"https:\/\/twitter.com\/avucic?ref_src=twsrc%5Etfw\">@avucic<\/a> diesmal als Ausrede einf\u00e4llt. <a href=\"https:\/\/t.co\/0Qjmafe6ax\">https:\/\/t.co\/0Qjmafe6ax<\/a><\/p>\n<p>\u2014 Michael Roth &#8211; official \ud83c\uddea\ud83c\uddfa\ud83c\uddfa\ud83c\udde6 (@MiRo_SPD) <a href=\"https:\/\/twitter.com\/MiRo_SPD\/status\/1705957872494911827?ref_src=twsrc%5Etfw\">September 24, 2023<\/a><\/p><\/blockquote>\n<p><script async src=\"https:\/\/platform.twitter.com\/widgets.js\" charset=\"utf-8\"><\/script><\/p>\n","protected":false},"excerpt":{"rendered":"<p>Kryetar i Komisionit t\u00eb Pun\u00ebve t\u00eb Jashtme t\u00eb Bundestagut Gjerman, Michael Roth, ka reaguar p\u00ebr sulmin brutal n\u00eb veri, ku u vra nj\u00eb polic i Kosov\u00ebs. Ai ka th\u00ebn\u00eb se bandat serbe me mb\u00ebsjhtetje nga Beogradi jan\u00eb p\u00ebrgjegj\u00ebs p\u00ebr k\u00ebt\u00eb sulm. Roth ka th\u00ebn\u00eb se \u00ebsht\u00eb kureshtar ta shoh se cili do t\u00eb jet\u00eb justifikimi [&hellip;]<\/p>\n","protected":false},"author":1,"featured_media":28054,"comment_status":"closed","ping_status":"closed","sticky":false,"template":"","format":"standard","meta":{"_monsterinsights_skip_tracking":false,"_monsterinsights_sitenote_active":false,"_monsterinsights_sitenote_note":"","_monsterinsights_sitenote_category":0,"_uf_show_specific_survey":0,"_uf_disable_surveys":false,"footnotes":""},"categories":[23,15],"tags":[616],"yoast_head":"<!-- This site is optimized with the Yoast SEO plugin v21.5 - https:\/\/yoast.com\/wordpress\/plugins\/seo\/ -->\n<title>Deputeti gjerman: Jam kureshtar t\u00eb shoh \u00e7far\u00eb justifikimi do t\u00eb ket\u00eb Vu\u00e7iqi p\u00ebr sulmin n\u00eb veri<\/title>\n<meta name=\"robots\" content=\"index, follow, max-snippet:-1, max-image-preview:large, max-video-preview:-1\" \/>\n<link rel=\"canonical\" href=\"https:\/\/permbledhja.com\/sq\/deputeti-gjerman-jam-kureshtar-te-shoh-cfare-justifikimi-do-te-kete-vuciqi-per-sulmin-ne-veri\/\" \/>\n<meta property=\"og:locale\" content=\"sq_AL\" \/>\n<meta property=\"og:type\" content=\"article\" \/>\n<meta property=\"og:title\" content=\"Deputeti gjerman: Jam kureshtar t\u00eb shoh \u00e7far\u00eb justifikimi do t\u00eb ket\u00eb Vu\u00e7iqi p\u00ebr sulmin n\u00eb veri\" \/>\n<meta property=\"og:description\" content=\"Kryetar i Komisionit t\u00eb Pun\u00ebve t\u00eb Jashtme t\u00eb Bundestagut Gjerman, Michael Roth, ka reaguar p\u00ebr sulmin brutal n\u00eb veri, ku u vra nj\u00eb polic i Kosov\u00ebs. Ai ka th\u00ebn\u00eb se bandat serbe me mb\u00ebsjhtetje nga Beogradi jan\u00eb p\u00ebrgjegj\u00ebs p\u00ebr k\u00ebt\u00eb sulm. Roth ka th\u00ebn\u00eb se \u00ebsht\u00eb kureshtar ta shoh se cili do t\u00eb jet\u00eb justifikimi [&hellip;]\" \/>\n<meta property=\"og:url\" content=\"https:\/\/permbledhja.com\/sq\/deputeti-gjerman-jam-kureshtar-te-shoh-cfare-justifikimi-do-te-kete-vuciqi-per-sulmin-ne-veri\/\" \/>\n<meta property=\"og:site_name\" content=\"Ve\u00e7 artikuj p\u00ebrmbledh\u00ebs\" \/>\n<meta property=\"article:publisher\" content=\"https:\/\/www.facebook.com\/press07\/\" \/>\n<meta property=\"article:author\" content=\"https:\/\/www.facebook.com\/kafexhiu.muharrem\/\" \/>\n<meta property=\"article:published_time\" content=\"2023-09-24T15:40:55+00:00\" \/>\n<meta property=\"og:image\" content=\"https:\/\/permbledhja.com\/wp-content\/uploads\/2023\/09\/5000-1-600x360-1.jpg\" \/>\n\t<meta property=\"og:image:width\" content=\"600\" \/>\n\t<meta property=\"og:image:height\" content=\"360\" \/>\n\t<meta property=\"og:image:type\" content=\"image\/jpeg\" \/>\n<meta name=\"author\" content=\"P\u00ebrmbledhja\" \/>\n<meta name=\"twitter:card\" content=\"summary_large_image\" \/>\n<meta name=\"twitter:label1\" content=\"Written by\" \/>\n\t<meta name=\"twitter:data1\" content=\"P\u00ebrmbledhja\" \/>\n\t<meta name=\"twitter:label2\" content=\"Est. reading time\" \/>\n\t<meta name=\"twitter:data2\" content=\"1 minut\u00eb\" \/>\n<script type=\"application\/ld+json\" class=\"yoast-schema-graph\">{\"@context\":\"https:\/\/schema.org\",\"@graph\":[{\"@type\":\"Article\",\"@id\":\"https:\/\/permbledhja.com\/deputeti-gjerman-jam-kureshtar-te-shoh-cfare-justifikimi-do-te-kete-vuciqi-per-sulmin-ne-veri\/#article\",\"isPartOf\":{\"@id\":\"https:\/\/permbledhja.com\/deputeti-gjerman-jam-kureshtar-te-shoh-cfare-justifikimi-do-te-kete-vuciqi-per-sulmin-ne-veri\/\"},\"author\":{\"name\":\"P\u00ebrmbledhja\",\"@id\":\"https:\/\/permbledhja.com\/#\/schema\/person\/0d064377258d3221e50693947b9eb4fe\"},\"headline\":\"Deputeti gjerman: Jam kureshtar t\u00eb shoh \u00e7far\u00eb justifikimi do t\u00eb ket\u00eb Vu\u00e7iqi p\u00ebr sulmin n\u00eb veri\",\"datePublished\":\"2023-09-24T15:40:55+00:00\",\"dateModified\":\"2023-09-24T15:40:55+00:00\",\"mainEntityOfPage\":{\"@id\":\"https:\/\/permbledhja.com\/deputeti-gjerman-jam-kureshtar-te-shoh-cfare-justifikimi-do-te-kete-vuciqi-per-sulmin-ne-veri\/\"},\"wordCount\":204,\"publisher\":{\"@id\":\"https:\/\/permbledhja.com\/#organization\"},\"keywords\":[\"Gjermania\"],\"articleSection\":[\"Komb\u00ebtare\",\"Lajme\"],\"inLanguage\":\"sq\"},{\"@type\":\"WebPage\",\"@id\":\"https:\/\/permbledhja.com\/deputeti-gjerman-jam-kureshtar-te-shoh-cfare-justifikimi-do-te-kete-vuciqi-per-sulmin-ne-veri\/\",\"url\":\"https:\/\/permbledhja.com\/deputeti-gjerman-jam-kureshtar-te-shoh-cfare-justifikimi-do-te-kete-vuciqi-per-sulmin-ne-veri\/\",\"name\":\"Deputeti gjerman: Jam kureshtar t\u00eb shoh \u00e7far\u00eb justifikimi do t\u00eb ket\u00eb Vu\u00e7iqi p\u00ebr sulmin n\u00eb veri\",\"isPartOf\":{\"@id\":\"https:\/\/permbledhja.com\/#website\"},\"datePublished\":\"2023-09-24T15:40:55+00:00\",\"dateModified\":\"2023-09-24T15:40:55+00:00\",\"breadcrumb\":{\"@id\":\"https:\/\/permbledhja.com\/deputeti-gjerman-jam-kureshtar-te-shoh-cfare-justifikimi-do-te-kete-vuciqi-per-sulmin-ne-veri\/#breadcrumb\"},\"inLanguage\":\"sq\",\"potentialAction\":[{\"@type\":\"ReadAction\",\"target\":[\"https:\/\/permbledhja.com\/deputeti-gjerman-jam-kureshtar-te-shoh-cfare-justifikimi-do-te-kete-vuciqi-per-sulmin-ne-veri\/\"]}]},{\"@type\":\"BreadcrumbList\",\"@id\":\"https:\/\/permbledhja.com\/deputeti-gjerman-jam-kureshtar-te-shoh-cfare-justifikimi-do-te-kete-vuciqi-per-sulmin-ne-veri\/#breadcrumb\",\"itemListElement\":[{\"@type\":\"ListItem\",\"position\":1,\"name\":\"Ballina\",\"item\":\"https:\/\/permbledhja.com\/sq\/\"},{\"@type\":\"ListItem\",\"position\":2,\"name\":\"Deputeti gjerman: Jam kureshtar t\u00eb shoh \u00e7far\u00eb justifikimi do t\u00eb ket\u00eb Vu\u00e7iqi p\u00ebr sulmin n\u00eb veri\"}]},{\"@type\":\"WebSite\",\"@id\":\"https:\/\/permbledhja.com\/#website\",\"url\":\"https:\/\/permbledhja.com\/\",\"name\":\"Ve\u00e7 artikuj p\u00ebrmbledh\u00ebs\",\"description\":\"\",\"publisher\":{\"@id\":\"https:\/\/permbledhja.com\/#organization\"},\"potentialAction\":[{\"@type\":\"SearchAction\",\"target\":{\"@type\":\"EntryPoint\",\"urlTemplate\":\"https:\/\/permbledhja.com\/?s={search_term_string}\"},\"query-input\":\"required name=search_term_string\"}],\"inLanguage\":\"sq\"},{\"@type\":\"Organization\",\"@id\":\"https:\/\/permbledhja.com\/#organization\",\"name\":\"MK Media & Pr\",\"url\":\"https:\/\/permbledhja.com\/\",\"logo\":{\"@type\":\"ImageObject\",\"inLanguage\":\"sq\",\"@id\":\"https:\/\/permbledhja.com\/#\/schema\/logo\/image\/\",\"url\":\"https:\/\/permbledhja.com\/wp-content\/uploads\/2021\/12\/07-Press-Logo.jpg\",\"contentUrl\":\"https:\/\/permbledhja.com\/wp-content\/uploads\/2021\/12\/07-Press-Logo.jpg\",\"width\":512,\"height\":512,\"caption\":\"MK Media & Pr\"},\"image\":{\"@id\":\"https:\/\/permbledhja.com\/#\/schema\/logo\/image\/\"},\"sameAs\":[\"https:\/\/www.facebook.com\/press07\/\"]},{\"@type\":\"Person\",\"@id\":\"https:\/\/permbledhja.com\/#\/schema\/person\/0d064377258d3221e50693947b9eb4fe\",\"name\":\"P\u00ebrmbledhja\",\"image\":{\"@type\":\"ImageObject\",\"inLanguage\":\"sq\",\"@id\":\"https:\/\/permbledhja.com\/#\/schema\/person\/image\/\",\"url\":\"https:\/\/permbledhja.com\/wp-content\/uploads\/2026\/01\/452004717_1040944174702970_8932037511805513407_n-96x96.jpg\",\"contentUrl\":\"https:\/\/permbledhja.com\/wp-content\/uploads\/2026\/01\/452004717_1040944174702970_8932037511805513407_n-96x96.jpg\",\"caption\":\"P\u00ebrmbledhja\"},\"sameAs\":[\"https:\/\/www.facebook.com\/kafexhiu.muharrem\/\",\"https:\/\/www.instagram.com\/muharrem_kafexhiu\/\"],\"url\":\"https:\/\/permbledhja.com\/sq\/author\/admin\/\"}]}<\/script>\n<!-- \/ Yoast SEO plugin. -->","yoast_head_json":{"title":"Deputeti gjerman: Jam kureshtar t\u00eb shoh \u00e7far\u00eb justifikimi do t\u00eb ket\u00eb Vu\u00e7iqi p\u00ebr sulmin n\u00eb veri","robots":{"index":"index","follow":"follow","max-snippet":"max-snippet:-1","max-image-preview":"max-image-preview:large","max-video-preview":"max-video-preview:-1"},"canonical":"https:\/\/permbledhja.com\/sq\/deputeti-gjerman-jam-kureshtar-te-shoh-cfare-justifikimi-do-te-kete-vuciqi-per-sulmin-ne-veri\/","og_locale":"sq_AL","og_type":"article","og_title":"Deputeti gjerman: Jam kureshtar t\u00eb shoh \u00e7far\u00eb justifikimi do t\u00eb ket\u00eb Vu\u00e7iqi p\u00ebr sulmin n\u00eb veri","og_description":"Kryetar i Komisionit t\u00eb Pun\u00ebve t\u00eb Jashtme t\u00eb Bundestagut Gjerman, Michael Roth, ka reaguar p\u00ebr sulmin brutal n\u00eb veri, ku u vra nj\u00eb polic i Kosov\u00ebs. Ai ka th\u00ebn\u00eb se bandat serbe me mb\u00ebsjhtetje nga Beogradi jan\u00eb p\u00ebrgjegj\u00ebs p\u00ebr k\u00ebt\u00eb sulm. Roth ka th\u00ebn\u00eb se \u00ebsht\u00eb kureshtar ta shoh se cili do t\u00eb jet\u00eb justifikimi [&hellip;]","og_url":"https:\/\/permbledhja.com\/sq\/deputeti-gjerman-jam-kureshtar-te-shoh-cfare-justifikimi-do-te-kete-vuciqi-per-sulmin-ne-veri\/","og_site_name":"Ve\u00e7 artikuj p\u00ebrmbledh\u00ebs","article_publisher":"https:\/\/www.facebook.com\/press07\/","article_author":"https:\/\/www.facebook.com\/kafexhiu.muharrem\/","article_published_time":"2023-09-24T15:40:55+00:00","og_image":[{"width":600,"height":360,"url":"https:\/\/permbledhja.com\/wp-content\/uploads\/2023\/09\/5000-1-600x360-1.jpg","type":"image\/jpeg"}],"author":"P\u00ebrmbledhja","twitter_card":"summary_large_image","twitter_misc":{"Written by":"P\u00ebrmbledhja","Est. reading time":"1 minut\u00eb"},"schema":{"@context":"https:\/\/schema.org","@graph":[{"@type":"Article","@id":"https:\/\/permbledhja.com\/deputeti-gjerman-jam-kureshtar-te-shoh-cfare-justifikimi-do-te-kete-vuciqi-per-sulmin-ne-veri\/#article","isPartOf":{"@id":"https:\/\/permbledhja.com\/deputeti-gjerman-jam-kureshtar-te-shoh-cfare-justifikimi-do-te-kete-vuciqi-per-sulmin-ne-veri\/"},"author":{"name":"P\u00ebrmbledhja","@id":"https:\/\/permbledhja.com\/#\/schema\/person\/0d064377258d3221e50693947b9eb4fe"},"headline":"Deputeti gjerman: Jam kureshtar t\u00eb shoh \u00e7far\u00eb justifikimi do t\u00eb ket\u00eb Vu\u00e7iqi p\u00ebr sulmin n\u00eb veri","datePublished":"2023-09-24T15:40:55+00:00","dateModified":"2023-09-24T15:40:55+00:00","mainEntityOfPage":{"@id":"https:\/\/permbledhja.com\/deputeti-gjerman-jam-kureshtar-te-shoh-cfare-justifikimi-do-te-kete-vuciqi-per-sulmin-ne-veri\/"},"wordCount":204,"publisher":{"@id":"https:\/\/permbledhja.com\/#organization"},"keywords":["Gjermania"],"articleSection":["Komb\u00ebtare","Lajme"],"inLanguage":"sq"},{"@type":"WebPage","@id":"https:\/\/permbledhja.com\/deputeti-gjerman-jam-kureshtar-te-shoh-cfare-justifikimi-do-te-kete-vuciqi-per-sulmin-ne-veri\/","url":"https:\/\/permbledhja.com\/deputeti-gjerman-jam-kureshtar-te-shoh-cfare-justifikimi-do-te-kete-vuciqi-per-sulmin-ne-veri\/","name":"Deputeti gjerman: Jam kureshtar t\u00eb shoh \u00e7far\u00eb justifikimi do t\u00eb ket\u00eb Vu\u00e7iqi p\u00ebr sulmin n\u00eb veri","isPartOf":{"@id":"https:\/\/permbledhja.com\/#website"},"datePublished":"2023-09-24T15:40:55+00:00","dateModified":"2023-09-24T15:40:55+00:00","breadcrumb":{"@id":"https:\/\/permbledhja.com\/deputeti-gjerman-jam-kureshtar-te-shoh-cfare-justifikimi-do-te-kete-vuciqi-per-sulmin-ne-veri\/#breadcrumb"},"inLanguage":"sq","potentialAction":[{"@type":"ReadAction","target":["https:\/\/permbledhja.com\/deputeti-gjerman-jam-kureshtar-te-shoh-cfare-justifikimi-do-te-kete-vuciqi-per-sulmin-ne-veri\/"]}]},{"@type":"BreadcrumbList","@id":"https:\/\/permbledhja.com\/deputeti-gjerman-jam-kureshtar-te-shoh-cfare-justifikimi-do-te-kete-vuciqi-per-sulmin-ne-veri\/#breadcrumb","itemListElement":[{"@type":"ListItem","position":1,"name":"Ballina","item":"https:\/\/permbledhja.com\/sq\/"},{"@type":"ListItem","position":2,"name":"Deputeti gjerman: Jam kureshtar t\u00eb shoh \u00e7far\u00eb justifikimi do t\u00eb ket\u00eb Vu\u00e7iqi p\u00ebr sulmin n\u00eb veri"}]},{"@type":"WebSite","@id":"https:\/\/permbledhja.com\/#website","url":"https:\/\/permbledhja.com\/","name":"Ve\u00e7 artikuj p\u00ebrmbledh\u00ebs","description":"","publisher":{"@id":"https:\/\/permbledhja.com\/#organization"},"potentialAction":[{"@type":"SearchAction","target":{"@type":"EntryPoint","urlTemplate":"https:\/\/permbledhja.com\/?s={search_term_string}"},"query-input":"required name=search_term_string"}],"inLanguage":"sq"},{"@type":"Organization","@id":"https:\/\/permbledhja.com\/#organization","name":"MK Media & Pr","url":"https:\/\/permbledhja.com\/","logo":{"@type":"ImageObject","inLanguage":"sq","@id":"https:\/\/permbledhja.com\/#\/schema\/logo\/image\/","url":"https:\/\/permbledhja.com\/wp-content\/uploads\/2021\/12\/07-Press-Logo.jpg","contentUrl":"https:\/\/permbledhja.com\/wp-content\/uploads\/2021\/12\/07-Press-Logo.jpg","width":512,"height":512,"caption":"MK Media & Pr"},"image":{"@id":"https:\/\/permbledhja.com\/#\/schema\/logo\/image\/"},"sameAs":["https:\/\/www.facebook.com\/press07\/"]},{"@type":"Person","@id":"https:\/\/permbledhja.com\/#\/schema\/person\/0d064377258d3221e50693947b9eb4fe","name":"P\u00ebrmbledhja","image":{"@type":"ImageObject","inLanguage":"sq","@id":"https:\/\/permbledhja.com\/#\/schema\/person\/image\/","url":"https:\/\/permbledhja.com\/wp-content\/uploads\/2026\/01\/452004717_1040944174702970_8932037511805513407_n-96x96.jpg","contentUrl":"https:\/\/permbledhja.com\/wp-content\/uploads\/2026\/01\/452004717_1040944174702970_8932037511805513407_n-96x96.jpg","caption":"P\u00ebrmbledhja"},"sameAs":["https:\/\/www.facebook.com\/kafexhiu.muharrem\/","https:\/\/www.instagram.com\/muharrem_kafexhiu\/"],"url":"https:\/\/permbledhja.com\/sq\/author\/admin\/"}]}},"_links":{"self":[{"href":"https:\/\/permbledhja.com\/sq\/wp-json\/wp\/v2\/posts\/28053"}],"collection":[{"href":"https:\/\/permbledhja.com\/sq\/wp-json\/wp\/v2\/posts"}],"about":[{"href":"https:\/\/permbledhja.com\/sq\/wp-json\/wp\/v2\/types\/post"}],"author":[{"embeddable":true,"href":"https:\/\/permbledhja.com\/sq\/wp-json\/wp\/v2\/users\/1"}],"replies":[{"embeddable":true,"href":"https:\/\/permbledhja.com\/sq\/wp-json\/wp\/v2\/comments?post=28053"}],"version-history":[{"count":1,"href":"https:\/\/permbledhja.com\/sq\/wp-json\/wp\/v2\/posts\/28053\/revisions"}],"predecessor-version":[{"id":28055,"href":"https:\/\/permbledhja.com\/sq\/wp-json\/wp\/v2\/posts\/28053\/revisions\/28055"}],"wp:featuredmedia":[{"embeddable":true,"href":"https:\/\/permbledhja.com\/sq\/wp-json\/wp\/v2\/media\/28054"}],"wp:attachment":[{"href":"https:\/\/permbledhja.com\/sq\/wp-json\/wp\/v2\/media?parent=28053"}],"wp:term":[{"taxonomy":"category","embeddable":true,"href":"https:\/\/permbledhja.com\/sq\/wp-json\/wp\/v2\/categories?post=28053"},{"taxonomy":"post_tag","embeddable":true,"href":"https:\/\/permbledhja.com\/sq\/wp-json\/wp\/v2\/tags?post=28053"}],"curies":[{"name":"wp","href":"https:\/\/api.w.org\/{rel}","templated":true}]}}