{"id":27691,"date":"2023-09-22T08:01:15","date_gmt":"2023-09-22T08:01:15","guid":{"rendered":"https:\/\/permbledhja.com\/?p=27691"},"modified":"2023-09-22T08:01:15","modified_gmt":"2023-09-22T08:01:15","slug":"weber-cdo-mase-e-re-ndeshkuese-ndaj-kosoves-do-te-kishte-efekt-joproduktiv","status":"publish","type":"post","link":"https:\/\/permbledhja.com\/sq\/weber-cdo-mase-e-re-ndeshkuese-ndaj-kosoves-do-te-kishte-efekt-joproduktiv\/","title":{"rendered":"Weber: \u00c7do mas\u00eb e re nd\u00ebshkuese ndaj Kosov\u00ebs do t\u00eb kishte efekt joproduktiv"},"content":{"rendered":"<h3>Bodo Weber, ekspert p\u00ebr Ballkanin dhe bashk\u00ebpun\u00ebtor i lart\u00eb i K\u00ebshillit p\u00ebr Politikat e Demokratizimit n\u00eb Berlin, thot\u00eb se kritikat q\u00eb vijn\u00eb nga Prishtina p\u00ebr nd\u00ebrmjet\u00ebsuesit per\u00ebndimor\u00eb, \u201ckan\u00eb baz\u00eb\u201d.<\/h3>\n<p>Sipas tij, \u00ebsht\u00eb vet\u00eb qasja e nd\u00ebrmjet\u00ebsuesve t\u00eb dialogut ajo q\u00eb \u201ce ka shtyr\u00eb Prishtin\u00ebn t\u2019u thot\u00eb \u2018jo\u2019 disa propozimeve t\u00eb tyre\u201d.<\/p>\n<p>\u201cK\u00ebtu kemi nj\u00eb kombinim t\u00eb paraqitjes fatkeqe dhe jostrategjike t\u00eb autoriteteve t\u00eb Prishtin\u00ebs, si dhe arsyen e justifikueshme t\u00eb pak\u00ebnaq\u00ebsis\u00eb me korniz\u00ebn e p\u00ebrgjithshme t\u00eb negociatave dhe me qasjen e negociator\u00ebve per\u00ebndimor\u00eb. K\u00ebshtu q\u00eb, \u00e7do m\u00ebnyr\u00eb e presionit q\u00eb \u00ebsht\u00eb ushtruar ndaj Prishtin\u00ebs, duke filluar nga vendosja e sanksioneve, vet\u00ebm sa i ka hedhur vaj zjarrit\u201d, thot\u00eb Weber p\u00ebr Radion Evropa e Lir\u00eb.<\/p>\n<p>BE-ja ka nd\u00ebrmarr\u00eb disa masa nd\u00ebshkuese ndaj Kosov\u00ebs \u2013 p\u00ebrshir\u00eb pezullim fondesh dhe takimesh t\u00eb nivelit t\u00eb lart\u00eb \u2013 p\u00ebr shkak t\u00eb tensioneve t\u00eb larta n\u00eb veri, t\u00eb nxituara nga instalimi i kryetar\u00ebve shqiptar\u00eb n\u00eb komunat me shumic\u00eb serbe.<\/p>\n<p>Weber thot\u00eb se \u00e7do mas\u00eb e re nd\u00ebshkuese ndaj Kosov\u00ebs do t\u00eb kishte efekt joproduktiv.<\/p>\n<p>Ai nuk pret q\u00eb Kurti t\u00eb l\u00ebshoj\u00eb pe ndaj k\u00ebrkesave t\u00eb partner\u00ebve per\u00ebndimor\u00eb, t\u00eb cil\u00ebt, si\u00e7 thot\u00eb, \u201cnuk kan\u00eb reaguar dhe ushtruar asnj\u00eb presion ndaj Beogradit\u201d.<\/p>\n<p>\u201cKam frik\u00eb se do t\u00eb shohim vazhdimin e bllokad\u00ebs dhe vazhdimin e presioneve, t\u00eb cilat nuk do t\u00eb sjellin dobi deri n\u00eb vitin e ardhsh\u00ebm. Kam frik\u00eb se, p\u00ebrfundimisht, n\u00eb kryeqytetet per\u00ebndimore do ta pranojn\u00eb se i gjith\u00eb ky kapitull aktual i bisedimeve politike apo dialogut politik, si dhe e gjith\u00eb kjo qasje q\u00eb ka nisur me iniciativ\u00ebn gjermano-franceze, nuk ka pasur sukses, por ka d\u00ebshtuar\u201d, thot\u00eb Weber.<\/p>\n","protected":false},"excerpt":{"rendered":"<p>Bodo Weber, ekspert p\u00ebr Ballkanin dhe bashk\u00ebpun\u00ebtor i lart\u00eb i K\u00ebshillit p\u00ebr Politikat e Demokratizimit n\u00eb Berlin, thot\u00eb se kritikat q\u00eb vijn\u00eb nga Prishtina p\u00ebr nd\u00ebrmjet\u00ebsuesit per\u00ebndimor\u00eb, \u201ckan\u00eb baz\u00eb\u201d. Sipas tij, \u00ebsht\u00eb vet\u00eb qasja e nd\u00ebrmjet\u00ebsuesve t\u00eb dialogut ajo q\u00eb \u201ce ka shtyr\u00eb Prishtin\u00ebn t\u2019u thot\u00eb \u2018jo\u2019 disa propozimeve t\u00eb tyre\u201d. \u201cK\u00ebtu kemi nj\u00eb kombinim [&hellip;]<\/p>\n","protected":false},"author":1,"featured_media":27692,"comment_status":"closed","ping_status":"closed","sticky":false,"template":"","format":"standard","meta":{"_monsterinsights_skip_tracking":false,"_monsterinsights_sitenote_active":false,"_monsterinsights_sitenote_note":"","_monsterinsights_sitenote_category":0,"_uf_show_specific_survey":0,"_uf_disable_surveys":false,"footnotes":""},"categories":[1],"tags":[1379],"yoast_head":"<!-- This site is optimized with the Yoast SEO plugin v21.5 - https:\/\/yoast.com\/wordpress\/plugins\/seo\/ -->\n<title>Weber: \u00c7do mas\u00eb e re nd\u00ebshkuese ndaj Kosov\u00ebs do t\u00eb kishte efekt joproduktiv<\/title>\n<meta name=\"robots\" content=\"index, follow, max-snippet:-1, max-image-preview:large, max-video-preview:-1\" \/>\n<link rel=\"canonical\" href=\"https:\/\/permbledhja.com\/sq\/weber-cdo-mase-e-re-ndeshkuese-ndaj-kosoves-do-te-kishte-efekt-joproduktiv\/\" \/>\n<meta property=\"og:locale\" content=\"sq_AL\" \/>\n<meta property=\"og:type\" content=\"article\" \/>\n<meta property=\"og:title\" content=\"Weber: \u00c7do mas\u00eb e re nd\u00ebshkuese ndaj Kosov\u00ebs do t\u00eb kishte efekt joproduktiv\" \/>\n<meta property=\"og:description\" content=\"Bodo Weber, ekspert p\u00ebr Ballkanin dhe bashk\u00ebpun\u00ebtor i lart\u00eb i K\u00ebshillit p\u00ebr Politikat e Demokratizimit n\u00eb Berlin, thot\u00eb se kritikat q\u00eb vijn\u00eb nga Prishtina p\u00ebr nd\u00ebrmjet\u00ebsuesit per\u00ebndimor\u00eb, \u201ckan\u00eb baz\u00eb\u201d. Sipas tij, \u00ebsht\u00eb vet\u00eb qasja e nd\u00ebrmjet\u00ebsuesve t\u00eb dialogut ajo q\u00eb \u201ce ka shtyr\u00eb Prishtin\u00ebn t\u2019u thot\u00eb \u2018jo\u2019 disa propozimeve t\u00eb tyre\u201d. \u201cK\u00ebtu kemi nj\u00eb kombinim [&hellip;]\" \/>\n<meta property=\"og:url\" content=\"https:\/\/permbledhja.com\/sq\/weber-cdo-mase-e-re-ndeshkuese-ndaj-kosoves-do-te-kishte-efekt-joproduktiv\/\" \/>\n<meta property=\"og:site_name\" content=\"Ve\u00e7 artikuj p\u00ebrmbledh\u00ebs\" \/>\n<meta property=\"article:publisher\" content=\"https:\/\/www.facebook.com\/press07\/\" \/>\n<meta property=\"article:author\" content=\"https:\/\/www.facebook.com\/kafexhiu.muharrem\/\" \/>\n<meta property=\"article:published_time\" content=\"2023-09-22T08:01:15+00:00\" \/>\n<meta property=\"og:image\" content=\"https:\/\/permbledhja.com\/wp-content\/uploads\/2023\/09\/388F34D2-3A21-4FB9-9F0F-9625622386D8.jpeg\" \/>\n\t<meta property=\"og:image:width\" content=\"600\" \/>\n\t<meta property=\"og:image:height\" content=\"360\" \/>\n\t<meta property=\"og:image:type\" content=\"image\/jpeg\" \/>\n<meta name=\"author\" content=\"P\u00ebrmbledhja\" \/>\n<meta name=\"twitter:card\" content=\"summary_large_image\" \/>\n<meta name=\"twitter:label1\" content=\"Written by\" \/>\n\t<meta name=\"twitter:data1\" content=\"P\u00ebrmbledhja\" \/>\n\t<meta name=\"twitter:label2\" content=\"Est. reading time\" \/>\n\t<meta name=\"twitter:data2\" content=\"2 minuta\" \/>\n<script type=\"application\/ld+json\" class=\"yoast-schema-graph\">{\"@context\":\"https:\/\/schema.org\",\"@graph\":[{\"@type\":\"Article\",\"@id\":\"https:\/\/permbledhja.com\/weber-cdo-mase-e-re-ndeshkuese-ndaj-kosoves-do-te-kishte-efekt-joproduktiv\/#article\",\"isPartOf\":{\"@id\":\"https:\/\/permbledhja.com\/weber-cdo-mase-e-re-ndeshkuese-ndaj-kosoves-do-te-kishte-efekt-joproduktiv\/\"},\"author\":{\"name\":\"P\u00ebrmbledhja\",\"@id\":\"https:\/\/permbledhja.com\/#\/schema\/person\/0d064377258d3221e50693947b9eb4fe\"},\"headline\":\"Weber: \u00c7do mas\u00eb e re nd\u00ebshkuese ndaj Kosov\u00ebs do t\u00eb kishte efekt joproduktiv\",\"datePublished\":\"2023-09-22T08:01:15+00:00\",\"dateModified\":\"2023-09-22T08:01:15+00:00\",\"mainEntityOfPage\":{\"@id\":\"https:\/\/permbledhja.com\/weber-cdo-mase-e-re-ndeshkuese-ndaj-kosoves-do-te-kishte-efekt-joproduktiv\/\"},\"wordCount\":320,\"publisher\":{\"@id\":\"https:\/\/permbledhja.com\/#organization\"},\"keywords\":[\"Weber\"],\"articleSection\":[\"Breaking News\"],\"inLanguage\":\"sq\"},{\"@type\":\"WebPage\",\"@id\":\"https:\/\/permbledhja.com\/weber-cdo-mase-e-re-ndeshkuese-ndaj-kosoves-do-te-kishte-efekt-joproduktiv\/\",\"url\":\"https:\/\/permbledhja.com\/weber-cdo-mase-e-re-ndeshkuese-ndaj-kosoves-do-te-kishte-efekt-joproduktiv\/\",\"name\":\"Weber: \u00c7do mas\u00eb e re nd\u00ebshkuese ndaj Kosov\u00ebs do t\u00eb kishte efekt joproduktiv\",\"isPartOf\":{\"@id\":\"https:\/\/permbledhja.com\/#website\"},\"datePublished\":\"2023-09-22T08:01:15+00:00\",\"dateModified\":\"2023-09-22T08:01:15+00:00\",\"breadcrumb\":{\"@id\":\"https:\/\/permbledhja.com\/weber-cdo-mase-e-re-ndeshkuese-ndaj-kosoves-do-te-kishte-efekt-joproduktiv\/#breadcrumb\"},\"inLanguage\":\"sq\",\"potentialAction\":[{\"@type\":\"ReadAction\",\"target\":[\"https:\/\/permbledhja.com\/weber-cdo-mase-e-re-ndeshkuese-ndaj-kosoves-do-te-kishte-efekt-joproduktiv\/\"]}]},{\"@type\":\"BreadcrumbList\",\"@id\":\"https:\/\/permbledhja.com\/weber-cdo-mase-e-re-ndeshkuese-ndaj-kosoves-do-te-kishte-efekt-joproduktiv\/#breadcrumb\",\"itemListElement\":[{\"@type\":\"ListItem\",\"position\":1,\"name\":\"Ballina\",\"item\":\"https:\/\/permbledhja.com\/sq\/\"},{\"@type\":\"ListItem\",\"position\":2,\"name\":\"Weber: \u00c7do mas\u00eb e re nd\u00ebshkuese ndaj Kosov\u00ebs do t\u00eb kishte efekt joproduktiv\"}]},{\"@type\":\"WebSite\",\"@id\":\"https:\/\/permbledhja.com\/#website\",\"url\":\"https:\/\/permbledhja.com\/\",\"name\":\"Ve\u00e7 artikuj p\u00ebrmbledh\u00ebs\",\"description\":\"\",\"publisher\":{\"@id\":\"https:\/\/permbledhja.com\/#organization\"},\"potentialAction\":[{\"@type\":\"SearchAction\",\"target\":{\"@type\":\"EntryPoint\",\"urlTemplate\":\"https:\/\/permbledhja.com\/?s={search_term_string}\"},\"query-input\":\"required name=search_term_string\"}],\"inLanguage\":\"sq\"},{\"@type\":\"Organization\",\"@id\":\"https:\/\/permbledhja.com\/#organization\",\"name\":\"MK Media & Pr\",\"url\":\"https:\/\/permbledhja.com\/\",\"logo\":{\"@type\":\"ImageObject\",\"inLanguage\":\"sq\",\"@id\":\"https:\/\/permbledhja.com\/#\/schema\/logo\/image\/\",\"url\":\"https:\/\/permbledhja.com\/wp-content\/uploads\/2021\/12\/07-Press-Logo.jpg\",\"contentUrl\":\"https:\/\/permbledhja.com\/wp-content\/uploads\/2021\/12\/07-Press-Logo.jpg\",\"width\":512,\"height\":512,\"caption\":\"MK Media & Pr\"},\"image\":{\"@id\":\"https:\/\/permbledhja.com\/#\/schema\/logo\/image\/\"},\"sameAs\":[\"https:\/\/www.facebook.com\/press07\/\"]},{\"@type\":\"Person\",\"@id\":\"https:\/\/permbledhja.com\/#\/schema\/person\/0d064377258d3221e50693947b9eb4fe\",\"name\":\"P\u00ebrmbledhja\",\"image\":{\"@type\":\"ImageObject\",\"inLanguage\":\"sq\",\"@id\":\"https:\/\/permbledhja.com\/#\/schema\/person\/image\/\",\"url\":\"https:\/\/permbledhja.com\/wp-content\/uploads\/2026\/01\/452004717_1040944174702970_8932037511805513407_n-96x96.jpg\",\"contentUrl\":\"https:\/\/permbledhja.com\/wp-content\/uploads\/2026\/01\/452004717_1040944174702970_8932037511805513407_n-96x96.jpg\",\"caption\":\"P\u00ebrmbledhja\"},\"sameAs\":[\"https:\/\/www.facebook.com\/kafexhiu.muharrem\/\",\"https:\/\/www.instagram.com\/muharrem_kafexhiu\/\"],\"url\":\"https:\/\/permbledhja.com\/sq\/author\/admin\/\"}]}<\/script>\n<!-- \/ Yoast SEO plugin. -->","yoast_head_json":{"title":"Weber: \u00c7do mas\u00eb e re nd\u00ebshkuese ndaj Kosov\u00ebs do t\u00eb kishte efekt joproduktiv","robots":{"index":"index","follow":"follow","max-snippet":"max-snippet:-1","max-image-preview":"max-image-preview:large","max-video-preview":"max-video-preview:-1"},"canonical":"https:\/\/permbledhja.com\/sq\/weber-cdo-mase-e-re-ndeshkuese-ndaj-kosoves-do-te-kishte-efekt-joproduktiv\/","og_locale":"sq_AL","og_type":"article","og_title":"Weber: \u00c7do mas\u00eb e re nd\u00ebshkuese ndaj Kosov\u00ebs do t\u00eb kishte efekt joproduktiv","og_description":"Bodo Weber, ekspert p\u00ebr Ballkanin dhe bashk\u00ebpun\u00ebtor i lart\u00eb i K\u00ebshillit p\u00ebr Politikat e Demokratizimit n\u00eb Berlin, thot\u00eb se kritikat q\u00eb vijn\u00eb nga Prishtina p\u00ebr nd\u00ebrmjet\u00ebsuesit per\u00ebndimor\u00eb, \u201ckan\u00eb baz\u00eb\u201d. Sipas tij, \u00ebsht\u00eb vet\u00eb qasja e nd\u00ebrmjet\u00ebsuesve t\u00eb dialogut ajo q\u00eb \u201ce ka shtyr\u00eb Prishtin\u00ebn t\u2019u thot\u00eb \u2018jo\u2019 disa propozimeve t\u00eb tyre\u201d. \u201cK\u00ebtu kemi nj\u00eb kombinim [&hellip;]","og_url":"https:\/\/permbledhja.com\/sq\/weber-cdo-mase-e-re-ndeshkuese-ndaj-kosoves-do-te-kishte-efekt-joproduktiv\/","og_site_name":"Ve\u00e7 artikuj p\u00ebrmbledh\u00ebs","article_publisher":"https:\/\/www.facebook.com\/press07\/","article_author":"https:\/\/www.facebook.com\/kafexhiu.muharrem\/","article_published_time":"2023-09-22T08:01:15+00:00","og_image":[{"width":600,"height":360,"url":"https:\/\/permbledhja.com\/wp-content\/uploads\/2023\/09\/388F34D2-3A21-4FB9-9F0F-9625622386D8.jpeg","type":"image\/jpeg"}],"author":"P\u00ebrmbledhja","twitter_card":"summary_large_image","twitter_misc":{"Written by":"P\u00ebrmbledhja","Est. reading time":"2 minuta"},"schema":{"@context":"https:\/\/schema.org","@graph":[{"@type":"Article","@id":"https:\/\/permbledhja.com\/weber-cdo-mase-e-re-ndeshkuese-ndaj-kosoves-do-te-kishte-efekt-joproduktiv\/#article","isPartOf":{"@id":"https:\/\/permbledhja.com\/weber-cdo-mase-e-re-ndeshkuese-ndaj-kosoves-do-te-kishte-efekt-joproduktiv\/"},"author":{"name":"P\u00ebrmbledhja","@id":"https:\/\/permbledhja.com\/#\/schema\/person\/0d064377258d3221e50693947b9eb4fe"},"headline":"Weber: \u00c7do mas\u00eb e re nd\u00ebshkuese ndaj Kosov\u00ebs do t\u00eb kishte efekt joproduktiv","datePublished":"2023-09-22T08:01:15+00:00","dateModified":"2023-09-22T08:01:15+00:00","mainEntityOfPage":{"@id":"https:\/\/permbledhja.com\/weber-cdo-mase-e-re-ndeshkuese-ndaj-kosoves-do-te-kishte-efekt-joproduktiv\/"},"wordCount":320,"publisher":{"@id":"https:\/\/permbledhja.com\/#organization"},"keywords":["Weber"],"articleSection":["Breaking News"],"inLanguage":"sq"},{"@type":"WebPage","@id":"https:\/\/permbledhja.com\/weber-cdo-mase-e-re-ndeshkuese-ndaj-kosoves-do-te-kishte-efekt-joproduktiv\/","url":"https:\/\/permbledhja.com\/weber-cdo-mase-e-re-ndeshkuese-ndaj-kosoves-do-te-kishte-efekt-joproduktiv\/","name":"Weber: \u00c7do mas\u00eb e re nd\u00ebshkuese ndaj Kosov\u00ebs do t\u00eb kishte efekt joproduktiv","isPartOf":{"@id":"https:\/\/permbledhja.com\/#website"},"datePublished":"2023-09-22T08:01:15+00:00","dateModified":"2023-09-22T08:01:15+00:00","breadcrumb":{"@id":"https:\/\/permbledhja.com\/weber-cdo-mase-e-re-ndeshkuese-ndaj-kosoves-do-te-kishte-efekt-joproduktiv\/#breadcrumb"},"inLanguage":"sq","potentialAction":[{"@type":"ReadAction","target":["https:\/\/permbledhja.com\/weber-cdo-mase-e-re-ndeshkuese-ndaj-kosoves-do-te-kishte-efekt-joproduktiv\/"]}]},{"@type":"BreadcrumbList","@id":"https:\/\/permbledhja.com\/weber-cdo-mase-e-re-ndeshkuese-ndaj-kosoves-do-te-kishte-efekt-joproduktiv\/#breadcrumb","itemListElement":[{"@type":"ListItem","position":1,"name":"Ballina","item":"https:\/\/permbledhja.com\/sq\/"},{"@type":"ListItem","position":2,"name":"Weber: \u00c7do mas\u00eb e re nd\u00ebshkuese ndaj Kosov\u00ebs do t\u00eb kishte efekt joproduktiv"}]},{"@type":"WebSite","@id":"https:\/\/permbledhja.com\/#website","url":"https:\/\/permbledhja.com\/","name":"Ve\u00e7 artikuj p\u00ebrmbledh\u00ebs","description":"","publisher":{"@id":"https:\/\/permbledhja.com\/#organization"},"potentialAction":[{"@type":"SearchAction","target":{"@type":"EntryPoint","urlTemplate":"https:\/\/permbledhja.com\/?s={search_term_string}"},"query-input":"required name=search_term_string"}],"inLanguage":"sq"},{"@type":"Organization","@id":"https:\/\/permbledhja.com\/#organization","name":"MK Media & Pr","url":"https:\/\/permbledhja.com\/","logo":{"@type":"ImageObject","inLanguage":"sq","@id":"https:\/\/permbledhja.com\/#\/schema\/logo\/image\/","url":"https:\/\/permbledhja.com\/wp-content\/uploads\/2021\/12\/07-Press-Logo.jpg","contentUrl":"https:\/\/permbledhja.com\/wp-content\/uploads\/2021\/12\/07-Press-Logo.jpg","width":512,"height":512,"caption":"MK Media & Pr"},"image":{"@id":"https:\/\/permbledhja.com\/#\/schema\/logo\/image\/"},"sameAs":["https:\/\/www.facebook.com\/press07\/"]},{"@type":"Person","@id":"https:\/\/permbledhja.com\/#\/schema\/person\/0d064377258d3221e50693947b9eb4fe","name":"P\u00ebrmbledhja","image":{"@type":"ImageObject","inLanguage":"sq","@id":"https:\/\/permbledhja.com\/#\/schema\/person\/image\/","url":"https:\/\/permbledhja.com\/wp-content\/uploads\/2026\/01\/452004717_1040944174702970_8932037511805513407_n-96x96.jpg","contentUrl":"https:\/\/permbledhja.com\/wp-content\/uploads\/2026\/01\/452004717_1040944174702970_8932037511805513407_n-96x96.jpg","caption":"P\u00ebrmbledhja"},"sameAs":["https:\/\/www.facebook.com\/kafexhiu.muharrem\/","https:\/\/www.instagram.com\/muharrem_kafexhiu\/"],"url":"https:\/\/permbledhja.com\/sq\/author\/admin\/"}]}},"_links":{"self":[{"href":"https:\/\/permbledhja.com\/sq\/wp-json\/wp\/v2\/posts\/27691"}],"collection":[{"href":"https:\/\/permbledhja.com\/sq\/wp-json\/wp\/v2\/posts"}],"about":[{"href":"https:\/\/permbledhja.com\/sq\/wp-json\/wp\/v2\/types\/post"}],"author":[{"embeddable":true,"href":"https:\/\/permbledhja.com\/sq\/wp-json\/wp\/v2\/users\/1"}],"replies":[{"embeddable":true,"href":"https:\/\/permbledhja.com\/sq\/wp-json\/wp\/v2\/comments?post=27691"}],"version-history":[{"count":1,"href":"https:\/\/permbledhja.com\/sq\/wp-json\/wp\/v2\/posts\/27691\/revisions"}],"predecessor-version":[{"id":27693,"href":"https:\/\/permbledhja.com\/sq\/wp-json\/wp\/v2\/posts\/27691\/revisions\/27693"}],"wp:featuredmedia":[{"embeddable":true,"href":"https:\/\/permbledhja.com\/sq\/wp-json\/wp\/v2\/media\/27692"}],"wp:attachment":[{"href":"https:\/\/permbledhja.com\/sq\/wp-json\/wp\/v2\/media?parent=27691"}],"wp:term":[{"taxonomy":"category","embeddable":true,"href":"https:\/\/permbledhja.com\/sq\/wp-json\/wp\/v2\/categories?post=27691"},{"taxonomy":"post_tag","embeddable":true,"href":"https:\/\/permbledhja.com\/sq\/wp-json\/wp\/v2\/tags?post=27691"}],"curies":[{"name":"wp","href":"https:\/\/api.w.org\/{rel}","templated":true}]}}