{"id":27688,"date":"2023-09-21T20:56:58","date_gmt":"2023-09-21T20:56:58","guid":{"rendered":"https:\/\/permbledhja.com\/?p=27688"},"modified":"2023-09-21T20:56:58","modified_gmt":"2023-09-21T20:56:58","slug":"rama-ia-shuan-endrrat-serbise-perpjekja-qe-te-rihapet-ceshtja-e-kosoves-ne-okb-e-kote","status":"publish","type":"post","link":"https:\/\/permbledhja.com\/sq\/rama-ia-shuan-endrrat-serbise-perpjekja-qe-te-rihapet-ceshtja-e-kosoves-ne-okb-e-kote\/","title":{"rendered":"Rama ia shuan \u201c\u00ebndrrat\u201d Serbis\u00eb: P\u00ebrpjekja q\u00eb t\u00eb rihapet \u00e7\u00ebshtja e Kosov\u00ebs n\u00eb OKB, e kot\u00eb"},"content":{"rendered":"<h3>Kryeministri Edi Rama i konsideron t\u00eb kota p\u00ebrpjepjekjet e Serbis\u00eb dhe Rusis\u00eb p\u00ebr t\u00eb rihapur \u00e7\u00ebshtjen e Kosov\u00ebs n\u00eb OKB.<\/h3>\n<p>N\u00eb nj\u00eb intervist\u00eb p\u00ebr emisionin Real Story n\u00eb ABC News, Rama tha se Kosova e ka fituar luft\u00ebn dhe Kosova Republik\u00eb, \u00ebsht\u00eb konfirmuar edhe nga vet\u00eb Gjykata nd\u00ebrkomb\u00ebtare dhe kjo \u00ebsht\u00eb pa kthim.<\/p>\n<p><em>\u201cJan\u00eb p\u00ebrpjekje t\u00eb kota, propagandistike, por q\u00eb nuk \u00e7ojn\u00eb asgj\u00ebkundi, Kosova e ka fituar luft\u00ebn dhe Kosova Republik\u00eb, \u00ebsht\u00eb konfirmuar edhe nga vet\u00eb Gjykata nd\u00ebrkomb\u00ebtare dhe kjo \u00ebsht\u00eb pa kthim. <\/em><\/p>\n<p><em>\u00c7\u00ebshtja \u00ebsht\u00eb q\u00eb Kosova nuk po fiton dot paqen, nuk po arrin dot q\u00eb paqen ta kthej\u00eb n\u00eb nj\u00eb aset p\u00ebr t\u2019u konfirmuar nd\u00ebrkomb\u00ebtarisht dhe p\u00ebr t\u2019u zhvilluar n\u00eb t\u00eb gjitha drejtimet.Pra, po preferon nj\u00eb situat\u00eb as luft\u00eb as paqe, nd\u00ebrkoh\u00eb q\u00eb ka fituar luft\u00ebn.\u201d<\/em> u shpreh Rama n\u00eb intervist\u00ebn p\u00ebr gazetarin Sokol Balla.<\/p>\n","protected":false},"excerpt":{"rendered":"<p>Kryeministri Edi Rama i konsideron t\u00eb kota p\u00ebrpjepjekjet e Serbis\u00eb dhe Rusis\u00eb p\u00ebr t\u00eb rihapur \u00e7\u00ebshtjen e Kosov\u00ebs n\u00eb OKB. N\u00eb nj\u00eb intervist\u00eb p\u00ebr emisionin Real Story n\u00eb ABC News, Rama tha se Kosova e ka fituar luft\u00ebn dhe Kosova Republik\u00eb, \u00ebsht\u00eb konfirmuar edhe nga vet\u00eb Gjykata nd\u00ebrkomb\u00ebtare dhe kjo \u00ebsht\u00eb pa kthim. \u201cJan\u00eb p\u00ebrpjekje [&hellip;]<\/p>\n","protected":false},"author":1,"featured_media":13378,"comment_status":"closed","ping_status":"closed","sticky":false,"template":"","format":"standard","meta":{"_monsterinsights_skip_tracking":false,"_monsterinsights_sitenote_active":false,"_monsterinsights_sitenote_note":"","_monsterinsights_sitenote_category":0,"_uf_show_specific_survey":0,"_uf_disable_surveys":false,"footnotes":""},"categories":[23,15],"tags":[116,1904],"yoast_head":"<!-- This site is optimized with the Yoast SEO plugin v21.5 - https:\/\/yoast.com\/wordpress\/plugins\/seo\/ -->\n<title>Rama ia shuan \u201c\u00ebndrrat\u201d Serbis\u00eb: P\u00ebrpjekja q\u00eb t\u00eb rihapet \u00e7\u00ebshtja e Kosov\u00ebs n\u00eb OKB, e kot\u00eb<\/title>\n<meta name=\"robots\" content=\"index, follow, max-snippet:-1, max-image-preview:large, max-video-preview:-1\" \/>\n<link rel=\"canonical\" href=\"https:\/\/permbledhja.com\/sq\/rama-ia-shuan-endrrat-serbise-perpjekja-qe-te-rihapet-ceshtja-e-kosoves-ne-okb-e-kote\/\" \/>\n<meta property=\"og:locale\" content=\"sq_AL\" \/>\n<meta property=\"og:type\" content=\"article\" \/>\n<meta property=\"og:title\" content=\"Rama ia shuan \u201c\u00ebndrrat\u201d Serbis\u00eb: P\u00ebrpjekja q\u00eb t\u00eb rihapet \u00e7\u00ebshtja e Kosov\u00ebs n\u00eb OKB, e kot\u00eb\" \/>\n<meta property=\"og:description\" content=\"Kryeministri Edi Rama i konsideron t\u00eb kota p\u00ebrpjepjekjet e Serbis\u00eb dhe Rusis\u00eb p\u00ebr t\u00eb rihapur \u00e7\u00ebshtjen e Kosov\u00ebs n\u00eb OKB. N\u00eb nj\u00eb intervist\u00eb p\u00ebr emisionin Real Story n\u00eb ABC News, Rama tha se Kosova e ka fituar luft\u00ebn dhe Kosova Republik\u00eb, \u00ebsht\u00eb konfirmuar edhe nga vet\u00eb Gjykata nd\u00ebrkomb\u00ebtare dhe kjo \u00ebsht\u00eb pa kthim. \u201cJan\u00eb p\u00ebrpjekje [&hellip;]\" \/>\n<meta property=\"og:url\" content=\"https:\/\/permbledhja.com\/sq\/rama-ia-shuan-endrrat-serbise-perpjekja-qe-te-rihapet-ceshtja-e-kosoves-ne-okb-e-kote\/\" \/>\n<meta property=\"og:site_name\" content=\"Ve\u00e7 artikuj p\u00ebrmbledh\u00ebs\" \/>\n<meta property=\"article:publisher\" content=\"https:\/\/www.facebook.com\/press07\/\" \/>\n<meta property=\"article:author\" content=\"https:\/\/www.facebook.com\/kafexhiu.muharrem\/\" \/>\n<meta property=\"article:published_time\" content=\"2023-09-21T20:56:58+00:00\" \/>\n<meta property=\"og:image\" content=\"https:\/\/permbledhja.com\/wp-content\/uploads\/2023\/04\/edi-rama.png\" \/>\n\t<meta property=\"og:image:width\" content=\"460\" \/>\n\t<meta property=\"og:image:height\" content=\"321\" \/>\n\t<meta property=\"og:image:type\" content=\"image\/png\" \/>\n<meta name=\"author\" content=\"P\u00ebrmbledhja\" \/>\n<meta name=\"twitter:card\" content=\"summary_large_image\" \/>\n<meta name=\"twitter:label1\" content=\"Written by\" \/>\n\t<meta name=\"twitter:data1\" content=\"P\u00ebrmbledhja\" \/>\n\t<meta name=\"twitter:label2\" content=\"Est. reading time\" \/>\n\t<meta name=\"twitter:data2\" content=\"1 minut\u00eb\" \/>\n<script type=\"application\/ld+json\" class=\"yoast-schema-graph\">{\"@context\":\"https:\/\/schema.org\",\"@graph\":[{\"@type\":\"Article\",\"@id\":\"https:\/\/permbledhja.com\/rama-ia-shuan-endrrat-serbise-perpjekja-qe-te-rihapet-ceshtja-e-kosoves-ne-okb-e-kote\/#article\",\"isPartOf\":{\"@id\":\"https:\/\/permbledhja.com\/rama-ia-shuan-endrrat-serbise-perpjekja-qe-te-rihapet-ceshtja-e-kosoves-ne-okb-e-kote\/\"},\"author\":{\"name\":\"P\u00ebrmbledhja\",\"@id\":\"https:\/\/permbledhja.com\/#\/schema\/person\/0d064377258d3221e50693947b9eb4fe\"},\"headline\":\"Rama ia shuan \u201c\u00ebndrrat\u201d Serbis\u00eb: P\u00ebrpjekja q\u00eb t\u00eb rihapet \u00e7\u00ebshtja e Kosov\u00ebs n\u00eb OKB, e kot\u00eb\",\"datePublished\":\"2023-09-21T20:56:58+00:00\",\"dateModified\":\"2023-09-21T20:56:58+00:00\",\"mainEntityOfPage\":{\"@id\":\"https:\/\/permbledhja.com\/rama-ia-shuan-endrrat-serbise-perpjekja-qe-te-rihapet-ceshtja-e-kosoves-ne-okb-e-kote\/\"},\"wordCount\":178,\"publisher\":{\"@id\":\"https:\/\/permbledhja.com\/#organization\"},\"keywords\":[\"Kosova\",\"OKB\"],\"articleSection\":[\"Komb\u00ebtare\",\"Lajme\"],\"inLanguage\":\"sq\"},{\"@type\":\"WebPage\",\"@id\":\"https:\/\/permbledhja.com\/rama-ia-shuan-endrrat-serbise-perpjekja-qe-te-rihapet-ceshtja-e-kosoves-ne-okb-e-kote\/\",\"url\":\"https:\/\/permbledhja.com\/rama-ia-shuan-endrrat-serbise-perpjekja-qe-te-rihapet-ceshtja-e-kosoves-ne-okb-e-kote\/\",\"name\":\"Rama ia shuan \u201c\u00ebndrrat\u201d Serbis\u00eb: P\u00ebrpjekja q\u00eb t\u00eb rihapet \u00e7\u00ebshtja e Kosov\u00ebs n\u00eb OKB, e kot\u00eb\",\"isPartOf\":{\"@id\":\"https:\/\/permbledhja.com\/#website\"},\"datePublished\":\"2023-09-21T20:56:58+00:00\",\"dateModified\":\"2023-09-21T20:56:58+00:00\",\"breadcrumb\":{\"@id\":\"https:\/\/permbledhja.com\/rama-ia-shuan-endrrat-serbise-perpjekja-qe-te-rihapet-ceshtja-e-kosoves-ne-okb-e-kote\/#breadcrumb\"},\"inLanguage\":\"sq\",\"potentialAction\":[{\"@type\":\"ReadAction\",\"target\":[\"https:\/\/permbledhja.com\/rama-ia-shuan-endrrat-serbise-perpjekja-qe-te-rihapet-ceshtja-e-kosoves-ne-okb-e-kote\/\"]}]},{\"@type\":\"BreadcrumbList\",\"@id\":\"https:\/\/permbledhja.com\/rama-ia-shuan-endrrat-serbise-perpjekja-qe-te-rihapet-ceshtja-e-kosoves-ne-okb-e-kote\/#breadcrumb\",\"itemListElement\":[{\"@type\":\"ListItem\",\"position\":1,\"name\":\"Ballina\",\"item\":\"https:\/\/permbledhja.com\/sq\/\"},{\"@type\":\"ListItem\",\"position\":2,\"name\":\"Rama ia shuan \u201c\u00ebndrrat\u201d Serbis\u00eb: P\u00ebrpjekja q\u00eb t\u00eb rihapet \u00e7\u00ebshtja e Kosov\u00ebs n\u00eb OKB, e kot\u00eb\"}]},{\"@type\":\"WebSite\",\"@id\":\"https:\/\/permbledhja.com\/#website\",\"url\":\"https:\/\/permbledhja.com\/\",\"name\":\"Ve\u00e7 artikuj p\u00ebrmbledh\u00ebs\",\"description\":\"\",\"publisher\":{\"@id\":\"https:\/\/permbledhja.com\/#organization\"},\"potentialAction\":[{\"@type\":\"SearchAction\",\"target\":{\"@type\":\"EntryPoint\",\"urlTemplate\":\"https:\/\/permbledhja.com\/?s={search_term_string}\"},\"query-input\":\"required name=search_term_string\"}],\"inLanguage\":\"sq\"},{\"@type\":\"Organization\",\"@id\":\"https:\/\/permbledhja.com\/#organization\",\"name\":\"MK Media & Pr\",\"url\":\"https:\/\/permbledhja.com\/\",\"logo\":{\"@type\":\"ImageObject\",\"inLanguage\":\"sq\",\"@id\":\"https:\/\/permbledhja.com\/#\/schema\/logo\/image\/\",\"url\":\"https:\/\/permbledhja.com\/wp-content\/uploads\/2021\/12\/07-Press-Logo.jpg\",\"contentUrl\":\"https:\/\/permbledhja.com\/wp-content\/uploads\/2021\/12\/07-Press-Logo.jpg\",\"width\":512,\"height\":512,\"caption\":\"MK Media & Pr\"},\"image\":{\"@id\":\"https:\/\/permbledhja.com\/#\/schema\/logo\/image\/\"},\"sameAs\":[\"https:\/\/www.facebook.com\/press07\/\"]},{\"@type\":\"Person\",\"@id\":\"https:\/\/permbledhja.com\/#\/schema\/person\/0d064377258d3221e50693947b9eb4fe\",\"name\":\"P\u00ebrmbledhja\",\"image\":{\"@type\":\"ImageObject\",\"inLanguage\":\"sq\",\"@id\":\"https:\/\/permbledhja.com\/#\/schema\/person\/image\/\",\"url\":\"https:\/\/permbledhja.com\/wp-content\/uploads\/2026\/01\/452004717_1040944174702970_8932037511805513407_n-96x96.jpg\",\"contentUrl\":\"https:\/\/permbledhja.com\/wp-content\/uploads\/2026\/01\/452004717_1040944174702970_8932037511805513407_n-96x96.jpg\",\"caption\":\"P\u00ebrmbledhja\"},\"sameAs\":[\"https:\/\/www.facebook.com\/kafexhiu.muharrem\/\",\"https:\/\/www.instagram.com\/muharrem_kafexhiu\/\"],\"url\":\"https:\/\/permbledhja.com\/sq\/author\/admin\/\"}]}<\/script>\n<!-- \/ Yoast SEO plugin. -->","yoast_head_json":{"title":"Rama ia shuan \u201c\u00ebndrrat\u201d Serbis\u00eb: P\u00ebrpjekja q\u00eb t\u00eb rihapet \u00e7\u00ebshtja e Kosov\u00ebs n\u00eb OKB, e kot\u00eb","robots":{"index":"index","follow":"follow","max-snippet":"max-snippet:-1","max-image-preview":"max-image-preview:large","max-video-preview":"max-video-preview:-1"},"canonical":"https:\/\/permbledhja.com\/sq\/rama-ia-shuan-endrrat-serbise-perpjekja-qe-te-rihapet-ceshtja-e-kosoves-ne-okb-e-kote\/","og_locale":"sq_AL","og_type":"article","og_title":"Rama ia shuan \u201c\u00ebndrrat\u201d Serbis\u00eb: P\u00ebrpjekja q\u00eb t\u00eb rihapet \u00e7\u00ebshtja e Kosov\u00ebs n\u00eb OKB, e kot\u00eb","og_description":"Kryeministri Edi Rama i konsideron t\u00eb kota p\u00ebrpjepjekjet e Serbis\u00eb dhe Rusis\u00eb p\u00ebr t\u00eb rihapur \u00e7\u00ebshtjen e Kosov\u00ebs n\u00eb OKB. N\u00eb nj\u00eb intervist\u00eb p\u00ebr emisionin Real Story n\u00eb ABC News, Rama tha se Kosova e ka fituar luft\u00ebn dhe Kosova Republik\u00eb, \u00ebsht\u00eb konfirmuar edhe nga vet\u00eb Gjykata nd\u00ebrkomb\u00ebtare dhe kjo \u00ebsht\u00eb pa kthim. \u201cJan\u00eb p\u00ebrpjekje [&hellip;]","og_url":"https:\/\/permbledhja.com\/sq\/rama-ia-shuan-endrrat-serbise-perpjekja-qe-te-rihapet-ceshtja-e-kosoves-ne-okb-e-kote\/","og_site_name":"Ve\u00e7 artikuj p\u00ebrmbledh\u00ebs","article_publisher":"https:\/\/www.facebook.com\/press07\/","article_author":"https:\/\/www.facebook.com\/kafexhiu.muharrem\/","article_published_time":"2023-09-21T20:56:58+00:00","og_image":[{"width":460,"height":321,"url":"https:\/\/permbledhja.com\/wp-content\/uploads\/2023\/04\/edi-rama.png","type":"image\/png"}],"author":"P\u00ebrmbledhja","twitter_card":"summary_large_image","twitter_misc":{"Written by":"P\u00ebrmbledhja","Est. reading time":"1 minut\u00eb"},"schema":{"@context":"https:\/\/schema.org","@graph":[{"@type":"Article","@id":"https:\/\/permbledhja.com\/rama-ia-shuan-endrrat-serbise-perpjekja-qe-te-rihapet-ceshtja-e-kosoves-ne-okb-e-kote\/#article","isPartOf":{"@id":"https:\/\/permbledhja.com\/rama-ia-shuan-endrrat-serbise-perpjekja-qe-te-rihapet-ceshtja-e-kosoves-ne-okb-e-kote\/"},"author":{"name":"P\u00ebrmbledhja","@id":"https:\/\/permbledhja.com\/#\/schema\/person\/0d064377258d3221e50693947b9eb4fe"},"headline":"Rama ia shuan \u201c\u00ebndrrat\u201d Serbis\u00eb: P\u00ebrpjekja q\u00eb t\u00eb rihapet \u00e7\u00ebshtja e Kosov\u00ebs n\u00eb OKB, e kot\u00eb","datePublished":"2023-09-21T20:56:58+00:00","dateModified":"2023-09-21T20:56:58+00:00","mainEntityOfPage":{"@id":"https:\/\/permbledhja.com\/rama-ia-shuan-endrrat-serbise-perpjekja-qe-te-rihapet-ceshtja-e-kosoves-ne-okb-e-kote\/"},"wordCount":178,"publisher":{"@id":"https:\/\/permbledhja.com\/#organization"},"keywords":["Kosova","OKB"],"articleSection":["Komb\u00ebtare","Lajme"],"inLanguage":"sq"},{"@type":"WebPage","@id":"https:\/\/permbledhja.com\/rama-ia-shuan-endrrat-serbise-perpjekja-qe-te-rihapet-ceshtja-e-kosoves-ne-okb-e-kote\/","url":"https:\/\/permbledhja.com\/rama-ia-shuan-endrrat-serbise-perpjekja-qe-te-rihapet-ceshtja-e-kosoves-ne-okb-e-kote\/","name":"Rama ia shuan \u201c\u00ebndrrat\u201d Serbis\u00eb: P\u00ebrpjekja q\u00eb t\u00eb rihapet \u00e7\u00ebshtja e Kosov\u00ebs n\u00eb OKB, e kot\u00eb","isPartOf":{"@id":"https:\/\/permbledhja.com\/#website"},"datePublished":"2023-09-21T20:56:58+00:00","dateModified":"2023-09-21T20:56:58+00:00","breadcrumb":{"@id":"https:\/\/permbledhja.com\/rama-ia-shuan-endrrat-serbise-perpjekja-qe-te-rihapet-ceshtja-e-kosoves-ne-okb-e-kote\/#breadcrumb"},"inLanguage":"sq","potentialAction":[{"@type":"ReadAction","target":["https:\/\/permbledhja.com\/rama-ia-shuan-endrrat-serbise-perpjekja-qe-te-rihapet-ceshtja-e-kosoves-ne-okb-e-kote\/"]}]},{"@type":"BreadcrumbList","@id":"https:\/\/permbledhja.com\/rama-ia-shuan-endrrat-serbise-perpjekja-qe-te-rihapet-ceshtja-e-kosoves-ne-okb-e-kote\/#breadcrumb","itemListElement":[{"@type":"ListItem","position":1,"name":"Ballina","item":"https:\/\/permbledhja.com\/sq\/"},{"@type":"ListItem","position":2,"name":"Rama ia shuan \u201c\u00ebndrrat\u201d Serbis\u00eb: P\u00ebrpjekja q\u00eb t\u00eb rihapet \u00e7\u00ebshtja e Kosov\u00ebs n\u00eb OKB, e kot\u00eb"}]},{"@type":"WebSite","@id":"https:\/\/permbledhja.com\/#website","url":"https:\/\/permbledhja.com\/","name":"Ve\u00e7 artikuj p\u00ebrmbledh\u00ebs","description":"","publisher":{"@id":"https:\/\/permbledhja.com\/#organization"},"potentialAction":[{"@type":"SearchAction","target":{"@type":"EntryPoint","urlTemplate":"https:\/\/permbledhja.com\/?s={search_term_string}"},"query-input":"required name=search_term_string"}],"inLanguage":"sq"},{"@type":"Organization","@id":"https:\/\/permbledhja.com\/#organization","name":"MK Media & Pr","url":"https:\/\/permbledhja.com\/","logo":{"@type":"ImageObject","inLanguage":"sq","@id":"https:\/\/permbledhja.com\/#\/schema\/logo\/image\/","url":"https:\/\/permbledhja.com\/wp-content\/uploads\/2021\/12\/07-Press-Logo.jpg","contentUrl":"https:\/\/permbledhja.com\/wp-content\/uploads\/2021\/12\/07-Press-Logo.jpg","width":512,"height":512,"caption":"MK Media & Pr"},"image":{"@id":"https:\/\/permbledhja.com\/#\/schema\/logo\/image\/"},"sameAs":["https:\/\/www.facebook.com\/press07\/"]},{"@type":"Person","@id":"https:\/\/permbledhja.com\/#\/schema\/person\/0d064377258d3221e50693947b9eb4fe","name":"P\u00ebrmbledhja","image":{"@type":"ImageObject","inLanguage":"sq","@id":"https:\/\/permbledhja.com\/#\/schema\/person\/image\/","url":"https:\/\/permbledhja.com\/wp-content\/uploads\/2026\/01\/452004717_1040944174702970_8932037511805513407_n-96x96.jpg","contentUrl":"https:\/\/permbledhja.com\/wp-content\/uploads\/2026\/01\/452004717_1040944174702970_8932037511805513407_n-96x96.jpg","caption":"P\u00ebrmbledhja"},"sameAs":["https:\/\/www.facebook.com\/kafexhiu.muharrem\/","https:\/\/www.instagram.com\/muharrem_kafexhiu\/"],"url":"https:\/\/permbledhja.com\/sq\/author\/admin\/"}]}},"_links":{"self":[{"href":"https:\/\/permbledhja.com\/sq\/wp-json\/wp\/v2\/posts\/27688"}],"collection":[{"href":"https:\/\/permbledhja.com\/sq\/wp-json\/wp\/v2\/posts"}],"about":[{"href":"https:\/\/permbledhja.com\/sq\/wp-json\/wp\/v2\/types\/post"}],"author":[{"embeddable":true,"href":"https:\/\/permbledhja.com\/sq\/wp-json\/wp\/v2\/users\/1"}],"replies":[{"embeddable":true,"href":"https:\/\/permbledhja.com\/sq\/wp-json\/wp\/v2\/comments?post=27688"}],"version-history":[{"count":1,"href":"https:\/\/permbledhja.com\/sq\/wp-json\/wp\/v2\/posts\/27688\/revisions"}],"predecessor-version":[{"id":27689,"href":"https:\/\/permbledhja.com\/sq\/wp-json\/wp\/v2\/posts\/27688\/revisions\/27689"}],"wp:featuredmedia":[{"embeddable":true,"href":"https:\/\/permbledhja.com\/sq\/wp-json\/wp\/v2\/media\/13378"}],"wp:attachment":[{"href":"https:\/\/permbledhja.com\/sq\/wp-json\/wp\/v2\/media?parent=27688"}],"wp:term":[{"taxonomy":"category","embeddable":true,"href":"https:\/\/permbledhja.com\/sq\/wp-json\/wp\/v2\/categories?post=27688"},{"taxonomy":"post_tag","embeddable":true,"href":"https:\/\/permbledhja.com\/sq\/wp-json\/wp\/v2\/tags?post=27688"}],"curies":[{"name":"wp","href":"https:\/\/api.w.org\/{rel}","templated":true}]}}