{"id":27565,"date":"2023-09-20T19:50:21","date_gmt":"2023-09-20T19:50:21","guid":{"rendered":"https:\/\/permbledhja.com\/?p=27565"},"modified":"2023-09-20T19:50:21","modified_gmt":"2023-09-20T19:50:21","slug":"tome-gashi-nese-sot-shpallet-vendimi-per-thacin-e-veselin-ata-lirohen","status":"publish","type":"post","link":"https:\/\/permbledhja.com\/sq\/tome-gashi-nese-sot-shpallet-vendimi-per-thacin-e-veselin-ata-lirohen\/","title":{"rendered":"Tom\u00eb Gashi: N\u00ebse sot shpallet vendimi p\u00ebr Tha\u00e7in e Veselin, ata lirohen"},"content":{"rendered":"<h3>Tom\u00eb Gashi, avokat, ka th\u00ebn\u00eb se n\u00ebse do t\u00eb kishte tash nj\u00eb aktgjykim nga Specialja me shum\u00eb gjas\u00eb do t\u00eb ishte lirues p\u00ebr Hashim Tha\u00e7in, Kadri Veselin dhe t\u00eb tjer\u00ebt.<\/h3>\n<p>K\u00ebt\u00eb deklarat\u00eb Gashi e ka th\u00ebn\u00eb n\u00eb Pressing t\u00eb m\u00ebrkur\u00ebn.<\/p>\n<p><em>\u201dN\u00ebse sot kishim me pru nj\u00eb aktgjykim ndaj Hashim Tha\u00e7it, Kadri Veselit, dhe t\u00eb tjer\u00ebve, kushdo q\u00eb \u00ebsht\u00eb i p\u00ebrfshir\u00eb n\u00eb k\u00ebto aktakuza, me siguri \u00ebsht\u00eb nj\u00eb aktgjykim lirues. \u00cbsht\u00eb gati e sigurt\u201d<\/em>, ka th\u00ebn\u00eb ai.<\/p>\n<p>Por, Gashi tha \u00ebsht\u00eb e frikshme fakti se 75% e d\u00ebshmitar\u00ebve n\u00eb Speciale kan\u00eb d\u00ebshmuar n\u00eb seanca t\u00eb mbyllura.<\/p>\n<p><em>\u201dAjo q\u00eb \u00ebsht\u00eb e frikshme \u00ebsht\u00eb 75% e d\u00ebshmive q\u00eb jan\u00eb t\u00eb mbyllura, dhe taktika e prokuror\u00ebve \u00ebsht\u00eb e till\u00eb saq\u00eb d\u00ebshmit\u00eb kryesore i ka t\u00eb mbyllura sepse jan\u00eb shum\u00eb arsyeje sipas tyre personat e caktuar jan\u00eb d\u00ebshmitar\u00eb anonim, t\u00eb mbrojtur apo d\u00ebshmitar\u00eb q\u00eb ne nuk i dim\u00eb\u201d<\/em>, ka th\u00ebn\u00eb ai.<\/p>\n<p>Gjykata Speciale po akuzon ish-krer\u00ebt e U\u00c7K-s\u00eb p\u00ebr \u201ckrime lufte\u201d, p\u00ebrfshir\u00eb edhe ish-presidentin e Kosov\u00ebs, Hashim Tha\u00e7i.<\/p>\n","protected":false},"excerpt":{"rendered":"<p>Tom\u00eb Gashi, avokat, ka th\u00ebn\u00eb se n\u00ebse do t\u00eb kishte tash nj\u00eb aktgjykim nga Specialja me shum\u00eb gjas\u00eb do t\u00eb ishte lirues p\u00ebr Hashim Tha\u00e7in, Kadri Veselin dhe t\u00eb tjer\u00ebt. K\u00ebt\u00eb deklarat\u00eb Gashi e ka th\u00ebn\u00eb n\u00eb Pressing t\u00eb m\u00ebrkur\u00ebn. \u201dN\u00ebse sot kishim me pru nj\u00eb aktgjykim ndaj Hashim Tha\u00e7it, Kadri Veselit, dhe t\u00eb tjer\u00ebve, [&hellip;]<\/p>\n","protected":false},"author":1,"featured_media":13560,"comment_status":"closed","ping_status":"closed","sticky":false,"template":"","format":"standard","meta":{"_monsterinsights_skip_tracking":false,"_monsterinsights_sitenote_active":false,"_monsterinsights_sitenote_note":"","_monsterinsights_sitenote_category":0,"_uf_show_specific_survey":0,"_uf_disable_surveys":false,"footnotes":""},"categories":[23,15],"tags":[1085],"yoast_head":"<!-- This site is optimized with the Yoast SEO plugin v21.5 - https:\/\/yoast.com\/wordpress\/plugins\/seo\/ -->\n<title>Tom\u00eb Gashi: N\u00ebse sot shpallet vendimi p\u00ebr Tha\u00e7in e Veselin, ata lirohen<\/title>\n<meta name=\"robots\" content=\"index, follow, max-snippet:-1, max-image-preview:large, max-video-preview:-1\" \/>\n<link rel=\"canonical\" href=\"https:\/\/permbledhja.com\/sq\/tome-gashi-nese-sot-shpallet-vendimi-per-thacin-e-veselin-ata-lirohen\/\" \/>\n<meta property=\"og:locale\" content=\"sq_AL\" \/>\n<meta property=\"og:type\" content=\"article\" \/>\n<meta property=\"og:title\" content=\"Tom\u00eb Gashi: N\u00ebse sot shpallet vendimi p\u00ebr Tha\u00e7in e Veselin, ata lirohen\" \/>\n<meta property=\"og:description\" content=\"Tom\u00eb Gashi, avokat, ka th\u00ebn\u00eb se n\u00ebse do t\u00eb kishte tash nj\u00eb aktgjykim nga Specialja me shum\u00eb gjas\u00eb do t\u00eb ishte lirues p\u00ebr Hashim Tha\u00e7in, Kadri Veselin dhe t\u00eb tjer\u00ebt. K\u00ebt\u00eb deklarat\u00eb Gashi e ka th\u00ebn\u00eb n\u00eb Pressing t\u00eb m\u00ebrkur\u00ebn. \u201dN\u00ebse sot kishim me pru nj\u00eb aktgjykim ndaj Hashim Tha\u00e7it, Kadri Veselit, dhe t\u00eb tjer\u00ebve, [&hellip;]\" \/>\n<meta property=\"og:url\" content=\"https:\/\/permbledhja.com\/sq\/tome-gashi-nese-sot-shpallet-vendimi-per-thacin-e-veselin-ata-lirohen\/\" \/>\n<meta property=\"og:site_name\" content=\"Ve\u00e7 artikuj p\u00ebrmbledh\u00ebs\" \/>\n<meta property=\"article:publisher\" content=\"https:\/\/www.facebook.com\/press07\/\" \/>\n<meta property=\"article:author\" content=\"https:\/\/www.facebook.com\/kafexhiu.muharrem\/\" \/>\n<meta property=\"article:published_time\" content=\"2023-09-20T19:50:21+00:00\" \/>\n<meta property=\"og:image\" content=\"https:\/\/permbledhja.com\/wp-content\/uploads\/2023\/04\/tome-gashi-595959.png\" \/>\n\t<meta property=\"og:image:width\" content=\"682\" \/>\n\t<meta property=\"og:image:height\" content=\"411\" \/>\n\t<meta property=\"og:image:type\" content=\"image\/png\" \/>\n<meta name=\"author\" content=\"P\u00ebrmbledhja\" \/>\n<meta name=\"twitter:card\" content=\"summary_large_image\" \/>\n<meta name=\"twitter:label1\" content=\"Written by\" \/>\n\t<meta name=\"twitter:data1\" content=\"P\u00ebrmbledhja\" \/>\n\t<meta name=\"twitter:label2\" content=\"Est. reading time\" \/>\n\t<meta name=\"twitter:data2\" content=\"1 minut\u00eb\" \/>\n<script type=\"application\/ld+json\" class=\"yoast-schema-graph\">{\"@context\":\"https:\/\/schema.org\",\"@graph\":[{\"@type\":\"Article\",\"@id\":\"https:\/\/permbledhja.com\/tome-gashi-nese-sot-shpallet-vendimi-per-thacin-e-veselin-ata-lirohen\/#article\",\"isPartOf\":{\"@id\":\"https:\/\/permbledhja.com\/tome-gashi-nese-sot-shpallet-vendimi-per-thacin-e-veselin-ata-lirohen\/\"},\"author\":{\"name\":\"P\u00ebrmbledhja\",\"@id\":\"https:\/\/permbledhja.com\/#\/schema\/person\/0d064377258d3221e50693947b9eb4fe\"},\"headline\":\"Tom\u00eb Gashi: N\u00ebse sot shpallet vendimi p\u00ebr Tha\u00e7in e Veselin, ata lirohen\",\"datePublished\":\"2023-09-20T19:50:21+00:00\",\"dateModified\":\"2023-09-20T19:50:21+00:00\",\"mainEntityOfPage\":{\"@id\":\"https:\/\/permbledhja.com\/tome-gashi-nese-sot-shpallet-vendimi-per-thacin-e-veselin-ata-lirohen\/\"},\"wordCount\":206,\"publisher\":{\"@id\":\"https:\/\/permbledhja.com\/#organization\"},\"keywords\":[\"Specialja\"],\"articleSection\":[\"Komb\u00ebtare\",\"Lajme\"],\"inLanguage\":\"sq\"},{\"@type\":\"WebPage\",\"@id\":\"https:\/\/permbledhja.com\/tome-gashi-nese-sot-shpallet-vendimi-per-thacin-e-veselin-ata-lirohen\/\",\"url\":\"https:\/\/permbledhja.com\/tome-gashi-nese-sot-shpallet-vendimi-per-thacin-e-veselin-ata-lirohen\/\",\"name\":\"Tom\u00eb Gashi: N\u00ebse sot shpallet vendimi p\u00ebr Tha\u00e7in e Veselin, ata lirohen\",\"isPartOf\":{\"@id\":\"https:\/\/permbledhja.com\/#website\"},\"datePublished\":\"2023-09-20T19:50:21+00:00\",\"dateModified\":\"2023-09-20T19:50:21+00:00\",\"breadcrumb\":{\"@id\":\"https:\/\/permbledhja.com\/tome-gashi-nese-sot-shpallet-vendimi-per-thacin-e-veselin-ata-lirohen\/#breadcrumb\"},\"inLanguage\":\"sq\",\"potentialAction\":[{\"@type\":\"ReadAction\",\"target\":[\"https:\/\/permbledhja.com\/tome-gashi-nese-sot-shpallet-vendimi-per-thacin-e-veselin-ata-lirohen\/\"]}]},{\"@type\":\"BreadcrumbList\",\"@id\":\"https:\/\/permbledhja.com\/tome-gashi-nese-sot-shpallet-vendimi-per-thacin-e-veselin-ata-lirohen\/#breadcrumb\",\"itemListElement\":[{\"@type\":\"ListItem\",\"position\":1,\"name\":\"Ballina\",\"item\":\"https:\/\/permbledhja.com\/sq\/\"},{\"@type\":\"ListItem\",\"position\":2,\"name\":\"Tom\u00eb Gashi: N\u00ebse sot shpallet vendimi p\u00ebr Tha\u00e7in e Veselin, ata lirohen\"}]},{\"@type\":\"WebSite\",\"@id\":\"https:\/\/permbledhja.com\/#website\",\"url\":\"https:\/\/permbledhja.com\/\",\"name\":\"Ve\u00e7 artikuj p\u00ebrmbledh\u00ebs\",\"description\":\"\",\"publisher\":{\"@id\":\"https:\/\/permbledhja.com\/#organization\"},\"potentialAction\":[{\"@type\":\"SearchAction\",\"target\":{\"@type\":\"EntryPoint\",\"urlTemplate\":\"https:\/\/permbledhja.com\/?s={search_term_string}\"},\"query-input\":\"required name=search_term_string\"}],\"inLanguage\":\"sq\"},{\"@type\":\"Organization\",\"@id\":\"https:\/\/permbledhja.com\/#organization\",\"name\":\"MK Media & Pr\",\"url\":\"https:\/\/permbledhja.com\/\",\"logo\":{\"@type\":\"ImageObject\",\"inLanguage\":\"sq\",\"@id\":\"https:\/\/permbledhja.com\/#\/schema\/logo\/image\/\",\"url\":\"https:\/\/permbledhja.com\/wp-content\/uploads\/2021\/12\/07-Press-Logo.jpg\",\"contentUrl\":\"https:\/\/permbledhja.com\/wp-content\/uploads\/2021\/12\/07-Press-Logo.jpg\",\"width\":512,\"height\":512,\"caption\":\"MK Media & Pr\"},\"image\":{\"@id\":\"https:\/\/permbledhja.com\/#\/schema\/logo\/image\/\"},\"sameAs\":[\"https:\/\/www.facebook.com\/press07\/\"]},{\"@type\":\"Person\",\"@id\":\"https:\/\/permbledhja.com\/#\/schema\/person\/0d064377258d3221e50693947b9eb4fe\",\"name\":\"P\u00ebrmbledhja\",\"image\":{\"@type\":\"ImageObject\",\"inLanguage\":\"sq\",\"@id\":\"https:\/\/permbledhja.com\/#\/schema\/person\/image\/\",\"url\":\"https:\/\/permbledhja.com\/wp-content\/uploads\/2026\/01\/452004717_1040944174702970_8932037511805513407_n-96x96.jpg\",\"contentUrl\":\"https:\/\/permbledhja.com\/wp-content\/uploads\/2026\/01\/452004717_1040944174702970_8932037511805513407_n-96x96.jpg\",\"caption\":\"P\u00ebrmbledhja\"},\"sameAs\":[\"https:\/\/www.facebook.com\/kafexhiu.muharrem\/\",\"https:\/\/www.instagram.com\/muharrem_kafexhiu\/\"],\"url\":\"https:\/\/permbledhja.com\/sq\/author\/admin\/\"}]}<\/script>\n<!-- \/ Yoast SEO plugin. -->","yoast_head_json":{"title":"Tom\u00eb Gashi: N\u00ebse sot shpallet vendimi p\u00ebr Tha\u00e7in e Veselin, ata lirohen","robots":{"index":"index","follow":"follow","max-snippet":"max-snippet:-1","max-image-preview":"max-image-preview:large","max-video-preview":"max-video-preview:-1"},"canonical":"https:\/\/permbledhja.com\/sq\/tome-gashi-nese-sot-shpallet-vendimi-per-thacin-e-veselin-ata-lirohen\/","og_locale":"sq_AL","og_type":"article","og_title":"Tom\u00eb Gashi: N\u00ebse sot shpallet vendimi p\u00ebr Tha\u00e7in e Veselin, ata lirohen","og_description":"Tom\u00eb Gashi, avokat, ka th\u00ebn\u00eb se n\u00ebse do t\u00eb kishte tash nj\u00eb aktgjykim nga Specialja me shum\u00eb gjas\u00eb do t\u00eb ishte lirues p\u00ebr Hashim Tha\u00e7in, Kadri Veselin dhe t\u00eb tjer\u00ebt. K\u00ebt\u00eb deklarat\u00eb Gashi e ka th\u00ebn\u00eb n\u00eb Pressing t\u00eb m\u00ebrkur\u00ebn. \u201dN\u00ebse sot kishim me pru nj\u00eb aktgjykim ndaj Hashim Tha\u00e7it, Kadri Veselit, dhe t\u00eb tjer\u00ebve, [&hellip;]","og_url":"https:\/\/permbledhja.com\/sq\/tome-gashi-nese-sot-shpallet-vendimi-per-thacin-e-veselin-ata-lirohen\/","og_site_name":"Ve\u00e7 artikuj p\u00ebrmbledh\u00ebs","article_publisher":"https:\/\/www.facebook.com\/press07\/","article_author":"https:\/\/www.facebook.com\/kafexhiu.muharrem\/","article_published_time":"2023-09-20T19:50:21+00:00","og_image":[{"width":682,"height":411,"url":"https:\/\/permbledhja.com\/wp-content\/uploads\/2023\/04\/tome-gashi-595959.png","type":"image\/png"}],"author":"P\u00ebrmbledhja","twitter_card":"summary_large_image","twitter_misc":{"Written by":"P\u00ebrmbledhja","Est. reading time":"1 minut\u00eb"},"schema":{"@context":"https:\/\/schema.org","@graph":[{"@type":"Article","@id":"https:\/\/permbledhja.com\/tome-gashi-nese-sot-shpallet-vendimi-per-thacin-e-veselin-ata-lirohen\/#article","isPartOf":{"@id":"https:\/\/permbledhja.com\/tome-gashi-nese-sot-shpallet-vendimi-per-thacin-e-veselin-ata-lirohen\/"},"author":{"name":"P\u00ebrmbledhja","@id":"https:\/\/permbledhja.com\/#\/schema\/person\/0d064377258d3221e50693947b9eb4fe"},"headline":"Tom\u00eb Gashi: N\u00ebse sot shpallet vendimi p\u00ebr Tha\u00e7in e Veselin, ata lirohen","datePublished":"2023-09-20T19:50:21+00:00","dateModified":"2023-09-20T19:50:21+00:00","mainEntityOfPage":{"@id":"https:\/\/permbledhja.com\/tome-gashi-nese-sot-shpallet-vendimi-per-thacin-e-veselin-ata-lirohen\/"},"wordCount":206,"publisher":{"@id":"https:\/\/permbledhja.com\/#organization"},"keywords":["Specialja"],"articleSection":["Komb\u00ebtare","Lajme"],"inLanguage":"sq"},{"@type":"WebPage","@id":"https:\/\/permbledhja.com\/tome-gashi-nese-sot-shpallet-vendimi-per-thacin-e-veselin-ata-lirohen\/","url":"https:\/\/permbledhja.com\/tome-gashi-nese-sot-shpallet-vendimi-per-thacin-e-veselin-ata-lirohen\/","name":"Tom\u00eb Gashi: N\u00ebse sot shpallet vendimi p\u00ebr Tha\u00e7in e Veselin, ata lirohen","isPartOf":{"@id":"https:\/\/permbledhja.com\/#website"},"datePublished":"2023-09-20T19:50:21+00:00","dateModified":"2023-09-20T19:50:21+00:00","breadcrumb":{"@id":"https:\/\/permbledhja.com\/tome-gashi-nese-sot-shpallet-vendimi-per-thacin-e-veselin-ata-lirohen\/#breadcrumb"},"inLanguage":"sq","potentialAction":[{"@type":"ReadAction","target":["https:\/\/permbledhja.com\/tome-gashi-nese-sot-shpallet-vendimi-per-thacin-e-veselin-ata-lirohen\/"]}]},{"@type":"BreadcrumbList","@id":"https:\/\/permbledhja.com\/tome-gashi-nese-sot-shpallet-vendimi-per-thacin-e-veselin-ata-lirohen\/#breadcrumb","itemListElement":[{"@type":"ListItem","position":1,"name":"Ballina","item":"https:\/\/permbledhja.com\/sq\/"},{"@type":"ListItem","position":2,"name":"Tom\u00eb Gashi: N\u00ebse sot shpallet vendimi p\u00ebr Tha\u00e7in e Veselin, ata lirohen"}]},{"@type":"WebSite","@id":"https:\/\/permbledhja.com\/#website","url":"https:\/\/permbledhja.com\/","name":"Ve\u00e7 artikuj p\u00ebrmbledh\u00ebs","description":"","publisher":{"@id":"https:\/\/permbledhja.com\/#organization"},"potentialAction":[{"@type":"SearchAction","target":{"@type":"EntryPoint","urlTemplate":"https:\/\/permbledhja.com\/?s={search_term_string}"},"query-input":"required name=search_term_string"}],"inLanguage":"sq"},{"@type":"Organization","@id":"https:\/\/permbledhja.com\/#organization","name":"MK Media & Pr","url":"https:\/\/permbledhja.com\/","logo":{"@type":"ImageObject","inLanguage":"sq","@id":"https:\/\/permbledhja.com\/#\/schema\/logo\/image\/","url":"https:\/\/permbledhja.com\/wp-content\/uploads\/2021\/12\/07-Press-Logo.jpg","contentUrl":"https:\/\/permbledhja.com\/wp-content\/uploads\/2021\/12\/07-Press-Logo.jpg","width":512,"height":512,"caption":"MK Media & Pr"},"image":{"@id":"https:\/\/permbledhja.com\/#\/schema\/logo\/image\/"},"sameAs":["https:\/\/www.facebook.com\/press07\/"]},{"@type":"Person","@id":"https:\/\/permbledhja.com\/#\/schema\/person\/0d064377258d3221e50693947b9eb4fe","name":"P\u00ebrmbledhja","image":{"@type":"ImageObject","inLanguage":"sq","@id":"https:\/\/permbledhja.com\/#\/schema\/person\/image\/","url":"https:\/\/permbledhja.com\/wp-content\/uploads\/2026\/01\/452004717_1040944174702970_8932037511805513407_n-96x96.jpg","contentUrl":"https:\/\/permbledhja.com\/wp-content\/uploads\/2026\/01\/452004717_1040944174702970_8932037511805513407_n-96x96.jpg","caption":"P\u00ebrmbledhja"},"sameAs":["https:\/\/www.facebook.com\/kafexhiu.muharrem\/","https:\/\/www.instagram.com\/muharrem_kafexhiu\/"],"url":"https:\/\/permbledhja.com\/sq\/author\/admin\/"}]}},"_links":{"self":[{"href":"https:\/\/permbledhja.com\/sq\/wp-json\/wp\/v2\/posts\/27565"}],"collection":[{"href":"https:\/\/permbledhja.com\/sq\/wp-json\/wp\/v2\/posts"}],"about":[{"href":"https:\/\/permbledhja.com\/sq\/wp-json\/wp\/v2\/types\/post"}],"author":[{"embeddable":true,"href":"https:\/\/permbledhja.com\/sq\/wp-json\/wp\/v2\/users\/1"}],"replies":[{"embeddable":true,"href":"https:\/\/permbledhja.com\/sq\/wp-json\/wp\/v2\/comments?post=27565"}],"version-history":[{"count":1,"href":"https:\/\/permbledhja.com\/sq\/wp-json\/wp\/v2\/posts\/27565\/revisions"}],"predecessor-version":[{"id":27566,"href":"https:\/\/permbledhja.com\/sq\/wp-json\/wp\/v2\/posts\/27565\/revisions\/27566"}],"wp:featuredmedia":[{"embeddable":true,"href":"https:\/\/permbledhja.com\/sq\/wp-json\/wp\/v2\/media\/13560"}],"wp:attachment":[{"href":"https:\/\/permbledhja.com\/sq\/wp-json\/wp\/v2\/media?parent=27565"}],"wp:term":[{"taxonomy":"category","embeddable":true,"href":"https:\/\/permbledhja.com\/sq\/wp-json\/wp\/v2\/categories?post=27565"},{"taxonomy":"post_tag","embeddable":true,"href":"https:\/\/permbledhja.com\/sq\/wp-json\/wp\/v2\/tags?post=27565"}],"curies":[{"name":"wp","href":"https:\/\/api.w.org\/{rel}","templated":true}]}}