{"id":27562,"date":"2023-09-20T19:35:18","date_gmt":"2023-09-20T19:35:18","guid":{"rendered":"https:\/\/permbledhja.com\/?p=27562"},"modified":"2023-09-20T19:35:18","modified_gmt":"2023-09-20T19:35:18","slug":"a-eshte-vjosa-osmani-figure-e-ardhshme-dhe-alternative-e-be-se-dhe-shba-se","status":"publish","type":"post","link":"https:\/\/permbledhja.com\/sq\/a-eshte-vjosa-osmani-figure-e-ardhshme-dhe-alternative-e-be-se-dhe-shba-se\/","title":{"rendered":"A \u00ebsht\u00eb Vjosa Osmani &#8220;figur\u00eb e ardhshme&#8221; dhe &#8220;alternativ\u00eb&#8221; e BE-s\u00eb dhe SHBA-s\u00eb?"},"content":{"rendered":"<h3>Kritikat e evropian\u00ebve dhe amerikan\u00ebve ndaj kryeministrit, Albin Kurti si duket i ka dh\u00ebn\u00eb m\u00eb shum\u00eb hap\u00ebsir\u00eb presidentes, Vjosa Osmani e cila ka pasur takime t\u00eb r\u00ebnd\u00ebsishme n\u00eb SHBA n\u00eb kuad\u00ebr t\u00eb aktiviteteve t\u00eb Asambles\u00eb s\u00eb P\u00ebrgjithshme t\u00eb Organizat\u00ebs s\u00eb Kombeve t\u00eb Bashkuara. Nd\u00ebrkoh\u00eb n\u00eb Kosov\u00eb, presidentja Osmani po komentohet si nj\u00eb \u201c<i>figur\u00eb e ardhshme<\/i>\u201d q\u00eb mund t\u00eb luaj rol kund\u00ebr kryeministrit Kurti pas p\u00ebrplasjeve t\u00eb tij me nd\u00ebrkomb\u00ebtar\u00ebt p\u00ebr dialogun me Serbin\u00eb.<\/h3>\n<p>Analist\u00ebt t\u00eb zhvillimeve politike, po e shohin si mund\u00ebsi q\u00eb presidentja, Vjosa Osmani, po \u201c<i>p\u00ebrdoret<\/i>\u201d nga SHBA-ja dhe BE-ja p\u00ebr t\u00eb p\u00ebr\u00e7uar nj\u00eb mesazh te kryeministri Kurti, i cili sipas tyre, \u00ebsht\u00eb izoluar nga nd\u00ebrkomb\u00ebtar\u00ebt p\u00ebr shkak t\u00eb situat\u00ebs aktuale politike n\u00eb vend dhe dialogut me Serbin\u00eb.<\/p>\n<p>Analisti Shenoll Muharremi ka th\u00ebn\u00eb se takimet e presidentes Osmani n\u00eb Nju Jork gjat\u00eb aktiviteteve t\u00eb Asambles\u00eb s\u00eb P\u00ebrgjithashme t\u00eb Kombeve t\u00eb Bashkuara, \u00ebsht\u00eb nj\u00eb mund\u00ebsi t\u00eb cil\u00ebn Kurti e ka humbur.<\/p>\n<p>Muharremi thot\u00eb s\u00eb SHBA-ja dhe BE-ja po e p\u00ebrdorin Vjosa Osmanin si nj\u00eb \u201c<i>alternativ\u00eb<\/i>\u201d, kund\u00ebr Kurtit.<\/p>\n<p>\u201c<i>Pse nuk shkoj Kurti n\u00eb aktivitetet Asambles\u00eb s\u00eb P\u00ebrgjithashme t\u00eb Kombeve t\u00eb Bashkuara? E kuptoj q\u00eb ka marr\u00ebveshje me President\u00ebn ajo me p\u00ebrqaf\u00ebsu Kosov\u00ebn por nga pozita e keqe q\u00eb Kryeministri gjindet momentalisht n\u00eb diplomaci, ky ka qen\u00eb nj\u00eb rast i mir\u00eb, tashm\u00eb i humbur, me i rikuperuar humbjet dhe me shp\u00ebrthy izolimin nd\u00ebrkomb\u00ebtar q\u00eb ka. Nuk \u00ebsht\u00eb se po b\u00ebn\u00eb ndonj\u00eb pun\u00eb k\u00ebtu, dje ishte tek nj\u00eb ngjarje ku ndau disa grante por nuk u p\u00ebrgjigj n\u00eb pyetjet e gazetar\u00ebve.<\/i>\u201d \u2013 ka shkruar ai.<\/p>\n<p>\u201c<i>Po e shiqon Vjos\u00ebn n\u00eb televizion duke shk\u00eblqy atje. Sikurse m\u00eb her\u00eb, BE dhe SHBA po e p\u00ebrdorin President\u00ebn me theksu dhe kriju kontrast mes izolimit t\u00eb Kurtit dhe p\u00ebrqafimit t\u00eb Osmanit. Po thon\u00eb &#8220;shif, nes\u00eb ti nuk do, kemi alternativa tjera&#8221;. K\u00ebshtu ja b\u00ebn\u00eb edhe n\u00eb qershor n\u00eb Chisinau kur Osmani takoj Vuciq, por edhe Macronin dhe Scholz.<\/i>\u201d \u2013 ka shkruar Muharremi n\u00eb\u00a0<a>Facebook.<\/a><\/p>\n<p>Gjithashtu, edhe analisti i politik\u00ebs, Valon Syla, ka pyetur n\u00ebse \u201c<i>diplomacia per\u00ebndimore<\/i>\u201d Vjosa Osmanin po e sheh si figur\u00eb e ardhshme.<\/p>\n<p>\u201c<i>A eshte investim i diplomacis\u00eb per\u00ebndimore VVjosa si figur\u00eb e ardhshme kosovare&#8230; apo aq sa me ndihmu rr\u00ebzimin e Qeveris\u00eb Kurti? Pyetje q\u00eb vlen t\u00eb analizohet. Kurti \u00ebsht\u00eb te shpija momentalisht. Spe thirrin mo. Buken pe hajke mrenda, se ja kishin mshel edhe furr\u00ebn buke e kryp e zemer.<\/i>\u201d \u2013 ka shkruar Syla n\u00eb\u00a0<a href=\"https:\/\/nacionale.com\/politike\/&amp;lt;iframe%20src=&amp;quot;https:\/\/www.facebook.com\/plugins\/post.php?href=https%3A%2F%2Fwww.facebook.com%2Fvalon.a.syla.9%2Fposts%2Fpfbid0XJjzA8atv9DPHKg7qpiYyQcGKSw93hD1PUzUmY2eRsnUUg6e2fTD1apb5hU8mVJul&amp;show_text=true&amp;width=500&amp;quot;%20width=&amp;quot;500&amp;quot;%20height=&amp;quot;450&amp;quot;%20style=&amp;quot;border:none;overflow:hidden&amp;quot;%20scrolling=&amp;quot;no&amp;quot;%20frameborder=&amp;quot;0&amp;quot;%20allowfullscreen=&amp;quot;true&amp;quot;%20allow=&amp;quot;autoplay;%20clipboard-write;%20encrypted-media;%20picture-in-picture;%20web-share&amp;quot;&amp;gt;&amp;lt;\/iframe&amp;gt;\">Facebook.<\/a><\/p>\n<p>Reagime e analist\u00ebve n\u00eb Kosova, po b\u00ebhen pasi presidentja Osmani gjat\u00eb q\u00ebndrimit n\u00eb Amerik\u00eb \u00ebsht\u00eb takuar me Sekretarin e SHBA-ve, Antony Blinken.<\/p>\n<p>Osmani ka th\u00ebn\u00eb se me Blinkenin ka pasur nj\u00eb diskutim t\u00eb r\u00ebnd\u00ebsish\u00ebm p\u00ebr t\u00eb ardhmen euroatlantike t\u00eb Kosov\u00ebs dhe fuqizimin nd\u00ebrkomb\u00ebtar\u00eb t\u00eb vendit.<\/p>\n<p>\u201c<i>Diskutim i r\u00ebnd\u00ebsish\u00ebm me Sekretarin Blinken p\u00ebr t\u00eb ardhmen euroatlantike t\u00eb Kosov\u00ebs, fuqizimin nd\u00ebrkomb\u00ebtar t\u00eb vendit ton\u00eb, stabilitetin n\u00eb rajon, si dhe r\u00ebnd\u00ebsin\u00eb e bashk\u00ebrendimit me aleat\u00ebt.<\/i>\u201d \u2013 ka shkruar Osmani n\u00eb Facebook, duke shtuar se \u201c<i>lidhja me ShBA-t\u00eb \u00ebsht\u00eb ekzistenciale dhe e pashk\u00ebputshme<\/i>.\u201d<\/p>\n","protected":false},"excerpt":{"rendered":"<p>Kritikat e evropian\u00ebve dhe amerikan\u00ebve ndaj kryeministrit, Albin Kurti si duket i ka dh\u00ebn\u00eb m\u00eb shum\u00eb hap\u00ebsir\u00eb presidentes, Vjosa Osmani e cila ka pasur takime t\u00eb r\u00ebnd\u00ebsishme n\u00eb SHBA n\u00eb kuad\u00ebr t\u00eb aktiviteteve t\u00eb Asambles\u00eb s\u00eb P\u00ebrgjithshme t\u00eb Organizat\u00ebs s\u00eb Kombeve t\u00eb Bashkuara. Nd\u00ebrkoh\u00eb n\u00eb Kosov\u00eb, presidentja Osmani po komentohet si nj\u00eb \u201cfigur\u00eb e ardhshme\u201d [&hellip;]<\/p>\n","protected":false},"author":1,"featured_media":27563,"comment_status":"closed","ping_status":"closed","sticky":false,"template":"","format":"standard","meta":{"_monsterinsights_skip_tracking":false,"_monsterinsights_sitenote_active":false,"_monsterinsights_sitenote_note":"","_monsterinsights_sitenote_category":0,"_uf_show_specific_survey":0,"_uf_disable_surveys":false,"footnotes":""},"categories":[1146],"tags":[163],"yoast_head":"<!-- This site is optimized with the Yoast SEO plugin v21.5 - https:\/\/yoast.com\/wordpress\/plugins\/seo\/ -->\n<title>A \u00ebsht\u00eb Vjosa Osmani &quot;figur\u00eb e ardhshme&quot; dhe &quot;alternativ\u00eb&quot; e BE-s\u00eb dhe SHBA-s\u00eb?<\/title>\n<meta name=\"robots\" content=\"index, follow, max-snippet:-1, max-image-preview:large, max-video-preview:-1\" \/>\n<link rel=\"canonical\" href=\"https:\/\/permbledhja.com\/sq\/a-eshte-vjosa-osmani-figure-e-ardhshme-dhe-alternative-e-be-se-dhe-shba-se\/\" \/>\n<meta property=\"og:locale\" content=\"sq_AL\" \/>\n<meta property=\"og:type\" content=\"article\" \/>\n<meta property=\"og:title\" content=\"A \u00ebsht\u00eb Vjosa Osmani &quot;figur\u00eb e ardhshme&quot; dhe &quot;alternativ\u00eb&quot; e BE-s\u00eb dhe SHBA-s\u00eb?\" \/>\n<meta property=\"og:description\" content=\"Kritikat e evropian\u00ebve dhe amerikan\u00ebve ndaj kryeministrit, Albin Kurti si duket i ka dh\u00ebn\u00eb m\u00eb shum\u00eb hap\u00ebsir\u00eb presidentes, Vjosa Osmani e cila ka pasur takime t\u00eb r\u00ebnd\u00ebsishme n\u00eb SHBA n\u00eb kuad\u00ebr t\u00eb aktiviteteve t\u00eb Asambles\u00eb s\u00eb P\u00ebrgjithshme t\u00eb Organizat\u00ebs s\u00eb Kombeve t\u00eb Bashkuara. Nd\u00ebrkoh\u00eb n\u00eb Kosov\u00eb, presidentja Osmani po komentohet si nj\u00eb \u201cfigur\u00eb e ardhshme\u201d [&hellip;]\" \/>\n<meta property=\"og:url\" content=\"https:\/\/permbledhja.com\/sq\/a-eshte-vjosa-osmani-figure-e-ardhshme-dhe-alternative-e-be-se-dhe-shba-se\/\" \/>\n<meta property=\"og:site_name\" content=\"Ve\u00e7 artikuj p\u00ebrmbledh\u00ebs\" \/>\n<meta property=\"article:publisher\" content=\"https:\/\/www.facebook.com\/press07\/\" \/>\n<meta property=\"article:author\" content=\"https:\/\/www.facebook.com\/kafexhiu.muharrem\/\" \/>\n<meta property=\"article:published_time\" content=\"2023-09-20T19:35:18+00:00\" \/>\n<meta property=\"og:image\" content=\"https:\/\/permbledhja.com\/wp-content\/uploads\/2023\/09\/eeeeeeeeeeeeeeeeeee.jpg\" \/>\n\t<meta property=\"og:image:width\" content=\"718\" \/>\n\t<meta property=\"og:image:height\" content=\"442\" \/>\n\t<meta property=\"og:image:type\" content=\"image\/jpeg\" \/>\n<meta name=\"author\" content=\"P\u00ebrmbledhja\" \/>\n<meta name=\"twitter:card\" content=\"summary_large_image\" \/>\n<meta name=\"twitter:label1\" content=\"Written by\" \/>\n\t<meta name=\"twitter:data1\" content=\"P\u00ebrmbledhja\" \/>\n\t<meta name=\"twitter:label2\" content=\"Est. reading time\" \/>\n\t<meta name=\"twitter:data2\" content=\"3 minuta\" \/>\n<script type=\"application\/ld+json\" class=\"yoast-schema-graph\">{\"@context\":\"https:\/\/schema.org\",\"@graph\":[{\"@type\":\"Article\",\"@id\":\"https:\/\/permbledhja.com\/a-eshte-vjosa-osmani-figure-e-ardhshme-dhe-alternative-e-be-se-dhe-shba-se\/#article\",\"isPartOf\":{\"@id\":\"https:\/\/permbledhja.com\/a-eshte-vjosa-osmani-figure-e-ardhshme-dhe-alternative-e-be-se-dhe-shba-se\/\"},\"author\":{\"name\":\"P\u00ebrmbledhja\",\"@id\":\"https:\/\/permbledhja.com\/#\/schema\/person\/0d064377258d3221e50693947b9eb4fe\"},\"headline\":\"A \u00ebsht\u00eb Vjosa Osmani &#8220;figur\u00eb e ardhshme&#8221; dhe &#8220;alternativ\u00eb&#8221; e BE-s\u00eb dhe SHBA-s\u00eb?\",\"datePublished\":\"2023-09-20T19:35:18+00:00\",\"dateModified\":\"2023-09-20T19:35:18+00:00\",\"mainEntityOfPage\":{\"@id\":\"https:\/\/permbledhja.com\/a-eshte-vjosa-osmani-figure-e-ardhshme-dhe-alternative-e-be-se-dhe-shba-se\/\"},\"wordCount\":574,\"publisher\":{\"@id\":\"https:\/\/permbledhja.com\/#organization\"},\"keywords\":[\"Vjosa Osmani\"],\"articleSection\":[\"Kryesoret\"],\"inLanguage\":\"sq\"},{\"@type\":\"WebPage\",\"@id\":\"https:\/\/permbledhja.com\/a-eshte-vjosa-osmani-figure-e-ardhshme-dhe-alternative-e-be-se-dhe-shba-se\/\",\"url\":\"https:\/\/permbledhja.com\/a-eshte-vjosa-osmani-figure-e-ardhshme-dhe-alternative-e-be-se-dhe-shba-se\/\",\"name\":\"A \u00ebsht\u00eb Vjosa Osmani \\\"figur\u00eb e ardhshme\\\" dhe \\\"alternativ\u00eb\\\" e BE-s\u00eb dhe SHBA-s\u00eb?\",\"isPartOf\":{\"@id\":\"https:\/\/permbledhja.com\/#website\"},\"datePublished\":\"2023-09-20T19:35:18+00:00\",\"dateModified\":\"2023-09-20T19:35:18+00:00\",\"breadcrumb\":{\"@id\":\"https:\/\/permbledhja.com\/a-eshte-vjosa-osmani-figure-e-ardhshme-dhe-alternative-e-be-se-dhe-shba-se\/#breadcrumb\"},\"inLanguage\":\"sq\",\"potentialAction\":[{\"@type\":\"ReadAction\",\"target\":[\"https:\/\/permbledhja.com\/a-eshte-vjosa-osmani-figure-e-ardhshme-dhe-alternative-e-be-se-dhe-shba-se\/\"]}]},{\"@type\":\"BreadcrumbList\",\"@id\":\"https:\/\/permbledhja.com\/a-eshte-vjosa-osmani-figure-e-ardhshme-dhe-alternative-e-be-se-dhe-shba-se\/#breadcrumb\",\"itemListElement\":[{\"@type\":\"ListItem\",\"position\":1,\"name\":\"Ballina\",\"item\":\"https:\/\/permbledhja.com\/sq\/\"},{\"@type\":\"ListItem\",\"position\":2,\"name\":\"A \u00ebsht\u00eb Vjosa Osmani &#8220;figur\u00eb e ardhshme&#8221; dhe &#8220;alternativ\u00eb&#8221; e BE-s\u00eb dhe SHBA-s\u00eb?\"}]},{\"@type\":\"WebSite\",\"@id\":\"https:\/\/permbledhja.com\/#website\",\"url\":\"https:\/\/permbledhja.com\/\",\"name\":\"Ve\u00e7 artikuj p\u00ebrmbledh\u00ebs\",\"description\":\"\",\"publisher\":{\"@id\":\"https:\/\/permbledhja.com\/#organization\"},\"potentialAction\":[{\"@type\":\"SearchAction\",\"target\":{\"@type\":\"EntryPoint\",\"urlTemplate\":\"https:\/\/permbledhja.com\/?s={search_term_string}\"},\"query-input\":\"required name=search_term_string\"}],\"inLanguage\":\"sq\"},{\"@type\":\"Organization\",\"@id\":\"https:\/\/permbledhja.com\/#organization\",\"name\":\"MK Media & Pr\",\"url\":\"https:\/\/permbledhja.com\/\",\"logo\":{\"@type\":\"ImageObject\",\"inLanguage\":\"sq\",\"@id\":\"https:\/\/permbledhja.com\/#\/schema\/logo\/image\/\",\"url\":\"https:\/\/permbledhja.com\/wp-content\/uploads\/2021\/12\/07-Press-Logo.jpg\",\"contentUrl\":\"https:\/\/permbledhja.com\/wp-content\/uploads\/2021\/12\/07-Press-Logo.jpg\",\"width\":512,\"height\":512,\"caption\":\"MK Media & Pr\"},\"image\":{\"@id\":\"https:\/\/permbledhja.com\/#\/schema\/logo\/image\/\"},\"sameAs\":[\"https:\/\/www.facebook.com\/press07\/\"]},{\"@type\":\"Person\",\"@id\":\"https:\/\/permbledhja.com\/#\/schema\/person\/0d064377258d3221e50693947b9eb4fe\",\"name\":\"P\u00ebrmbledhja\",\"image\":{\"@type\":\"ImageObject\",\"inLanguage\":\"sq\",\"@id\":\"https:\/\/permbledhja.com\/#\/schema\/person\/image\/\",\"url\":\"https:\/\/permbledhja.com\/wp-content\/uploads\/2026\/01\/452004717_1040944174702970_8932037511805513407_n-96x96.jpg\",\"contentUrl\":\"https:\/\/permbledhja.com\/wp-content\/uploads\/2026\/01\/452004717_1040944174702970_8932037511805513407_n-96x96.jpg\",\"caption\":\"P\u00ebrmbledhja\"},\"sameAs\":[\"https:\/\/www.facebook.com\/kafexhiu.muharrem\/\",\"https:\/\/www.instagram.com\/muharrem_kafexhiu\/\"],\"url\":\"https:\/\/permbledhja.com\/sq\/author\/admin\/\"}]}<\/script>\n<!-- \/ Yoast SEO plugin. -->","yoast_head_json":{"title":"A \u00ebsht\u00eb Vjosa Osmani \"figur\u00eb e ardhshme\" dhe \"alternativ\u00eb\" e BE-s\u00eb dhe SHBA-s\u00eb?","robots":{"index":"index","follow":"follow","max-snippet":"max-snippet:-1","max-image-preview":"max-image-preview:large","max-video-preview":"max-video-preview:-1"},"canonical":"https:\/\/permbledhja.com\/sq\/a-eshte-vjosa-osmani-figure-e-ardhshme-dhe-alternative-e-be-se-dhe-shba-se\/","og_locale":"sq_AL","og_type":"article","og_title":"A \u00ebsht\u00eb Vjosa Osmani \"figur\u00eb e ardhshme\" dhe \"alternativ\u00eb\" e BE-s\u00eb dhe SHBA-s\u00eb?","og_description":"Kritikat e evropian\u00ebve dhe amerikan\u00ebve ndaj kryeministrit, Albin Kurti si duket i ka dh\u00ebn\u00eb m\u00eb shum\u00eb hap\u00ebsir\u00eb presidentes, Vjosa Osmani e cila ka pasur takime t\u00eb r\u00ebnd\u00ebsishme n\u00eb SHBA n\u00eb kuad\u00ebr t\u00eb aktiviteteve t\u00eb Asambles\u00eb s\u00eb P\u00ebrgjithshme t\u00eb Organizat\u00ebs s\u00eb Kombeve t\u00eb Bashkuara. Nd\u00ebrkoh\u00eb n\u00eb Kosov\u00eb, presidentja Osmani po komentohet si nj\u00eb \u201cfigur\u00eb e ardhshme\u201d [&hellip;]","og_url":"https:\/\/permbledhja.com\/sq\/a-eshte-vjosa-osmani-figure-e-ardhshme-dhe-alternative-e-be-se-dhe-shba-se\/","og_site_name":"Ve\u00e7 artikuj p\u00ebrmbledh\u00ebs","article_publisher":"https:\/\/www.facebook.com\/press07\/","article_author":"https:\/\/www.facebook.com\/kafexhiu.muharrem\/","article_published_time":"2023-09-20T19:35:18+00:00","og_image":[{"width":718,"height":442,"url":"https:\/\/permbledhja.com\/wp-content\/uploads\/2023\/09\/eeeeeeeeeeeeeeeeeee.jpg","type":"image\/jpeg"}],"author":"P\u00ebrmbledhja","twitter_card":"summary_large_image","twitter_misc":{"Written by":"P\u00ebrmbledhja","Est. reading time":"3 minuta"},"schema":{"@context":"https:\/\/schema.org","@graph":[{"@type":"Article","@id":"https:\/\/permbledhja.com\/a-eshte-vjosa-osmani-figure-e-ardhshme-dhe-alternative-e-be-se-dhe-shba-se\/#article","isPartOf":{"@id":"https:\/\/permbledhja.com\/a-eshte-vjosa-osmani-figure-e-ardhshme-dhe-alternative-e-be-se-dhe-shba-se\/"},"author":{"name":"P\u00ebrmbledhja","@id":"https:\/\/permbledhja.com\/#\/schema\/person\/0d064377258d3221e50693947b9eb4fe"},"headline":"A \u00ebsht\u00eb Vjosa Osmani &#8220;figur\u00eb e ardhshme&#8221; dhe &#8220;alternativ\u00eb&#8221; e BE-s\u00eb dhe SHBA-s\u00eb?","datePublished":"2023-09-20T19:35:18+00:00","dateModified":"2023-09-20T19:35:18+00:00","mainEntityOfPage":{"@id":"https:\/\/permbledhja.com\/a-eshte-vjosa-osmani-figure-e-ardhshme-dhe-alternative-e-be-se-dhe-shba-se\/"},"wordCount":574,"publisher":{"@id":"https:\/\/permbledhja.com\/#organization"},"keywords":["Vjosa Osmani"],"articleSection":["Kryesoret"],"inLanguage":"sq"},{"@type":"WebPage","@id":"https:\/\/permbledhja.com\/a-eshte-vjosa-osmani-figure-e-ardhshme-dhe-alternative-e-be-se-dhe-shba-se\/","url":"https:\/\/permbledhja.com\/a-eshte-vjosa-osmani-figure-e-ardhshme-dhe-alternative-e-be-se-dhe-shba-se\/","name":"A \u00ebsht\u00eb Vjosa Osmani \"figur\u00eb e ardhshme\" dhe \"alternativ\u00eb\" e BE-s\u00eb dhe SHBA-s\u00eb?","isPartOf":{"@id":"https:\/\/permbledhja.com\/#website"},"datePublished":"2023-09-20T19:35:18+00:00","dateModified":"2023-09-20T19:35:18+00:00","breadcrumb":{"@id":"https:\/\/permbledhja.com\/a-eshte-vjosa-osmani-figure-e-ardhshme-dhe-alternative-e-be-se-dhe-shba-se\/#breadcrumb"},"inLanguage":"sq","potentialAction":[{"@type":"ReadAction","target":["https:\/\/permbledhja.com\/a-eshte-vjosa-osmani-figure-e-ardhshme-dhe-alternative-e-be-se-dhe-shba-se\/"]}]},{"@type":"BreadcrumbList","@id":"https:\/\/permbledhja.com\/a-eshte-vjosa-osmani-figure-e-ardhshme-dhe-alternative-e-be-se-dhe-shba-se\/#breadcrumb","itemListElement":[{"@type":"ListItem","position":1,"name":"Ballina","item":"https:\/\/permbledhja.com\/sq\/"},{"@type":"ListItem","position":2,"name":"A \u00ebsht\u00eb Vjosa Osmani &#8220;figur\u00eb e ardhshme&#8221; dhe &#8220;alternativ\u00eb&#8221; e BE-s\u00eb dhe SHBA-s\u00eb?"}]},{"@type":"WebSite","@id":"https:\/\/permbledhja.com\/#website","url":"https:\/\/permbledhja.com\/","name":"Ve\u00e7 artikuj p\u00ebrmbledh\u00ebs","description":"","publisher":{"@id":"https:\/\/permbledhja.com\/#organization"},"potentialAction":[{"@type":"SearchAction","target":{"@type":"EntryPoint","urlTemplate":"https:\/\/permbledhja.com\/?s={search_term_string}"},"query-input":"required name=search_term_string"}],"inLanguage":"sq"},{"@type":"Organization","@id":"https:\/\/permbledhja.com\/#organization","name":"MK Media & Pr","url":"https:\/\/permbledhja.com\/","logo":{"@type":"ImageObject","inLanguage":"sq","@id":"https:\/\/permbledhja.com\/#\/schema\/logo\/image\/","url":"https:\/\/permbledhja.com\/wp-content\/uploads\/2021\/12\/07-Press-Logo.jpg","contentUrl":"https:\/\/permbledhja.com\/wp-content\/uploads\/2021\/12\/07-Press-Logo.jpg","width":512,"height":512,"caption":"MK Media & Pr"},"image":{"@id":"https:\/\/permbledhja.com\/#\/schema\/logo\/image\/"},"sameAs":["https:\/\/www.facebook.com\/press07\/"]},{"@type":"Person","@id":"https:\/\/permbledhja.com\/#\/schema\/person\/0d064377258d3221e50693947b9eb4fe","name":"P\u00ebrmbledhja","image":{"@type":"ImageObject","inLanguage":"sq","@id":"https:\/\/permbledhja.com\/#\/schema\/person\/image\/","url":"https:\/\/permbledhja.com\/wp-content\/uploads\/2026\/01\/452004717_1040944174702970_8932037511805513407_n-96x96.jpg","contentUrl":"https:\/\/permbledhja.com\/wp-content\/uploads\/2026\/01\/452004717_1040944174702970_8932037511805513407_n-96x96.jpg","caption":"P\u00ebrmbledhja"},"sameAs":["https:\/\/www.facebook.com\/kafexhiu.muharrem\/","https:\/\/www.instagram.com\/muharrem_kafexhiu\/"],"url":"https:\/\/permbledhja.com\/sq\/author\/admin\/"}]}},"_links":{"self":[{"href":"https:\/\/permbledhja.com\/sq\/wp-json\/wp\/v2\/posts\/27562"}],"collection":[{"href":"https:\/\/permbledhja.com\/sq\/wp-json\/wp\/v2\/posts"}],"about":[{"href":"https:\/\/permbledhja.com\/sq\/wp-json\/wp\/v2\/types\/post"}],"author":[{"embeddable":true,"href":"https:\/\/permbledhja.com\/sq\/wp-json\/wp\/v2\/users\/1"}],"replies":[{"embeddable":true,"href":"https:\/\/permbledhja.com\/sq\/wp-json\/wp\/v2\/comments?post=27562"}],"version-history":[{"count":1,"href":"https:\/\/permbledhja.com\/sq\/wp-json\/wp\/v2\/posts\/27562\/revisions"}],"predecessor-version":[{"id":27564,"href":"https:\/\/permbledhja.com\/sq\/wp-json\/wp\/v2\/posts\/27562\/revisions\/27564"}],"wp:featuredmedia":[{"embeddable":true,"href":"https:\/\/permbledhja.com\/sq\/wp-json\/wp\/v2\/media\/27563"}],"wp:attachment":[{"href":"https:\/\/permbledhja.com\/sq\/wp-json\/wp\/v2\/media?parent=27562"}],"wp:term":[{"taxonomy":"category","embeddable":true,"href":"https:\/\/permbledhja.com\/sq\/wp-json\/wp\/v2\/categories?post=27562"},{"taxonomy":"post_tag","embeddable":true,"href":"https:\/\/permbledhja.com\/sq\/wp-json\/wp\/v2\/tags?post=27562"}],"curies":[{"name":"wp","href":"https:\/\/api.w.org\/{rel}","templated":true}]}}