{"id":27509,"date":"2023-09-20T11:20:37","date_gmt":"2023-09-20T11:20:37","guid":{"rendered":"https:\/\/permbledhja.com\/?p=27509"},"modified":"2023-09-20T11:20:37","modified_gmt":"2023-09-20T11:20:37","slug":"plagosja-ne-rahovec-mesohet-gjendja-e-vellait-te-shtrire-ne-qkuk","status":"publish","type":"post","link":"https:\/\/permbledhja.com\/sq\/plagosja-ne-rahovec-mesohet-gjendja-e-vellait-te-shtrire-ne-qkuk\/","title":{"rendered":"Plagosja n\u00eb Rahovec, m\u00ebsohet gjendja e v\u00ebllait t\u00eb shtrir\u00eb n\u00eb QKUK"},"content":{"rendered":"<h3>Nj\u00ebri nga dy t\u00eb plagosur n\u00eb Rahovec po vazhdon t\u00eb jet\u00eb n\u00eb gjendje t\u00eb r\u00ebnd\u00eb dhe t\u00eb rrezikut p\u00ebr jet\u00eb derisa po trajtohet n\u00eb Klinik\u00ebn Intensive n\u00eb Qendr\u00ebn Klinike Universitare t\u00eb Kosov\u00ebs.<\/h3>\n<p>K\u00ebshtu ka konfirmuar p\u00ebr Paparaci.com doktori Shaqir Uka i cili ka dh\u00ebn\u00eb detaje edhe p\u00ebr l\u00ebndimet q\u00eb ka p\u00ebsuar nga arma e zjarrit pacienti.<\/p>\n<p>Ai ka th\u00ebn\u00eb se predha ka goditur regjionin e gjoksit dhe barkut duke shkaktuar l\u00ebndime n\u00eb organe t\u00eb brendshme si lukth, zorr\u00eb dhe veshk\u00eb. Pacienti iu \u00ebsht\u00eb n\u00ebnshtruar intervenimit kirurgjik.<\/p>\n<p>\u201cRegjionin e gjoksit dhe barkut, l\u00ebndime n\u00eb organe t\u00eb brendshme t\u00eb barkut, lukthin, zorr\u00ebt, veshk\u00ebn e djatht\u00eb dhe l\u00ebndimet kan\u00eb qen\u00eb p\u00ebr intervenim, pacienti n\u00eb fjal\u00eb iu ka n\u00ebnshtru intervenimit kirurgjik dhe mbr\u00ebm\u00eb pas mesnat\u00ebs \u00ebsht\u00eb d\u00ebrguar n\u00eb mjekim intensiv.\u201d, tha Uka.<\/p>\n<p>Ai gjithashtu ka th\u00ebn\u00eb se gjendja e pacientit vazhdon t\u00eb jet\u00eb e r\u00ebnd\u00eb dhe \u00ebsht\u00eb i varur nga barnat dhe aparatura.<\/p>\n<p>\u201cP\u00ebr momentin ne jemi n\u00eb faz\u00ebn kur tentojm\u00eb ta stabilizojm\u00eb gjendjen e p\u00ebrgjithshme t\u00eb tij dhe pas l\u00ebndimeve t\u00eb p\u00ebsuara ai vazhdon t\u00eb q\u00ebndroj\u00eb edhe m\u00eb tutje n\u00eb gjendje t\u00eb r\u00ebnd\u00eb dhe i varur nga aparati sa i p\u00ebrket frym\u00ebmarrjes. Ai edhe m\u00eb tutje varet nga barnat dhe aparaturat\u201d, tha Uka.<\/p>\n<p>Si ndodhi rasti?<\/p>\n<p>N\u00eb QKMF n\u00eb Rahovec jan\u00eb paraqitur dy persona t\u00eb gjinis\u00eb mashkullore p\u00ebr t\u00eb k\u00ebrkuar ndihm\u00eb mjek\u00ebsore si pasoj\u00eb e l\u00ebndimeve nga arma e zjarrit.<\/p>\n<p>T\u00eb nj\u00ebjtit, pas tretmanit jan\u00eb d\u00ebrguar n\u00eb Spitalin e Gjakov\u00ebs dhe nj\u00ebri prej tyre n\u00eb QKUK. Me t\u00eb dal\u00eb policia n\u00eb vendin e ngjarjes ka gjetur njolla gjaku, g\u00ebzhojat e arm\u00ebs s\u00eb zjarrit dh dy telefona.<\/p>\n<p>N\u00eb stacion policor jan\u00eb paraqitur m\u00eb tutje dy t\u00eb dyshuar si t\u00eb lidhur me rastin dhe kan\u00eb rr\u00ebfyer p\u00ebr ngjarjen ku nj\u00ebri prej tyre ka pranuar se ka p\u00ebrdorur arm\u00ebn.<\/p>\n<p>\u00cbsht\u00eb kryer gjithashtu bastisje n\u00eb sht\u00ebpin\u00eb e t\u00eb dyshuarit dhe gjat\u00eb kontrollit jan\u00eb gjetur dy pistoleta, nj\u00ebra q\u00eb dyshohet t\u00eb jet\u00eb p\u00ebrdorur n\u00eb rast, dy pushk\u00eb gjuetie, nj\u00eb pushk\u00eb ajrore dhe nj\u00eb pushk\u00eb M-48, 31-cop\u00eb fishek\u00eb te kal.7.62 mm,19 cop\u00eb fishek\u00eb te kal.9 mm dhe 132 cop\u00eb fishek\u00eb te kal.12 mm.<\/p>\n<p>P\u00ebr t\u00eb gjitha arm\u00ebt e lartcekura, i dyshuari posedonte leje. Pas intervistimit, me aktvendim t\u00eb prokurorit kujdestar, t\u00eb dyshuarit jan\u00eb d\u00ebrguar n\u00eb mbajtje.<\/p>\n","protected":false},"excerpt":{"rendered":"<p>Nj\u00ebri nga dy t\u00eb plagosur n\u00eb Rahovec po vazhdon t\u00eb jet\u00eb n\u00eb gjendje t\u00eb r\u00ebnd\u00eb dhe t\u00eb rrezikut p\u00ebr jet\u00eb derisa po trajtohet n\u00eb Klinik\u00ebn Intensive n\u00eb Qendr\u00ebn Klinike Universitare t\u00eb Kosov\u00ebs. K\u00ebshtu ka konfirmuar p\u00ebr Paparaci.com doktori Shaqir Uka i cili ka dh\u00ebn\u00eb detaje edhe p\u00ebr l\u00ebndimet q\u00eb ka p\u00ebsuar nga arma e zjarrit [&hellip;]<\/p>\n","protected":false},"author":1,"featured_media":13755,"comment_status":"closed","ping_status":"closed","sticky":false,"template":"","format":"standard","meta":{"_monsterinsights_skip_tracking":false,"_monsterinsights_sitenote_active":false,"_monsterinsights_sitenote_note":"","_monsterinsights_sitenote_category":0,"_uf_show_specific_survey":0,"_uf_disable_surveys":false,"footnotes":""},"categories":[23,15,17],"tags":[142],"yoast_head":"<!-- This site is optimized with the Yoast SEO plugin v21.5 - https:\/\/yoast.com\/wordpress\/plugins\/seo\/ -->\n<title>Plagosja n\u00eb Rahovec, m\u00ebsohet gjendja e v\u00ebllait t\u00eb shtrir\u00eb n\u00eb QKUK<\/title>\n<meta name=\"robots\" content=\"index, follow, max-snippet:-1, max-image-preview:large, max-video-preview:-1\" \/>\n<link rel=\"canonical\" href=\"https:\/\/permbledhja.com\/sq\/plagosja-ne-rahovec-mesohet-gjendja-e-vellait-te-shtrire-ne-qkuk\/\" \/>\n<meta property=\"og:locale\" content=\"sq_AL\" \/>\n<meta property=\"og:type\" content=\"article\" \/>\n<meta property=\"og:title\" content=\"Plagosja n\u00eb Rahovec, m\u00ebsohet gjendja e v\u00ebllait t\u00eb shtrir\u00eb n\u00eb QKUK\" \/>\n<meta property=\"og:description\" content=\"Nj\u00ebri nga dy t\u00eb plagosur n\u00eb Rahovec po vazhdon t\u00eb jet\u00eb n\u00eb gjendje t\u00eb r\u00ebnd\u00eb dhe t\u00eb rrezikut p\u00ebr jet\u00eb derisa po trajtohet n\u00eb Klinik\u00ebn Intensive n\u00eb Qendr\u00ebn Klinike Universitare t\u00eb Kosov\u00ebs. K\u00ebshtu ka konfirmuar p\u00ebr Paparaci.com doktori Shaqir Uka i cili ka dh\u00ebn\u00eb detaje edhe p\u00ebr l\u00ebndimet q\u00eb ka p\u00ebsuar nga arma e zjarrit [&hellip;]\" \/>\n<meta property=\"og:url\" content=\"https:\/\/permbledhja.com\/sq\/plagosja-ne-rahovec-mesohet-gjendja-e-vellait-te-shtrire-ne-qkuk\/\" \/>\n<meta property=\"og:site_name\" content=\"Ve\u00e7 artikuj p\u00ebrmbledh\u00ebs\" \/>\n<meta property=\"article:publisher\" content=\"https:\/\/www.facebook.com\/press07\/\" \/>\n<meta property=\"article:author\" content=\"https:\/\/www.facebook.com\/kafexhiu.muharrem\/\" \/>\n<meta property=\"article:published_time\" content=\"2023-09-20T11:20:37+00:00\" \/>\n<meta property=\"og:image\" content=\"https:\/\/permbledhja.com\/wp-content\/uploads\/2023\/04\/qkuk.webp\" \/>\n\t<meta property=\"og:image:width\" content=\"900\" \/>\n\t<meta property=\"og:image:height\" content=\"598\" \/>\n\t<meta property=\"og:image:type\" content=\"image\/webp\" \/>\n<meta name=\"author\" content=\"P\u00ebrmbledhja\" \/>\n<meta name=\"twitter:card\" content=\"summary_large_image\" \/>\n<meta name=\"twitter:label1\" content=\"Written by\" \/>\n\t<meta name=\"twitter:data1\" content=\"P\u00ebrmbledhja\" \/>\n\t<meta name=\"twitter:label2\" content=\"Est. reading time\" \/>\n\t<meta name=\"twitter:data2\" content=\"2 minuta\" \/>\n<script type=\"application\/ld+json\" class=\"yoast-schema-graph\">{\"@context\":\"https:\/\/schema.org\",\"@graph\":[{\"@type\":\"Article\",\"@id\":\"https:\/\/permbledhja.com\/sq\/plagosja-ne-rahovec-mesohet-gjendja-e-vellait-te-shtrire-ne-qkuk\/#article\",\"isPartOf\":{\"@id\":\"https:\/\/permbledhja.com\/sq\/plagosja-ne-rahovec-mesohet-gjendja-e-vellait-te-shtrire-ne-qkuk\/\"},\"author\":{\"name\":\"P\u00ebrmbledhja\",\"@id\":\"https:\/\/permbledhja.com\/#\/schema\/person\/0d064377258d3221e50693947b9eb4fe\"},\"headline\":\"Plagosja n\u00eb Rahovec, m\u00ebsohet gjendja e v\u00ebllait t\u00eb shtrir\u00eb n\u00eb QKUK\",\"datePublished\":\"2023-09-20T11:20:37+00:00\",\"dateModified\":\"2023-09-20T11:20:37+00:00\",\"mainEntityOfPage\":{\"@id\":\"https:\/\/permbledhja.com\/sq\/plagosja-ne-rahovec-mesohet-gjendja-e-vellait-te-shtrire-ne-qkuk\/\"},\"wordCount\":436,\"publisher\":{\"@id\":\"https:\/\/permbledhja.com\/#organization\"},\"keywords\":[\"Rahovec\"],\"articleSection\":[\"Komb\u00ebtare\",\"Lajme\",\"Rahovec\"],\"inLanguage\":\"sq\"},{\"@type\":\"WebPage\",\"@id\":\"https:\/\/permbledhja.com\/sq\/plagosja-ne-rahovec-mesohet-gjendja-e-vellait-te-shtrire-ne-qkuk\/\",\"url\":\"https:\/\/permbledhja.com\/sq\/plagosja-ne-rahovec-mesohet-gjendja-e-vellait-te-shtrire-ne-qkuk\/\",\"name\":\"Plagosja n\u00eb Rahovec, m\u00ebsohet gjendja e v\u00ebllait t\u00eb shtrir\u00eb n\u00eb QKUK\",\"isPartOf\":{\"@id\":\"https:\/\/permbledhja.com\/#website\"},\"datePublished\":\"2023-09-20T11:20:37+00:00\",\"dateModified\":\"2023-09-20T11:20:37+00:00\",\"breadcrumb\":{\"@id\":\"https:\/\/permbledhja.com\/sq\/plagosja-ne-rahovec-mesohet-gjendja-e-vellait-te-shtrire-ne-qkuk\/#breadcrumb\"},\"inLanguage\":\"sq\",\"potentialAction\":[{\"@type\":\"ReadAction\",\"target\":[\"https:\/\/permbledhja.com\/sq\/plagosja-ne-rahovec-mesohet-gjendja-e-vellait-te-shtrire-ne-qkuk\/\"]}]},{\"@type\":\"BreadcrumbList\",\"@id\":\"https:\/\/permbledhja.com\/sq\/plagosja-ne-rahovec-mesohet-gjendja-e-vellait-te-shtrire-ne-qkuk\/#breadcrumb\",\"itemListElement\":[{\"@type\":\"ListItem\",\"position\":1,\"name\":\"Ballina\",\"item\":\"https:\/\/permbledhja.com\/sq\/\"},{\"@type\":\"ListItem\",\"position\":2,\"name\":\"Plagosja n\u00eb Rahovec, m\u00ebsohet gjendja e v\u00ebllait t\u00eb shtrir\u00eb n\u00eb QKUK\"}]},{\"@type\":\"WebSite\",\"@id\":\"https:\/\/permbledhja.com\/#website\",\"url\":\"https:\/\/permbledhja.com\/\",\"name\":\"Ve\u00e7 artikuj p\u00ebrmbledh\u00ebs\",\"description\":\"\",\"publisher\":{\"@id\":\"https:\/\/permbledhja.com\/#organization\"},\"potentialAction\":[{\"@type\":\"SearchAction\",\"target\":{\"@type\":\"EntryPoint\",\"urlTemplate\":\"https:\/\/permbledhja.com\/?s={search_term_string}\"},\"query-input\":\"required name=search_term_string\"}],\"inLanguage\":\"sq\"},{\"@type\":\"Organization\",\"@id\":\"https:\/\/permbledhja.com\/#organization\",\"name\":\"MK Media & Pr\",\"url\":\"https:\/\/permbledhja.com\/\",\"logo\":{\"@type\":\"ImageObject\",\"inLanguage\":\"sq\",\"@id\":\"https:\/\/permbledhja.com\/#\/schema\/logo\/image\/\",\"url\":\"https:\/\/permbledhja.com\/wp-content\/uploads\/2021\/12\/07-Press-Logo.jpg\",\"contentUrl\":\"https:\/\/permbledhja.com\/wp-content\/uploads\/2021\/12\/07-Press-Logo.jpg\",\"width\":512,\"height\":512,\"caption\":\"MK Media & Pr\"},\"image\":{\"@id\":\"https:\/\/permbledhja.com\/#\/schema\/logo\/image\/\"},\"sameAs\":[\"https:\/\/www.facebook.com\/press07\/\"]},{\"@type\":\"Person\",\"@id\":\"https:\/\/permbledhja.com\/#\/schema\/person\/0d064377258d3221e50693947b9eb4fe\",\"name\":\"P\u00ebrmbledhja\",\"image\":{\"@type\":\"ImageObject\",\"inLanguage\":\"sq\",\"@id\":\"https:\/\/permbledhja.com\/#\/schema\/person\/image\/\",\"url\":\"https:\/\/permbledhja.com\/wp-content\/uploads\/2026\/01\/452004717_1040944174702970_8932037511805513407_n-96x96.jpg\",\"contentUrl\":\"https:\/\/permbledhja.com\/wp-content\/uploads\/2026\/01\/452004717_1040944174702970_8932037511805513407_n-96x96.jpg\",\"caption\":\"P\u00ebrmbledhja\"},\"sameAs\":[\"https:\/\/www.facebook.com\/kafexhiu.muharrem\/\",\"https:\/\/www.instagram.com\/muharrem_kafexhiu\/\"],\"url\":\"https:\/\/permbledhja.com\/sq\/author\/admin\/\"}]}<\/script>\n<!-- \/ Yoast SEO plugin. -->","yoast_head_json":{"title":"Plagosja n\u00eb Rahovec, m\u00ebsohet gjendja e v\u00ebllait t\u00eb shtrir\u00eb n\u00eb QKUK","robots":{"index":"index","follow":"follow","max-snippet":"max-snippet:-1","max-image-preview":"max-image-preview:large","max-video-preview":"max-video-preview:-1"},"canonical":"https:\/\/permbledhja.com\/sq\/plagosja-ne-rahovec-mesohet-gjendja-e-vellait-te-shtrire-ne-qkuk\/","og_locale":"sq_AL","og_type":"article","og_title":"Plagosja n\u00eb Rahovec, m\u00ebsohet gjendja e v\u00ebllait t\u00eb shtrir\u00eb n\u00eb QKUK","og_description":"Nj\u00ebri nga dy t\u00eb plagosur n\u00eb Rahovec po vazhdon t\u00eb jet\u00eb n\u00eb gjendje t\u00eb r\u00ebnd\u00eb dhe t\u00eb rrezikut p\u00ebr jet\u00eb derisa po trajtohet n\u00eb Klinik\u00ebn Intensive n\u00eb Qendr\u00ebn Klinike Universitare t\u00eb Kosov\u00ebs. K\u00ebshtu ka konfirmuar p\u00ebr Paparaci.com doktori Shaqir Uka i cili ka dh\u00ebn\u00eb detaje edhe p\u00ebr l\u00ebndimet q\u00eb ka p\u00ebsuar nga arma e zjarrit [&hellip;]","og_url":"https:\/\/permbledhja.com\/sq\/plagosja-ne-rahovec-mesohet-gjendja-e-vellait-te-shtrire-ne-qkuk\/","og_site_name":"Ve\u00e7 artikuj p\u00ebrmbledh\u00ebs","article_publisher":"https:\/\/www.facebook.com\/press07\/","article_author":"https:\/\/www.facebook.com\/kafexhiu.muharrem\/","article_published_time":"2023-09-20T11:20:37+00:00","og_image":[{"width":900,"height":598,"url":"https:\/\/permbledhja.com\/wp-content\/uploads\/2023\/04\/qkuk.webp","type":"image\/webp"}],"author":"P\u00ebrmbledhja","twitter_card":"summary_large_image","twitter_misc":{"Written by":"P\u00ebrmbledhja","Est. reading time":"2 minuta"},"schema":{"@context":"https:\/\/schema.org","@graph":[{"@type":"Article","@id":"https:\/\/permbledhja.com\/sq\/plagosja-ne-rahovec-mesohet-gjendja-e-vellait-te-shtrire-ne-qkuk\/#article","isPartOf":{"@id":"https:\/\/permbledhja.com\/sq\/plagosja-ne-rahovec-mesohet-gjendja-e-vellait-te-shtrire-ne-qkuk\/"},"author":{"name":"P\u00ebrmbledhja","@id":"https:\/\/permbledhja.com\/#\/schema\/person\/0d064377258d3221e50693947b9eb4fe"},"headline":"Plagosja n\u00eb Rahovec, m\u00ebsohet gjendja e v\u00ebllait t\u00eb shtrir\u00eb n\u00eb QKUK","datePublished":"2023-09-20T11:20:37+00:00","dateModified":"2023-09-20T11:20:37+00:00","mainEntityOfPage":{"@id":"https:\/\/permbledhja.com\/sq\/plagosja-ne-rahovec-mesohet-gjendja-e-vellait-te-shtrire-ne-qkuk\/"},"wordCount":436,"publisher":{"@id":"https:\/\/permbledhja.com\/#organization"},"keywords":["Rahovec"],"articleSection":["Komb\u00ebtare","Lajme","Rahovec"],"inLanguage":"sq"},{"@type":"WebPage","@id":"https:\/\/permbledhja.com\/sq\/plagosja-ne-rahovec-mesohet-gjendja-e-vellait-te-shtrire-ne-qkuk\/","url":"https:\/\/permbledhja.com\/sq\/plagosja-ne-rahovec-mesohet-gjendja-e-vellait-te-shtrire-ne-qkuk\/","name":"Plagosja n\u00eb Rahovec, m\u00ebsohet gjendja e v\u00ebllait t\u00eb shtrir\u00eb n\u00eb QKUK","isPartOf":{"@id":"https:\/\/permbledhja.com\/#website"},"datePublished":"2023-09-20T11:20:37+00:00","dateModified":"2023-09-20T11:20:37+00:00","breadcrumb":{"@id":"https:\/\/permbledhja.com\/sq\/plagosja-ne-rahovec-mesohet-gjendja-e-vellait-te-shtrire-ne-qkuk\/#breadcrumb"},"inLanguage":"sq","potentialAction":[{"@type":"ReadAction","target":["https:\/\/permbledhja.com\/sq\/plagosja-ne-rahovec-mesohet-gjendja-e-vellait-te-shtrire-ne-qkuk\/"]}]},{"@type":"BreadcrumbList","@id":"https:\/\/permbledhja.com\/sq\/plagosja-ne-rahovec-mesohet-gjendja-e-vellait-te-shtrire-ne-qkuk\/#breadcrumb","itemListElement":[{"@type":"ListItem","position":1,"name":"Ballina","item":"https:\/\/permbledhja.com\/sq\/"},{"@type":"ListItem","position":2,"name":"Plagosja n\u00eb Rahovec, m\u00ebsohet gjendja e v\u00ebllait t\u00eb shtrir\u00eb n\u00eb QKUK"}]},{"@type":"WebSite","@id":"https:\/\/permbledhja.com\/#website","url":"https:\/\/permbledhja.com\/","name":"Ve\u00e7 artikuj p\u00ebrmbledh\u00ebs","description":"","publisher":{"@id":"https:\/\/permbledhja.com\/#organization"},"potentialAction":[{"@type":"SearchAction","target":{"@type":"EntryPoint","urlTemplate":"https:\/\/permbledhja.com\/?s={search_term_string}"},"query-input":"required name=search_term_string"}],"inLanguage":"sq"},{"@type":"Organization","@id":"https:\/\/permbledhja.com\/#organization","name":"MK Media & Pr","url":"https:\/\/permbledhja.com\/","logo":{"@type":"ImageObject","inLanguage":"sq","@id":"https:\/\/permbledhja.com\/#\/schema\/logo\/image\/","url":"https:\/\/permbledhja.com\/wp-content\/uploads\/2021\/12\/07-Press-Logo.jpg","contentUrl":"https:\/\/permbledhja.com\/wp-content\/uploads\/2021\/12\/07-Press-Logo.jpg","width":512,"height":512,"caption":"MK Media & Pr"},"image":{"@id":"https:\/\/permbledhja.com\/#\/schema\/logo\/image\/"},"sameAs":["https:\/\/www.facebook.com\/press07\/"]},{"@type":"Person","@id":"https:\/\/permbledhja.com\/#\/schema\/person\/0d064377258d3221e50693947b9eb4fe","name":"P\u00ebrmbledhja","image":{"@type":"ImageObject","inLanguage":"sq","@id":"https:\/\/permbledhja.com\/#\/schema\/person\/image\/","url":"https:\/\/permbledhja.com\/wp-content\/uploads\/2026\/01\/452004717_1040944174702970_8932037511805513407_n-96x96.jpg","contentUrl":"https:\/\/permbledhja.com\/wp-content\/uploads\/2026\/01\/452004717_1040944174702970_8932037511805513407_n-96x96.jpg","caption":"P\u00ebrmbledhja"},"sameAs":["https:\/\/www.facebook.com\/kafexhiu.muharrem\/","https:\/\/www.instagram.com\/muharrem_kafexhiu\/"],"url":"https:\/\/permbledhja.com\/sq\/author\/admin\/"}]}},"_links":{"self":[{"href":"https:\/\/permbledhja.com\/sq\/wp-json\/wp\/v2\/posts\/27509"}],"collection":[{"href":"https:\/\/permbledhja.com\/sq\/wp-json\/wp\/v2\/posts"}],"about":[{"href":"https:\/\/permbledhja.com\/sq\/wp-json\/wp\/v2\/types\/post"}],"author":[{"embeddable":true,"href":"https:\/\/permbledhja.com\/sq\/wp-json\/wp\/v2\/users\/1"}],"replies":[{"embeddable":true,"href":"https:\/\/permbledhja.com\/sq\/wp-json\/wp\/v2\/comments?post=27509"}],"version-history":[{"count":1,"href":"https:\/\/permbledhja.com\/sq\/wp-json\/wp\/v2\/posts\/27509\/revisions"}],"predecessor-version":[{"id":27510,"href":"https:\/\/permbledhja.com\/sq\/wp-json\/wp\/v2\/posts\/27509\/revisions\/27510"}],"wp:featuredmedia":[{"embeddable":true,"href":"https:\/\/permbledhja.com\/sq\/wp-json\/wp\/v2\/media\/13755"}],"wp:attachment":[{"href":"https:\/\/permbledhja.com\/sq\/wp-json\/wp\/v2\/media?parent=27509"}],"wp:term":[{"taxonomy":"category","embeddable":true,"href":"https:\/\/permbledhja.com\/sq\/wp-json\/wp\/v2\/categories?post=27509"},{"taxonomy":"post_tag","embeddable":true,"href":"https:\/\/permbledhja.com\/sq\/wp-json\/wp\/v2\/tags?post=27509"}],"curies":[{"name":"wp","href":"https:\/\/api.w.org\/{rel}","templated":true}]}}