{"id":27503,"date":"2023-09-20T10:20:00","date_gmt":"2023-09-20T10:20:00","guid":{"rendered":"https:\/\/permbledhja.com\/?p=27503"},"modified":"2023-09-20T10:20:00","modified_gmt":"2023-09-20T10:20:00","slug":"konjufca-e-mbeshtet-kurtin-lajcaku-eshte-pozicionuar-kah-serbia","status":"publish","type":"post","link":"https:\/\/permbledhja.com\/sq\/konjufca-e-mbeshtet-kurtin-lajcaku-eshte-pozicionuar-kah-serbia\/","title":{"rendered":"Konjufca e mb\u00ebshtet Kurtin: Laj\u00e7aku \u00ebsht\u00eb pozicionuar kah Serbia"},"content":{"rendered":"<h3>Kryetari i Kuvendit t\u00eb Kosov\u00ebs, Galuk Konjufca ka th\u00ebn\u00eb deklarimet e kryeministrit Albin Kurtit dit\u00eb m\u00eb par\u00eb nuk kan\u00eb qen\u00eb akuza, por ishin konstatime p\u00ebr m\u00ebnyr\u00ebn e pun\u00ebs s\u00eb emisarit t\u00eb BE-s\u00eb p\u00ebr dialogun, Miroslav Laj\u00e7ak.<\/h3>\n<p>Sipas tij, Laj\u00e7ak me q\u00ebndrimet e tij \u00ebsht\u00eb pozicionuar n\u00eb an\u00ebn e Serbis\u00eb.<\/p>\n<p>\u201cS\u00eb pari nuk mendoj q\u00eb ato ishin akuza, ishin disa konstatime t\u00eb m\u00ebnyr\u00ebs s\u00eb pun\u00ebs s\u00eb Laj\u00e7akut. \u00cbsht\u00eb v\u00ebrejtur m\u00eb th\u00ebn\u00eb t\u00eb drejt\u00ebn qysh n\u00eb fillim q\u00eb Laj\u00e7ak q\u00ebndrimet t\u00eb cilat i artikulon m\u00eb shum\u00eb jan\u00eb t\u00eb themi marrje e pozicionit t\u00eb Serbis\u00eb fillimisht e pastaj p\u00ebrpjekje q\u00eb p\u00ebrmes mekanizmave t\u00eb ndrysh\u00ebm edhe formulimeve q\u00eb ai i qet n\u00eb zgjidhjet q\u00eb i propozon si me mund me qen\u00eb pik\u00ebnisje e pozicionit t\u00eb Serbis\u00eb, qysh me mund me akomodu n\u00eb m\u00ebnyr\u00eb sa m\u00eb t\u00eb p\u00ebrshtatshme pozicionimin e Serbis\u00eb\u201d, ka\u00a0 deklaruar Konjufca.<\/p>\n<p>Ai shtoi se n\u00eb takimin e fundit ka ndryshuar qasja duke shtuar se njohja \u00ebsht\u00eb hequr dhe \u00ebsht\u00eb k\u00ebrkuar nga Laj\u00e7ku vet\u00ebm formimi i Asociacionit.<\/p>\n<p>\u201cE cili \u00ebsht\u00eb pozicionimi i Serbis\u00eb, pozicionimi i Serbis\u00eb \u00ebsht\u00eb q\u00eb Kosova duhet ta b\u00ebj\u00eb nj\u00eb Asociacion jasht\u00eb \u00e7do ombrelle politike t\u00eb procesit i cili e ka arrit\u00eb k\u00ebt\u00eb pik\u00eb ku jemi tash. P\u00ebrderisa qasja origjinale ka qen\u00eb ndryshe krejt, qasja origjinale ka qen\u00eb kjo q\u00eb me qen\u00eb se Kosova nuk mund ta b\u00ebj\u00eb Asociacioni, sepse p\u00ebrndryshe do ta kishte b\u00ebr\u00eb prej 2013 do ta kishte b\u00ebr\u00eb n\u00eb Qeverin\u00eb e Isa Mustaf\u00ebs, ose Hashim Tha\u00e7it, tash m\u00eb VV \u00ebsht\u00eb m\u00eb v\u00ebshtir\u00eb q\u00eb t\u00eb b\u00ebhet. Sepse ne e kemi marr nj\u00eb mandat kogja t\u00eb fuqish\u00ebm politik me disa premtime tjera\u201d, ka vijuar ai.<\/p>\n<p>I pyetur nga EO p\u00ebr q\u00ebndrimin e BE e ShBA n\u00eb lidhje me mb\u00ebshtetjen e tyre p\u00ebr pun\u00ebn e emisarit, Konjufca tha se ka vet\u00ebm nj\u00eb \u00e7el\u00ebs q\u00eb dialogu t\u00eb vazhdoj\u00eb, e ajo \u00ebsht\u00eb q\u00eb Asociacioni t\u00eb formohet n\u00eb p\u00ebrputhje me Kushtetut\u00ebn e q\u00eb nuk cenon rendin juridik bashk\u00eb me njohjen nga Serbia.<\/p>\n<p>\u201c Zgjerimi i ombrell\u00ebs \u00ebsht\u00eb q\u00eb aty t\u00eb jet\u00eb njohja dhe Asociacioni. Tash Laj\u00e7ak po thot\u00eb q\u00eb aty \u00ebsht\u00eb vet\u00ebm Asociacioni. Njohja i p\u00ebrket Serbis\u00eb kur do ajo, do t\u00eb thot\u00eb ky \u00ebsht\u00eb pozicion i Serbis\u00eb. N\u00ebse Laj\u00e7ak e artikulon at\u00eb dhe thot\u00eb q\u00eb ky \u00ebsht\u00eb pozicion i Serbis\u00eb. N\u00ebse Laj\u00e7ka e artikulon k\u00ebt\u00eb dhe thot\u00eb q\u00eb ky \u00ebsht\u00eb pozicion i BE at\u00ebher\u00eb ne mund t\u00eb themi q\u00eb Laj\u00e7ak paska kontribuar q\u00eb ky pozicion zyrtar i BE-s\u00eb t\u00eb jet\u00eb kjo q\u00eb e p\u00ebrfaq\u00ebson Serbia. Mua nuk m\u00eb duket kjo e drejtpeshuar fare. \u00cbsht\u00eb devijim prej ides\u00eb origjinale. Ideja origjinale \u00ebsht\u00eb nuk ka Asociacion pa njohje. Nuk mundesh Asociacion me marr edhe me heq prej ides\u00eb se njohjes. Quajeni si dush njohje de-facto, \u00ebsht\u00eb njohje e shtet\u00ebsi s\u00eb Kosov\u00ebs. Serbia duhet q\u00eb t\u00eb pajtohen se kur ta kalon kufirin n\u00eb Merdare \u00ebsht\u00eb n\u00eb nj\u00eb shtet tjet\u00ebr. Duhet ta njoh, flamurin, simbolet nuk duhet q\u00eb t\u00eb na pengoj\u00eb kur aplikojm\u00eb ne n\u00eb organizata nd\u00ebrkomb\u00ebtare\u201d, ka theksuar ai.<\/p>\n<p>\u201cPastaj \u00ebsht\u00eb n\u00eb p\u00ebrgjegj\u00ebsin\u00eb e Kosov\u00ebs me gjet nj\u00eb form\u00eb t\u00eb Asociacionit q\u00eb \u00ebsht\u00eb n\u00eb p\u00ebrputhje me Kushtetut\u00ebn dhe nuk e cenon rendin juridik. N\u00ebse mundoheni me shkat\u00ebrruar me t\u00eb ide at\u00ebher\u00eb jeni n\u00eb faror t\u00eb Serbis\u00eb. Nuk \u00ebsht\u00eb akuz\u00eb kjo, kjo \u00ebsht\u00eb thjesht identifikim i nj\u00eb njeriu i cili pe kryen pun\u00eb\u00a0 e vet\u00eb kogja n\u00eb m\u00ebnyr\u00eb t\u00eb pa p\u00ebrgjegjshme. Vet\u00ebm nj\u00eb \u00e7el\u00ebs \u00ebsht\u00eb i mundsh\u00ebm p\u00ebr t\u00eb ecur dialogu p\u00ebrpara, Asociacioni bashk\u00eb me njohjen, p\u00ebrndryshe nuk ka avancim t\u00eb dialogut \u00ebsht\u00eb problem\u201d, ka vijuar ai.<\/p>\n<p>Ndryshe, Kurti m\u00eb 18 shtator deklaroi se gjat\u00eb takimit t\u00eb fundit t\u00eb dialogut mes Kosov\u00ebs dhe Serbis\u00eb \u2013 t\u00eb mbajtur n\u00eb Bruksel m\u00eb 14 shtator \u2013 Laj\u00e7ak ishte \u201cpozicionuar\u201d kund\u00ebr Kosov\u00ebs.<\/p>\n<p>Kryeministri kosovar tha se gjat\u00eb k\u00ebtij takimi \u2013 q\u00eb p\u00ebrfundoi pa nj\u00eb rezultat \u2013 dukej q\u00eb kishte nj\u00eb koordinim mes presidentit t\u00eb Serbis\u00eb, Aleksandar Vu\u00e7iq, dhe Laj\u00e7akut p\u00ebr, si\u00e7 tha ai, krijimin e nj\u00eb \u201cskenari alternativ, ku gjysma e marr\u00ebveshjes zbatohet\u201d.<\/p>\n","protected":false},"excerpt":{"rendered":"<p>Kryetari i Kuvendit t\u00eb Kosov\u00ebs, Galuk Konjufca ka th\u00ebn\u00eb deklarimet e kryeministrit Albin Kurtit dit\u00eb m\u00eb par\u00eb nuk kan\u00eb qen\u00eb akuza, por ishin konstatime p\u00ebr m\u00ebnyr\u00ebn e pun\u00ebs s\u00eb emisarit t\u00eb BE-s\u00eb p\u00ebr dialogun, Miroslav Laj\u00e7ak. Sipas tij, Laj\u00e7ak me q\u00ebndrimet e tij \u00ebsht\u00eb pozicionuar n\u00eb an\u00ebn e Serbis\u00eb. \u201cS\u00eb pari nuk mendoj q\u00eb ato [&hellip;]<\/p>\n","protected":false},"author":2,"featured_media":27504,"comment_status":"closed","ping_status":"closed","sticky":false,"template":"","format":"standard","meta":{"_monsterinsights_skip_tracking":false,"_monsterinsights_sitenote_active":false,"_monsterinsights_sitenote_note":"","_monsterinsights_sitenote_category":0,"_uf_show_specific_survey":0,"_uf_disable_surveys":false,"footnotes":""},"categories":[23,15],"tags":[24],"yoast_head":"<!-- This site is optimized with the Yoast SEO plugin v21.5 - https:\/\/yoast.com\/wordpress\/plugins\/seo\/ -->\n<title>Konjufca e mb\u00ebshtet Kurtin: Laj\u00e7aku \u00ebsht\u00eb pozicionuar kah Serbia<\/title>\n<meta name=\"robots\" content=\"index, follow, max-snippet:-1, max-image-preview:large, max-video-preview:-1\" \/>\n<link rel=\"canonical\" href=\"https:\/\/permbledhja.com\/sq\/konjufca-e-mbeshtet-kurtin-lajcaku-eshte-pozicionuar-kah-serbia\/\" \/>\n<meta property=\"og:locale\" content=\"sq_AL\" \/>\n<meta property=\"og:type\" content=\"article\" \/>\n<meta property=\"og:title\" content=\"Konjufca e mb\u00ebshtet Kurtin: Laj\u00e7aku \u00ebsht\u00eb pozicionuar kah Serbia\" \/>\n<meta property=\"og:description\" content=\"Kryetari i Kuvendit t\u00eb Kosov\u00ebs, Galuk Konjufca ka th\u00ebn\u00eb deklarimet e kryeministrit Albin Kurtit dit\u00eb m\u00eb par\u00eb nuk kan\u00eb qen\u00eb akuza, por ishin konstatime p\u00ebr m\u00ebnyr\u00ebn e pun\u00ebs s\u00eb emisarit t\u00eb BE-s\u00eb p\u00ebr dialogun, Miroslav Laj\u00e7ak. Sipas tij, Laj\u00e7ak me q\u00ebndrimet e tij \u00ebsht\u00eb pozicionuar n\u00eb an\u00ebn e Serbis\u00eb. \u201cS\u00eb pari nuk mendoj q\u00eb ato [&hellip;]\" \/>\n<meta property=\"og:url\" content=\"https:\/\/permbledhja.com\/sq\/konjufca-e-mbeshtet-kurtin-lajcaku-eshte-pozicionuar-kah-serbia\/\" \/>\n<meta property=\"og:site_name\" content=\"Ve\u00e7 artikuj p\u00ebrmbledh\u00ebs\" \/>\n<meta property=\"article:publisher\" content=\"https:\/\/www.facebook.com\/press07\/\" \/>\n<meta property=\"article:published_time\" content=\"2023-09-20T10:20:00+00:00\" \/>\n<meta property=\"og:image\" content=\"https:\/\/permbledhja.com\/wp-content\/uploads\/2023\/09\/88124215_1352729768247544_4843773475438985216_n.jpg\" \/>\n\t<meta property=\"og:image:width\" content=\"960\" \/>\n\t<meta property=\"og:image:height\" content=\"640\" \/>\n\t<meta property=\"og:image:type\" content=\"image\/jpeg\" \/>\n<meta name=\"author\" content=\"M M\" \/>\n<meta name=\"twitter:card\" content=\"summary_large_image\" \/>\n<meta name=\"twitter:label1\" content=\"Written by\" \/>\n\t<meta name=\"twitter:data1\" content=\"M M\" \/>\n\t<meta name=\"twitter:label2\" content=\"Est. reading time\" \/>\n\t<meta name=\"twitter:data2\" content=\"4 minuta\" \/>\n<script type=\"application\/ld+json\" class=\"yoast-schema-graph\">{\"@context\":\"https:\/\/schema.org\",\"@graph\":[{\"@type\":\"Article\",\"@id\":\"https:\/\/permbledhja.com\/konjufca-e-mbeshtet-kurtin-lajcaku-eshte-pozicionuar-kah-serbia\/#article\",\"isPartOf\":{\"@id\":\"https:\/\/permbledhja.com\/konjufca-e-mbeshtet-kurtin-lajcaku-eshte-pozicionuar-kah-serbia\/\"},\"author\":{\"name\":\"M M\",\"@id\":\"https:\/\/permbledhja.com\/#\/schema\/person\/d23f13f59b5722643933d6780783acf3\"},\"headline\":\"Konjufca e mb\u00ebshtet Kurtin: Laj\u00e7aku \u00ebsht\u00eb pozicionuar kah Serbia\",\"datePublished\":\"2023-09-20T10:20:00+00:00\",\"dateModified\":\"2023-09-20T10:20:00+00:00\",\"mainEntityOfPage\":{\"@id\":\"https:\/\/permbledhja.com\/konjufca-e-mbeshtet-kurtin-lajcaku-eshte-pozicionuar-kah-serbia\/\"},\"wordCount\":740,\"publisher\":{\"@id\":\"https:\/\/permbledhja.com\/#organization\"},\"keywords\":[\"Glauk Konjufca\"],\"articleSection\":[\"Komb\u00ebtare\",\"Lajme\"],\"inLanguage\":\"sq\"},{\"@type\":\"WebPage\",\"@id\":\"https:\/\/permbledhja.com\/konjufca-e-mbeshtet-kurtin-lajcaku-eshte-pozicionuar-kah-serbia\/\",\"url\":\"https:\/\/permbledhja.com\/konjufca-e-mbeshtet-kurtin-lajcaku-eshte-pozicionuar-kah-serbia\/\",\"name\":\"Konjufca e mb\u00ebshtet Kurtin: Laj\u00e7aku \u00ebsht\u00eb pozicionuar kah Serbia\",\"isPartOf\":{\"@id\":\"https:\/\/permbledhja.com\/#website\"},\"datePublished\":\"2023-09-20T10:20:00+00:00\",\"dateModified\":\"2023-09-20T10:20:00+00:00\",\"breadcrumb\":{\"@id\":\"https:\/\/permbledhja.com\/konjufca-e-mbeshtet-kurtin-lajcaku-eshte-pozicionuar-kah-serbia\/#breadcrumb\"},\"inLanguage\":\"sq\",\"potentialAction\":[{\"@type\":\"ReadAction\",\"target\":[\"https:\/\/permbledhja.com\/konjufca-e-mbeshtet-kurtin-lajcaku-eshte-pozicionuar-kah-serbia\/\"]}]},{\"@type\":\"BreadcrumbList\",\"@id\":\"https:\/\/permbledhja.com\/konjufca-e-mbeshtet-kurtin-lajcaku-eshte-pozicionuar-kah-serbia\/#breadcrumb\",\"itemListElement\":[{\"@type\":\"ListItem\",\"position\":1,\"name\":\"Ballina\",\"item\":\"https:\/\/permbledhja.com\/sq\/\"},{\"@type\":\"ListItem\",\"position\":2,\"name\":\"Konjufca e mb\u00ebshtet Kurtin: Laj\u00e7aku \u00ebsht\u00eb pozicionuar kah Serbia\"}]},{\"@type\":\"WebSite\",\"@id\":\"https:\/\/permbledhja.com\/#website\",\"url\":\"https:\/\/permbledhja.com\/\",\"name\":\"Ve\u00e7 artikuj p\u00ebrmbledh\u00ebs\",\"description\":\"\",\"publisher\":{\"@id\":\"https:\/\/permbledhja.com\/#organization\"},\"potentialAction\":[{\"@type\":\"SearchAction\",\"target\":{\"@type\":\"EntryPoint\",\"urlTemplate\":\"https:\/\/permbledhja.com\/?s={search_term_string}\"},\"query-input\":\"required name=search_term_string\"}],\"inLanguage\":\"sq\"},{\"@type\":\"Organization\",\"@id\":\"https:\/\/permbledhja.com\/#organization\",\"name\":\"MK Media & Pr\",\"url\":\"https:\/\/permbledhja.com\/\",\"logo\":{\"@type\":\"ImageObject\",\"inLanguage\":\"sq\",\"@id\":\"https:\/\/permbledhja.com\/#\/schema\/logo\/image\/\",\"url\":\"https:\/\/permbledhja.com\/wp-content\/uploads\/2021\/12\/07-Press-Logo.jpg\",\"contentUrl\":\"https:\/\/permbledhja.com\/wp-content\/uploads\/2021\/12\/07-Press-Logo.jpg\",\"width\":512,\"height\":512,\"caption\":\"MK Media & Pr\"},\"image\":{\"@id\":\"https:\/\/permbledhja.com\/#\/schema\/logo\/image\/\"},\"sameAs\":[\"https:\/\/www.facebook.com\/press07\/\"]},{\"@type\":\"Person\",\"@id\":\"https:\/\/permbledhja.com\/#\/schema\/person\/d23f13f59b5722643933d6780783acf3\",\"name\":\"M M\",\"image\":{\"@type\":\"ImageObject\",\"inLanguage\":\"sq\",\"@id\":\"https:\/\/permbledhja.com\/#\/schema\/person\/image\/\",\"url\":\"https:\/\/secure.gravatar.com\/avatar\/e2835a76ca7c31a2416b2d51c4ec9a8f?s=96&d=mm&r=g\",\"contentUrl\":\"https:\/\/secure.gravatar.com\/avatar\/e2835a76ca7c31a2416b2d51c4ec9a8f?s=96&d=mm&r=g\",\"caption\":\"M M\"},\"sameAs\":[\"http:\/\/MM\"],\"url\":\"https:\/\/permbledhja.com\/sq\/author\/muhamet\/\"}]}<\/script>\n<!-- \/ Yoast SEO plugin. -->","yoast_head_json":{"title":"Konjufca e mb\u00ebshtet Kurtin: Laj\u00e7aku \u00ebsht\u00eb pozicionuar kah Serbia","robots":{"index":"index","follow":"follow","max-snippet":"max-snippet:-1","max-image-preview":"max-image-preview:large","max-video-preview":"max-video-preview:-1"},"canonical":"https:\/\/permbledhja.com\/sq\/konjufca-e-mbeshtet-kurtin-lajcaku-eshte-pozicionuar-kah-serbia\/","og_locale":"sq_AL","og_type":"article","og_title":"Konjufca e mb\u00ebshtet Kurtin: Laj\u00e7aku \u00ebsht\u00eb pozicionuar kah Serbia","og_description":"Kryetari i Kuvendit t\u00eb Kosov\u00ebs, Galuk Konjufca ka th\u00ebn\u00eb deklarimet e kryeministrit Albin Kurtit dit\u00eb m\u00eb par\u00eb nuk kan\u00eb qen\u00eb akuza, por ishin konstatime p\u00ebr m\u00ebnyr\u00ebn e pun\u00ebs s\u00eb emisarit t\u00eb BE-s\u00eb p\u00ebr dialogun, Miroslav Laj\u00e7ak. Sipas tij, Laj\u00e7ak me q\u00ebndrimet e tij \u00ebsht\u00eb pozicionuar n\u00eb an\u00ebn e Serbis\u00eb. \u201cS\u00eb pari nuk mendoj q\u00eb ato [&hellip;]","og_url":"https:\/\/permbledhja.com\/sq\/konjufca-e-mbeshtet-kurtin-lajcaku-eshte-pozicionuar-kah-serbia\/","og_site_name":"Ve\u00e7 artikuj p\u00ebrmbledh\u00ebs","article_publisher":"https:\/\/www.facebook.com\/press07\/","article_published_time":"2023-09-20T10:20:00+00:00","og_image":[{"width":960,"height":640,"url":"https:\/\/permbledhja.com\/wp-content\/uploads\/2023\/09\/88124215_1352729768247544_4843773475438985216_n.jpg","type":"image\/jpeg"}],"author":"M M","twitter_card":"summary_large_image","twitter_misc":{"Written by":"M M","Est. reading time":"4 minuta"},"schema":{"@context":"https:\/\/schema.org","@graph":[{"@type":"Article","@id":"https:\/\/permbledhja.com\/konjufca-e-mbeshtet-kurtin-lajcaku-eshte-pozicionuar-kah-serbia\/#article","isPartOf":{"@id":"https:\/\/permbledhja.com\/konjufca-e-mbeshtet-kurtin-lajcaku-eshte-pozicionuar-kah-serbia\/"},"author":{"name":"M M","@id":"https:\/\/permbledhja.com\/#\/schema\/person\/d23f13f59b5722643933d6780783acf3"},"headline":"Konjufca e mb\u00ebshtet Kurtin: Laj\u00e7aku \u00ebsht\u00eb pozicionuar kah Serbia","datePublished":"2023-09-20T10:20:00+00:00","dateModified":"2023-09-20T10:20:00+00:00","mainEntityOfPage":{"@id":"https:\/\/permbledhja.com\/konjufca-e-mbeshtet-kurtin-lajcaku-eshte-pozicionuar-kah-serbia\/"},"wordCount":740,"publisher":{"@id":"https:\/\/permbledhja.com\/#organization"},"keywords":["Glauk Konjufca"],"articleSection":["Komb\u00ebtare","Lajme"],"inLanguage":"sq"},{"@type":"WebPage","@id":"https:\/\/permbledhja.com\/konjufca-e-mbeshtet-kurtin-lajcaku-eshte-pozicionuar-kah-serbia\/","url":"https:\/\/permbledhja.com\/konjufca-e-mbeshtet-kurtin-lajcaku-eshte-pozicionuar-kah-serbia\/","name":"Konjufca e mb\u00ebshtet Kurtin: Laj\u00e7aku \u00ebsht\u00eb pozicionuar kah Serbia","isPartOf":{"@id":"https:\/\/permbledhja.com\/#website"},"datePublished":"2023-09-20T10:20:00+00:00","dateModified":"2023-09-20T10:20:00+00:00","breadcrumb":{"@id":"https:\/\/permbledhja.com\/konjufca-e-mbeshtet-kurtin-lajcaku-eshte-pozicionuar-kah-serbia\/#breadcrumb"},"inLanguage":"sq","potentialAction":[{"@type":"ReadAction","target":["https:\/\/permbledhja.com\/konjufca-e-mbeshtet-kurtin-lajcaku-eshte-pozicionuar-kah-serbia\/"]}]},{"@type":"BreadcrumbList","@id":"https:\/\/permbledhja.com\/konjufca-e-mbeshtet-kurtin-lajcaku-eshte-pozicionuar-kah-serbia\/#breadcrumb","itemListElement":[{"@type":"ListItem","position":1,"name":"Ballina","item":"https:\/\/permbledhja.com\/sq\/"},{"@type":"ListItem","position":2,"name":"Konjufca e mb\u00ebshtet Kurtin: Laj\u00e7aku \u00ebsht\u00eb pozicionuar kah Serbia"}]},{"@type":"WebSite","@id":"https:\/\/permbledhja.com\/#website","url":"https:\/\/permbledhja.com\/","name":"Ve\u00e7 artikuj p\u00ebrmbledh\u00ebs","description":"","publisher":{"@id":"https:\/\/permbledhja.com\/#organization"},"potentialAction":[{"@type":"SearchAction","target":{"@type":"EntryPoint","urlTemplate":"https:\/\/permbledhja.com\/?s={search_term_string}"},"query-input":"required name=search_term_string"}],"inLanguage":"sq"},{"@type":"Organization","@id":"https:\/\/permbledhja.com\/#organization","name":"MK Media & Pr","url":"https:\/\/permbledhja.com\/","logo":{"@type":"ImageObject","inLanguage":"sq","@id":"https:\/\/permbledhja.com\/#\/schema\/logo\/image\/","url":"https:\/\/permbledhja.com\/wp-content\/uploads\/2021\/12\/07-Press-Logo.jpg","contentUrl":"https:\/\/permbledhja.com\/wp-content\/uploads\/2021\/12\/07-Press-Logo.jpg","width":512,"height":512,"caption":"MK Media & Pr"},"image":{"@id":"https:\/\/permbledhja.com\/#\/schema\/logo\/image\/"},"sameAs":["https:\/\/www.facebook.com\/press07\/"]},{"@type":"Person","@id":"https:\/\/permbledhja.com\/#\/schema\/person\/d23f13f59b5722643933d6780783acf3","name":"M M","image":{"@type":"ImageObject","inLanguage":"sq","@id":"https:\/\/permbledhja.com\/#\/schema\/person\/image\/","url":"https:\/\/secure.gravatar.com\/avatar\/e2835a76ca7c31a2416b2d51c4ec9a8f?s=96&d=mm&r=g","contentUrl":"https:\/\/secure.gravatar.com\/avatar\/e2835a76ca7c31a2416b2d51c4ec9a8f?s=96&d=mm&r=g","caption":"M M"},"sameAs":["http:\/\/MM"],"url":"https:\/\/permbledhja.com\/sq\/author\/muhamet\/"}]}},"_links":{"self":[{"href":"https:\/\/permbledhja.com\/sq\/wp-json\/wp\/v2\/posts\/27503"}],"collection":[{"href":"https:\/\/permbledhja.com\/sq\/wp-json\/wp\/v2\/posts"}],"about":[{"href":"https:\/\/permbledhja.com\/sq\/wp-json\/wp\/v2\/types\/post"}],"author":[{"embeddable":true,"href":"https:\/\/permbledhja.com\/sq\/wp-json\/wp\/v2\/users\/2"}],"replies":[{"embeddable":true,"href":"https:\/\/permbledhja.com\/sq\/wp-json\/wp\/v2\/comments?post=27503"}],"version-history":[{"count":1,"href":"https:\/\/permbledhja.com\/sq\/wp-json\/wp\/v2\/posts\/27503\/revisions"}],"predecessor-version":[{"id":27505,"href":"https:\/\/permbledhja.com\/sq\/wp-json\/wp\/v2\/posts\/27503\/revisions\/27505"}],"wp:featuredmedia":[{"embeddable":true,"href":"https:\/\/permbledhja.com\/sq\/wp-json\/wp\/v2\/media\/27504"}],"wp:attachment":[{"href":"https:\/\/permbledhja.com\/sq\/wp-json\/wp\/v2\/media?parent=27503"}],"wp:term":[{"taxonomy":"category","embeddable":true,"href":"https:\/\/permbledhja.com\/sq\/wp-json\/wp\/v2\/categories?post=27503"},{"taxonomy":"post_tag","embeddable":true,"href":"https:\/\/permbledhja.com\/sq\/wp-json\/wp\/v2\/tags?post=27503"}],"curies":[{"name":"wp","href":"https:\/\/api.w.org\/{rel}","templated":true}]}}