{"id":27499,"date":"2023-09-20T10:12:10","date_gmt":"2023-09-20T10:12:10","guid":{"rendered":"https:\/\/permbledhja.com\/?p=27499"},"modified":"2023-09-20T10:12:10","modified_gmt":"2023-09-20T10:12:10","slug":"aksident-trafiku-ne-veternik-ndeshje-mes-vetures-autobusit-dhe-kamionit","status":"publish","type":"post","link":"https:\/\/permbledhja.com\/sq\/aksident-trafiku-ne-veternik-ndeshje-mes-vetures-autobusit-dhe-kamionit\/","title":{"rendered":"Aksident trafiku n\u00eb Veternik: Ndeshje mes vetur\u00ebs, autobusit dhe kamionit"},"content":{"rendered":"<h3>Nj\u00eb aksident i r\u00ebnd\u00eb ka ndodhur para pak minutash edhe n\u00eb Veternik t\u00eb Prishtin\u00ebs, ku jan\u00eb ndeshur tri automjete.<\/h3>\n<p>Sipas pamjeve t\u00eb publikuara, n\u00eb aksident jan\u00eb p\u00ebrfshir\u00eb nj\u00eb vetur\u00eb, nj\u00eb autobus dhe nj\u00eb kamion.<\/p>\n<p>Nuk dihet n\u00ebse ka t\u00eb l\u00ebnduar, apo si \u00ebsht\u00eb gjendja e tyre.<\/p>\n<p><img loading=\"lazy\" decoding=\"async\" class=\"alignnone  wp-image-27500\" src=\"https:\/\/permbledhja.com\/wp-content\/uploads\/2023\/09\/Screenshot_8-4-300x177.webp\" alt=\"\" width=\"702\" height=\"414\" srcset=\"https:\/\/permbledhja.com\/wp-content\/uploads\/2023\/09\/Screenshot_8-4-300x177.webp 300w, https:\/\/permbledhja.com\/wp-content\/uploads\/2023\/09\/Screenshot_8-4-1024x604.webp 1024w, https:\/\/permbledhja.com\/wp-content\/uploads\/2023\/09\/Screenshot_8-4-768x453.webp 768w, https:\/\/permbledhja.com\/wp-content\/uploads\/2023\/09\/Screenshot_8-4-18x12.webp 18w, https:\/\/permbledhja.com\/wp-content\/uploads\/2023\/09\/Screenshot_8-4.webp 1032w\" sizes=\"(max-width: 702px) 100vw, 702px\" \/><\/p>\n","protected":false},"excerpt":{"rendered":"<p>Nj\u00eb aksident i r\u00ebnd\u00eb ka ndodhur para pak minutash edhe n\u00eb Veternik t\u00eb Prishtin\u00ebs, ku jan\u00eb ndeshur tri automjete. Sipas pamjeve t\u00eb publikuara, n\u00eb aksident jan\u00eb p\u00ebrfshir\u00eb nj\u00eb vetur\u00eb, nj\u00eb autobus dhe nj\u00eb kamion. Nuk dihet n\u00ebse ka t\u00eb l\u00ebnduar, apo si \u00ebsht\u00eb gjendja e tyre.<\/p>\n","protected":false},"author":2,"featured_media":27501,"comment_status":"closed","ping_status":"closed","sticky":false,"template":"","format":"standard","meta":{"_monsterinsights_skip_tracking":false,"_monsterinsights_sitenote_active":false,"_monsterinsights_sitenote_note":"","_monsterinsights_sitenote_category":0,"_uf_show_specific_survey":0,"_uf_disable_surveys":false,"footnotes":""},"categories":[15],"tags":[],"yoast_head":"<!-- This site is optimized with the Yoast SEO plugin v21.5 - https:\/\/yoast.com\/wordpress\/plugins\/seo\/ -->\n<title>Aksident trafiku n\u00eb Veternik: Ndeshje mes vetur\u00ebs, autobusit dhe kamionit<\/title>\n<meta name=\"robots\" content=\"index, follow, max-snippet:-1, max-image-preview:large, max-video-preview:-1\" \/>\n<link rel=\"canonical\" href=\"https:\/\/permbledhja.com\/sq\/aksident-trafiku-ne-veternik-ndeshje-mes-vetures-autobusit-dhe-kamionit\/\" \/>\n<meta property=\"og:locale\" content=\"sq_AL\" \/>\n<meta property=\"og:type\" content=\"article\" \/>\n<meta property=\"og:title\" content=\"Aksident trafiku n\u00eb Veternik: Ndeshje mes vetur\u00ebs, autobusit dhe kamionit\" \/>\n<meta property=\"og:description\" content=\"Nj\u00eb aksident i r\u00ebnd\u00eb ka ndodhur para pak minutash edhe n\u00eb Veternik t\u00eb Prishtin\u00ebs, ku jan\u00eb ndeshur tri automjete. Sipas pamjeve t\u00eb publikuara, n\u00eb aksident jan\u00eb p\u00ebrfshir\u00eb nj\u00eb vetur\u00eb, nj\u00eb autobus dhe nj\u00eb kamion. Nuk dihet n\u00ebse ka t\u00eb l\u00ebnduar, apo si \u00ebsht\u00eb gjendja e tyre.\" \/>\n<meta property=\"og:url\" content=\"https:\/\/permbledhja.com\/sq\/aksident-trafiku-ne-veternik-ndeshje-mes-vetures-autobusit-dhe-kamionit\/\" \/>\n<meta property=\"og:site_name\" content=\"Ve\u00e7 artikuj p\u00ebrmbledh\u00ebs\" \/>\n<meta property=\"article:publisher\" content=\"https:\/\/www.facebook.com\/press07\/\" \/>\n<meta property=\"article:published_time\" content=\"2023-09-20T10:12:10+00:00\" \/>\n<meta property=\"og:image\" content=\"https:\/\/permbledhja.com\/wp-content\/uploads\/2023\/09\/Screenshot_8-4-1.webp\" \/>\n\t<meta property=\"og:image:width\" content=\"1032\" \/>\n\t<meta property=\"og:image:height\" content=\"609\" \/>\n\t<meta property=\"og:image:type\" content=\"image\/webp\" \/>\n<meta name=\"author\" content=\"M M\" \/>\n<meta name=\"twitter:card\" content=\"summary_large_image\" \/>\n<meta name=\"twitter:label1\" content=\"Written by\" \/>\n\t<meta name=\"twitter:data1\" content=\"M M\" \/>\n<script type=\"application\/ld+json\" class=\"yoast-schema-graph\">{\"@context\":\"https:\/\/schema.org\",\"@graph\":[{\"@type\":\"Article\",\"@id\":\"https:\/\/permbledhja.com\/aksident-trafiku-ne-veternik-ndeshje-mes-vetures-autobusit-dhe-kamionit\/#article\",\"isPartOf\":{\"@id\":\"https:\/\/permbledhja.com\/aksident-trafiku-ne-veternik-ndeshje-mes-vetures-autobusit-dhe-kamionit\/\"},\"author\":{\"name\":\"M M\",\"@id\":\"https:\/\/permbledhja.com\/#\/schema\/person\/d23f13f59b5722643933d6780783acf3\"},\"headline\":\"Aksident trafiku n\u00eb Veternik: Ndeshje mes vetur\u00ebs, autobusit dhe kamionit\",\"datePublished\":\"2023-09-20T10:12:10+00:00\",\"dateModified\":\"2023-09-20T10:12:10+00:00\",\"mainEntityOfPage\":{\"@id\":\"https:\/\/permbledhja.com\/aksident-trafiku-ne-veternik-ndeshje-mes-vetures-autobusit-dhe-kamionit\/\"},\"wordCount\":62,\"publisher\":{\"@id\":\"https:\/\/permbledhja.com\/#organization\"},\"articleSection\":[\"Lajme\"],\"inLanguage\":\"sq\"},{\"@type\":\"WebPage\",\"@id\":\"https:\/\/permbledhja.com\/aksident-trafiku-ne-veternik-ndeshje-mes-vetures-autobusit-dhe-kamionit\/\",\"url\":\"https:\/\/permbledhja.com\/aksident-trafiku-ne-veternik-ndeshje-mes-vetures-autobusit-dhe-kamionit\/\",\"name\":\"Aksident trafiku n\u00eb Veternik: Ndeshje mes vetur\u00ebs, autobusit dhe kamionit\",\"isPartOf\":{\"@id\":\"https:\/\/permbledhja.com\/#website\"},\"datePublished\":\"2023-09-20T10:12:10+00:00\",\"dateModified\":\"2023-09-20T10:12:10+00:00\",\"breadcrumb\":{\"@id\":\"https:\/\/permbledhja.com\/aksident-trafiku-ne-veternik-ndeshje-mes-vetures-autobusit-dhe-kamionit\/#breadcrumb\"},\"inLanguage\":\"sq\",\"potentialAction\":[{\"@type\":\"ReadAction\",\"target\":[\"https:\/\/permbledhja.com\/aksident-trafiku-ne-veternik-ndeshje-mes-vetures-autobusit-dhe-kamionit\/\"]}]},{\"@type\":\"BreadcrumbList\",\"@id\":\"https:\/\/permbledhja.com\/aksident-trafiku-ne-veternik-ndeshje-mes-vetures-autobusit-dhe-kamionit\/#breadcrumb\",\"itemListElement\":[{\"@type\":\"ListItem\",\"position\":1,\"name\":\"Ballina\",\"item\":\"https:\/\/permbledhja.com\/sq\/\"},{\"@type\":\"ListItem\",\"position\":2,\"name\":\"Aksident trafiku n\u00eb Veternik: Ndeshje mes vetur\u00ebs, autobusit dhe kamionit\"}]},{\"@type\":\"WebSite\",\"@id\":\"https:\/\/permbledhja.com\/#website\",\"url\":\"https:\/\/permbledhja.com\/\",\"name\":\"Ve\u00e7 artikuj p\u00ebrmbledh\u00ebs\",\"description\":\"\",\"publisher\":{\"@id\":\"https:\/\/permbledhja.com\/#organization\"},\"potentialAction\":[{\"@type\":\"SearchAction\",\"target\":{\"@type\":\"EntryPoint\",\"urlTemplate\":\"https:\/\/permbledhja.com\/?s={search_term_string}\"},\"query-input\":\"required name=search_term_string\"}],\"inLanguage\":\"sq\"},{\"@type\":\"Organization\",\"@id\":\"https:\/\/permbledhja.com\/#organization\",\"name\":\"MK Media & Pr\",\"url\":\"https:\/\/permbledhja.com\/\",\"logo\":{\"@type\":\"ImageObject\",\"inLanguage\":\"sq\",\"@id\":\"https:\/\/permbledhja.com\/#\/schema\/logo\/image\/\",\"url\":\"https:\/\/permbledhja.com\/wp-content\/uploads\/2021\/12\/07-Press-Logo.jpg\",\"contentUrl\":\"https:\/\/permbledhja.com\/wp-content\/uploads\/2021\/12\/07-Press-Logo.jpg\",\"width\":512,\"height\":512,\"caption\":\"MK Media & Pr\"},\"image\":{\"@id\":\"https:\/\/permbledhja.com\/#\/schema\/logo\/image\/\"},\"sameAs\":[\"https:\/\/www.facebook.com\/press07\/\"]},{\"@type\":\"Person\",\"@id\":\"https:\/\/permbledhja.com\/#\/schema\/person\/d23f13f59b5722643933d6780783acf3\",\"name\":\"M M\",\"image\":{\"@type\":\"ImageObject\",\"inLanguage\":\"sq\",\"@id\":\"https:\/\/permbledhja.com\/#\/schema\/person\/image\/\",\"url\":\"https:\/\/secure.gravatar.com\/avatar\/e2835a76ca7c31a2416b2d51c4ec9a8f?s=96&d=mm&r=g\",\"contentUrl\":\"https:\/\/secure.gravatar.com\/avatar\/e2835a76ca7c31a2416b2d51c4ec9a8f?s=96&d=mm&r=g\",\"caption\":\"M M\"},\"sameAs\":[\"http:\/\/MM\"],\"url\":\"https:\/\/permbledhja.com\/sq\/author\/muhamet\/\"}]}<\/script>\n<!-- \/ Yoast SEO plugin. -->","yoast_head_json":{"title":"Aksident trafiku n\u00eb Veternik: Ndeshje mes vetur\u00ebs, autobusit dhe kamionit","robots":{"index":"index","follow":"follow","max-snippet":"max-snippet:-1","max-image-preview":"max-image-preview:large","max-video-preview":"max-video-preview:-1"},"canonical":"https:\/\/permbledhja.com\/sq\/aksident-trafiku-ne-veternik-ndeshje-mes-vetures-autobusit-dhe-kamionit\/","og_locale":"sq_AL","og_type":"article","og_title":"Aksident trafiku n\u00eb Veternik: Ndeshje mes vetur\u00ebs, autobusit dhe kamionit","og_description":"Nj\u00eb aksident i r\u00ebnd\u00eb ka ndodhur para pak minutash edhe n\u00eb Veternik t\u00eb Prishtin\u00ebs, ku jan\u00eb ndeshur tri automjete. Sipas pamjeve t\u00eb publikuara, n\u00eb aksident jan\u00eb p\u00ebrfshir\u00eb nj\u00eb vetur\u00eb, nj\u00eb autobus dhe nj\u00eb kamion. Nuk dihet n\u00ebse ka t\u00eb l\u00ebnduar, apo si \u00ebsht\u00eb gjendja e tyre.","og_url":"https:\/\/permbledhja.com\/sq\/aksident-trafiku-ne-veternik-ndeshje-mes-vetures-autobusit-dhe-kamionit\/","og_site_name":"Ve\u00e7 artikuj p\u00ebrmbledh\u00ebs","article_publisher":"https:\/\/www.facebook.com\/press07\/","article_published_time":"2023-09-20T10:12:10+00:00","og_image":[{"width":1032,"height":609,"url":"https:\/\/permbledhja.com\/wp-content\/uploads\/2023\/09\/Screenshot_8-4-1.webp","type":"image\/webp"}],"author":"M M","twitter_card":"summary_large_image","twitter_misc":{"Written by":"M M"},"schema":{"@context":"https:\/\/schema.org","@graph":[{"@type":"Article","@id":"https:\/\/permbledhja.com\/aksident-trafiku-ne-veternik-ndeshje-mes-vetures-autobusit-dhe-kamionit\/#article","isPartOf":{"@id":"https:\/\/permbledhja.com\/aksident-trafiku-ne-veternik-ndeshje-mes-vetures-autobusit-dhe-kamionit\/"},"author":{"name":"M M","@id":"https:\/\/permbledhja.com\/#\/schema\/person\/d23f13f59b5722643933d6780783acf3"},"headline":"Aksident trafiku n\u00eb Veternik: Ndeshje mes vetur\u00ebs, autobusit dhe kamionit","datePublished":"2023-09-20T10:12:10+00:00","dateModified":"2023-09-20T10:12:10+00:00","mainEntityOfPage":{"@id":"https:\/\/permbledhja.com\/aksident-trafiku-ne-veternik-ndeshje-mes-vetures-autobusit-dhe-kamionit\/"},"wordCount":62,"publisher":{"@id":"https:\/\/permbledhja.com\/#organization"},"articleSection":["Lajme"],"inLanguage":"sq"},{"@type":"WebPage","@id":"https:\/\/permbledhja.com\/aksident-trafiku-ne-veternik-ndeshje-mes-vetures-autobusit-dhe-kamionit\/","url":"https:\/\/permbledhja.com\/aksident-trafiku-ne-veternik-ndeshje-mes-vetures-autobusit-dhe-kamionit\/","name":"Aksident trafiku n\u00eb Veternik: Ndeshje mes vetur\u00ebs, autobusit dhe kamionit","isPartOf":{"@id":"https:\/\/permbledhja.com\/#website"},"datePublished":"2023-09-20T10:12:10+00:00","dateModified":"2023-09-20T10:12:10+00:00","breadcrumb":{"@id":"https:\/\/permbledhja.com\/aksident-trafiku-ne-veternik-ndeshje-mes-vetures-autobusit-dhe-kamionit\/#breadcrumb"},"inLanguage":"sq","potentialAction":[{"@type":"ReadAction","target":["https:\/\/permbledhja.com\/aksident-trafiku-ne-veternik-ndeshje-mes-vetures-autobusit-dhe-kamionit\/"]}]},{"@type":"BreadcrumbList","@id":"https:\/\/permbledhja.com\/aksident-trafiku-ne-veternik-ndeshje-mes-vetures-autobusit-dhe-kamionit\/#breadcrumb","itemListElement":[{"@type":"ListItem","position":1,"name":"Ballina","item":"https:\/\/permbledhja.com\/sq\/"},{"@type":"ListItem","position":2,"name":"Aksident trafiku n\u00eb Veternik: Ndeshje mes vetur\u00ebs, autobusit dhe kamionit"}]},{"@type":"WebSite","@id":"https:\/\/permbledhja.com\/#website","url":"https:\/\/permbledhja.com\/","name":"Ve\u00e7 artikuj p\u00ebrmbledh\u00ebs","description":"","publisher":{"@id":"https:\/\/permbledhja.com\/#organization"},"potentialAction":[{"@type":"SearchAction","target":{"@type":"EntryPoint","urlTemplate":"https:\/\/permbledhja.com\/?s={search_term_string}"},"query-input":"required name=search_term_string"}],"inLanguage":"sq"},{"@type":"Organization","@id":"https:\/\/permbledhja.com\/#organization","name":"MK Media & Pr","url":"https:\/\/permbledhja.com\/","logo":{"@type":"ImageObject","inLanguage":"sq","@id":"https:\/\/permbledhja.com\/#\/schema\/logo\/image\/","url":"https:\/\/permbledhja.com\/wp-content\/uploads\/2021\/12\/07-Press-Logo.jpg","contentUrl":"https:\/\/permbledhja.com\/wp-content\/uploads\/2021\/12\/07-Press-Logo.jpg","width":512,"height":512,"caption":"MK Media & Pr"},"image":{"@id":"https:\/\/permbledhja.com\/#\/schema\/logo\/image\/"},"sameAs":["https:\/\/www.facebook.com\/press07\/"]},{"@type":"Person","@id":"https:\/\/permbledhja.com\/#\/schema\/person\/d23f13f59b5722643933d6780783acf3","name":"M M","image":{"@type":"ImageObject","inLanguage":"sq","@id":"https:\/\/permbledhja.com\/#\/schema\/person\/image\/","url":"https:\/\/secure.gravatar.com\/avatar\/e2835a76ca7c31a2416b2d51c4ec9a8f?s=96&d=mm&r=g","contentUrl":"https:\/\/secure.gravatar.com\/avatar\/e2835a76ca7c31a2416b2d51c4ec9a8f?s=96&d=mm&r=g","caption":"M M"},"sameAs":["http:\/\/MM"],"url":"https:\/\/permbledhja.com\/sq\/author\/muhamet\/"}]}},"_links":{"self":[{"href":"https:\/\/permbledhja.com\/sq\/wp-json\/wp\/v2\/posts\/27499"}],"collection":[{"href":"https:\/\/permbledhja.com\/sq\/wp-json\/wp\/v2\/posts"}],"about":[{"href":"https:\/\/permbledhja.com\/sq\/wp-json\/wp\/v2\/types\/post"}],"author":[{"embeddable":true,"href":"https:\/\/permbledhja.com\/sq\/wp-json\/wp\/v2\/users\/2"}],"replies":[{"embeddable":true,"href":"https:\/\/permbledhja.com\/sq\/wp-json\/wp\/v2\/comments?post=27499"}],"version-history":[{"count":1,"href":"https:\/\/permbledhja.com\/sq\/wp-json\/wp\/v2\/posts\/27499\/revisions"}],"predecessor-version":[{"id":27502,"href":"https:\/\/permbledhja.com\/sq\/wp-json\/wp\/v2\/posts\/27499\/revisions\/27502"}],"wp:featuredmedia":[{"embeddable":true,"href":"https:\/\/permbledhja.com\/sq\/wp-json\/wp\/v2\/media\/27501"}],"wp:attachment":[{"href":"https:\/\/permbledhja.com\/sq\/wp-json\/wp\/v2\/media?parent=27499"}],"wp:term":[{"taxonomy":"category","embeddable":true,"href":"https:\/\/permbledhja.com\/sq\/wp-json\/wp\/v2\/categories?post=27499"},{"taxonomy":"post_tag","embeddable":true,"href":"https:\/\/permbledhja.com\/sq\/wp-json\/wp\/v2\/tags?post=27499"}],"curies":[{"name":"wp","href":"https:\/\/api.w.org\/{rel}","templated":true}]}}