{"id":27416,"date":"2023-09-19T17:47:26","date_gmt":"2023-09-19T17:47:26","guid":{"rendered":"https:\/\/permbledhja.com\/?p=27416"},"modified":"2023-09-19T17:47:26","modified_gmt":"2023-09-19T17:47:26","slug":"mesohet-identiteti-i-dy-te-plagosurve-ne-rahovec","status":"publish","type":"post","link":"https:\/\/permbledhja.com\/sq\/mesohet-identiteti-i-dy-te-plagosurve-ne-rahovec\/","title":{"rendered":"M\u00ebsohet identiteti i dy t\u00eb plagosurve n\u00eb Rahovec"},"content":{"rendered":"<h3>Pak \u00e7aste m\u00eb par\u00eb, 07 Press raportoi p\u00ebr dy t\u00eb plagosur n\u00eb Rahovec.<\/h3>\n<p>Redaksia jon\u00eb tashm\u00eb ka arritur t\u00eb m\u00ebsoj\u00eb se ata jan\u00eb v\u00ebllez\u00ebr.<\/p>\n<p>B\u00ebhet fjal\u00eb p\u00ebr N.V dhe L.V.<\/p>\n<p>Nj\u00ebri prej tyre \u00ebsht\u00eb n\u00eb gjendje m\u00eb t\u00eb r\u00ebnd\u00eb dhe raportohet t\u00eb jet\u00eb d\u00ebrguar menj\u00ebher\u00eb p\u00ebr n\u00eb Prishtin\u00eb.<\/p>\n<p>Lajmi n\u00eb p\u00ebrdit\u00ebsim&#8230;<\/p>\n","protected":false},"excerpt":{"rendered":"<p>Pak \u00e7aste m\u00eb par\u00eb, 07 Press raportoi p\u00ebr dy t\u00eb plagosur n\u00eb Rahovec. Redaksia jon\u00eb tashm\u00eb ka arritur t\u00eb m\u00ebsoj\u00eb se ata jan\u00eb v\u00ebllez\u00ebr. B\u00ebhet fjal\u00eb p\u00ebr N.V dhe L.V. Nj\u00ebri prej tyre \u00ebsht\u00eb n\u00eb gjendje m\u00eb t\u00eb r\u00ebnd\u00eb dhe raportohet t\u00eb jet\u00eb d\u00ebrguar menj\u00ebher\u00eb p\u00ebr n\u00eb Prishtin\u00eb. Lajmi n\u00eb p\u00ebrdit\u00ebsim&#8230;<\/p>\n","protected":false},"author":1,"featured_media":13314,"comment_status":"closed","ping_status":"closed","sticky":false,"template":"","format":"standard","meta":{"_monsterinsights_skip_tracking":false,"_monsterinsights_sitenote_active":false,"_monsterinsights_sitenote_note":"","_monsterinsights_sitenote_category":0,"_uf_show_specific_survey":0,"_uf_disable_surveys":false,"footnotes":""},"categories":[23,15,17],"tags":[142],"yoast_head":"<!-- This site is optimized with the Yoast SEO plugin v21.5 - https:\/\/yoast.com\/wordpress\/plugins\/seo\/ -->\n<title>M\u00ebsohet identiteti i dy t\u00eb plagosurve n\u00eb Rahovec<\/title>\n<meta name=\"robots\" content=\"index, follow, max-snippet:-1, max-image-preview:large, max-video-preview:-1\" \/>\n<link rel=\"canonical\" href=\"https:\/\/permbledhja.com\/sq\/mesohet-identiteti-i-dy-te-plagosurve-ne-rahovec\/\" \/>\n<meta property=\"og:locale\" content=\"sq_AL\" \/>\n<meta property=\"og:type\" content=\"article\" \/>\n<meta property=\"og:title\" content=\"M\u00ebsohet identiteti i dy t\u00eb plagosurve n\u00eb Rahovec\" \/>\n<meta property=\"og:description\" content=\"Pak \u00e7aste m\u00eb par\u00eb, 07 Press raportoi p\u00ebr dy t\u00eb plagosur n\u00eb Rahovec. Redaksia jon\u00eb tashm\u00eb ka arritur t\u00eb m\u00ebsoj\u00eb se ata jan\u00eb v\u00ebllez\u00ebr. B\u00ebhet fjal\u00eb p\u00ebr N.V dhe L.V. Nj\u00ebri prej tyre \u00ebsht\u00eb n\u00eb gjendje m\u00eb t\u00eb r\u00ebnd\u00eb dhe raportohet t\u00eb jet\u00eb d\u00ebrguar menj\u00ebher\u00eb p\u00ebr n\u00eb Prishtin\u00eb. Lajmi n\u00eb p\u00ebrdit\u00ebsim&#8230;\" \/>\n<meta property=\"og:url\" content=\"https:\/\/permbledhja.com\/sq\/mesohet-identiteti-i-dy-te-plagosurve-ne-rahovec\/\" \/>\n<meta property=\"og:site_name\" content=\"Ve\u00e7 artikuj p\u00ebrmbledh\u00ebs\" \/>\n<meta property=\"article:publisher\" content=\"https:\/\/www.facebook.com\/press07\/\" \/>\n<meta property=\"article:author\" content=\"https:\/\/www.facebook.com\/kafexhiu.muharrem\/\" \/>\n<meta property=\"article:published_time\" content=\"2023-09-19T17:47:26+00:00\" \/>\n<meta property=\"og:image\" content=\"https:\/\/permbledhja.com\/wp-content\/uploads\/2023\/04\/Shiriti-i-policise-se-Kosoves.jpg\" \/>\n\t<meta property=\"og:image:width\" content=\"696\" \/>\n\t<meta property=\"og:image:height\" content=\"391\" \/>\n\t<meta property=\"og:image:type\" content=\"image\/jpeg\" \/>\n<meta name=\"author\" content=\"P\u00ebrmbledhja\" \/>\n<meta name=\"twitter:card\" content=\"summary_large_image\" \/>\n<meta name=\"twitter:label1\" content=\"Written by\" \/>\n\t<meta name=\"twitter:data1\" content=\"P\u00ebrmbledhja\" \/>\n<script type=\"application\/ld+json\" class=\"yoast-schema-graph\">{\"@context\":\"https:\/\/schema.org\",\"@graph\":[{\"@type\":\"Article\",\"@id\":\"https:\/\/permbledhja.com\/sq\/mesohet-identiteti-i-dy-te-plagosurve-ne-rahovec\/#article\",\"isPartOf\":{\"@id\":\"https:\/\/permbledhja.com\/sq\/mesohet-identiteti-i-dy-te-plagosurve-ne-rahovec\/\"},\"author\":{\"name\":\"P\u00ebrmbledhja\",\"@id\":\"https:\/\/permbledhja.com\/#\/schema\/person\/0d064377258d3221e50693947b9eb4fe\"},\"headline\":\"M\u00ebsohet identiteti i dy t\u00eb plagosurve n\u00eb Rahovec\",\"datePublished\":\"2023-09-19T17:47:26+00:00\",\"dateModified\":\"2023-09-19T17:47:26+00:00\",\"mainEntityOfPage\":{\"@id\":\"https:\/\/permbledhja.com\/sq\/mesohet-identiteti-i-dy-te-plagosurve-ne-rahovec\/\"},\"wordCount\":74,\"publisher\":{\"@id\":\"https:\/\/permbledhja.com\/#organization\"},\"keywords\":[\"Rahovec\"],\"articleSection\":[\"Komb\u00ebtare\",\"Lajme\",\"Rahovec\"],\"inLanguage\":\"sq\"},{\"@type\":\"WebPage\",\"@id\":\"https:\/\/permbledhja.com\/sq\/mesohet-identiteti-i-dy-te-plagosurve-ne-rahovec\/\",\"url\":\"https:\/\/permbledhja.com\/sq\/mesohet-identiteti-i-dy-te-plagosurve-ne-rahovec\/\",\"name\":\"M\u00ebsohet identiteti i dy t\u00eb plagosurve n\u00eb Rahovec\",\"isPartOf\":{\"@id\":\"https:\/\/permbledhja.com\/#website\"},\"datePublished\":\"2023-09-19T17:47:26+00:00\",\"dateModified\":\"2023-09-19T17:47:26+00:00\",\"breadcrumb\":{\"@id\":\"https:\/\/permbledhja.com\/sq\/mesohet-identiteti-i-dy-te-plagosurve-ne-rahovec\/#breadcrumb\"},\"inLanguage\":\"sq\",\"potentialAction\":[{\"@type\":\"ReadAction\",\"target\":[\"https:\/\/permbledhja.com\/sq\/mesohet-identiteti-i-dy-te-plagosurve-ne-rahovec\/\"]}]},{\"@type\":\"BreadcrumbList\",\"@id\":\"https:\/\/permbledhja.com\/sq\/mesohet-identiteti-i-dy-te-plagosurve-ne-rahovec\/#breadcrumb\",\"itemListElement\":[{\"@type\":\"ListItem\",\"position\":1,\"name\":\"Ballina\",\"item\":\"https:\/\/permbledhja.com\/sq\/\"},{\"@type\":\"ListItem\",\"position\":2,\"name\":\"M\u00ebsohet identiteti i dy t\u00eb plagosurve n\u00eb Rahovec\"}]},{\"@type\":\"WebSite\",\"@id\":\"https:\/\/permbledhja.com\/#website\",\"url\":\"https:\/\/permbledhja.com\/\",\"name\":\"Ve\u00e7 artikuj p\u00ebrmbledh\u00ebs\",\"description\":\"\",\"publisher\":{\"@id\":\"https:\/\/permbledhja.com\/#organization\"},\"potentialAction\":[{\"@type\":\"SearchAction\",\"target\":{\"@type\":\"EntryPoint\",\"urlTemplate\":\"https:\/\/permbledhja.com\/?s={search_term_string}\"},\"query-input\":\"required name=search_term_string\"}],\"inLanguage\":\"sq\"},{\"@type\":\"Organization\",\"@id\":\"https:\/\/permbledhja.com\/#organization\",\"name\":\"MK Media & Pr\",\"url\":\"https:\/\/permbledhja.com\/\",\"logo\":{\"@type\":\"ImageObject\",\"inLanguage\":\"sq\",\"@id\":\"https:\/\/permbledhja.com\/#\/schema\/logo\/image\/\",\"url\":\"https:\/\/permbledhja.com\/wp-content\/uploads\/2021\/12\/07-Press-Logo.jpg\",\"contentUrl\":\"https:\/\/permbledhja.com\/wp-content\/uploads\/2021\/12\/07-Press-Logo.jpg\",\"width\":512,\"height\":512,\"caption\":\"MK Media & Pr\"},\"image\":{\"@id\":\"https:\/\/permbledhja.com\/#\/schema\/logo\/image\/\"},\"sameAs\":[\"https:\/\/www.facebook.com\/press07\/\"]},{\"@type\":\"Person\",\"@id\":\"https:\/\/permbledhja.com\/#\/schema\/person\/0d064377258d3221e50693947b9eb4fe\",\"name\":\"P\u00ebrmbledhja\",\"image\":{\"@type\":\"ImageObject\",\"inLanguage\":\"sq\",\"@id\":\"https:\/\/permbledhja.com\/#\/schema\/person\/image\/\",\"url\":\"https:\/\/permbledhja.com\/wp-content\/uploads\/2026\/01\/452004717_1040944174702970_8932037511805513407_n-96x96.jpg\",\"contentUrl\":\"https:\/\/permbledhja.com\/wp-content\/uploads\/2026\/01\/452004717_1040944174702970_8932037511805513407_n-96x96.jpg\",\"caption\":\"P\u00ebrmbledhja\"},\"sameAs\":[\"https:\/\/www.facebook.com\/kafexhiu.muharrem\/\",\"https:\/\/www.instagram.com\/muharrem_kafexhiu\/\"],\"url\":\"https:\/\/permbledhja.com\/sq\/author\/admin\/\"}]}<\/script>\n<!-- \/ Yoast SEO plugin. -->","yoast_head_json":{"title":"M\u00ebsohet identiteti i dy t\u00eb plagosurve n\u00eb Rahovec","robots":{"index":"index","follow":"follow","max-snippet":"max-snippet:-1","max-image-preview":"max-image-preview:large","max-video-preview":"max-video-preview:-1"},"canonical":"https:\/\/permbledhja.com\/sq\/mesohet-identiteti-i-dy-te-plagosurve-ne-rahovec\/","og_locale":"sq_AL","og_type":"article","og_title":"M\u00ebsohet identiteti i dy t\u00eb plagosurve n\u00eb Rahovec","og_description":"Pak \u00e7aste m\u00eb par\u00eb, 07 Press raportoi p\u00ebr dy t\u00eb plagosur n\u00eb Rahovec. Redaksia jon\u00eb tashm\u00eb ka arritur t\u00eb m\u00ebsoj\u00eb se ata jan\u00eb v\u00ebllez\u00ebr. B\u00ebhet fjal\u00eb p\u00ebr N.V dhe L.V. Nj\u00ebri prej tyre \u00ebsht\u00eb n\u00eb gjendje m\u00eb t\u00eb r\u00ebnd\u00eb dhe raportohet t\u00eb jet\u00eb d\u00ebrguar menj\u00ebher\u00eb p\u00ebr n\u00eb Prishtin\u00eb. Lajmi n\u00eb p\u00ebrdit\u00ebsim&#8230;","og_url":"https:\/\/permbledhja.com\/sq\/mesohet-identiteti-i-dy-te-plagosurve-ne-rahovec\/","og_site_name":"Ve\u00e7 artikuj p\u00ebrmbledh\u00ebs","article_publisher":"https:\/\/www.facebook.com\/press07\/","article_author":"https:\/\/www.facebook.com\/kafexhiu.muharrem\/","article_published_time":"2023-09-19T17:47:26+00:00","og_image":[{"width":696,"height":391,"url":"https:\/\/permbledhja.com\/wp-content\/uploads\/2023\/04\/Shiriti-i-policise-se-Kosoves.jpg","type":"image\/jpeg"}],"author":"P\u00ebrmbledhja","twitter_card":"summary_large_image","twitter_misc":{"Written by":"P\u00ebrmbledhja"},"schema":{"@context":"https:\/\/schema.org","@graph":[{"@type":"Article","@id":"https:\/\/permbledhja.com\/sq\/mesohet-identiteti-i-dy-te-plagosurve-ne-rahovec\/#article","isPartOf":{"@id":"https:\/\/permbledhja.com\/sq\/mesohet-identiteti-i-dy-te-plagosurve-ne-rahovec\/"},"author":{"name":"P\u00ebrmbledhja","@id":"https:\/\/permbledhja.com\/#\/schema\/person\/0d064377258d3221e50693947b9eb4fe"},"headline":"M\u00ebsohet identiteti i dy t\u00eb plagosurve n\u00eb Rahovec","datePublished":"2023-09-19T17:47:26+00:00","dateModified":"2023-09-19T17:47:26+00:00","mainEntityOfPage":{"@id":"https:\/\/permbledhja.com\/sq\/mesohet-identiteti-i-dy-te-plagosurve-ne-rahovec\/"},"wordCount":74,"publisher":{"@id":"https:\/\/permbledhja.com\/#organization"},"keywords":["Rahovec"],"articleSection":["Komb\u00ebtare","Lajme","Rahovec"],"inLanguage":"sq"},{"@type":"WebPage","@id":"https:\/\/permbledhja.com\/sq\/mesohet-identiteti-i-dy-te-plagosurve-ne-rahovec\/","url":"https:\/\/permbledhja.com\/sq\/mesohet-identiteti-i-dy-te-plagosurve-ne-rahovec\/","name":"M\u00ebsohet identiteti i dy t\u00eb plagosurve n\u00eb Rahovec","isPartOf":{"@id":"https:\/\/permbledhja.com\/#website"},"datePublished":"2023-09-19T17:47:26+00:00","dateModified":"2023-09-19T17:47:26+00:00","breadcrumb":{"@id":"https:\/\/permbledhja.com\/sq\/mesohet-identiteti-i-dy-te-plagosurve-ne-rahovec\/#breadcrumb"},"inLanguage":"sq","potentialAction":[{"@type":"ReadAction","target":["https:\/\/permbledhja.com\/sq\/mesohet-identiteti-i-dy-te-plagosurve-ne-rahovec\/"]}]},{"@type":"BreadcrumbList","@id":"https:\/\/permbledhja.com\/sq\/mesohet-identiteti-i-dy-te-plagosurve-ne-rahovec\/#breadcrumb","itemListElement":[{"@type":"ListItem","position":1,"name":"Ballina","item":"https:\/\/permbledhja.com\/sq\/"},{"@type":"ListItem","position":2,"name":"M\u00ebsohet identiteti i dy t\u00eb plagosurve n\u00eb Rahovec"}]},{"@type":"WebSite","@id":"https:\/\/permbledhja.com\/#website","url":"https:\/\/permbledhja.com\/","name":"Ve\u00e7 artikuj p\u00ebrmbledh\u00ebs","description":"","publisher":{"@id":"https:\/\/permbledhja.com\/#organization"},"potentialAction":[{"@type":"SearchAction","target":{"@type":"EntryPoint","urlTemplate":"https:\/\/permbledhja.com\/?s={search_term_string}"},"query-input":"required name=search_term_string"}],"inLanguage":"sq"},{"@type":"Organization","@id":"https:\/\/permbledhja.com\/#organization","name":"MK Media & Pr","url":"https:\/\/permbledhja.com\/","logo":{"@type":"ImageObject","inLanguage":"sq","@id":"https:\/\/permbledhja.com\/#\/schema\/logo\/image\/","url":"https:\/\/permbledhja.com\/wp-content\/uploads\/2021\/12\/07-Press-Logo.jpg","contentUrl":"https:\/\/permbledhja.com\/wp-content\/uploads\/2021\/12\/07-Press-Logo.jpg","width":512,"height":512,"caption":"MK Media & Pr"},"image":{"@id":"https:\/\/permbledhja.com\/#\/schema\/logo\/image\/"},"sameAs":["https:\/\/www.facebook.com\/press07\/"]},{"@type":"Person","@id":"https:\/\/permbledhja.com\/#\/schema\/person\/0d064377258d3221e50693947b9eb4fe","name":"P\u00ebrmbledhja","image":{"@type":"ImageObject","inLanguage":"sq","@id":"https:\/\/permbledhja.com\/#\/schema\/person\/image\/","url":"https:\/\/permbledhja.com\/wp-content\/uploads\/2026\/01\/452004717_1040944174702970_8932037511805513407_n-96x96.jpg","contentUrl":"https:\/\/permbledhja.com\/wp-content\/uploads\/2026\/01\/452004717_1040944174702970_8932037511805513407_n-96x96.jpg","caption":"P\u00ebrmbledhja"},"sameAs":["https:\/\/www.facebook.com\/kafexhiu.muharrem\/","https:\/\/www.instagram.com\/muharrem_kafexhiu\/"],"url":"https:\/\/permbledhja.com\/sq\/author\/admin\/"}]}},"_links":{"self":[{"href":"https:\/\/permbledhja.com\/sq\/wp-json\/wp\/v2\/posts\/27416"}],"collection":[{"href":"https:\/\/permbledhja.com\/sq\/wp-json\/wp\/v2\/posts"}],"about":[{"href":"https:\/\/permbledhja.com\/sq\/wp-json\/wp\/v2\/types\/post"}],"author":[{"embeddable":true,"href":"https:\/\/permbledhja.com\/sq\/wp-json\/wp\/v2\/users\/1"}],"replies":[{"embeddable":true,"href":"https:\/\/permbledhja.com\/sq\/wp-json\/wp\/v2\/comments?post=27416"}],"version-history":[{"count":1,"href":"https:\/\/permbledhja.com\/sq\/wp-json\/wp\/v2\/posts\/27416\/revisions"}],"predecessor-version":[{"id":27417,"href":"https:\/\/permbledhja.com\/sq\/wp-json\/wp\/v2\/posts\/27416\/revisions\/27417"}],"wp:featuredmedia":[{"embeddable":true,"href":"https:\/\/permbledhja.com\/sq\/wp-json\/wp\/v2\/media\/13314"}],"wp:attachment":[{"href":"https:\/\/permbledhja.com\/sq\/wp-json\/wp\/v2\/media?parent=27416"}],"wp:term":[{"taxonomy":"category","embeddable":true,"href":"https:\/\/permbledhja.com\/sq\/wp-json\/wp\/v2\/categories?post=27416"},{"taxonomy":"post_tag","embeddable":true,"href":"https:\/\/permbledhja.com\/sq\/wp-json\/wp\/v2\/tags?post=27416"}],"curies":[{"name":"wp","href":"https:\/\/api.w.org\/{rel}","templated":true}]}}