{"id":2721,"date":"2022-07-20T12:23:45","date_gmt":"2022-07-20T12:23:45","guid":{"rendered":"https:\/\/permbledhja.com\/?p=2721"},"modified":"2022-07-20T12:23:45","modified_gmt":"2022-07-20T12:23:45","slug":"aak-themelon-forumin-e-kryetareve-te-komunave-haradinaj-adreson-kritika-ndaj-qeverise-kurti","status":"publish","type":"post","link":"https:\/\/permbledhja.com\/sq\/aak-themelon-forumin-e-kryetareve-te-komunave-haradinaj-adreson-kritika-ndaj-qeverise-kurti\/","title":{"rendered":"AAK themelon forumin e kryetar\u00ebve t\u00eb komunave, Haradinaj adreson kritika ndaj Qeveris\u00eb Kurti"},"content":{"rendered":"<p><strong>Kryetari i AAK-s\u00eb, Ramush Haradinaj n\u00eb nj\u00eb konferenc\u00eb p\u00ebr media s\u00eb bashku me kryetar\u00ebt e pes\u00eb komunave q\u00eb qeverisen nga ky subjekt ka b\u00ebr\u00eb t\u00eb ditur se kan\u00eb vendosur t\u00eb themelojn\u00eb forumin e kryetar\u00ebve t\u00eb komunave t\u00eb AAK-s\u00eb.<\/strong><\/p>\n<p>\u201cAAK ka vendosur t\u00eb krijoj\u00eb forumin e kryetar\u00ebve t\u00eb komunave si nj\u00eb mekaniz\u00ebm t\u00eb adresimit t\u00eb problemeve dhe t\u00eb temave t\u00eb qeverisjes n\u00eb nivel komunal n\u00eb raport me Qeverin\u00eb. Forumi do ta ket\u00eb udh\u00ebheqjen me rotacion, i pari do t\u2019i prij\u00eb z.Ardian Gjini\u201d, tha Haradinaj.<\/p>\n<p>https:\/\/permbledhja.com\/te-gjitha-vendimet-qe-i-mori-sot-qeveria-e-kosoves\/<\/p>\n<p>Ai pati edhe akuza p\u00ebr Qeverin\u00eb Kurti, duke th\u00ebn\u00eb se vet\u00ebm po mbledh para n\u00eb ark\u00ebn e shtetit e nuk po i kthen ato n\u00eb investime n\u00eb ekonomi.<\/p>\n<p>\u201cAAK ka filluar nj\u00eb s\u00ebr\u00eb takimesh me institucionet q\u00eb merren me energjin\u00eb p\u00ebr shkak se kemi frik\u00eb se Kosova mund  t\u00eb shkoj n\u00eb kolaps energjetik p\u00ebr shkak t\u00eb kriz\u00ebs energjetike. Qeveria nuk \u00ebsht\u00eb serioze dhe nuk ka nj\u00eb plan konkret sesi do ti qaset k\u00ebsaj situate n\u00eb prag t\u00eb dimrit. Qeveria Kurti ka bllokuar Ligjin e Pagave, \u00ebsht\u00eb bllokuar nisma e t\u00ebrheqjes s\u00eb mjeteve nga fondi i Trustit. Qeveria po i grumbullon parat\u00eb n\u00eb ark\u00ebn e shtetit, e nuk po i kthen n\u00eb investim n\u00eb ekonomi e q\u00eb \u00ebsht\u00eb shqet\u00ebsuese\u201d, u shpreh i pari i AAK-s\u00eb.<\/p>\n<p>https:\/\/permbledhja.com\/nje-foshnje-me-covid-ne-gjendje-te-rende\/<\/p>\n<p>N\u00eb an\u00ebn tjet\u00ebr n\u00ebnkryetari i k\u00ebsaj partie, nj\u00ebherit kryetar i Gjakov\u00ebs, Ardian Gjini u shpreh se Kosova duhet t\u00eb ket\u00eb nj\u00eb Qeveri miq\u00ebsore ndaj komunave.<\/p>\n<p>\u201cKosova duhet me pas nj\u00eb qeveri miq\u00ebsore ndaj komunave. Komunat jan\u00eb t\u00eb r\u00ebnd\u00ebsishme\u201d, tha Gjini.<\/p>\n<p>Gjini foli edhe p\u00ebr krijimin e forumit t\u00eb komunave t\u00eb udh\u00ebhequra nga AAK-ja.<\/p>\n<p>https:\/\/permbledhja.com\/temperatura-te-larta-sot-ikshpk-jep-rekomandime-per-mbrojtje\/<\/p>\n<p>\u201cNe e kemi t\u00eb parapar\u00eb edhe me statut t\u00eb kemi forumin e kryetar\u00ebve t\u00eb komunave t\u00eb AAK-s\u00eb, p\u00ebr ti shpalosur problemet dhe mi nda p\u00ebrvojat tona. AAK \u00ebsht\u00eb shum\u00eb e lumtur me pun\u00ebn q\u00eb e kan\u00eb b\u00ebr\u00eb kryetar\u00ebt e komunave. Duhet t\u00eb tregojm\u00eb q\u00eb jemi pjes\u00eb aktive e Asociacionit t\u00eb Komunave. Shqet\u00ebsimet q\u00eb ne i ndajm\u00eb besoj q\u00eb t\u00eb nj\u00ebjtat i ndajn\u00eb edhe kryetar\u00ebt e komunave t\u00eb tjera\u201d, tha Gjini.<\/p>\n<p>Kryetar\u00ebt e tjer\u00eb t\u00eb komunave q\u00eb udh\u00ebhiqen nga AAK-ja po ashtu k\u00ebrkuan q\u00eb t\u00eb ket\u00eb bashk\u00ebpunim m\u00eb t\u00eb madh nga ana e Qeveris\u00eb me komunat.<\/p>\n","protected":false},"excerpt":{"rendered":"<p>Kryetari i AAK-s\u00eb, Ramush Haradinaj n\u00eb nj\u00eb konferenc\u00eb p\u00ebr media s\u00eb bashku me kryetar\u00ebt e pes\u00eb komunave q\u00eb qeverisen nga ky subjekt ka b\u00ebr\u00eb t\u00eb ditur se kan\u00eb vendosur t\u00eb themelojn\u00eb forumin e kryetar\u00ebve t\u00eb komunave t\u00eb AAK-s\u00eb. \u201cAAK ka vendosur t\u00eb krijoj\u00eb forumin e kryetar\u00ebve t\u00eb komunave si nj\u00eb mekaniz\u00ebm t\u00eb adresimit t\u00eb problemeve [&hellip;]<\/p>\n","protected":false},"author":1,"featured_media":2722,"comment_status":"closed","ping_status":"closed","sticky":false,"template":"","format":"standard","meta":{"_monsterinsights_skip_tracking":false,"_monsterinsights_sitenote_active":false,"_monsterinsights_sitenote_note":"","_monsterinsights_sitenote_category":0,"_uf_show_specific_survey":0,"_uf_disable_surveys":false,"footnotes":""},"categories":[23,15],"tags":[501],"yoast_head":"<!-- This site is optimized with the Yoast SEO plugin v21.5 - https:\/\/yoast.com\/wordpress\/plugins\/seo\/ -->\n<title>AAK themelon forumin e kryetar\u00ebve t\u00eb komunave, Haradinaj adreson kritika ndaj Qeveris\u00eb Kurti<\/title>\n<meta name=\"robots\" content=\"index, follow, max-snippet:-1, max-image-preview:large, max-video-preview:-1\" \/>\n<link rel=\"canonical\" href=\"https:\/\/permbledhja.com\/sq\/aak-themelon-forumin-e-kryetareve-te-komunave-haradinaj-adreson-kritika-ndaj-qeverise-kurti\/\" \/>\n<meta property=\"og:locale\" content=\"sq_AL\" \/>\n<meta property=\"og:type\" content=\"article\" \/>\n<meta property=\"og:title\" content=\"AAK themelon forumin e kryetar\u00ebve t\u00eb komunave, Haradinaj adreson kritika ndaj Qeveris\u00eb Kurti\" \/>\n<meta property=\"og:description\" content=\"Kryetari i AAK-s\u00eb, Ramush Haradinaj n\u00eb nj\u00eb konferenc\u00eb p\u00ebr media s\u00eb bashku me kryetar\u00ebt e pes\u00eb komunave q\u00eb qeverisen nga ky subjekt ka b\u00ebr\u00eb t\u00eb ditur se kan\u00eb vendosur t\u00eb themelojn\u00eb forumin e kryetar\u00ebve t\u00eb komunave t\u00eb AAK-s\u00eb. \u201cAAK ka vendosur t\u00eb krijoj\u00eb forumin e kryetar\u00ebve t\u00eb komunave si nj\u00eb mekaniz\u00ebm t\u00eb adresimit t\u00eb problemeve [&hellip;]\" \/>\n<meta property=\"og:url\" content=\"https:\/\/permbledhja.com\/sq\/aak-themelon-forumin-e-kryetareve-te-komunave-haradinaj-adreson-kritika-ndaj-qeverise-kurti\/\" \/>\n<meta property=\"og:site_name\" content=\"Ve\u00e7 artikuj p\u00ebrmbledh\u00ebs\" \/>\n<meta property=\"article:publisher\" content=\"https:\/\/www.facebook.com\/press07\/\" \/>\n<meta property=\"article:author\" content=\"https:\/\/www.facebook.com\/kafexhiu.muharrem\/\" \/>\n<meta property=\"article:published_time\" content=\"2022-07-20T12:23:45+00:00\" \/>\n<meta property=\"og:image\" content=\"https:\/\/permbledhja.com\/wp-content\/uploads\/2022\/07\/aak-3-780x439-1.jpg\" \/>\n\t<meta property=\"og:image:width\" content=\"780\" \/>\n\t<meta property=\"og:image:height\" content=\"439\" \/>\n\t<meta property=\"og:image:type\" content=\"image\/jpeg\" \/>\n<meta name=\"author\" content=\"P\u00ebrmbledhja\" \/>\n<meta name=\"twitter:card\" content=\"summary_large_image\" \/>\n<meta name=\"twitter:label1\" content=\"Written by\" \/>\n\t<meta name=\"twitter:data1\" content=\"P\u00ebrmbledhja\" \/>\n\t<meta name=\"twitter:label2\" content=\"Est. reading time\" \/>\n\t<meta name=\"twitter:data2\" content=\"2 minuta\" \/>\n<script type=\"application\/ld+json\" class=\"yoast-schema-graph\">{\"@context\":\"https:\/\/schema.org\",\"@graph\":[{\"@type\":\"Article\",\"@id\":\"https:\/\/permbledhja.com\/aak-themelon-forumin-e-kryetareve-te-komunave-haradinaj-adreson-kritika-ndaj-qeverise-kurti\/#article\",\"isPartOf\":{\"@id\":\"https:\/\/permbledhja.com\/aak-themelon-forumin-e-kryetareve-te-komunave-haradinaj-adreson-kritika-ndaj-qeverise-kurti\/\"},\"author\":{\"name\":\"P\u00ebrmbledhja\",\"@id\":\"https:\/\/permbledhja.com\/#\/schema\/person\/0d064377258d3221e50693947b9eb4fe\"},\"headline\":\"AAK themelon forumin e kryetar\u00ebve t\u00eb komunave, Haradinaj adreson kritika ndaj Qeveris\u00eb Kurti\",\"datePublished\":\"2022-07-20T12:23:45+00:00\",\"dateModified\":\"2022-07-20T12:23:45+00:00\",\"mainEntityOfPage\":{\"@id\":\"https:\/\/permbledhja.com\/aak-themelon-forumin-e-kryetareve-te-komunave-haradinaj-adreson-kritika-ndaj-qeverise-kurti\/\"},\"wordCount\":427,\"publisher\":{\"@id\":\"https:\/\/permbledhja.com\/#organization\"},\"keywords\":[\"AAK\"],\"articleSection\":[\"Komb\u00ebtare\",\"Lajme\"],\"inLanguage\":\"sq\"},{\"@type\":\"WebPage\",\"@id\":\"https:\/\/permbledhja.com\/aak-themelon-forumin-e-kryetareve-te-komunave-haradinaj-adreson-kritika-ndaj-qeverise-kurti\/\",\"url\":\"https:\/\/permbledhja.com\/aak-themelon-forumin-e-kryetareve-te-komunave-haradinaj-adreson-kritika-ndaj-qeverise-kurti\/\",\"name\":\"AAK themelon forumin e kryetar\u00ebve t\u00eb komunave, Haradinaj adreson kritika ndaj Qeveris\u00eb Kurti\",\"isPartOf\":{\"@id\":\"https:\/\/permbledhja.com\/#website\"},\"datePublished\":\"2022-07-20T12:23:45+00:00\",\"dateModified\":\"2022-07-20T12:23:45+00:00\",\"breadcrumb\":{\"@id\":\"https:\/\/permbledhja.com\/aak-themelon-forumin-e-kryetareve-te-komunave-haradinaj-adreson-kritika-ndaj-qeverise-kurti\/#breadcrumb\"},\"inLanguage\":\"sq\",\"potentialAction\":[{\"@type\":\"ReadAction\",\"target\":[\"https:\/\/permbledhja.com\/aak-themelon-forumin-e-kryetareve-te-komunave-haradinaj-adreson-kritika-ndaj-qeverise-kurti\/\"]}]},{\"@type\":\"BreadcrumbList\",\"@id\":\"https:\/\/permbledhja.com\/aak-themelon-forumin-e-kryetareve-te-komunave-haradinaj-adreson-kritika-ndaj-qeverise-kurti\/#breadcrumb\",\"itemListElement\":[{\"@type\":\"ListItem\",\"position\":1,\"name\":\"Ballina\",\"item\":\"https:\/\/permbledhja.com\/sq\/\"},{\"@type\":\"ListItem\",\"position\":2,\"name\":\"AAK themelon forumin e kryetar\u00ebve t\u00eb komunave, Haradinaj adreson kritika ndaj Qeveris\u00eb Kurti\"}]},{\"@type\":\"WebSite\",\"@id\":\"https:\/\/permbledhja.com\/#website\",\"url\":\"https:\/\/permbledhja.com\/\",\"name\":\"Ve\u00e7 artikuj p\u00ebrmbledh\u00ebs\",\"description\":\"\",\"publisher\":{\"@id\":\"https:\/\/permbledhja.com\/#organization\"},\"potentialAction\":[{\"@type\":\"SearchAction\",\"target\":{\"@type\":\"EntryPoint\",\"urlTemplate\":\"https:\/\/permbledhja.com\/?s={search_term_string}\"},\"query-input\":\"required name=search_term_string\"}],\"inLanguage\":\"sq\"},{\"@type\":\"Organization\",\"@id\":\"https:\/\/permbledhja.com\/#organization\",\"name\":\"MK Media & Pr\",\"url\":\"https:\/\/permbledhja.com\/\",\"logo\":{\"@type\":\"ImageObject\",\"inLanguage\":\"sq\",\"@id\":\"https:\/\/permbledhja.com\/#\/schema\/logo\/image\/\",\"url\":\"https:\/\/permbledhja.com\/wp-content\/uploads\/2021\/12\/07-Press-Logo.jpg\",\"contentUrl\":\"https:\/\/permbledhja.com\/wp-content\/uploads\/2021\/12\/07-Press-Logo.jpg\",\"width\":512,\"height\":512,\"caption\":\"MK Media & Pr\"},\"image\":{\"@id\":\"https:\/\/permbledhja.com\/#\/schema\/logo\/image\/\"},\"sameAs\":[\"https:\/\/www.facebook.com\/press07\/\"]},{\"@type\":\"Person\",\"@id\":\"https:\/\/permbledhja.com\/#\/schema\/person\/0d064377258d3221e50693947b9eb4fe\",\"name\":\"P\u00ebrmbledhja\",\"image\":{\"@type\":\"ImageObject\",\"inLanguage\":\"sq\",\"@id\":\"https:\/\/permbledhja.com\/#\/schema\/person\/image\/\",\"url\":\"https:\/\/permbledhja.com\/wp-content\/uploads\/2026\/01\/452004717_1040944174702970_8932037511805513407_n-96x96.jpg\",\"contentUrl\":\"https:\/\/permbledhja.com\/wp-content\/uploads\/2026\/01\/452004717_1040944174702970_8932037511805513407_n-96x96.jpg\",\"caption\":\"P\u00ebrmbledhja\"},\"sameAs\":[\"https:\/\/www.facebook.com\/kafexhiu.muharrem\/\",\"https:\/\/www.instagram.com\/muharrem_kafexhiu\/\"],\"url\":\"https:\/\/permbledhja.com\/sq\/author\/admin\/\"}]}<\/script>\n<!-- \/ Yoast SEO plugin. -->","yoast_head_json":{"title":"AAK themelon forumin e kryetar\u00ebve t\u00eb komunave, Haradinaj adreson kritika ndaj Qeveris\u00eb Kurti","robots":{"index":"index","follow":"follow","max-snippet":"max-snippet:-1","max-image-preview":"max-image-preview:large","max-video-preview":"max-video-preview:-1"},"canonical":"https:\/\/permbledhja.com\/sq\/aak-themelon-forumin-e-kryetareve-te-komunave-haradinaj-adreson-kritika-ndaj-qeverise-kurti\/","og_locale":"sq_AL","og_type":"article","og_title":"AAK themelon forumin e kryetar\u00ebve t\u00eb komunave, Haradinaj adreson kritika ndaj Qeveris\u00eb Kurti","og_description":"Kryetari i AAK-s\u00eb, Ramush Haradinaj n\u00eb nj\u00eb konferenc\u00eb p\u00ebr media s\u00eb bashku me kryetar\u00ebt e pes\u00eb komunave q\u00eb qeverisen nga ky subjekt ka b\u00ebr\u00eb t\u00eb ditur se kan\u00eb vendosur t\u00eb themelojn\u00eb forumin e kryetar\u00ebve t\u00eb komunave t\u00eb AAK-s\u00eb. \u201cAAK ka vendosur t\u00eb krijoj\u00eb forumin e kryetar\u00ebve t\u00eb komunave si nj\u00eb mekaniz\u00ebm t\u00eb adresimit t\u00eb problemeve [&hellip;]","og_url":"https:\/\/permbledhja.com\/sq\/aak-themelon-forumin-e-kryetareve-te-komunave-haradinaj-adreson-kritika-ndaj-qeverise-kurti\/","og_site_name":"Ve\u00e7 artikuj p\u00ebrmbledh\u00ebs","article_publisher":"https:\/\/www.facebook.com\/press07\/","article_author":"https:\/\/www.facebook.com\/kafexhiu.muharrem\/","article_published_time":"2022-07-20T12:23:45+00:00","og_image":[{"width":780,"height":439,"url":"https:\/\/permbledhja.com\/wp-content\/uploads\/2022\/07\/aak-3-780x439-1.jpg","type":"image\/jpeg"}],"author":"P\u00ebrmbledhja","twitter_card":"summary_large_image","twitter_misc":{"Written by":"P\u00ebrmbledhja","Est. reading time":"2 minuta"},"schema":{"@context":"https:\/\/schema.org","@graph":[{"@type":"Article","@id":"https:\/\/permbledhja.com\/aak-themelon-forumin-e-kryetareve-te-komunave-haradinaj-adreson-kritika-ndaj-qeverise-kurti\/#article","isPartOf":{"@id":"https:\/\/permbledhja.com\/aak-themelon-forumin-e-kryetareve-te-komunave-haradinaj-adreson-kritika-ndaj-qeverise-kurti\/"},"author":{"name":"P\u00ebrmbledhja","@id":"https:\/\/permbledhja.com\/#\/schema\/person\/0d064377258d3221e50693947b9eb4fe"},"headline":"AAK themelon forumin e kryetar\u00ebve t\u00eb komunave, Haradinaj adreson kritika ndaj Qeveris\u00eb Kurti","datePublished":"2022-07-20T12:23:45+00:00","dateModified":"2022-07-20T12:23:45+00:00","mainEntityOfPage":{"@id":"https:\/\/permbledhja.com\/aak-themelon-forumin-e-kryetareve-te-komunave-haradinaj-adreson-kritika-ndaj-qeverise-kurti\/"},"wordCount":427,"publisher":{"@id":"https:\/\/permbledhja.com\/#organization"},"keywords":["AAK"],"articleSection":["Komb\u00ebtare","Lajme"],"inLanguage":"sq"},{"@type":"WebPage","@id":"https:\/\/permbledhja.com\/aak-themelon-forumin-e-kryetareve-te-komunave-haradinaj-adreson-kritika-ndaj-qeverise-kurti\/","url":"https:\/\/permbledhja.com\/aak-themelon-forumin-e-kryetareve-te-komunave-haradinaj-adreson-kritika-ndaj-qeverise-kurti\/","name":"AAK themelon forumin e kryetar\u00ebve t\u00eb komunave, Haradinaj adreson kritika ndaj Qeveris\u00eb Kurti","isPartOf":{"@id":"https:\/\/permbledhja.com\/#website"},"datePublished":"2022-07-20T12:23:45+00:00","dateModified":"2022-07-20T12:23:45+00:00","breadcrumb":{"@id":"https:\/\/permbledhja.com\/aak-themelon-forumin-e-kryetareve-te-komunave-haradinaj-adreson-kritika-ndaj-qeverise-kurti\/#breadcrumb"},"inLanguage":"sq","potentialAction":[{"@type":"ReadAction","target":["https:\/\/permbledhja.com\/aak-themelon-forumin-e-kryetareve-te-komunave-haradinaj-adreson-kritika-ndaj-qeverise-kurti\/"]}]},{"@type":"BreadcrumbList","@id":"https:\/\/permbledhja.com\/aak-themelon-forumin-e-kryetareve-te-komunave-haradinaj-adreson-kritika-ndaj-qeverise-kurti\/#breadcrumb","itemListElement":[{"@type":"ListItem","position":1,"name":"Ballina","item":"https:\/\/permbledhja.com\/sq\/"},{"@type":"ListItem","position":2,"name":"AAK themelon forumin e kryetar\u00ebve t\u00eb komunave, Haradinaj adreson kritika ndaj Qeveris\u00eb Kurti"}]},{"@type":"WebSite","@id":"https:\/\/permbledhja.com\/#website","url":"https:\/\/permbledhja.com\/","name":"Ve\u00e7 artikuj p\u00ebrmbledh\u00ebs","description":"","publisher":{"@id":"https:\/\/permbledhja.com\/#organization"},"potentialAction":[{"@type":"SearchAction","target":{"@type":"EntryPoint","urlTemplate":"https:\/\/permbledhja.com\/?s={search_term_string}"},"query-input":"required name=search_term_string"}],"inLanguage":"sq"},{"@type":"Organization","@id":"https:\/\/permbledhja.com\/#organization","name":"MK Media & Pr","url":"https:\/\/permbledhja.com\/","logo":{"@type":"ImageObject","inLanguage":"sq","@id":"https:\/\/permbledhja.com\/#\/schema\/logo\/image\/","url":"https:\/\/permbledhja.com\/wp-content\/uploads\/2021\/12\/07-Press-Logo.jpg","contentUrl":"https:\/\/permbledhja.com\/wp-content\/uploads\/2021\/12\/07-Press-Logo.jpg","width":512,"height":512,"caption":"MK Media & Pr"},"image":{"@id":"https:\/\/permbledhja.com\/#\/schema\/logo\/image\/"},"sameAs":["https:\/\/www.facebook.com\/press07\/"]},{"@type":"Person","@id":"https:\/\/permbledhja.com\/#\/schema\/person\/0d064377258d3221e50693947b9eb4fe","name":"P\u00ebrmbledhja","image":{"@type":"ImageObject","inLanguage":"sq","@id":"https:\/\/permbledhja.com\/#\/schema\/person\/image\/","url":"https:\/\/permbledhja.com\/wp-content\/uploads\/2026\/01\/452004717_1040944174702970_8932037511805513407_n-96x96.jpg","contentUrl":"https:\/\/permbledhja.com\/wp-content\/uploads\/2026\/01\/452004717_1040944174702970_8932037511805513407_n-96x96.jpg","caption":"P\u00ebrmbledhja"},"sameAs":["https:\/\/www.facebook.com\/kafexhiu.muharrem\/","https:\/\/www.instagram.com\/muharrem_kafexhiu\/"],"url":"https:\/\/permbledhja.com\/sq\/author\/admin\/"}]}},"_links":{"self":[{"href":"https:\/\/permbledhja.com\/sq\/wp-json\/wp\/v2\/posts\/2721"}],"collection":[{"href":"https:\/\/permbledhja.com\/sq\/wp-json\/wp\/v2\/posts"}],"about":[{"href":"https:\/\/permbledhja.com\/sq\/wp-json\/wp\/v2\/types\/post"}],"author":[{"embeddable":true,"href":"https:\/\/permbledhja.com\/sq\/wp-json\/wp\/v2\/users\/1"}],"replies":[{"embeddable":true,"href":"https:\/\/permbledhja.com\/sq\/wp-json\/wp\/v2\/comments?post=2721"}],"version-history":[{"count":1,"href":"https:\/\/permbledhja.com\/sq\/wp-json\/wp\/v2\/posts\/2721\/revisions"}],"predecessor-version":[{"id":2723,"href":"https:\/\/permbledhja.com\/sq\/wp-json\/wp\/v2\/posts\/2721\/revisions\/2723"}],"wp:featuredmedia":[{"embeddable":true,"href":"https:\/\/permbledhja.com\/sq\/wp-json\/wp\/v2\/media\/2722"}],"wp:attachment":[{"href":"https:\/\/permbledhja.com\/sq\/wp-json\/wp\/v2\/media?parent=2721"}],"wp:term":[{"taxonomy":"category","embeddable":true,"href":"https:\/\/permbledhja.com\/sq\/wp-json\/wp\/v2\/categories?post=2721"},{"taxonomy":"post_tag","embeddable":true,"href":"https:\/\/permbledhja.com\/sq\/wp-json\/wp\/v2\/tags?post=2721"}],"curies":[{"name":"wp","href":"https:\/\/api.w.org\/{rel}","templated":true}]}}