{"id":2718,"date":"2022-07-20T12:18:44","date_gmt":"2022-07-20T12:18:44","guid":{"rendered":"https:\/\/permbledhja.com\/?p=2718"},"modified":"2022-07-20T12:18:44","modified_gmt":"2022-07-20T12:18:44","slug":"te-gjitha-vendimet-qe-i-mori-sot-qeveria-e-kosoves","status":"publish","type":"post","link":"https:\/\/permbledhja.com\/sq\/te-gjitha-vendimet-qe-i-mori-sot-qeveria-e-kosoves\/","title":{"rendered":"T\u00eb gjitha vendimet q\u00eb i mori sot Qeveria e Kosov\u00ebs"},"content":{"rendered":"<p><strong>Qeveria e Kosov\u00ebs sot ka mbajtur mbledhjen e 89 me radh\u00eb, shkruan GazetaBlic.Bashkangjitur i gjeni t\u00eb gjitha vendimet q\u00eb u moren gjat\u00eb k\u00ebsaj mbledhje<\/strong><\/p>\n<p>Dje ishte dit\u00eb shum\u00eb e r\u00ebnd\u00ebsishme p\u00ebr Ballkanin Per\u00ebndimor dhe rrug\u00ebtimin e tij drejt integrimit n\u00eb Bashkimin Evropian. Edhe nj\u00eb her\u00eb ju uroj Republik\u00ebs s\u00eb Shqip\u00ebris\u00eb dhe Republik\u00ebs s\u00eb Maqedonis\u00eb s\u00eb Veriut hapjen e negociatave p\u00ebr an\u00ebtar\u00ebsim n\u00eb Bashkimin Evropian. <\/p>\n<p>Ne i g\u00ebzohemi k\u00ebsaj arritje historike t\u00eb t\u00eb dyja vendeve. Ky vendim i Bashkimit Evropian na shton p\u00ebrkushtimin p\u00ebr reforma q\u00eb transformojn\u00eb dhe forcojn\u00eb rajonin ton\u00eb dhe rrjedhimisht edhe Evrop\u00ebn.<\/p>\n<p>Nd\u00ebrkaq, nga e premtja, vendi yn\u00eb p\u00ebr her\u00eb t\u00eb par\u00eb do t\u00eb jet\u00eb nikoqir i nj\u00eb prej ngjarjeve m\u00eb t\u00eb r\u00ebnd\u00ebsishme kulturore nd\u00ebrkomb\u00ebtare, bienales nomade \u201cManifesta\u201d.<\/p>\n<p>https:\/\/permbledhja.com\/nje-foshnje-me-covid-ne-gjendje-te-rende\/<\/p>\n<p>Mb\u00ebshtetur nga Ministria e Kultur\u00ebs, Rinis\u00eb dhe Sportit, Manifesta sivjet ka nj\u00eb program 100 ditor, q\u00eb p\u00ebrfshin 25 lokacione, 55 intervenime artistike dhe 102 pjes\u00ebmarr\u00ebs vendor\u00eb e nd\u00ebrkomb\u00ebtar\u00eb. <\/p>\n<p>Organizimi i k\u00ebsaj ngjarje \u00ebsht\u00eb d\u00ebshmi e aft\u00ebsis\u00eb s\u00eb shoq\u00ebris\u00eb son\u00eb, t\u00eb komunitetit artistik dhe t\u00eb institucioneve tona p\u00ebr t\u00eb mir\u00ebpritur nj\u00eb num\u00ebr kaq t\u00eb madh t\u00eb artist\u00ebve dhe p\u00ebr ta shnd\u00ebrruar kryeqytetin n\u00eb hap\u00ebsir\u00eb t\u00eb artit bashk\u00ebkohor. P\u00ebrve\u00e7 aspektit kulturor, padyshim se Manifesta do t\u00eb jet\u00eb edhe mund\u00ebsi tejet e mir\u00eb e promovimit t\u00eb vendit, vlerave dhe t\u00eb artit ton\u00eb.<\/p>\n<p>Duke marr\u00eb shkas k\u00ebt\u00eb ngjarje t\u00eb r\u00ebnd\u00ebsishme kulturore m\u00eb lejoni q\u00eb shkurtimisht t\u00eb ndaj me ju disa prej arritjeve tona kryesore t\u00eb deritanishme n\u00eb fush\u00ebn e Kultur\u00ebs:<\/p>\n<p>\u2013 Po b\u00ebhen hapa konkret n\u00eb reformimin e korniz\u00ebs ligjore. P\u00ebr her\u00eb t\u00eb par\u00eb \u00ebsht\u00eb b\u00ebr\u00eb nj\u00eb analiz\u00eb e mir\u00ebfillt\u00eb nga nj\u00eb plejad\u00eb e akter\u00ebve institucional\u00eb t\u00eb nivelit qendror dhe lokal, organizatave jo-qeveritare dhe komunitetit t\u00eb gjer\u00eb kulturor dhe artistik me q\u00ebllim hartimin e koncept-dokumentit p\u00ebr Kultur\u00eb t\u00eb cilin shum\u00eb shpejt\u00eb do ta sjellim p\u00ebr votim n\u00eb mbledhje t\u00eb Qeveris\u00eb.<\/p>\n<p>\u2013 Kemi themeluar institucionin e Oper\u00ebs s\u00eb Kosov\u00ebs. Kosova p\u00ebr her\u00eb t\u00eb par\u00eb ka program vjetor t\u00eb Oper\u00ebs p\u00ebr vitin 2022. Programi vjetor i Oper\u00ebs ka p\u00ebrfunduar me sukses paraqitjen me performanca dhe prezantime edukative mbi edukimin operistik p\u00ebr f\u00ebmij\u00eb \u201cEdu Opera\u201d n\u00eb 10 shkollat publike t\u00eb muzik\u00ebs n\u00eb Kosov\u00eb.<\/p>\n<p>\u2013 \u00cbsht\u00eb arritur dhe miratuar n\u00eb Qeveri marr\u00ebveshja p\u00ebr pjes\u00ebmarrjen e Kosov\u00ebs n\u00eb programin e ri t\u00eb Bashkimit Evropian \u201cCreative Europe\u201d p\u00ebr periudh\u00ebn 2021-2027. <\/p>\n<p>Ky program krijon hap\u00ebsira t\u00eb reja p\u00ebr komunitetin ton\u00eb artistik p\u00ebr avancim t\u00eb veprimtaris\u00eb brenda dhe jasht\u00eb shtetit, dhe nj\u00ebherit fuqizon pozit\u00ebn e Republik\u00ebs s\u00eb Kosov\u00ebs n\u00eb hart\u00ebn kulturore evropiane.<\/p>\n<p>https:\/\/permbledhja.com\/temperatura-te-larta-sot-ikshpk-jep-rekomandime-per-mbrojtje\/<\/p>\n<p>\u2013 Me q\u00ebllim t\u00eb avancimit t\u00eb arteve pamore n\u00eb Kosov\u00eb, n\u00eb vazhd\u00ebn e pun\u00ebs p\u00ebr themelimin e muzeut t\u00eb artit bashk\u00ebkohor \u00ebsht\u00eb formuar K\u00ebshilli Iniciues i Muzeut t\u00eb Artit Bashk\u00ebkohor, i cili ka filluar pun\u00ebn me q\u00ebllim t\u00eb themelimit t\u00eb institucionit t\u00eb Muzeut, krijimit t\u00eb sistemit organizativ, konceptit dhe programit, si dhe p\u00ebrgatitjen e koleksionit t\u00eb Muzeut.<\/p>\n<p>\u2013 Gjithashtu, gjat\u00eb k\u00ebsaj periudhe kemi hapur thirrjen p\u00ebr blerjen e veprave t\u00eb artit nga artist\u00ebt vendor\u00eb, t\u00eb cil\u00ebs i jan\u00eb p\u00ebrgjigjur 370 aplikues. Vlera e ndar\u00eb p\u00ebr k\u00ebt\u00eb thirrje ka qen\u00eb 300 mij\u00eb euro. Veprat e blera do t\u2019i takojn\u00eb Fondit Shtet\u00ebror t\u00eb Artit dhe do t\u00eb p\u00ebrdor\u00ebn p\u00ebr diplomaci kulturore t\u00eb shtetit ton\u00eb, duke i ekspozuar ato n\u00eb pikat kryesore diplomatike t\u00eb Republik\u00ebs s\u00eb Kosov\u00ebs.<\/p>\n<p>Pra, Kosova po hyn n\u00eb hart\u00ebn bot\u00ebrore p\u00ebr kultur\u00eb. Artist\u00ebt tan\u00eb jan\u00eb pun\u00ebtor\u00eb dhe talent\u00eb. <\/p>\n<p>Ata me pun\u00ebn e tyre kan\u00eb arritur q\u00eb emri Kosov\u00eb t\u00eb thirret disa her\u00eb n\u00eb skenat e famshme kulturore. Qeveria \u00ebsht\u00eb k\u00ebtu p\u00ebr infrastruktur\u00eb. Ne do t\u2019i krijojm\u00eb kushtet q\u00eb talentet e reja dhe artist\u00ebt aktual\u00eb t\u00eb mos brengosen p\u00ebr asgj\u00eb tjet\u00ebr p\u00ebrve\u00e7se inspirimit e thellimit n\u00eb imagjinat\u00ebn e tyre.<\/p>\n<p>Prandaj, edhe ardhja e festivalit \u201cManifesta\u201d m\u00eb g\u00ebzon shum\u00eb dhe kjo arritje jona na b\u00ebn krenar\u00eb t\u00eb gjith\u00ebve.<\/p>\n","protected":false},"excerpt":{"rendered":"<p>Qeveria e Kosov\u00ebs sot ka mbajtur mbledhjen e 89 me radh\u00eb, shkruan GazetaBlic.Bashkangjitur i gjeni t\u00eb gjitha vendimet q\u00eb u moren gjat\u00eb k\u00ebsaj mbledhje Dje ishte dit\u00eb shum\u00eb e r\u00ebnd\u00ebsishme p\u00ebr Ballkanin Per\u00ebndimor dhe rrug\u00ebtimin e tij drejt integrimit n\u00eb Bashkimin Evropian. Edhe nj\u00eb her\u00eb ju uroj Republik\u00ebs s\u00eb Shqip\u00ebris\u00eb dhe Republik\u00ebs s\u00eb Maqedonis\u00eb s\u00eb [&hellip;]<\/p>\n","protected":false},"author":1,"featured_media":2719,"comment_status":"closed","ping_status":"closed","sticky":false,"template":"","format":"standard","meta":{"_monsterinsights_skip_tracking":false,"_monsterinsights_sitenote_active":false,"_monsterinsights_sitenote_note":"","_monsterinsights_sitenote_category":0,"_uf_show_specific_survey":0,"_uf_disable_surveys":false,"footnotes":""},"categories":[23,15],"tags":[175],"yoast_head":"<!-- This site is optimized with the Yoast SEO plugin v21.5 - https:\/\/yoast.com\/wordpress\/plugins\/seo\/ -->\n<title>T\u00eb gjitha vendimet q\u00eb i mori sot Qeveria e Kosov\u00ebs<\/title>\n<meta name=\"robots\" content=\"index, follow, max-snippet:-1, max-image-preview:large, max-video-preview:-1\" \/>\n<link rel=\"canonical\" href=\"https:\/\/permbledhja.com\/sq\/te-gjitha-vendimet-qe-i-mori-sot-qeveria-e-kosoves\/\" \/>\n<meta property=\"og:locale\" content=\"sq_AL\" \/>\n<meta property=\"og:type\" content=\"article\" \/>\n<meta property=\"og:title\" content=\"T\u00eb gjitha vendimet q\u00eb i mori sot Qeveria e Kosov\u00ebs\" \/>\n<meta property=\"og:description\" content=\"Qeveria e Kosov\u00ebs sot ka mbajtur mbledhjen e 89 me radh\u00eb, shkruan GazetaBlic.Bashkangjitur i gjeni t\u00eb gjitha vendimet q\u00eb u moren gjat\u00eb k\u00ebsaj mbledhje Dje ishte dit\u00eb shum\u00eb e r\u00ebnd\u00ebsishme p\u00ebr Ballkanin Per\u00ebndimor dhe rrug\u00ebtimin e tij drejt integrimit n\u00eb Bashkimin Evropian. Edhe nj\u00eb her\u00eb ju uroj Republik\u00ebs s\u00eb Shqip\u00ebris\u00eb dhe Republik\u00ebs s\u00eb Maqedonis\u00eb s\u00eb [&hellip;]\" \/>\n<meta property=\"og:url\" content=\"https:\/\/permbledhja.com\/sq\/te-gjitha-vendimet-qe-i-mori-sot-qeveria-e-kosoves\/\" \/>\n<meta property=\"og:site_name\" content=\"Ve\u00e7 artikuj p\u00ebrmbledh\u00ebs\" \/>\n<meta property=\"article:publisher\" content=\"https:\/\/www.facebook.com\/press07\/\" \/>\n<meta property=\"article:author\" content=\"https:\/\/www.facebook.com\/kafexhiu.muharrem\/\" \/>\n<meta property=\"article:published_time\" content=\"2022-07-20T12:18:44+00:00\" \/>\n<meta property=\"og:image\" content=\"https:\/\/permbledhja.com\/wp-content\/uploads\/2022\/07\/20.7.2022-2048x1365-1.jpg\" \/>\n\t<meta property=\"og:image:width\" content=\"2048\" \/>\n\t<meta property=\"og:image:height\" content=\"1365\" \/>\n\t<meta property=\"og:image:type\" content=\"image\/jpeg\" \/>\n<meta name=\"author\" content=\"P\u00ebrmbledhja\" \/>\n<meta name=\"twitter:card\" content=\"summary_large_image\" \/>\n<meta name=\"twitter:label1\" content=\"Written by\" \/>\n\t<meta name=\"twitter:data1\" content=\"P\u00ebrmbledhja\" \/>\n\t<meta name=\"twitter:label2\" content=\"Est. reading time\" \/>\n\t<meta name=\"twitter:data2\" content=\"4 minuta\" \/>\n<script type=\"application\/ld+json\" class=\"yoast-schema-graph\">{\"@context\":\"https:\/\/schema.org\",\"@graph\":[{\"@type\":\"Article\",\"@id\":\"https:\/\/permbledhja.com\/te-gjitha-vendimet-qe-i-mori-sot-qeveria-e-kosoves\/#article\",\"isPartOf\":{\"@id\":\"https:\/\/permbledhja.com\/te-gjitha-vendimet-qe-i-mori-sot-qeveria-e-kosoves\/\"},\"author\":{\"name\":\"P\u00ebrmbledhja\",\"@id\":\"https:\/\/permbledhja.com\/#\/schema\/person\/0d064377258d3221e50693947b9eb4fe\"},\"headline\":\"T\u00eb gjitha vendimet q\u00eb i mori sot Qeveria e Kosov\u00ebs\",\"datePublished\":\"2022-07-20T12:18:44+00:00\",\"dateModified\":\"2022-07-20T12:18:44+00:00\",\"mainEntityOfPage\":{\"@id\":\"https:\/\/permbledhja.com\/te-gjitha-vendimet-qe-i-mori-sot-qeveria-e-kosoves\/\"},\"wordCount\":738,\"publisher\":{\"@id\":\"https:\/\/permbledhja.com\/#organization\"},\"keywords\":[\"Qeveria e Kosov\u00ebs\"],\"articleSection\":[\"Komb\u00ebtare\",\"Lajme\"],\"inLanguage\":\"sq\"},{\"@type\":\"WebPage\",\"@id\":\"https:\/\/permbledhja.com\/te-gjitha-vendimet-qe-i-mori-sot-qeveria-e-kosoves\/\",\"url\":\"https:\/\/permbledhja.com\/te-gjitha-vendimet-qe-i-mori-sot-qeveria-e-kosoves\/\",\"name\":\"T\u00eb gjitha vendimet q\u00eb i mori sot Qeveria e Kosov\u00ebs\",\"isPartOf\":{\"@id\":\"https:\/\/permbledhja.com\/#website\"},\"datePublished\":\"2022-07-20T12:18:44+00:00\",\"dateModified\":\"2022-07-20T12:18:44+00:00\",\"breadcrumb\":{\"@id\":\"https:\/\/permbledhja.com\/te-gjitha-vendimet-qe-i-mori-sot-qeveria-e-kosoves\/#breadcrumb\"},\"inLanguage\":\"sq\",\"potentialAction\":[{\"@type\":\"ReadAction\",\"target\":[\"https:\/\/permbledhja.com\/te-gjitha-vendimet-qe-i-mori-sot-qeveria-e-kosoves\/\"]}]},{\"@type\":\"BreadcrumbList\",\"@id\":\"https:\/\/permbledhja.com\/te-gjitha-vendimet-qe-i-mori-sot-qeveria-e-kosoves\/#breadcrumb\",\"itemListElement\":[{\"@type\":\"ListItem\",\"position\":1,\"name\":\"Ballina\",\"item\":\"https:\/\/permbledhja.com\/sq\/\"},{\"@type\":\"ListItem\",\"position\":2,\"name\":\"T\u00eb gjitha vendimet q\u00eb i mori sot Qeveria e Kosov\u00ebs\"}]},{\"@type\":\"WebSite\",\"@id\":\"https:\/\/permbledhja.com\/#website\",\"url\":\"https:\/\/permbledhja.com\/\",\"name\":\"Ve\u00e7 artikuj p\u00ebrmbledh\u00ebs\",\"description\":\"\",\"publisher\":{\"@id\":\"https:\/\/permbledhja.com\/#organization\"},\"potentialAction\":[{\"@type\":\"SearchAction\",\"target\":{\"@type\":\"EntryPoint\",\"urlTemplate\":\"https:\/\/permbledhja.com\/?s={search_term_string}\"},\"query-input\":\"required name=search_term_string\"}],\"inLanguage\":\"sq\"},{\"@type\":\"Organization\",\"@id\":\"https:\/\/permbledhja.com\/#organization\",\"name\":\"MK Media & Pr\",\"url\":\"https:\/\/permbledhja.com\/\",\"logo\":{\"@type\":\"ImageObject\",\"inLanguage\":\"sq\",\"@id\":\"https:\/\/permbledhja.com\/#\/schema\/logo\/image\/\",\"url\":\"https:\/\/permbledhja.com\/wp-content\/uploads\/2021\/12\/07-Press-Logo.jpg\",\"contentUrl\":\"https:\/\/permbledhja.com\/wp-content\/uploads\/2021\/12\/07-Press-Logo.jpg\",\"width\":512,\"height\":512,\"caption\":\"MK Media & Pr\"},\"image\":{\"@id\":\"https:\/\/permbledhja.com\/#\/schema\/logo\/image\/\"},\"sameAs\":[\"https:\/\/www.facebook.com\/press07\/\"]},{\"@type\":\"Person\",\"@id\":\"https:\/\/permbledhja.com\/#\/schema\/person\/0d064377258d3221e50693947b9eb4fe\",\"name\":\"P\u00ebrmbledhja\",\"image\":{\"@type\":\"ImageObject\",\"inLanguage\":\"sq\",\"@id\":\"https:\/\/permbledhja.com\/#\/schema\/person\/image\/\",\"url\":\"https:\/\/permbledhja.com\/wp-content\/uploads\/2026\/01\/452004717_1040944174702970_8932037511805513407_n-96x96.jpg\",\"contentUrl\":\"https:\/\/permbledhja.com\/wp-content\/uploads\/2026\/01\/452004717_1040944174702970_8932037511805513407_n-96x96.jpg\",\"caption\":\"P\u00ebrmbledhja\"},\"sameAs\":[\"https:\/\/www.facebook.com\/kafexhiu.muharrem\/\",\"https:\/\/www.instagram.com\/muharrem_kafexhiu\/\"],\"url\":\"https:\/\/permbledhja.com\/sq\/author\/admin\/\"}]}<\/script>\n<!-- \/ Yoast SEO plugin. -->","yoast_head_json":{"title":"T\u00eb gjitha vendimet q\u00eb i mori sot Qeveria e Kosov\u00ebs","robots":{"index":"index","follow":"follow","max-snippet":"max-snippet:-1","max-image-preview":"max-image-preview:large","max-video-preview":"max-video-preview:-1"},"canonical":"https:\/\/permbledhja.com\/sq\/te-gjitha-vendimet-qe-i-mori-sot-qeveria-e-kosoves\/","og_locale":"sq_AL","og_type":"article","og_title":"T\u00eb gjitha vendimet q\u00eb i mori sot Qeveria e Kosov\u00ebs","og_description":"Qeveria e Kosov\u00ebs sot ka mbajtur mbledhjen e 89 me radh\u00eb, shkruan GazetaBlic.Bashkangjitur i gjeni t\u00eb gjitha vendimet q\u00eb u moren gjat\u00eb k\u00ebsaj mbledhje Dje ishte dit\u00eb shum\u00eb e r\u00ebnd\u00ebsishme p\u00ebr Ballkanin Per\u00ebndimor dhe rrug\u00ebtimin e tij drejt integrimit n\u00eb Bashkimin Evropian. Edhe nj\u00eb her\u00eb ju uroj Republik\u00ebs s\u00eb Shqip\u00ebris\u00eb dhe Republik\u00ebs s\u00eb Maqedonis\u00eb s\u00eb [&hellip;]","og_url":"https:\/\/permbledhja.com\/sq\/te-gjitha-vendimet-qe-i-mori-sot-qeveria-e-kosoves\/","og_site_name":"Ve\u00e7 artikuj p\u00ebrmbledh\u00ebs","article_publisher":"https:\/\/www.facebook.com\/press07\/","article_author":"https:\/\/www.facebook.com\/kafexhiu.muharrem\/","article_published_time":"2022-07-20T12:18:44+00:00","og_image":[{"width":2048,"height":1365,"url":"https:\/\/permbledhja.com\/wp-content\/uploads\/2022\/07\/20.7.2022-2048x1365-1.jpg","type":"image\/jpeg"}],"author":"P\u00ebrmbledhja","twitter_card":"summary_large_image","twitter_misc":{"Written by":"P\u00ebrmbledhja","Est. reading time":"4 minuta"},"schema":{"@context":"https:\/\/schema.org","@graph":[{"@type":"Article","@id":"https:\/\/permbledhja.com\/te-gjitha-vendimet-qe-i-mori-sot-qeveria-e-kosoves\/#article","isPartOf":{"@id":"https:\/\/permbledhja.com\/te-gjitha-vendimet-qe-i-mori-sot-qeveria-e-kosoves\/"},"author":{"name":"P\u00ebrmbledhja","@id":"https:\/\/permbledhja.com\/#\/schema\/person\/0d064377258d3221e50693947b9eb4fe"},"headline":"T\u00eb gjitha vendimet q\u00eb i mori sot Qeveria e Kosov\u00ebs","datePublished":"2022-07-20T12:18:44+00:00","dateModified":"2022-07-20T12:18:44+00:00","mainEntityOfPage":{"@id":"https:\/\/permbledhja.com\/te-gjitha-vendimet-qe-i-mori-sot-qeveria-e-kosoves\/"},"wordCount":738,"publisher":{"@id":"https:\/\/permbledhja.com\/#organization"},"keywords":["Qeveria e Kosov\u00ebs"],"articleSection":["Komb\u00ebtare","Lajme"],"inLanguage":"sq"},{"@type":"WebPage","@id":"https:\/\/permbledhja.com\/te-gjitha-vendimet-qe-i-mori-sot-qeveria-e-kosoves\/","url":"https:\/\/permbledhja.com\/te-gjitha-vendimet-qe-i-mori-sot-qeveria-e-kosoves\/","name":"T\u00eb gjitha vendimet q\u00eb i mori sot Qeveria e Kosov\u00ebs","isPartOf":{"@id":"https:\/\/permbledhja.com\/#website"},"datePublished":"2022-07-20T12:18:44+00:00","dateModified":"2022-07-20T12:18:44+00:00","breadcrumb":{"@id":"https:\/\/permbledhja.com\/te-gjitha-vendimet-qe-i-mori-sot-qeveria-e-kosoves\/#breadcrumb"},"inLanguage":"sq","potentialAction":[{"@type":"ReadAction","target":["https:\/\/permbledhja.com\/te-gjitha-vendimet-qe-i-mori-sot-qeveria-e-kosoves\/"]}]},{"@type":"BreadcrumbList","@id":"https:\/\/permbledhja.com\/te-gjitha-vendimet-qe-i-mori-sot-qeveria-e-kosoves\/#breadcrumb","itemListElement":[{"@type":"ListItem","position":1,"name":"Ballina","item":"https:\/\/permbledhja.com\/sq\/"},{"@type":"ListItem","position":2,"name":"T\u00eb gjitha vendimet q\u00eb i mori sot Qeveria e Kosov\u00ebs"}]},{"@type":"WebSite","@id":"https:\/\/permbledhja.com\/#website","url":"https:\/\/permbledhja.com\/","name":"Ve\u00e7 artikuj p\u00ebrmbledh\u00ebs","description":"","publisher":{"@id":"https:\/\/permbledhja.com\/#organization"},"potentialAction":[{"@type":"SearchAction","target":{"@type":"EntryPoint","urlTemplate":"https:\/\/permbledhja.com\/?s={search_term_string}"},"query-input":"required name=search_term_string"}],"inLanguage":"sq"},{"@type":"Organization","@id":"https:\/\/permbledhja.com\/#organization","name":"MK Media & Pr","url":"https:\/\/permbledhja.com\/","logo":{"@type":"ImageObject","inLanguage":"sq","@id":"https:\/\/permbledhja.com\/#\/schema\/logo\/image\/","url":"https:\/\/permbledhja.com\/wp-content\/uploads\/2021\/12\/07-Press-Logo.jpg","contentUrl":"https:\/\/permbledhja.com\/wp-content\/uploads\/2021\/12\/07-Press-Logo.jpg","width":512,"height":512,"caption":"MK Media & Pr"},"image":{"@id":"https:\/\/permbledhja.com\/#\/schema\/logo\/image\/"},"sameAs":["https:\/\/www.facebook.com\/press07\/"]},{"@type":"Person","@id":"https:\/\/permbledhja.com\/#\/schema\/person\/0d064377258d3221e50693947b9eb4fe","name":"P\u00ebrmbledhja","image":{"@type":"ImageObject","inLanguage":"sq","@id":"https:\/\/permbledhja.com\/#\/schema\/person\/image\/","url":"https:\/\/permbledhja.com\/wp-content\/uploads\/2026\/01\/452004717_1040944174702970_8932037511805513407_n-96x96.jpg","contentUrl":"https:\/\/permbledhja.com\/wp-content\/uploads\/2026\/01\/452004717_1040944174702970_8932037511805513407_n-96x96.jpg","caption":"P\u00ebrmbledhja"},"sameAs":["https:\/\/www.facebook.com\/kafexhiu.muharrem\/","https:\/\/www.instagram.com\/muharrem_kafexhiu\/"],"url":"https:\/\/permbledhja.com\/sq\/author\/admin\/"}]}},"_links":{"self":[{"href":"https:\/\/permbledhja.com\/sq\/wp-json\/wp\/v2\/posts\/2718"}],"collection":[{"href":"https:\/\/permbledhja.com\/sq\/wp-json\/wp\/v2\/posts"}],"about":[{"href":"https:\/\/permbledhja.com\/sq\/wp-json\/wp\/v2\/types\/post"}],"author":[{"embeddable":true,"href":"https:\/\/permbledhja.com\/sq\/wp-json\/wp\/v2\/users\/1"}],"replies":[{"embeddable":true,"href":"https:\/\/permbledhja.com\/sq\/wp-json\/wp\/v2\/comments?post=2718"}],"version-history":[{"count":1,"href":"https:\/\/permbledhja.com\/sq\/wp-json\/wp\/v2\/posts\/2718\/revisions"}],"predecessor-version":[{"id":2720,"href":"https:\/\/permbledhja.com\/sq\/wp-json\/wp\/v2\/posts\/2718\/revisions\/2720"}],"wp:featuredmedia":[{"embeddable":true,"href":"https:\/\/permbledhja.com\/sq\/wp-json\/wp\/v2\/media\/2719"}],"wp:attachment":[{"href":"https:\/\/permbledhja.com\/sq\/wp-json\/wp\/v2\/media?parent=2718"}],"wp:term":[{"taxonomy":"category","embeddable":true,"href":"https:\/\/permbledhja.com\/sq\/wp-json\/wp\/v2\/categories?post=2718"},{"taxonomy":"post_tag","embeddable":true,"href":"https:\/\/permbledhja.com\/sq\/wp-json\/wp\/v2\/tags?post=2718"}],"curies":[{"name":"wp","href":"https:\/\/api.w.org\/{rel}","templated":true}]}}