{"id":2714,"date":"2022-07-20T12:04:20","date_gmt":"2022-07-20T12:04:20","guid":{"rendered":"https:\/\/permbledhja.com\/?p=2714"},"modified":"2022-07-20T12:04:20","modified_gmt":"2022-07-20T12:04:20","slug":"nje-foshnje-me-covid-ne-gjendje-te-rende","status":"publish","type":"post","link":"https:\/\/permbledhja.com\/sq\/nje-foshnje-me-covid-ne-gjendje-te-rende\/","title":{"rendered":"\u200bNj\u00eb foshnje me COVID n\u00eb gjendje t\u00eb r\u00ebnd\u00eb"},"content":{"rendered":"<p><strong>Dy foshnje n\u00eb Klinik\u00ebn e Neonatologjis\u00eb dhe dy f\u00ebmij\u00eb n\u00eb Klinik\u00ebn e Pediatris\u00eb n\u00eb Qendr\u00ebn Klinike Universitare t\u00eb Kosov\u00ebs (QKUK) jan\u00eb t\u00eb infektuar me COVID-19 dhe po marrin trajtim n\u00eb k\u00ebto dy klinika.<\/strong><\/p>\n<p>Drejtoresha e Klinik\u00ebs s\u00eb Neonatologjis\u00eb, Hajrie Ismaili, deklaroi p\u00ebr KosovaPress se nj\u00ebra prej foshnjave \u00ebsht\u00eb n\u00eb gjendje m\u00eb t\u00eb r\u00ebnd\u00eb dhe \u00ebsht\u00eb me asistenc\u00eb respiratore dhe n\u00eb trajtim intensiv.<\/p>\n<p>https:\/\/permbledhja.com\/temperatura-te-larta-sot-ikshpk-jep-rekomandime-per-mbrojtje\/<\/p>\n<p>\u201cKemi aktualisht dy foshnje, tash n\u00eb k\u00ebt\u00eb val\u00ebn e fundit t\u00eb pandemis\u00eb, pra t\u00eb COVID-it. I kemi vazhdimisht rastet t\u00eb cilat po pranohen dhe trajtohen n\u00eb kliniken ton\u00eb. <\/p>\n<p>Zakonisht jan\u00eb foshnje t\u00eb cilat vin\u00eb nga sht\u00ebpia\u2026 K\u00ebto foshnje jan\u00eb foshnje n\u00eb termin, nj\u00ebra \u00ebsht\u00eb 18-dit\u00ebshe, tjetra \u00ebsht\u00eb kat\u00ebr dit\u00ebshe, nga momenti kur jan\u00eb pranuar\u2026 Aktualisht e kemi nj\u00eb foshnje q\u00eb \u00ebsht\u00eb n\u00eb gjendje m\u00eb t\u00eb rend\u00eb \u00ebsht\u00eb me asistenc\u00eb respirator\u00eb dhe mbetet tutje me trajtim intensiv\u201d, tha ajo.<\/p>\n<p>Doktoresha Ismaili rekomandon t\u00eb gjitha n\u00ebnat q\u00eb rezultojn\u00eb pozitiv\u00eb m\u00eb COVID-19 t\u00eb ken\u00eb kujdes gjat\u00eb kujdesit me foshnj\u00ebn dhe gjat\u00eb koh\u00ebs s\u00eb ushqyerjes ta mbajn\u00eb mask\u00ebn. Ajo ka theksuar edhe r\u00ebnd\u00ebsin\u00eb e vaksinimit me rregull p\u00ebr foshnjat.<\/p>\n<p>https:\/\/permbledhja.com\/vetura-e-kuvendit-te-kosoves-fluturon-me-180-km-h-ne-greqi\/<\/p>\n<p>Ajo ka treguar edhe p\u00ebr simptomat e foshnjave t\u00eb cilat jan\u00eb me COVID.<\/p>\n<p>\u201cFoshnjat t\u00eb cilat vijn\u00eb jan\u00eb me temperatur\u00eb t\u00eb lart\u00eb trupore, me v\u00ebshtir\u00ebsi respirator\u00eb. Kryesisht jan\u00eb forma t\u00eb lehta\u2026 Foshnjat t\u00eb cilat jan\u00eb COVID pozitive, jan\u00eb simptome pothuajse t\u00eb nj\u00ebjta edhe me patologjit\u00eb e tjera, me s\u00ebmundjet e tjera. 1N\u00eb rastet kur kan\u00eb temperatura t\u00eb larta trupore duhet t\u00eb referohen, udh\u00ebzohen menj\u00ebher\u00eb t\u00eb mjeku. Ata pastaj e b\u00ebjn\u00eb vler\u00ebsimin dhe n\u00ebse gjendja k\u00ebrkon trajtim hospilator, at\u00ebher\u00eb referohen nga ana e mjekut n\u00eb spital\u201d, tha ajo.<\/p>\n<p>Edhe n\u00eb Klinik\u00ebn e Pediatris\u00eb aktualisht jan\u00eb dy f\u00ebmij\u00eb t\u00eb infektuar me COVID-19, por doktoresha n\u00eb k\u00ebt\u00eb klinik\u00eb, Af\u00ebrdita Selmanaj, tha p\u00ebr KosovaPress se gjendja e tyre \u00ebsht\u00eb stabile.\u201cP\u00ebr shkak t\u00eb shtimit t\u00eb rasteve t\u00eb f\u00ebmij\u00ebve me COVID-19, kemi rihapur repartin e COVID-it, i cili p\u00ebr nj\u00eb koh\u00eb ka qen\u00eb i mbyllur\u2026 N\u00eb repartin COVID jan\u00eb duke u trajtuar dy f\u00ebmij\u00eb, gjendja e tyre \u00ebsht\u00eb stabile\u2026 Sa i p\u00ebrket kapaciteteve, numri i shtret\u00ebrve gjithsej \u00ebsht\u00eb 10 shtret\u00ebr, mir\u00ebpo me mund\u00ebsi t\u00eb shtimi n\u00ebse paraqitet numri m\u00eb i madh i rasteve t\u00eb f\u00ebmij\u00ebve me COVID-19\u201d, ka deklaruar Selmanaj.<\/p>\n<p>Pediatrja Af\u00ebrdita Selmanaj tha se mosha e f\u00ebmij\u00ebve t\u00eb prekur nga COVID-19 \u00ebsht\u00eb 1 deri 4 vite. Ajo gjithashtu tregoi simptomat e para q\u00eb kryesisht fillojn\u00eb me rritjen e temperatur\u00ebs.\u201cSimptomat fillestare kryesisht jan\u00eb respirator\u00eb, kollitje, temperatur\u00eb. Simptomat tek f\u00ebmij\u00ebt zgjasin 7-10 dit\u00eb, shumica jan\u00eb trajtuar n\u00eb m\u00ebnyr\u00eb ambullatore, nd\u00ebrsa pacient\u00ebt q\u00eb kan\u00eb qen\u00eb t\u00eb spitalizuar tek ne zakonisht kan\u00eb q\u00ebndruar 7-10 dit\u00eb n\u00eb klinik\u00ebn ton\u00eb\u2026 Mosha m\u00eb e prekur nga COVID-19, ka qen\u00eb 1 deri 4 vite\u201d, ka theksuar ajo.<\/p>\n<p>Pediatrja k\u00ebrkoi nga prind\u00ebrit q\u00eb t\u00eb beh\u00ebt vaksinimi i f\u00ebmij\u00ebve. Dit\u00eb m\u00eb par\u00eb, Ministria e Sh\u00ebndet\u00ebsis\u00eb miratoi vaksinimin anti-COVID p\u00ebr f\u00ebmij\u00ebt 5 deri n\u00eb 11-vje\u00e7.<\/p>\n","protected":false},"excerpt":{"rendered":"<p>Dy foshnje n\u00eb Klinik\u00ebn e Neonatologjis\u00eb dhe dy f\u00ebmij\u00eb n\u00eb Klinik\u00ebn e Pediatris\u00eb n\u00eb Qendr\u00ebn Klinike Universitare t\u00eb Kosov\u00ebs (QKUK) jan\u00eb t\u00eb infektuar me COVID-19 dhe po marrin trajtim n\u00eb k\u00ebto dy klinika. Drejtoresha e Klinik\u00ebs s\u00eb Neonatologjis\u00eb, Hajrie Ismaili, deklaroi p\u00ebr KosovaPress se nj\u00ebra prej foshnjave \u00ebsht\u00eb n\u00eb gjendje m\u00eb t\u00eb r\u00ebnd\u00eb dhe \u00ebsht\u00eb [&hellip;]<\/p>\n","protected":false},"author":1,"featured_media":2715,"comment_status":"closed","ping_status":"closed","sticky":false,"template":"","format":"standard","meta":{"_monsterinsights_skip_tracking":false,"_monsterinsights_sitenote_active":false,"_monsterinsights_sitenote_note":"","_monsterinsights_sitenote_category":0,"_uf_show_specific_survey":0,"_uf_disable_surveys":false,"footnotes":""},"categories":[23,15],"tags":[64],"yoast_head":"<!-- This site is optimized with the Yoast SEO plugin v21.5 - https:\/\/yoast.com\/wordpress\/plugins\/seo\/ -->\n<title>\u200bNj\u00eb foshnje me COVID n\u00eb gjendje t\u00eb r\u00ebnd\u00eb<\/title>\n<meta name=\"robots\" content=\"index, follow, max-snippet:-1, max-image-preview:large, max-video-preview:-1\" \/>\n<link rel=\"canonical\" href=\"https:\/\/permbledhja.com\/sq\/nje-foshnje-me-covid-ne-gjendje-te-rende\/\" \/>\n<meta property=\"og:locale\" content=\"sq_AL\" \/>\n<meta property=\"og:type\" content=\"article\" \/>\n<meta property=\"og:title\" content=\"\u200bNj\u00eb foshnje me COVID n\u00eb gjendje t\u00eb r\u00ebnd\u00eb\" \/>\n<meta property=\"og:description\" content=\"Dy foshnje n\u00eb Klinik\u00ebn e Neonatologjis\u00eb dhe dy f\u00ebmij\u00eb n\u00eb Klinik\u00ebn e Pediatris\u00eb n\u00eb Qendr\u00ebn Klinike Universitare t\u00eb Kosov\u00ebs (QKUK) jan\u00eb t\u00eb infektuar me COVID-19 dhe po marrin trajtim n\u00eb k\u00ebto dy klinika. Drejtoresha e Klinik\u00ebs s\u00eb Neonatologjis\u00eb, Hajrie Ismaili, deklaroi p\u00ebr KosovaPress se nj\u00ebra prej foshnjave \u00ebsht\u00eb n\u00eb gjendje m\u00eb t\u00eb r\u00ebnd\u00eb dhe \u00ebsht\u00eb [&hellip;]\" \/>\n<meta property=\"og:url\" content=\"https:\/\/permbledhja.com\/sq\/nje-foshnje-me-covid-ne-gjendje-te-rende\/\" \/>\n<meta property=\"og:site_name\" content=\"Ve\u00e7 artikuj p\u00ebrmbledh\u00ebs\" \/>\n<meta property=\"article:publisher\" content=\"https:\/\/www.facebook.com\/press07\/\" \/>\n<meta property=\"article:author\" content=\"https:\/\/www.facebook.com\/kafexhiu.muharrem\/\" \/>\n<meta property=\"article:published_time\" content=\"2022-07-20T12:04:20+00:00\" \/>\n<meta property=\"og:image\" content=\"https:\/\/permbledhja.com\/wp-content\/uploads\/2022\/07\/25-05-QKUK-009-e1502375443701.jpg\" \/>\n\t<meta property=\"og:image:width\" content=\"720\" \/>\n\t<meta property=\"og:image:height\" content=\"479\" \/>\n\t<meta property=\"og:image:type\" content=\"image\/jpeg\" \/>\n<meta name=\"author\" content=\"P\u00ebrmbledhja\" \/>\n<meta name=\"twitter:card\" content=\"summary_large_image\" \/>\n<meta name=\"twitter:label1\" content=\"Written by\" \/>\n\t<meta name=\"twitter:data1\" content=\"P\u00ebrmbledhja\" \/>\n\t<meta name=\"twitter:label2\" content=\"Est. reading time\" \/>\n\t<meta name=\"twitter:data2\" content=\"3 minuta\" \/>\n<script type=\"application\/ld+json\" class=\"yoast-schema-graph\">{\"@context\":\"https:\/\/schema.org\",\"@graph\":[{\"@type\":\"Article\",\"@id\":\"https:\/\/permbledhja.com\/nje-foshnje-me-covid-ne-gjendje-te-rende\/#article\",\"isPartOf\":{\"@id\":\"https:\/\/permbledhja.com\/nje-foshnje-me-covid-ne-gjendje-te-rende\/\"},\"author\":{\"name\":\"P\u00ebrmbledhja\",\"@id\":\"https:\/\/permbledhja.com\/#\/schema\/person\/0d064377258d3221e50693947b9eb4fe\"},\"headline\":\"\u200bNj\u00eb foshnje me COVID n\u00eb gjendje t\u00eb r\u00ebnd\u00eb\",\"datePublished\":\"2022-07-20T12:04:20+00:00\",\"dateModified\":\"2022-07-20T12:04:20+00:00\",\"mainEntityOfPage\":{\"@id\":\"https:\/\/permbledhja.com\/nje-foshnje-me-covid-ne-gjendje-te-rende\/\"},\"wordCount\":556,\"publisher\":{\"@id\":\"https:\/\/permbledhja.com\/#organization\"},\"keywords\":[\"Covid-19\"],\"articleSection\":[\"Komb\u00ebtare\",\"Lajme\"],\"inLanguage\":\"sq\"},{\"@type\":\"WebPage\",\"@id\":\"https:\/\/permbledhja.com\/nje-foshnje-me-covid-ne-gjendje-te-rende\/\",\"url\":\"https:\/\/permbledhja.com\/nje-foshnje-me-covid-ne-gjendje-te-rende\/\",\"name\":\"\u200bNj\u00eb foshnje me COVID n\u00eb gjendje t\u00eb r\u00ebnd\u00eb\",\"isPartOf\":{\"@id\":\"https:\/\/permbledhja.com\/#website\"},\"datePublished\":\"2022-07-20T12:04:20+00:00\",\"dateModified\":\"2022-07-20T12:04:20+00:00\",\"breadcrumb\":{\"@id\":\"https:\/\/permbledhja.com\/nje-foshnje-me-covid-ne-gjendje-te-rende\/#breadcrumb\"},\"inLanguage\":\"sq\",\"potentialAction\":[{\"@type\":\"ReadAction\",\"target\":[\"https:\/\/permbledhja.com\/nje-foshnje-me-covid-ne-gjendje-te-rende\/\"]}]},{\"@type\":\"BreadcrumbList\",\"@id\":\"https:\/\/permbledhja.com\/nje-foshnje-me-covid-ne-gjendje-te-rende\/#breadcrumb\",\"itemListElement\":[{\"@type\":\"ListItem\",\"position\":1,\"name\":\"Ballina\",\"item\":\"https:\/\/permbledhja.com\/sq\/\"},{\"@type\":\"ListItem\",\"position\":2,\"name\":\"\u200bNj\u00eb foshnje me COVID n\u00eb gjendje t\u00eb r\u00ebnd\u00eb\"}]},{\"@type\":\"WebSite\",\"@id\":\"https:\/\/permbledhja.com\/#website\",\"url\":\"https:\/\/permbledhja.com\/\",\"name\":\"Ve\u00e7 artikuj p\u00ebrmbledh\u00ebs\",\"description\":\"\",\"publisher\":{\"@id\":\"https:\/\/permbledhja.com\/#organization\"},\"potentialAction\":[{\"@type\":\"SearchAction\",\"target\":{\"@type\":\"EntryPoint\",\"urlTemplate\":\"https:\/\/permbledhja.com\/?s={search_term_string}\"},\"query-input\":\"required name=search_term_string\"}],\"inLanguage\":\"sq\"},{\"@type\":\"Organization\",\"@id\":\"https:\/\/permbledhja.com\/#organization\",\"name\":\"MK Media & Pr\",\"url\":\"https:\/\/permbledhja.com\/\",\"logo\":{\"@type\":\"ImageObject\",\"inLanguage\":\"sq\",\"@id\":\"https:\/\/permbledhja.com\/#\/schema\/logo\/image\/\",\"url\":\"https:\/\/permbledhja.com\/wp-content\/uploads\/2021\/12\/07-Press-Logo.jpg\",\"contentUrl\":\"https:\/\/permbledhja.com\/wp-content\/uploads\/2021\/12\/07-Press-Logo.jpg\",\"width\":512,\"height\":512,\"caption\":\"MK Media & Pr\"},\"image\":{\"@id\":\"https:\/\/permbledhja.com\/#\/schema\/logo\/image\/\"},\"sameAs\":[\"https:\/\/www.facebook.com\/press07\/\"]},{\"@type\":\"Person\",\"@id\":\"https:\/\/permbledhja.com\/#\/schema\/person\/0d064377258d3221e50693947b9eb4fe\",\"name\":\"P\u00ebrmbledhja\",\"image\":{\"@type\":\"ImageObject\",\"inLanguage\":\"sq\",\"@id\":\"https:\/\/permbledhja.com\/#\/schema\/person\/image\/\",\"url\":\"https:\/\/permbledhja.com\/wp-content\/uploads\/2026\/01\/452004717_1040944174702970_8932037511805513407_n-96x96.jpg\",\"contentUrl\":\"https:\/\/permbledhja.com\/wp-content\/uploads\/2026\/01\/452004717_1040944174702970_8932037511805513407_n-96x96.jpg\",\"caption\":\"P\u00ebrmbledhja\"},\"sameAs\":[\"https:\/\/www.facebook.com\/kafexhiu.muharrem\/\",\"https:\/\/www.instagram.com\/muharrem_kafexhiu\/\"],\"url\":\"https:\/\/permbledhja.com\/sq\/author\/admin\/\"}]}<\/script>\n<!-- \/ Yoast SEO plugin. -->","yoast_head_json":{"title":"\u200bNj\u00eb foshnje me COVID n\u00eb gjendje t\u00eb r\u00ebnd\u00eb","robots":{"index":"index","follow":"follow","max-snippet":"max-snippet:-1","max-image-preview":"max-image-preview:large","max-video-preview":"max-video-preview:-1"},"canonical":"https:\/\/permbledhja.com\/sq\/nje-foshnje-me-covid-ne-gjendje-te-rende\/","og_locale":"sq_AL","og_type":"article","og_title":"\u200bNj\u00eb foshnje me COVID n\u00eb gjendje t\u00eb r\u00ebnd\u00eb","og_description":"Dy foshnje n\u00eb Klinik\u00ebn e Neonatologjis\u00eb dhe dy f\u00ebmij\u00eb n\u00eb Klinik\u00ebn e Pediatris\u00eb n\u00eb Qendr\u00ebn Klinike Universitare t\u00eb Kosov\u00ebs (QKUK) jan\u00eb t\u00eb infektuar me COVID-19 dhe po marrin trajtim n\u00eb k\u00ebto dy klinika. Drejtoresha e Klinik\u00ebs s\u00eb Neonatologjis\u00eb, Hajrie Ismaili, deklaroi p\u00ebr KosovaPress se nj\u00ebra prej foshnjave \u00ebsht\u00eb n\u00eb gjendje m\u00eb t\u00eb r\u00ebnd\u00eb dhe \u00ebsht\u00eb [&hellip;]","og_url":"https:\/\/permbledhja.com\/sq\/nje-foshnje-me-covid-ne-gjendje-te-rende\/","og_site_name":"Ve\u00e7 artikuj p\u00ebrmbledh\u00ebs","article_publisher":"https:\/\/www.facebook.com\/press07\/","article_author":"https:\/\/www.facebook.com\/kafexhiu.muharrem\/","article_published_time":"2022-07-20T12:04:20+00:00","og_image":[{"width":720,"height":479,"url":"https:\/\/permbledhja.com\/wp-content\/uploads\/2022\/07\/25-05-QKUK-009-e1502375443701.jpg","type":"image\/jpeg"}],"author":"P\u00ebrmbledhja","twitter_card":"summary_large_image","twitter_misc":{"Written by":"P\u00ebrmbledhja","Est. reading time":"3 minuta"},"schema":{"@context":"https:\/\/schema.org","@graph":[{"@type":"Article","@id":"https:\/\/permbledhja.com\/nje-foshnje-me-covid-ne-gjendje-te-rende\/#article","isPartOf":{"@id":"https:\/\/permbledhja.com\/nje-foshnje-me-covid-ne-gjendje-te-rende\/"},"author":{"name":"P\u00ebrmbledhja","@id":"https:\/\/permbledhja.com\/#\/schema\/person\/0d064377258d3221e50693947b9eb4fe"},"headline":"\u200bNj\u00eb foshnje me COVID n\u00eb gjendje t\u00eb r\u00ebnd\u00eb","datePublished":"2022-07-20T12:04:20+00:00","dateModified":"2022-07-20T12:04:20+00:00","mainEntityOfPage":{"@id":"https:\/\/permbledhja.com\/nje-foshnje-me-covid-ne-gjendje-te-rende\/"},"wordCount":556,"publisher":{"@id":"https:\/\/permbledhja.com\/#organization"},"keywords":["Covid-19"],"articleSection":["Komb\u00ebtare","Lajme"],"inLanguage":"sq"},{"@type":"WebPage","@id":"https:\/\/permbledhja.com\/nje-foshnje-me-covid-ne-gjendje-te-rende\/","url":"https:\/\/permbledhja.com\/nje-foshnje-me-covid-ne-gjendje-te-rende\/","name":"\u200bNj\u00eb foshnje me COVID n\u00eb gjendje t\u00eb r\u00ebnd\u00eb","isPartOf":{"@id":"https:\/\/permbledhja.com\/#website"},"datePublished":"2022-07-20T12:04:20+00:00","dateModified":"2022-07-20T12:04:20+00:00","breadcrumb":{"@id":"https:\/\/permbledhja.com\/nje-foshnje-me-covid-ne-gjendje-te-rende\/#breadcrumb"},"inLanguage":"sq","potentialAction":[{"@type":"ReadAction","target":["https:\/\/permbledhja.com\/nje-foshnje-me-covid-ne-gjendje-te-rende\/"]}]},{"@type":"BreadcrumbList","@id":"https:\/\/permbledhja.com\/nje-foshnje-me-covid-ne-gjendje-te-rende\/#breadcrumb","itemListElement":[{"@type":"ListItem","position":1,"name":"Ballina","item":"https:\/\/permbledhja.com\/sq\/"},{"@type":"ListItem","position":2,"name":"\u200bNj\u00eb foshnje me COVID n\u00eb gjendje t\u00eb r\u00ebnd\u00eb"}]},{"@type":"WebSite","@id":"https:\/\/permbledhja.com\/#website","url":"https:\/\/permbledhja.com\/","name":"Ve\u00e7 artikuj p\u00ebrmbledh\u00ebs","description":"","publisher":{"@id":"https:\/\/permbledhja.com\/#organization"},"potentialAction":[{"@type":"SearchAction","target":{"@type":"EntryPoint","urlTemplate":"https:\/\/permbledhja.com\/?s={search_term_string}"},"query-input":"required name=search_term_string"}],"inLanguage":"sq"},{"@type":"Organization","@id":"https:\/\/permbledhja.com\/#organization","name":"MK Media & Pr","url":"https:\/\/permbledhja.com\/","logo":{"@type":"ImageObject","inLanguage":"sq","@id":"https:\/\/permbledhja.com\/#\/schema\/logo\/image\/","url":"https:\/\/permbledhja.com\/wp-content\/uploads\/2021\/12\/07-Press-Logo.jpg","contentUrl":"https:\/\/permbledhja.com\/wp-content\/uploads\/2021\/12\/07-Press-Logo.jpg","width":512,"height":512,"caption":"MK Media & Pr"},"image":{"@id":"https:\/\/permbledhja.com\/#\/schema\/logo\/image\/"},"sameAs":["https:\/\/www.facebook.com\/press07\/"]},{"@type":"Person","@id":"https:\/\/permbledhja.com\/#\/schema\/person\/0d064377258d3221e50693947b9eb4fe","name":"P\u00ebrmbledhja","image":{"@type":"ImageObject","inLanguage":"sq","@id":"https:\/\/permbledhja.com\/#\/schema\/person\/image\/","url":"https:\/\/permbledhja.com\/wp-content\/uploads\/2026\/01\/452004717_1040944174702970_8932037511805513407_n-96x96.jpg","contentUrl":"https:\/\/permbledhja.com\/wp-content\/uploads\/2026\/01\/452004717_1040944174702970_8932037511805513407_n-96x96.jpg","caption":"P\u00ebrmbledhja"},"sameAs":["https:\/\/www.facebook.com\/kafexhiu.muharrem\/","https:\/\/www.instagram.com\/muharrem_kafexhiu\/"],"url":"https:\/\/permbledhja.com\/sq\/author\/admin\/"}]}},"_links":{"self":[{"href":"https:\/\/permbledhja.com\/sq\/wp-json\/wp\/v2\/posts\/2714"}],"collection":[{"href":"https:\/\/permbledhja.com\/sq\/wp-json\/wp\/v2\/posts"}],"about":[{"href":"https:\/\/permbledhja.com\/sq\/wp-json\/wp\/v2\/types\/post"}],"author":[{"embeddable":true,"href":"https:\/\/permbledhja.com\/sq\/wp-json\/wp\/v2\/users\/1"}],"replies":[{"embeddable":true,"href":"https:\/\/permbledhja.com\/sq\/wp-json\/wp\/v2\/comments?post=2714"}],"version-history":[{"count":2,"href":"https:\/\/permbledhja.com\/sq\/wp-json\/wp\/v2\/posts\/2714\/revisions"}],"predecessor-version":[{"id":2717,"href":"https:\/\/permbledhja.com\/sq\/wp-json\/wp\/v2\/posts\/2714\/revisions\/2717"}],"wp:featuredmedia":[{"embeddable":true,"href":"https:\/\/permbledhja.com\/sq\/wp-json\/wp\/v2\/media\/2715"}],"wp:attachment":[{"href":"https:\/\/permbledhja.com\/sq\/wp-json\/wp\/v2\/media?parent=2714"}],"wp:term":[{"taxonomy":"category","embeddable":true,"href":"https:\/\/permbledhja.com\/sq\/wp-json\/wp\/v2\/categories?post=2714"},{"taxonomy":"post_tag","embeddable":true,"href":"https:\/\/permbledhja.com\/sq\/wp-json\/wp\/v2\/tags?post=2714"}],"curies":[{"name":"wp","href":"https:\/\/api.w.org\/{rel}","templated":true}]}}