{"id":27110,"date":"2023-09-17T09:43:52","date_gmt":"2023-09-17T09:43:52","guid":{"rendered":"https:\/\/permbledhja.com\/?p=27110"},"modified":"2023-09-17T09:43:52","modified_gmt":"2023-09-17T09:43:52","slug":"ushtaraku-i-larte-shqiptar-mbeshtetje-kfor-it-per-sigurine-ne-kosove","status":"publish","type":"post","link":"https:\/\/permbledhja.com\/sq\/ushtaraku-i-larte-shqiptar-mbeshtetje-kfor-it-per-sigurine-ne-kosove\/","title":{"rendered":"Ushtaraku i lart\u00eb shqiptar: Mb\u00ebshtetje KFOR-it p\u00ebr sigurin\u00eb n\u00eb Kosov\u00eb"},"content":{"rendered":"<h3>Shefi i Shtabit t\u00eb P\u00ebrgjithsh\u00ebm t\u00eb Forcave t\u00eb Armatosura t\u00eb Shqip\u00ebris\u00eb, Arben Kingji ka theksuar rolin e KFOR-it p\u00ebr sigurin\u00eb n\u00eb Kosov\u00eb dhe m\u00eb gjer\u00eb, si dhe angazhimin e tij p\u00ebr mb\u00ebshtetjen e k\u00ebtij operacioni t\u00eb NATO-s.<\/h3>\n<p>Gjat\u00eb pjes\u00ebmarrjes n\u00eb takimin e Komitetit Ushtarak t\u00eb NATO-s t\u00eb mbajtur n\u00eb Oslo t\u00eb Norvegjis\u00eb, ai foli p\u00ebr ndikimin q\u00eb lufta n\u00eb Ukrain\u00eb ka pasur n\u00eb mjedisin global t\u00eb siguris\u00eb dhe nevoj\u00ebn p\u00ebr t\u00eb mos shmangur nga v\u00ebmendja nj\u00eb ndikim t\u00eb mundsh\u00ebm n\u00eb mjedisin e siguris\u00eb n\u00eb Ballkanin Per\u00ebndimor, raporton ATSH, transmeton Klankosova.tv.<\/p>\n<p>Takimi ku ishte i pranish\u00ebm shefi i shtabit t\u00eb ushtris\u00eb shqiptare u drejtua nga kryetari i Komitetit t\u00eb NATO-s, Rob Bauer, me mb\u00ebshtetjen e komandantit Suprem t\u00eb Aleanc\u00ebs n\u00eb Evrop\u00eb, gjeneral Cavoli, dhe komandantit t\u00eb Lart\u00eb t\u00eb Aleanc\u00ebs p\u00ebr Transformim, gjeneral Lavigne.<\/p>\n","protected":false},"excerpt":{"rendered":"<p>Shefi i Shtabit t\u00eb P\u00ebrgjithsh\u00ebm t\u00eb Forcave t\u00eb Armatosura t\u00eb Shqip\u00ebris\u00eb, Arben Kingji ka theksuar rolin e KFOR-it p\u00ebr sigurin\u00eb n\u00eb Kosov\u00eb dhe m\u00eb gjer\u00eb, si dhe angazhimin e tij p\u00ebr mb\u00ebshtetjen e k\u00ebtij operacioni t\u00eb NATO-s. Gjat\u00eb pjes\u00ebmarrjes n\u00eb takimin e Komitetit Ushtarak t\u00eb NATO-s t\u00eb mbajtur n\u00eb Oslo t\u00eb Norvegjis\u00eb, ai foli p\u00ebr [&hellip;]<\/p>\n","protected":false},"author":2,"featured_media":27111,"comment_status":"closed","ping_status":"closed","sticky":false,"template":"","format":"standard","meta":{"_monsterinsights_skip_tracking":false,"_monsterinsights_sitenote_active":false,"_monsterinsights_sitenote_note":"","_monsterinsights_sitenote_category":0,"_uf_show_specific_survey":0,"_uf_disable_surveys":false,"footnotes":""},"categories":[23,15],"tags":[],"yoast_head":"<!-- This site is optimized with the Yoast SEO plugin v21.5 - https:\/\/yoast.com\/wordpress\/plugins\/seo\/ -->\n<title>Ushtaraku i lart\u00eb shqiptar: Mb\u00ebshtetje KFOR-it p\u00ebr sigurin\u00eb n\u00eb Kosov\u00eb<\/title>\n<meta name=\"robots\" content=\"index, follow, max-snippet:-1, max-image-preview:large, max-video-preview:-1\" \/>\n<link rel=\"canonical\" href=\"https:\/\/permbledhja.com\/sq\/ushtaraku-i-larte-shqiptar-mbeshtetje-kfor-it-per-sigurine-ne-kosove\/\" \/>\n<meta property=\"og:locale\" content=\"sq_AL\" \/>\n<meta property=\"og:type\" content=\"article\" \/>\n<meta property=\"og:title\" content=\"Ushtaraku i lart\u00eb shqiptar: Mb\u00ebshtetje KFOR-it p\u00ebr sigurin\u00eb n\u00eb Kosov\u00eb\" \/>\n<meta property=\"og:description\" content=\"Shefi i Shtabit t\u00eb P\u00ebrgjithsh\u00ebm t\u00eb Forcave t\u00eb Armatosura t\u00eb Shqip\u00ebris\u00eb, Arben Kingji ka theksuar rolin e KFOR-it p\u00ebr sigurin\u00eb n\u00eb Kosov\u00eb dhe m\u00eb gjer\u00eb, si dhe angazhimin e tij p\u00ebr mb\u00ebshtetjen e k\u00ebtij operacioni t\u00eb NATO-s. Gjat\u00eb pjes\u00ebmarrjes n\u00eb takimin e Komitetit Ushtarak t\u00eb NATO-s t\u00eb mbajtur n\u00eb Oslo t\u00eb Norvegjis\u00eb, ai foli p\u00ebr [&hellip;]\" \/>\n<meta property=\"og:url\" content=\"https:\/\/permbledhja.com\/sq\/ushtaraku-i-larte-shqiptar-mbeshtetje-kfor-it-per-sigurine-ne-kosove\/\" \/>\n<meta property=\"og:site_name\" content=\"Ve\u00e7 artikuj p\u00ebrmbledh\u00ebs\" \/>\n<meta property=\"article:publisher\" content=\"https:\/\/www.facebook.com\/press07\/\" \/>\n<meta property=\"article:published_time\" content=\"2023-09-17T09:43:52+00:00\" \/>\n<meta property=\"og:image\" content=\"https:\/\/permbledhja.com\/wp-content\/uploads\/2023\/09\/l-0x93wh-1200x699z-0.655.jpg\" \/>\n\t<meta property=\"og:image:width\" content=\"1200\" \/>\n\t<meta property=\"og:image:height\" content=\"699\" \/>\n\t<meta property=\"og:image:type\" content=\"image\/jpeg\" \/>\n<meta name=\"author\" content=\"M M\" \/>\n<meta name=\"twitter:card\" content=\"summary_large_image\" \/>\n<meta name=\"twitter:label1\" content=\"Written by\" \/>\n\t<meta name=\"twitter:data1\" content=\"M M\" \/>\n\t<meta name=\"twitter:label2\" content=\"Est. reading time\" \/>\n\t<meta name=\"twitter:data2\" content=\"1 minut\u00eb\" \/>\n<script type=\"application\/ld+json\" class=\"yoast-schema-graph\">{\"@context\":\"https:\/\/schema.org\",\"@graph\":[{\"@type\":\"Article\",\"@id\":\"https:\/\/permbledhja.com\/ushtaraku-i-larte-shqiptar-mbeshtetje-kfor-it-per-sigurine-ne-kosove\/#article\",\"isPartOf\":{\"@id\":\"https:\/\/permbledhja.com\/ushtaraku-i-larte-shqiptar-mbeshtetje-kfor-it-per-sigurine-ne-kosove\/\"},\"author\":{\"name\":\"M M\",\"@id\":\"https:\/\/permbledhja.com\/#\/schema\/person\/d23f13f59b5722643933d6780783acf3\"},\"headline\":\"Ushtaraku i lart\u00eb shqiptar: Mb\u00ebshtetje KFOR-it p\u00ebr sigurin\u00eb n\u00eb Kosov\u00eb\",\"datePublished\":\"2023-09-17T09:43:52+00:00\",\"dateModified\":\"2023-09-17T09:43:52+00:00\",\"mainEntityOfPage\":{\"@id\":\"https:\/\/permbledhja.com\/ushtaraku-i-larte-shqiptar-mbeshtetje-kfor-it-per-sigurine-ne-kosove\/\"},\"wordCount\":164,\"publisher\":{\"@id\":\"https:\/\/permbledhja.com\/#organization\"},\"articleSection\":[\"Komb\u00ebtare\",\"Lajme\"],\"inLanguage\":\"sq\"},{\"@type\":\"WebPage\",\"@id\":\"https:\/\/permbledhja.com\/ushtaraku-i-larte-shqiptar-mbeshtetje-kfor-it-per-sigurine-ne-kosove\/\",\"url\":\"https:\/\/permbledhja.com\/ushtaraku-i-larte-shqiptar-mbeshtetje-kfor-it-per-sigurine-ne-kosove\/\",\"name\":\"Ushtaraku i lart\u00eb shqiptar: Mb\u00ebshtetje KFOR-it p\u00ebr sigurin\u00eb n\u00eb Kosov\u00eb\",\"isPartOf\":{\"@id\":\"https:\/\/permbledhja.com\/#website\"},\"datePublished\":\"2023-09-17T09:43:52+00:00\",\"dateModified\":\"2023-09-17T09:43:52+00:00\",\"breadcrumb\":{\"@id\":\"https:\/\/permbledhja.com\/ushtaraku-i-larte-shqiptar-mbeshtetje-kfor-it-per-sigurine-ne-kosove\/#breadcrumb\"},\"inLanguage\":\"sq\",\"potentialAction\":[{\"@type\":\"ReadAction\",\"target\":[\"https:\/\/permbledhja.com\/ushtaraku-i-larte-shqiptar-mbeshtetje-kfor-it-per-sigurine-ne-kosove\/\"]}]},{\"@type\":\"BreadcrumbList\",\"@id\":\"https:\/\/permbledhja.com\/ushtaraku-i-larte-shqiptar-mbeshtetje-kfor-it-per-sigurine-ne-kosove\/#breadcrumb\",\"itemListElement\":[{\"@type\":\"ListItem\",\"position\":1,\"name\":\"Ballina\",\"item\":\"https:\/\/permbledhja.com\/sq\/\"},{\"@type\":\"ListItem\",\"position\":2,\"name\":\"Ushtaraku i lart\u00eb shqiptar: Mb\u00ebshtetje KFOR-it p\u00ebr sigurin\u00eb n\u00eb Kosov\u00eb\"}]},{\"@type\":\"WebSite\",\"@id\":\"https:\/\/permbledhja.com\/#website\",\"url\":\"https:\/\/permbledhja.com\/\",\"name\":\"Ve\u00e7 artikuj p\u00ebrmbledh\u00ebs\",\"description\":\"\",\"publisher\":{\"@id\":\"https:\/\/permbledhja.com\/#organization\"},\"potentialAction\":[{\"@type\":\"SearchAction\",\"target\":{\"@type\":\"EntryPoint\",\"urlTemplate\":\"https:\/\/permbledhja.com\/?s={search_term_string}\"},\"query-input\":\"required name=search_term_string\"}],\"inLanguage\":\"sq\"},{\"@type\":\"Organization\",\"@id\":\"https:\/\/permbledhja.com\/#organization\",\"name\":\"MK Media & Pr\",\"url\":\"https:\/\/permbledhja.com\/\",\"logo\":{\"@type\":\"ImageObject\",\"inLanguage\":\"sq\",\"@id\":\"https:\/\/permbledhja.com\/#\/schema\/logo\/image\/\",\"url\":\"https:\/\/permbledhja.com\/wp-content\/uploads\/2021\/12\/07-Press-Logo.jpg\",\"contentUrl\":\"https:\/\/permbledhja.com\/wp-content\/uploads\/2021\/12\/07-Press-Logo.jpg\",\"width\":512,\"height\":512,\"caption\":\"MK Media & Pr\"},\"image\":{\"@id\":\"https:\/\/permbledhja.com\/#\/schema\/logo\/image\/\"},\"sameAs\":[\"https:\/\/www.facebook.com\/press07\/\"]},{\"@type\":\"Person\",\"@id\":\"https:\/\/permbledhja.com\/#\/schema\/person\/d23f13f59b5722643933d6780783acf3\",\"name\":\"M M\",\"image\":{\"@type\":\"ImageObject\",\"inLanguage\":\"sq\",\"@id\":\"https:\/\/permbledhja.com\/#\/schema\/person\/image\/\",\"url\":\"https:\/\/secure.gravatar.com\/avatar\/e2835a76ca7c31a2416b2d51c4ec9a8f?s=96&d=mm&r=g\",\"contentUrl\":\"https:\/\/secure.gravatar.com\/avatar\/e2835a76ca7c31a2416b2d51c4ec9a8f?s=96&d=mm&r=g\",\"caption\":\"M M\"},\"sameAs\":[\"http:\/\/MM\"],\"url\":\"https:\/\/permbledhja.com\/sq\/author\/muhamet\/\"}]}<\/script>\n<!-- \/ Yoast SEO plugin. -->","yoast_head_json":{"title":"Ushtaraku i lart\u00eb shqiptar: Mb\u00ebshtetje KFOR-it p\u00ebr sigurin\u00eb n\u00eb Kosov\u00eb","robots":{"index":"index","follow":"follow","max-snippet":"max-snippet:-1","max-image-preview":"max-image-preview:large","max-video-preview":"max-video-preview:-1"},"canonical":"https:\/\/permbledhja.com\/sq\/ushtaraku-i-larte-shqiptar-mbeshtetje-kfor-it-per-sigurine-ne-kosove\/","og_locale":"sq_AL","og_type":"article","og_title":"Ushtaraku i lart\u00eb shqiptar: Mb\u00ebshtetje KFOR-it p\u00ebr sigurin\u00eb n\u00eb Kosov\u00eb","og_description":"Shefi i Shtabit t\u00eb P\u00ebrgjithsh\u00ebm t\u00eb Forcave t\u00eb Armatosura t\u00eb Shqip\u00ebris\u00eb, Arben Kingji ka theksuar rolin e KFOR-it p\u00ebr sigurin\u00eb n\u00eb Kosov\u00eb dhe m\u00eb gjer\u00eb, si dhe angazhimin e tij p\u00ebr mb\u00ebshtetjen e k\u00ebtij operacioni t\u00eb NATO-s. Gjat\u00eb pjes\u00ebmarrjes n\u00eb takimin e Komitetit Ushtarak t\u00eb NATO-s t\u00eb mbajtur n\u00eb Oslo t\u00eb Norvegjis\u00eb, ai foli p\u00ebr [&hellip;]","og_url":"https:\/\/permbledhja.com\/sq\/ushtaraku-i-larte-shqiptar-mbeshtetje-kfor-it-per-sigurine-ne-kosove\/","og_site_name":"Ve\u00e7 artikuj p\u00ebrmbledh\u00ebs","article_publisher":"https:\/\/www.facebook.com\/press07\/","article_published_time":"2023-09-17T09:43:52+00:00","og_image":[{"width":1200,"height":699,"url":"https:\/\/permbledhja.com\/wp-content\/uploads\/2023\/09\/l-0x93wh-1200x699z-0.655.jpg","type":"image\/jpeg"}],"author":"M M","twitter_card":"summary_large_image","twitter_misc":{"Written by":"M M","Est. reading time":"1 minut\u00eb"},"schema":{"@context":"https:\/\/schema.org","@graph":[{"@type":"Article","@id":"https:\/\/permbledhja.com\/ushtaraku-i-larte-shqiptar-mbeshtetje-kfor-it-per-sigurine-ne-kosove\/#article","isPartOf":{"@id":"https:\/\/permbledhja.com\/ushtaraku-i-larte-shqiptar-mbeshtetje-kfor-it-per-sigurine-ne-kosove\/"},"author":{"name":"M M","@id":"https:\/\/permbledhja.com\/#\/schema\/person\/d23f13f59b5722643933d6780783acf3"},"headline":"Ushtaraku i lart\u00eb shqiptar: Mb\u00ebshtetje KFOR-it p\u00ebr sigurin\u00eb n\u00eb Kosov\u00eb","datePublished":"2023-09-17T09:43:52+00:00","dateModified":"2023-09-17T09:43:52+00:00","mainEntityOfPage":{"@id":"https:\/\/permbledhja.com\/ushtaraku-i-larte-shqiptar-mbeshtetje-kfor-it-per-sigurine-ne-kosove\/"},"wordCount":164,"publisher":{"@id":"https:\/\/permbledhja.com\/#organization"},"articleSection":["Komb\u00ebtare","Lajme"],"inLanguage":"sq"},{"@type":"WebPage","@id":"https:\/\/permbledhja.com\/ushtaraku-i-larte-shqiptar-mbeshtetje-kfor-it-per-sigurine-ne-kosove\/","url":"https:\/\/permbledhja.com\/ushtaraku-i-larte-shqiptar-mbeshtetje-kfor-it-per-sigurine-ne-kosove\/","name":"Ushtaraku i lart\u00eb shqiptar: Mb\u00ebshtetje KFOR-it p\u00ebr sigurin\u00eb n\u00eb Kosov\u00eb","isPartOf":{"@id":"https:\/\/permbledhja.com\/#website"},"datePublished":"2023-09-17T09:43:52+00:00","dateModified":"2023-09-17T09:43:52+00:00","breadcrumb":{"@id":"https:\/\/permbledhja.com\/ushtaraku-i-larte-shqiptar-mbeshtetje-kfor-it-per-sigurine-ne-kosove\/#breadcrumb"},"inLanguage":"sq","potentialAction":[{"@type":"ReadAction","target":["https:\/\/permbledhja.com\/ushtaraku-i-larte-shqiptar-mbeshtetje-kfor-it-per-sigurine-ne-kosove\/"]}]},{"@type":"BreadcrumbList","@id":"https:\/\/permbledhja.com\/ushtaraku-i-larte-shqiptar-mbeshtetje-kfor-it-per-sigurine-ne-kosove\/#breadcrumb","itemListElement":[{"@type":"ListItem","position":1,"name":"Ballina","item":"https:\/\/permbledhja.com\/sq\/"},{"@type":"ListItem","position":2,"name":"Ushtaraku i lart\u00eb shqiptar: Mb\u00ebshtetje KFOR-it p\u00ebr sigurin\u00eb n\u00eb Kosov\u00eb"}]},{"@type":"WebSite","@id":"https:\/\/permbledhja.com\/#website","url":"https:\/\/permbledhja.com\/","name":"Ve\u00e7 artikuj p\u00ebrmbledh\u00ebs","description":"","publisher":{"@id":"https:\/\/permbledhja.com\/#organization"},"potentialAction":[{"@type":"SearchAction","target":{"@type":"EntryPoint","urlTemplate":"https:\/\/permbledhja.com\/?s={search_term_string}"},"query-input":"required name=search_term_string"}],"inLanguage":"sq"},{"@type":"Organization","@id":"https:\/\/permbledhja.com\/#organization","name":"MK Media & Pr","url":"https:\/\/permbledhja.com\/","logo":{"@type":"ImageObject","inLanguage":"sq","@id":"https:\/\/permbledhja.com\/#\/schema\/logo\/image\/","url":"https:\/\/permbledhja.com\/wp-content\/uploads\/2021\/12\/07-Press-Logo.jpg","contentUrl":"https:\/\/permbledhja.com\/wp-content\/uploads\/2021\/12\/07-Press-Logo.jpg","width":512,"height":512,"caption":"MK Media & Pr"},"image":{"@id":"https:\/\/permbledhja.com\/#\/schema\/logo\/image\/"},"sameAs":["https:\/\/www.facebook.com\/press07\/"]},{"@type":"Person","@id":"https:\/\/permbledhja.com\/#\/schema\/person\/d23f13f59b5722643933d6780783acf3","name":"M M","image":{"@type":"ImageObject","inLanguage":"sq","@id":"https:\/\/permbledhja.com\/#\/schema\/person\/image\/","url":"https:\/\/secure.gravatar.com\/avatar\/e2835a76ca7c31a2416b2d51c4ec9a8f?s=96&d=mm&r=g","contentUrl":"https:\/\/secure.gravatar.com\/avatar\/e2835a76ca7c31a2416b2d51c4ec9a8f?s=96&d=mm&r=g","caption":"M M"},"sameAs":["http:\/\/MM"],"url":"https:\/\/permbledhja.com\/sq\/author\/muhamet\/"}]}},"_links":{"self":[{"href":"https:\/\/permbledhja.com\/sq\/wp-json\/wp\/v2\/posts\/27110"}],"collection":[{"href":"https:\/\/permbledhja.com\/sq\/wp-json\/wp\/v2\/posts"}],"about":[{"href":"https:\/\/permbledhja.com\/sq\/wp-json\/wp\/v2\/types\/post"}],"author":[{"embeddable":true,"href":"https:\/\/permbledhja.com\/sq\/wp-json\/wp\/v2\/users\/2"}],"replies":[{"embeddable":true,"href":"https:\/\/permbledhja.com\/sq\/wp-json\/wp\/v2\/comments?post=27110"}],"version-history":[{"count":1,"href":"https:\/\/permbledhja.com\/sq\/wp-json\/wp\/v2\/posts\/27110\/revisions"}],"predecessor-version":[{"id":27112,"href":"https:\/\/permbledhja.com\/sq\/wp-json\/wp\/v2\/posts\/27110\/revisions\/27112"}],"wp:featuredmedia":[{"embeddable":true,"href":"https:\/\/permbledhja.com\/sq\/wp-json\/wp\/v2\/media\/27111"}],"wp:attachment":[{"href":"https:\/\/permbledhja.com\/sq\/wp-json\/wp\/v2\/media?parent=27110"}],"wp:term":[{"taxonomy":"category","embeddable":true,"href":"https:\/\/permbledhja.com\/sq\/wp-json\/wp\/v2\/categories?post=27110"},{"taxonomy":"post_tag","embeddable":true,"href":"https:\/\/permbledhja.com\/sq\/wp-json\/wp\/v2\/tags?post=27110"}],"curies":[{"name":"wp","href":"https:\/\/api.w.org\/{rel}","templated":true}]}}