{"id":27107,"date":"2023-09-17T09:27:19","date_gmt":"2023-09-17T09:27:19","guid":{"rendered":"https:\/\/permbledhja.com\/?p=27107"},"modified":"2023-09-17T09:27:19","modified_gmt":"2023-09-17T09:27:19","slug":"sot-zgjedhjet-e-ldk-se-ne-vushtrri-deputetja-krasniqi-njofton-se-gjendet-jashte-vendit","status":"publish","type":"post","link":"https:\/\/permbledhja.com\/sq\/sot-zgjedhjet-e-ldk-se-ne-vushtrri-deputetja-krasniqi-njofton-se-gjendet-jashte-vendit\/","title":{"rendered":"Sot zgjedhjet e LDK-s\u00eb n\u00eb Vushtrri: Deputetja Krasniqi njofton se gjendet jasht\u00eb vendit"},"content":{"rendered":"<h3>Deputetja e LDK-s\u00eb, Rrezarta Krasniqi, ka njoftuar se sot do t\u00eb mbahet Kuvendi i Dhjet\u00eb zgjedhor n\u00eb deg\u00ebn e LDK-s\u00eb n\u00eb Vushtrri.<\/h3>\n<p>Krasniqi, me an\u00eb t\u00eb nj\u00eb postimi n\u00eb Facebook, tregoi se nuk mund t\u00eb jet\u00eb prezente p\u00ebr shkak t\u00eb angazhimeve zyrtare n\u00eb kuad\u00ebr t\u00eb Komisionit Parlamentar n\u00eb Madrid.<\/p>\n<p>Megjithat\u00eb, ligjv\u00ebn\u00ebsja opozitare nga Vushtrria uroi q\u00eb procesi i sot\u00ebm zgjedhor t\u00eb shkoj\u00eb n\u00eb m\u00ebnyr\u00eb t\u00eb rregullt.<\/p>\n<p>\u201cSot, mbahet Kuvendi i X-t\u00eb zgjedhor n\u00eb deg\u00ebn e LDK-s\u00eb n\u00eb Vushtrri. N\u00eb pamund\u00ebsi p\u00ebr t\u00eb qen\u00eb prezent p\u00ebr shkak t\u00eb angazhimeve zyrtare n\u00eb kuad\u00ebr t\u00eb Komisionit Parlamentar n\u00eb Madrid, uroj t\u00eb kemi nj\u00eb proces zgjedhor sa m\u00eb t\u00eb mir\u00eb, t\u00eb rregullt dhe demokratik\u201d, shkroi ajo.<\/p>\n<p>\u201cTa ruajm\u00eb e ta zhvillojm\u00eb deg\u00ebn ton\u00eb. LDK \u00ebsht\u00eb sht\u00ebpi e madhe. Na prift\u00eb e mbara\u201d, shtoi Krasniqi.<\/p>\n","protected":false},"excerpt":{"rendered":"<p>Deputetja e LDK-s\u00eb, Rrezarta Krasniqi, ka njoftuar se sot do t\u00eb mbahet Kuvendi i Dhjet\u00eb zgjedhor n\u00eb deg\u00ebn e LDK-s\u00eb n\u00eb Vushtrri. Krasniqi, me an\u00eb t\u00eb nj\u00eb postimi n\u00eb Facebook, tregoi se nuk mund t\u00eb jet\u00eb prezente p\u00ebr shkak t\u00eb angazhimeve zyrtare n\u00eb kuad\u00ebr t\u00eb Komisionit Parlamentar n\u00eb Madrid. Megjithat\u00eb, ligjv\u00ebn\u00ebsja opozitare nga Vushtrria uroi [&hellip;]<\/p>\n","protected":false},"author":2,"featured_media":27108,"comment_status":"closed","ping_status":"closed","sticky":false,"template":"","format":"standard","meta":{"_monsterinsights_skip_tracking":false,"_monsterinsights_sitenote_active":false,"_monsterinsights_sitenote_note":"","_monsterinsights_sitenote_category":0,"_uf_show_specific_survey":0,"_uf_disable_surveys":false,"footnotes":""},"categories":[23,15],"tags":[2253],"yoast_head":"<!-- This site is optimized with the Yoast SEO plugin v21.5 - https:\/\/yoast.com\/wordpress\/plugins\/seo\/ -->\n<title>Sot zgjedhjet e LDK-s\u00eb n\u00eb Vushtrri: Deputetja Krasniqi njofton se gjendet jasht\u00eb vendit<\/title>\n<meta name=\"robots\" content=\"index, follow, max-snippet:-1, max-image-preview:large, max-video-preview:-1\" \/>\n<link rel=\"canonical\" href=\"https:\/\/permbledhja.com\/sq\/sot-zgjedhjet-e-ldk-se-ne-vushtrri-deputetja-krasniqi-njofton-se-gjendet-jashte-vendit\/\" \/>\n<meta property=\"og:locale\" content=\"sq_AL\" \/>\n<meta property=\"og:type\" content=\"article\" \/>\n<meta property=\"og:title\" content=\"Sot zgjedhjet e LDK-s\u00eb n\u00eb Vushtrri: Deputetja Krasniqi njofton se gjendet jasht\u00eb vendit\" \/>\n<meta property=\"og:description\" content=\"Deputetja e LDK-s\u00eb, Rrezarta Krasniqi, ka njoftuar se sot do t\u00eb mbahet Kuvendi i Dhjet\u00eb zgjedhor n\u00eb deg\u00ebn e LDK-s\u00eb n\u00eb Vushtrri. Krasniqi, me an\u00eb t\u00eb nj\u00eb postimi n\u00eb Facebook, tregoi se nuk mund t\u00eb jet\u00eb prezente p\u00ebr shkak t\u00eb angazhimeve zyrtare n\u00eb kuad\u00ebr t\u00eb Komisionit Parlamentar n\u00eb Madrid. Megjithat\u00eb, ligjv\u00ebn\u00ebsja opozitare nga Vushtrria uroi [&hellip;]\" \/>\n<meta property=\"og:url\" content=\"https:\/\/permbledhja.com\/sq\/sot-zgjedhjet-e-ldk-se-ne-vushtrri-deputetja-krasniqi-njofton-se-gjendet-jashte-vendit\/\" \/>\n<meta property=\"og:site_name\" content=\"Ve\u00e7 artikuj p\u00ebrmbledh\u00ebs\" \/>\n<meta property=\"article:publisher\" content=\"https:\/\/www.facebook.com\/press07\/\" \/>\n<meta property=\"article:published_time\" content=\"2023-09-17T09:27:19+00:00\" \/>\n<meta property=\"og:image\" content=\"https:\/\/permbledhja.com\/wp-content\/uploads\/2023\/09\/Capture-7.jpg\" \/>\n\t<meta property=\"og:image:width\" content=\"1054\" \/>\n\t<meta property=\"og:image:height\" content=\"663\" \/>\n\t<meta property=\"og:image:type\" content=\"image\/jpeg\" \/>\n<meta name=\"author\" content=\"M M\" \/>\n<meta name=\"twitter:card\" content=\"summary_large_image\" \/>\n<meta name=\"twitter:label1\" content=\"Written by\" \/>\n\t<meta name=\"twitter:data1\" content=\"M M\" \/>\n\t<meta name=\"twitter:label2\" content=\"Est. reading time\" \/>\n\t<meta name=\"twitter:data2\" content=\"1 minut\u00eb\" \/>\n<script type=\"application\/ld+json\" class=\"yoast-schema-graph\">{\"@context\":\"https:\/\/schema.org\",\"@graph\":[{\"@type\":\"Article\",\"@id\":\"https:\/\/permbledhja.com\/sot-zgjedhjet-e-ldk-se-ne-vushtrri-deputetja-krasniqi-njofton-se-gjendet-jashte-vendit\/#article\",\"isPartOf\":{\"@id\":\"https:\/\/permbledhja.com\/sot-zgjedhjet-e-ldk-se-ne-vushtrri-deputetja-krasniqi-njofton-se-gjendet-jashte-vendit\/\"},\"author\":{\"name\":\"M M\",\"@id\":\"https:\/\/permbledhja.com\/#\/schema\/person\/d23f13f59b5722643933d6780783acf3\"},\"headline\":\"Sot zgjedhjet e LDK-s\u00eb n\u00eb Vushtrri: Deputetja Krasniqi njofton se gjendet jasht\u00eb vendit\",\"datePublished\":\"2023-09-17T09:27:19+00:00\",\"dateModified\":\"2023-09-17T09:27:19+00:00\",\"mainEntityOfPage\":{\"@id\":\"https:\/\/permbledhja.com\/sot-zgjedhjet-e-ldk-se-ne-vushtrri-deputetja-krasniqi-njofton-se-gjendet-jashte-vendit\/\"},\"wordCount\":157,\"publisher\":{\"@id\":\"https:\/\/permbledhja.com\/#organization\"},\"keywords\":[\"Rrezarta Krasniqi\"],\"articleSection\":[\"Komb\u00ebtare\",\"Lajme\"],\"inLanguage\":\"sq\"},{\"@type\":\"WebPage\",\"@id\":\"https:\/\/permbledhja.com\/sot-zgjedhjet-e-ldk-se-ne-vushtrri-deputetja-krasniqi-njofton-se-gjendet-jashte-vendit\/\",\"url\":\"https:\/\/permbledhja.com\/sot-zgjedhjet-e-ldk-se-ne-vushtrri-deputetja-krasniqi-njofton-se-gjendet-jashte-vendit\/\",\"name\":\"Sot zgjedhjet e LDK-s\u00eb n\u00eb Vushtrri: Deputetja Krasniqi njofton se gjendet jasht\u00eb vendit\",\"isPartOf\":{\"@id\":\"https:\/\/permbledhja.com\/#website\"},\"datePublished\":\"2023-09-17T09:27:19+00:00\",\"dateModified\":\"2023-09-17T09:27:19+00:00\",\"breadcrumb\":{\"@id\":\"https:\/\/permbledhja.com\/sot-zgjedhjet-e-ldk-se-ne-vushtrri-deputetja-krasniqi-njofton-se-gjendet-jashte-vendit\/#breadcrumb\"},\"inLanguage\":\"sq\",\"potentialAction\":[{\"@type\":\"ReadAction\",\"target\":[\"https:\/\/permbledhja.com\/sot-zgjedhjet-e-ldk-se-ne-vushtrri-deputetja-krasniqi-njofton-se-gjendet-jashte-vendit\/\"]}]},{\"@type\":\"BreadcrumbList\",\"@id\":\"https:\/\/permbledhja.com\/sot-zgjedhjet-e-ldk-se-ne-vushtrri-deputetja-krasniqi-njofton-se-gjendet-jashte-vendit\/#breadcrumb\",\"itemListElement\":[{\"@type\":\"ListItem\",\"position\":1,\"name\":\"Ballina\",\"item\":\"https:\/\/permbledhja.com\/sq\/\"},{\"@type\":\"ListItem\",\"position\":2,\"name\":\"Sot zgjedhjet e LDK-s\u00eb n\u00eb Vushtrri: Deputetja Krasniqi njofton se gjendet jasht\u00eb vendit\"}]},{\"@type\":\"WebSite\",\"@id\":\"https:\/\/permbledhja.com\/#website\",\"url\":\"https:\/\/permbledhja.com\/\",\"name\":\"Ve\u00e7 artikuj p\u00ebrmbledh\u00ebs\",\"description\":\"\",\"publisher\":{\"@id\":\"https:\/\/permbledhja.com\/#organization\"},\"potentialAction\":[{\"@type\":\"SearchAction\",\"target\":{\"@type\":\"EntryPoint\",\"urlTemplate\":\"https:\/\/permbledhja.com\/?s={search_term_string}\"},\"query-input\":\"required name=search_term_string\"}],\"inLanguage\":\"sq\"},{\"@type\":\"Organization\",\"@id\":\"https:\/\/permbledhja.com\/#organization\",\"name\":\"MK Media & Pr\",\"url\":\"https:\/\/permbledhja.com\/\",\"logo\":{\"@type\":\"ImageObject\",\"inLanguage\":\"sq\",\"@id\":\"https:\/\/permbledhja.com\/#\/schema\/logo\/image\/\",\"url\":\"https:\/\/permbledhja.com\/wp-content\/uploads\/2021\/12\/07-Press-Logo.jpg\",\"contentUrl\":\"https:\/\/permbledhja.com\/wp-content\/uploads\/2021\/12\/07-Press-Logo.jpg\",\"width\":512,\"height\":512,\"caption\":\"MK Media & Pr\"},\"image\":{\"@id\":\"https:\/\/permbledhja.com\/#\/schema\/logo\/image\/\"},\"sameAs\":[\"https:\/\/www.facebook.com\/press07\/\"]},{\"@type\":\"Person\",\"@id\":\"https:\/\/permbledhja.com\/#\/schema\/person\/d23f13f59b5722643933d6780783acf3\",\"name\":\"M M\",\"image\":{\"@type\":\"ImageObject\",\"inLanguage\":\"sq\",\"@id\":\"https:\/\/permbledhja.com\/#\/schema\/person\/image\/\",\"url\":\"https:\/\/secure.gravatar.com\/avatar\/e2835a76ca7c31a2416b2d51c4ec9a8f?s=96&d=mm&r=g\",\"contentUrl\":\"https:\/\/secure.gravatar.com\/avatar\/e2835a76ca7c31a2416b2d51c4ec9a8f?s=96&d=mm&r=g\",\"caption\":\"M M\"},\"sameAs\":[\"http:\/\/MM\"],\"url\":\"https:\/\/permbledhja.com\/sq\/author\/muhamet\/\"}]}<\/script>\n<!-- \/ Yoast SEO plugin. -->","yoast_head_json":{"title":"Sot zgjedhjet e LDK-s\u00eb n\u00eb Vushtrri: Deputetja Krasniqi njofton se gjendet jasht\u00eb vendit","robots":{"index":"index","follow":"follow","max-snippet":"max-snippet:-1","max-image-preview":"max-image-preview:large","max-video-preview":"max-video-preview:-1"},"canonical":"https:\/\/permbledhja.com\/sq\/sot-zgjedhjet-e-ldk-se-ne-vushtrri-deputetja-krasniqi-njofton-se-gjendet-jashte-vendit\/","og_locale":"sq_AL","og_type":"article","og_title":"Sot zgjedhjet e LDK-s\u00eb n\u00eb Vushtrri: Deputetja Krasniqi njofton se gjendet jasht\u00eb vendit","og_description":"Deputetja e LDK-s\u00eb, Rrezarta Krasniqi, ka njoftuar se sot do t\u00eb mbahet Kuvendi i Dhjet\u00eb zgjedhor n\u00eb deg\u00ebn e LDK-s\u00eb n\u00eb Vushtrri. Krasniqi, me an\u00eb t\u00eb nj\u00eb postimi n\u00eb Facebook, tregoi se nuk mund t\u00eb jet\u00eb prezente p\u00ebr shkak t\u00eb angazhimeve zyrtare n\u00eb kuad\u00ebr t\u00eb Komisionit Parlamentar n\u00eb Madrid. Megjithat\u00eb, ligjv\u00ebn\u00ebsja opozitare nga Vushtrria uroi [&hellip;]","og_url":"https:\/\/permbledhja.com\/sq\/sot-zgjedhjet-e-ldk-se-ne-vushtrri-deputetja-krasniqi-njofton-se-gjendet-jashte-vendit\/","og_site_name":"Ve\u00e7 artikuj p\u00ebrmbledh\u00ebs","article_publisher":"https:\/\/www.facebook.com\/press07\/","article_published_time":"2023-09-17T09:27:19+00:00","og_image":[{"width":1054,"height":663,"url":"https:\/\/permbledhja.com\/wp-content\/uploads\/2023\/09\/Capture-7.jpg","type":"image\/jpeg"}],"author":"M M","twitter_card":"summary_large_image","twitter_misc":{"Written by":"M M","Est. reading time":"1 minut\u00eb"},"schema":{"@context":"https:\/\/schema.org","@graph":[{"@type":"Article","@id":"https:\/\/permbledhja.com\/sot-zgjedhjet-e-ldk-se-ne-vushtrri-deputetja-krasniqi-njofton-se-gjendet-jashte-vendit\/#article","isPartOf":{"@id":"https:\/\/permbledhja.com\/sot-zgjedhjet-e-ldk-se-ne-vushtrri-deputetja-krasniqi-njofton-se-gjendet-jashte-vendit\/"},"author":{"name":"M M","@id":"https:\/\/permbledhja.com\/#\/schema\/person\/d23f13f59b5722643933d6780783acf3"},"headline":"Sot zgjedhjet e LDK-s\u00eb n\u00eb Vushtrri: Deputetja Krasniqi njofton se gjendet jasht\u00eb vendit","datePublished":"2023-09-17T09:27:19+00:00","dateModified":"2023-09-17T09:27:19+00:00","mainEntityOfPage":{"@id":"https:\/\/permbledhja.com\/sot-zgjedhjet-e-ldk-se-ne-vushtrri-deputetja-krasniqi-njofton-se-gjendet-jashte-vendit\/"},"wordCount":157,"publisher":{"@id":"https:\/\/permbledhja.com\/#organization"},"keywords":["Rrezarta Krasniqi"],"articleSection":["Komb\u00ebtare","Lajme"],"inLanguage":"sq"},{"@type":"WebPage","@id":"https:\/\/permbledhja.com\/sot-zgjedhjet-e-ldk-se-ne-vushtrri-deputetja-krasniqi-njofton-se-gjendet-jashte-vendit\/","url":"https:\/\/permbledhja.com\/sot-zgjedhjet-e-ldk-se-ne-vushtrri-deputetja-krasniqi-njofton-se-gjendet-jashte-vendit\/","name":"Sot zgjedhjet e LDK-s\u00eb n\u00eb Vushtrri: Deputetja Krasniqi njofton se gjendet jasht\u00eb vendit","isPartOf":{"@id":"https:\/\/permbledhja.com\/#website"},"datePublished":"2023-09-17T09:27:19+00:00","dateModified":"2023-09-17T09:27:19+00:00","breadcrumb":{"@id":"https:\/\/permbledhja.com\/sot-zgjedhjet-e-ldk-se-ne-vushtrri-deputetja-krasniqi-njofton-se-gjendet-jashte-vendit\/#breadcrumb"},"inLanguage":"sq","potentialAction":[{"@type":"ReadAction","target":["https:\/\/permbledhja.com\/sot-zgjedhjet-e-ldk-se-ne-vushtrri-deputetja-krasniqi-njofton-se-gjendet-jashte-vendit\/"]}]},{"@type":"BreadcrumbList","@id":"https:\/\/permbledhja.com\/sot-zgjedhjet-e-ldk-se-ne-vushtrri-deputetja-krasniqi-njofton-se-gjendet-jashte-vendit\/#breadcrumb","itemListElement":[{"@type":"ListItem","position":1,"name":"Ballina","item":"https:\/\/permbledhja.com\/sq\/"},{"@type":"ListItem","position":2,"name":"Sot zgjedhjet e LDK-s\u00eb n\u00eb Vushtrri: Deputetja Krasniqi njofton se gjendet jasht\u00eb vendit"}]},{"@type":"WebSite","@id":"https:\/\/permbledhja.com\/#website","url":"https:\/\/permbledhja.com\/","name":"Ve\u00e7 artikuj p\u00ebrmbledh\u00ebs","description":"","publisher":{"@id":"https:\/\/permbledhja.com\/#organization"},"potentialAction":[{"@type":"SearchAction","target":{"@type":"EntryPoint","urlTemplate":"https:\/\/permbledhja.com\/?s={search_term_string}"},"query-input":"required name=search_term_string"}],"inLanguage":"sq"},{"@type":"Organization","@id":"https:\/\/permbledhja.com\/#organization","name":"MK Media & Pr","url":"https:\/\/permbledhja.com\/","logo":{"@type":"ImageObject","inLanguage":"sq","@id":"https:\/\/permbledhja.com\/#\/schema\/logo\/image\/","url":"https:\/\/permbledhja.com\/wp-content\/uploads\/2021\/12\/07-Press-Logo.jpg","contentUrl":"https:\/\/permbledhja.com\/wp-content\/uploads\/2021\/12\/07-Press-Logo.jpg","width":512,"height":512,"caption":"MK Media & Pr"},"image":{"@id":"https:\/\/permbledhja.com\/#\/schema\/logo\/image\/"},"sameAs":["https:\/\/www.facebook.com\/press07\/"]},{"@type":"Person","@id":"https:\/\/permbledhja.com\/#\/schema\/person\/d23f13f59b5722643933d6780783acf3","name":"M M","image":{"@type":"ImageObject","inLanguage":"sq","@id":"https:\/\/permbledhja.com\/#\/schema\/person\/image\/","url":"https:\/\/secure.gravatar.com\/avatar\/e2835a76ca7c31a2416b2d51c4ec9a8f?s=96&d=mm&r=g","contentUrl":"https:\/\/secure.gravatar.com\/avatar\/e2835a76ca7c31a2416b2d51c4ec9a8f?s=96&d=mm&r=g","caption":"M M"},"sameAs":["http:\/\/MM"],"url":"https:\/\/permbledhja.com\/sq\/author\/muhamet\/"}]}},"_links":{"self":[{"href":"https:\/\/permbledhja.com\/sq\/wp-json\/wp\/v2\/posts\/27107"}],"collection":[{"href":"https:\/\/permbledhja.com\/sq\/wp-json\/wp\/v2\/posts"}],"about":[{"href":"https:\/\/permbledhja.com\/sq\/wp-json\/wp\/v2\/types\/post"}],"author":[{"embeddable":true,"href":"https:\/\/permbledhja.com\/sq\/wp-json\/wp\/v2\/users\/2"}],"replies":[{"embeddable":true,"href":"https:\/\/permbledhja.com\/sq\/wp-json\/wp\/v2\/comments?post=27107"}],"version-history":[{"count":1,"href":"https:\/\/permbledhja.com\/sq\/wp-json\/wp\/v2\/posts\/27107\/revisions"}],"predecessor-version":[{"id":27109,"href":"https:\/\/permbledhja.com\/sq\/wp-json\/wp\/v2\/posts\/27107\/revisions\/27109"}],"wp:featuredmedia":[{"embeddable":true,"href":"https:\/\/permbledhja.com\/sq\/wp-json\/wp\/v2\/media\/27108"}],"wp:attachment":[{"href":"https:\/\/permbledhja.com\/sq\/wp-json\/wp\/v2\/media?parent=27107"}],"wp:term":[{"taxonomy":"category","embeddable":true,"href":"https:\/\/permbledhja.com\/sq\/wp-json\/wp\/v2\/categories?post=27107"},{"taxonomy":"post_tag","embeddable":true,"href":"https:\/\/permbledhja.com\/sq\/wp-json\/wp\/v2\/tags?post=27107"}],"curies":[{"name":"wp","href":"https:\/\/api.w.org\/{rel}","templated":true}]}}