{"id":27104,"date":"2023-09-17T09:09:46","date_gmt":"2023-09-17T09:09:46","guid":{"rendered":"https:\/\/permbledhja.com\/?p=27104"},"modified":"2023-09-17T09:09:46","modified_gmt":"2023-09-17T09:09:46","slug":"sot-i-jepet-lamtumira-e-fundit-te-riut-qe-vdiq-mbreme-tragjikisht-ne-podujeve","status":"publish","type":"post","link":"https:\/\/permbledhja.com\/sq\/sot-i-jepet-lamtumira-e-fundit-te-riut-qe-vdiq-mbreme-tragjikisht-ne-podujeve\/","title":{"rendered":"Sot i jepet lamtumira e fundit t\u00eb riut q\u00eb vdiq mbr\u00ebm\u00eb tragjikisht n\u00eb Podujev\u00eb"},"content":{"rendered":"<h3>Sot i jepet lamtumira e fundit t\u00eb riut Q\u00ebndrim Boshnjaku, i cili si pasoj\u00eb e aksidentit tragjik n\u00eb Sfeq\u00ebl t\u00eb Podujev\u00ebs, s\u00eb bashku me nj\u00eb familjar t\u00eb tij humb\u00ebn jet\u00ebn pasi nuk arrit\u00ebn t\u2019i b\u00ebjn\u00eb ball\u00eb plag\u00ebve t\u00eb marra.<\/h3>\n<p>Njoftimin p\u00ebr ceremonin\u00eb e varrimit t\u00eb tij e kan\u00eb b\u00ebr\u00eb familjar\u00ebt, t\u00eb cil\u00ebt b\u00ebn t\u00eb ditur se varrimi do t\u00eb b\u00ebhet n\u00eb varrezat e fshatit Batllav\u00eb, n\u00eb or\u00ebn 18:00.<\/p>\n<p>\u201cT\u00eb nd\u00ebruar familjar\u00eb,miq, shok\u00eb dhe dashamir\u00eb me dhimbje t\u00eb thell\u00eb ju njoftojm\u00eb se me dat\u00eb 16.09.2023 ndrroj jet\u00eb djali i axhes ton\u00eb Qendrim Boshnjaku.<\/p>\n<p>Varrimi do t\u00eb b\u00ebhet me 17.09.2023 n\u00eb or\u00ebn 18:00 n\u00eb varrezat e fshatit Batllave (te Boshnjakt).<\/p>\n<p>Me pik\u00ebllim: Familja Boshnjaku!\u201d, shkruhet n\u00eb njoftimin e tyre.<\/p>\n","protected":false},"excerpt":{"rendered":"<p>Sot i jepet lamtumira e fundit t\u00eb riut Q\u00ebndrim Boshnjaku, i cili si pasoj\u00eb e aksidentit tragjik n\u00eb Sfeq\u00ebl t\u00eb Podujev\u00ebs, s\u00eb bashku me nj\u00eb familjar t\u00eb tij humb\u00ebn jet\u00ebn pasi nuk arrit\u00ebn t\u2019i b\u00ebjn\u00eb ball\u00eb plag\u00ebve t\u00eb marra. Njoftimin p\u00ebr ceremonin\u00eb e varrimit t\u00eb tij e kan\u00eb b\u00ebr\u00eb familjar\u00ebt, t\u00eb cil\u00ebt b\u00ebn t\u00eb ditur [&hellip;]<\/p>\n","protected":false},"author":2,"featured_media":27105,"comment_status":"closed","ping_status":"closed","sticky":false,"template":"","format":"standard","meta":{"_monsterinsights_skip_tracking":false,"_monsterinsights_sitenote_active":false,"_monsterinsights_sitenote_note":"","_monsterinsights_sitenote_category":0,"_uf_show_specific_survey":0,"_uf_disable_surveys":false,"footnotes":""},"categories":[15],"tags":[],"yoast_head":"<!-- This site is optimized with the Yoast SEO plugin v21.5 - https:\/\/yoast.com\/wordpress\/plugins\/seo\/ -->\n<title>Sot i jepet lamtumira e fundit t\u00eb riut q\u00eb vdiq mbr\u00ebm\u00eb tragjikisht n\u00eb Podujev\u00eb<\/title>\n<meta name=\"robots\" content=\"index, follow, max-snippet:-1, max-image-preview:large, max-video-preview:-1\" \/>\n<link rel=\"canonical\" href=\"https:\/\/permbledhja.com\/sq\/sot-i-jepet-lamtumira-e-fundit-te-riut-qe-vdiq-mbreme-tragjikisht-ne-podujeve\/\" \/>\n<meta property=\"og:locale\" content=\"sq_AL\" \/>\n<meta property=\"og:type\" content=\"article\" \/>\n<meta property=\"og:title\" content=\"Sot i jepet lamtumira e fundit t\u00eb riut q\u00eb vdiq mbr\u00ebm\u00eb tragjikisht n\u00eb Podujev\u00eb\" \/>\n<meta property=\"og:description\" content=\"Sot i jepet lamtumira e fundit t\u00eb riut Q\u00ebndrim Boshnjaku, i cili si pasoj\u00eb e aksidentit tragjik n\u00eb Sfeq\u00ebl t\u00eb Podujev\u00ebs, s\u00eb bashku me nj\u00eb familjar t\u00eb tij humb\u00ebn jet\u00ebn pasi nuk arrit\u00ebn t\u2019i b\u00ebjn\u00eb ball\u00eb plag\u00ebve t\u00eb marra. Njoftimin p\u00ebr ceremonin\u00eb e varrimit t\u00eb tij e kan\u00eb b\u00ebr\u00eb familjar\u00ebt, t\u00eb cil\u00ebt b\u00ebn t\u00eb ditur [&hellip;]\" \/>\n<meta property=\"og:url\" content=\"https:\/\/permbledhja.com\/sq\/sot-i-jepet-lamtumira-e-fundit-te-riut-qe-vdiq-mbreme-tragjikisht-ne-podujeve\/\" \/>\n<meta property=\"og:site_name\" content=\"Ve\u00e7 artikuj p\u00ebrmbledh\u00ebs\" \/>\n<meta property=\"article:publisher\" content=\"https:\/\/www.facebook.com\/press07\/\" \/>\n<meta property=\"article:published_time\" content=\"2023-09-17T09:09:46+00:00\" \/>\n<meta property=\"og:image\" content=\"https:\/\/permbledhja.com\/wp-content\/uploads\/2023\/09\/377673427_1930432507341079_3263902712675243882_n.jpg\" \/>\n\t<meta property=\"og:image:width\" content=\"767\" \/>\n\t<meta property=\"og:image:height\" content=\"526\" \/>\n\t<meta property=\"og:image:type\" content=\"image\/jpeg\" \/>\n<meta name=\"author\" content=\"M M\" \/>\n<meta name=\"twitter:card\" content=\"summary_large_image\" \/>\n<meta name=\"twitter:label1\" content=\"Written by\" \/>\n\t<meta name=\"twitter:data1\" content=\"M M\" \/>\n\t<meta name=\"twitter:label2\" content=\"Est. reading time\" \/>\n\t<meta name=\"twitter:data2\" content=\"1 minut\u00eb\" \/>\n<script type=\"application\/ld+json\" class=\"yoast-schema-graph\">{\"@context\":\"https:\/\/schema.org\",\"@graph\":[{\"@type\":\"Article\",\"@id\":\"https:\/\/permbledhja.com\/sot-i-jepet-lamtumira-e-fundit-te-riut-qe-vdiq-mbreme-tragjikisht-ne-podujeve\/#article\",\"isPartOf\":{\"@id\":\"https:\/\/permbledhja.com\/sot-i-jepet-lamtumira-e-fundit-te-riut-qe-vdiq-mbreme-tragjikisht-ne-podujeve\/\"},\"author\":{\"name\":\"M M\",\"@id\":\"https:\/\/permbledhja.com\/#\/schema\/person\/d23f13f59b5722643933d6780783acf3\"},\"headline\":\"Sot i jepet lamtumira e fundit t\u00eb riut q\u00eb vdiq mbr\u00ebm\u00eb tragjikisht n\u00eb Podujev\u00eb\",\"datePublished\":\"2023-09-17T09:09:46+00:00\",\"dateModified\":\"2023-09-17T09:09:46+00:00\",\"mainEntityOfPage\":{\"@id\":\"https:\/\/permbledhja.com\/sot-i-jepet-lamtumira-e-fundit-te-riut-qe-vdiq-mbreme-tragjikisht-ne-podujeve\/\"},\"wordCount\":149,\"publisher\":{\"@id\":\"https:\/\/permbledhja.com\/#organization\"},\"articleSection\":[\"Lajme\"],\"inLanguage\":\"sq\"},{\"@type\":\"WebPage\",\"@id\":\"https:\/\/permbledhja.com\/sot-i-jepet-lamtumira-e-fundit-te-riut-qe-vdiq-mbreme-tragjikisht-ne-podujeve\/\",\"url\":\"https:\/\/permbledhja.com\/sot-i-jepet-lamtumira-e-fundit-te-riut-qe-vdiq-mbreme-tragjikisht-ne-podujeve\/\",\"name\":\"Sot i jepet lamtumira e fundit t\u00eb riut q\u00eb vdiq mbr\u00ebm\u00eb tragjikisht n\u00eb Podujev\u00eb\",\"isPartOf\":{\"@id\":\"https:\/\/permbledhja.com\/#website\"},\"datePublished\":\"2023-09-17T09:09:46+00:00\",\"dateModified\":\"2023-09-17T09:09:46+00:00\",\"breadcrumb\":{\"@id\":\"https:\/\/permbledhja.com\/sot-i-jepet-lamtumira-e-fundit-te-riut-qe-vdiq-mbreme-tragjikisht-ne-podujeve\/#breadcrumb\"},\"inLanguage\":\"sq\",\"potentialAction\":[{\"@type\":\"ReadAction\",\"target\":[\"https:\/\/permbledhja.com\/sot-i-jepet-lamtumira-e-fundit-te-riut-qe-vdiq-mbreme-tragjikisht-ne-podujeve\/\"]}]},{\"@type\":\"BreadcrumbList\",\"@id\":\"https:\/\/permbledhja.com\/sot-i-jepet-lamtumira-e-fundit-te-riut-qe-vdiq-mbreme-tragjikisht-ne-podujeve\/#breadcrumb\",\"itemListElement\":[{\"@type\":\"ListItem\",\"position\":1,\"name\":\"Ballina\",\"item\":\"https:\/\/permbledhja.com\/sq\/\"},{\"@type\":\"ListItem\",\"position\":2,\"name\":\"Sot i jepet lamtumira e fundit t\u00eb riut q\u00eb vdiq mbr\u00ebm\u00eb tragjikisht n\u00eb Podujev\u00eb\"}]},{\"@type\":\"WebSite\",\"@id\":\"https:\/\/permbledhja.com\/#website\",\"url\":\"https:\/\/permbledhja.com\/\",\"name\":\"Ve\u00e7 artikuj p\u00ebrmbledh\u00ebs\",\"description\":\"\",\"publisher\":{\"@id\":\"https:\/\/permbledhja.com\/#organization\"},\"potentialAction\":[{\"@type\":\"SearchAction\",\"target\":{\"@type\":\"EntryPoint\",\"urlTemplate\":\"https:\/\/permbledhja.com\/?s={search_term_string}\"},\"query-input\":\"required name=search_term_string\"}],\"inLanguage\":\"sq\"},{\"@type\":\"Organization\",\"@id\":\"https:\/\/permbledhja.com\/#organization\",\"name\":\"MK Media & Pr\",\"url\":\"https:\/\/permbledhja.com\/\",\"logo\":{\"@type\":\"ImageObject\",\"inLanguage\":\"sq\",\"@id\":\"https:\/\/permbledhja.com\/#\/schema\/logo\/image\/\",\"url\":\"https:\/\/permbledhja.com\/wp-content\/uploads\/2021\/12\/07-Press-Logo.jpg\",\"contentUrl\":\"https:\/\/permbledhja.com\/wp-content\/uploads\/2021\/12\/07-Press-Logo.jpg\",\"width\":512,\"height\":512,\"caption\":\"MK Media & Pr\"},\"image\":{\"@id\":\"https:\/\/permbledhja.com\/#\/schema\/logo\/image\/\"},\"sameAs\":[\"https:\/\/www.facebook.com\/press07\/\"]},{\"@type\":\"Person\",\"@id\":\"https:\/\/permbledhja.com\/#\/schema\/person\/d23f13f59b5722643933d6780783acf3\",\"name\":\"M M\",\"image\":{\"@type\":\"ImageObject\",\"inLanguage\":\"sq\",\"@id\":\"https:\/\/permbledhja.com\/#\/schema\/person\/image\/\",\"url\":\"https:\/\/secure.gravatar.com\/avatar\/e2835a76ca7c31a2416b2d51c4ec9a8f?s=96&d=mm&r=g\",\"contentUrl\":\"https:\/\/secure.gravatar.com\/avatar\/e2835a76ca7c31a2416b2d51c4ec9a8f?s=96&d=mm&r=g\",\"caption\":\"M M\"},\"sameAs\":[\"http:\/\/MM\"],\"url\":\"https:\/\/permbledhja.com\/sq\/author\/muhamet\/\"}]}<\/script>\n<!-- \/ Yoast SEO plugin. -->","yoast_head_json":{"title":"Sot i jepet lamtumira e fundit t\u00eb riut q\u00eb vdiq mbr\u00ebm\u00eb tragjikisht n\u00eb Podujev\u00eb","robots":{"index":"index","follow":"follow","max-snippet":"max-snippet:-1","max-image-preview":"max-image-preview:large","max-video-preview":"max-video-preview:-1"},"canonical":"https:\/\/permbledhja.com\/sq\/sot-i-jepet-lamtumira-e-fundit-te-riut-qe-vdiq-mbreme-tragjikisht-ne-podujeve\/","og_locale":"sq_AL","og_type":"article","og_title":"Sot i jepet lamtumira e fundit t\u00eb riut q\u00eb vdiq mbr\u00ebm\u00eb tragjikisht n\u00eb Podujev\u00eb","og_description":"Sot i jepet lamtumira e fundit t\u00eb riut Q\u00ebndrim Boshnjaku, i cili si pasoj\u00eb e aksidentit tragjik n\u00eb Sfeq\u00ebl t\u00eb Podujev\u00ebs, s\u00eb bashku me nj\u00eb familjar t\u00eb tij humb\u00ebn jet\u00ebn pasi nuk arrit\u00ebn t\u2019i b\u00ebjn\u00eb ball\u00eb plag\u00ebve t\u00eb marra. Njoftimin p\u00ebr ceremonin\u00eb e varrimit t\u00eb tij e kan\u00eb b\u00ebr\u00eb familjar\u00ebt, t\u00eb cil\u00ebt b\u00ebn t\u00eb ditur [&hellip;]","og_url":"https:\/\/permbledhja.com\/sq\/sot-i-jepet-lamtumira-e-fundit-te-riut-qe-vdiq-mbreme-tragjikisht-ne-podujeve\/","og_site_name":"Ve\u00e7 artikuj p\u00ebrmbledh\u00ebs","article_publisher":"https:\/\/www.facebook.com\/press07\/","article_published_time":"2023-09-17T09:09:46+00:00","og_image":[{"width":767,"height":526,"url":"https:\/\/permbledhja.com\/wp-content\/uploads\/2023\/09\/377673427_1930432507341079_3263902712675243882_n.jpg","type":"image\/jpeg"}],"author":"M M","twitter_card":"summary_large_image","twitter_misc":{"Written by":"M M","Est. reading time":"1 minut\u00eb"},"schema":{"@context":"https:\/\/schema.org","@graph":[{"@type":"Article","@id":"https:\/\/permbledhja.com\/sot-i-jepet-lamtumira-e-fundit-te-riut-qe-vdiq-mbreme-tragjikisht-ne-podujeve\/#article","isPartOf":{"@id":"https:\/\/permbledhja.com\/sot-i-jepet-lamtumira-e-fundit-te-riut-qe-vdiq-mbreme-tragjikisht-ne-podujeve\/"},"author":{"name":"M M","@id":"https:\/\/permbledhja.com\/#\/schema\/person\/d23f13f59b5722643933d6780783acf3"},"headline":"Sot i jepet lamtumira e fundit t\u00eb riut q\u00eb vdiq mbr\u00ebm\u00eb tragjikisht n\u00eb Podujev\u00eb","datePublished":"2023-09-17T09:09:46+00:00","dateModified":"2023-09-17T09:09:46+00:00","mainEntityOfPage":{"@id":"https:\/\/permbledhja.com\/sot-i-jepet-lamtumira-e-fundit-te-riut-qe-vdiq-mbreme-tragjikisht-ne-podujeve\/"},"wordCount":149,"publisher":{"@id":"https:\/\/permbledhja.com\/#organization"},"articleSection":["Lajme"],"inLanguage":"sq"},{"@type":"WebPage","@id":"https:\/\/permbledhja.com\/sot-i-jepet-lamtumira-e-fundit-te-riut-qe-vdiq-mbreme-tragjikisht-ne-podujeve\/","url":"https:\/\/permbledhja.com\/sot-i-jepet-lamtumira-e-fundit-te-riut-qe-vdiq-mbreme-tragjikisht-ne-podujeve\/","name":"Sot i jepet lamtumira e fundit t\u00eb riut q\u00eb vdiq mbr\u00ebm\u00eb tragjikisht n\u00eb Podujev\u00eb","isPartOf":{"@id":"https:\/\/permbledhja.com\/#website"},"datePublished":"2023-09-17T09:09:46+00:00","dateModified":"2023-09-17T09:09:46+00:00","breadcrumb":{"@id":"https:\/\/permbledhja.com\/sot-i-jepet-lamtumira-e-fundit-te-riut-qe-vdiq-mbreme-tragjikisht-ne-podujeve\/#breadcrumb"},"inLanguage":"sq","potentialAction":[{"@type":"ReadAction","target":["https:\/\/permbledhja.com\/sot-i-jepet-lamtumira-e-fundit-te-riut-qe-vdiq-mbreme-tragjikisht-ne-podujeve\/"]}]},{"@type":"BreadcrumbList","@id":"https:\/\/permbledhja.com\/sot-i-jepet-lamtumira-e-fundit-te-riut-qe-vdiq-mbreme-tragjikisht-ne-podujeve\/#breadcrumb","itemListElement":[{"@type":"ListItem","position":1,"name":"Ballina","item":"https:\/\/permbledhja.com\/sq\/"},{"@type":"ListItem","position":2,"name":"Sot i jepet lamtumira e fundit t\u00eb riut q\u00eb vdiq mbr\u00ebm\u00eb tragjikisht n\u00eb Podujev\u00eb"}]},{"@type":"WebSite","@id":"https:\/\/permbledhja.com\/#website","url":"https:\/\/permbledhja.com\/","name":"Ve\u00e7 artikuj p\u00ebrmbledh\u00ebs","description":"","publisher":{"@id":"https:\/\/permbledhja.com\/#organization"},"potentialAction":[{"@type":"SearchAction","target":{"@type":"EntryPoint","urlTemplate":"https:\/\/permbledhja.com\/?s={search_term_string}"},"query-input":"required name=search_term_string"}],"inLanguage":"sq"},{"@type":"Organization","@id":"https:\/\/permbledhja.com\/#organization","name":"MK Media & Pr","url":"https:\/\/permbledhja.com\/","logo":{"@type":"ImageObject","inLanguage":"sq","@id":"https:\/\/permbledhja.com\/#\/schema\/logo\/image\/","url":"https:\/\/permbledhja.com\/wp-content\/uploads\/2021\/12\/07-Press-Logo.jpg","contentUrl":"https:\/\/permbledhja.com\/wp-content\/uploads\/2021\/12\/07-Press-Logo.jpg","width":512,"height":512,"caption":"MK Media & Pr"},"image":{"@id":"https:\/\/permbledhja.com\/#\/schema\/logo\/image\/"},"sameAs":["https:\/\/www.facebook.com\/press07\/"]},{"@type":"Person","@id":"https:\/\/permbledhja.com\/#\/schema\/person\/d23f13f59b5722643933d6780783acf3","name":"M M","image":{"@type":"ImageObject","inLanguage":"sq","@id":"https:\/\/permbledhja.com\/#\/schema\/person\/image\/","url":"https:\/\/secure.gravatar.com\/avatar\/e2835a76ca7c31a2416b2d51c4ec9a8f?s=96&d=mm&r=g","contentUrl":"https:\/\/secure.gravatar.com\/avatar\/e2835a76ca7c31a2416b2d51c4ec9a8f?s=96&d=mm&r=g","caption":"M M"},"sameAs":["http:\/\/MM"],"url":"https:\/\/permbledhja.com\/sq\/author\/muhamet\/"}]}},"_links":{"self":[{"href":"https:\/\/permbledhja.com\/sq\/wp-json\/wp\/v2\/posts\/27104"}],"collection":[{"href":"https:\/\/permbledhja.com\/sq\/wp-json\/wp\/v2\/posts"}],"about":[{"href":"https:\/\/permbledhja.com\/sq\/wp-json\/wp\/v2\/types\/post"}],"author":[{"embeddable":true,"href":"https:\/\/permbledhja.com\/sq\/wp-json\/wp\/v2\/users\/2"}],"replies":[{"embeddable":true,"href":"https:\/\/permbledhja.com\/sq\/wp-json\/wp\/v2\/comments?post=27104"}],"version-history":[{"count":1,"href":"https:\/\/permbledhja.com\/sq\/wp-json\/wp\/v2\/posts\/27104\/revisions"}],"predecessor-version":[{"id":27106,"href":"https:\/\/permbledhja.com\/sq\/wp-json\/wp\/v2\/posts\/27104\/revisions\/27106"}],"wp:featuredmedia":[{"embeddable":true,"href":"https:\/\/permbledhja.com\/sq\/wp-json\/wp\/v2\/media\/27105"}],"wp:attachment":[{"href":"https:\/\/permbledhja.com\/sq\/wp-json\/wp\/v2\/media?parent=27104"}],"wp:term":[{"taxonomy":"category","embeddable":true,"href":"https:\/\/permbledhja.com\/sq\/wp-json\/wp\/v2\/categories?post=27104"},{"taxonomy":"post_tag","embeddable":true,"href":"https:\/\/permbledhja.com\/sq\/wp-json\/wp\/v2\/tags?post=27104"}],"curies":[{"name":"wp","href":"https:\/\/api.w.org\/{rel}","templated":true}]}}