{"id":27085,"date":"2023-09-17T07:46:34","date_gmt":"2023-09-17T07:46:34","guid":{"rendered":"https:\/\/permbledhja.com\/?p=27085"},"modified":"2023-09-17T07:46:34","modified_gmt":"2023-09-17T07:46:34","slug":"pushteti-akuzohet-se-po-miraton-ligje-ne-kundershtim-me-kushtetuten","status":"publish","type":"post","link":"https:\/\/permbledhja.com\/sq\/pushteti-akuzohet-se-po-miraton-ligje-ne-kundershtim-me-kushtetuten\/","title":{"rendered":"Pushteti akuzohet se po miraton ligje n\u00eb kund\u00ebrshtim me Kushtetut\u00ebn"},"content":{"rendered":"<h3>Qeveria e Kosov\u00ebs dhe mazhoranca n\u00eb Kuvend po akuzohen p\u00ebr miratim t\u00eb ligjeve q\u00eb jan\u00eb n\u00eb kund\u00ebrshtim me Kushtetut\u00ebn e vendit.<\/h3>\n<p>Sipas Partis\u00eb Demokratike t\u00eb Kosov\u00ebs (PDK), ekzekutivi \u00ebsht\u00eb shnd\u00ebrruar n\u00eb shkel\u00ebsin m\u00eb t\u00eb madh t\u00eb Kushtetut\u00ebs, nd\u00ebrkaq n\u00eb Institutin e Kosov\u00ebs p\u00ebr Drejt\u00ebsi (IKD), thon\u00eb se n\u00eb p\u00ebrmbajtjen e ligjeve t\u00eb sponsorizuara nga qeveria ka probleme serioze kushtetuese. N\u00eb an\u00ebn tjet\u00ebr, n\u00eb partin\u00eb n\u00eb pushtet kritikojn\u00eb opozit\u00ebn se po p\u00ebrdor\u00eb mekanizmin e Gjykat\u00ebs Kushtetuese p\u00ebr t\u00eb bllokuar reformat q\u00eb po i nd\u00ebrmerr qeveria.<\/p>\n<p>Shefi i grupit parlamentar t\u00eb PDK-s\u00eb, Abelard Tahiri, thot\u00eb p\u00ebr KosovaPress, se opozita po fiton \u00e7do betej\u00eb me pushtetin n\u00eb Gjykat\u00ebn Kushtetuese.<\/p>\n<p>Ai p\u00ebrmend rr\u00ebzimin e Ligjit p\u00ebr K\u00ebshillin Prokurorial dhe Ligjin p\u00ebr zyrtar\u00ebt publik\u00eb, t\u00eb cil\u00ebt sipas tij, d\u00ebshmojn\u00eb padijenin\u00eb dhe d\u00ebmin e vazhduesh\u00ebm q\u00eb qeveria po i b\u00ebn\u00eb Kosov\u00ebs.<\/p>\n<p>Sipas tij, edhe Ligji p\u00ebr tatimin n\u00eb pron\u00eb \u00ebsht\u00eb antikushtetues dhe si i till\u00eb do t\u00eb rr\u00ebzohet nga ky institucion.<\/p>\n<p>\u201cE keni t\u00eb qart\u00eb tashm\u00eb se sa betejat si opozit\u00eb i kemi fituar n\u00eb raport me k\u00ebta njer\u00ebz t\u00eb padijsh\u00ebm n\u00eb Gjykat\u00ebn Kushtetuese. K\u00ebta jan\u00eb edhe t\u00eb padijsh\u00ebm edhe t\u00eb d\u00ebmsh\u00ebm. T\u00eb b\u00ebsh nj\u00eb veprim t\u00eb till\u00eb q\u00eb cenon direkt pavar\u00ebsin\u00eb e nivelit lokal t\u00eb komunave duhet me qen\u00eb, ose i marr\u00eb, ose shum\u00eb i padijsh\u00ebm. Pasi ta b\u00ebsh me vet\u00ebdije nj\u00eb veprim t\u00eb till\u00eb i cili \u00ebsht\u00eb jokushtetues at\u00ebher\u00eb s\u2019ka si t\u00eb jet\u00eb ndryshe ve\u00e7se me qen\u00eb i marr\u00eb. N\u00ebse e kan\u00eb b\u00ebr\u00eb pa vet\u00ebdije k\u00ebta jan\u00eb t\u00eb padijsh\u00ebm pasi gj\u00ebrat bazike q\u00eb duhet me i dit\u00eb nj\u00eb qeveri, k\u00ebta nuk po i din\u00eb\u201d, thot\u00eb Tahiri.<\/p>\n<p>Nd\u00ebrkaq, hulumtuesi n\u00eb Institutin e Kosov\u00ebs p\u00ebr Drejt\u00ebsi (IKD), Naim Jakaj, thot\u00eb p\u00ebr KosovaPress, se kjo legjislatur\u00eb n\u00eb Kuvend ka m\u00eb s\u00eb shumti ligje t\u00eb d\u00ebrguara n\u00eb Gjykat\u00ebn Kushtetuese.<\/p>\n<p>Ai shton se Qeveria e Kosov\u00ebs nuk \u00ebsht\u00eb duke draftuar ligje n\u00eb pajtim me Kushtetut\u00ebn dhe standardet nd\u00ebrkomb\u00ebtare.<\/p>\n<p>\u201cKjo legjislatur\u00eb ka ligje m\u00eb s\u00eb shumti t\u00eb d\u00ebrguara n\u00eb Gjykat\u00ebn Kushtetuese dhe ligje q\u00eb m\u00eb s\u00eb shumti i ka rr\u00ebzuar Gjykata Kushtetuese\u2026 Sa i p\u00ebrket p\u00ebrmbajtjes se si \u00ebsht\u00eb duke shkruar qeveria n\u00eb raportet e IKD-s\u00eb ne kemi evidentuar probleme kushtetuese t\u00eb shkrimit t\u00eb k\u00ebtyre ligjeve. Ta z\u00ebm\u00eb Ligji p\u00ebr K\u00ebshillin e Pavarur Mbik\u00ebqyr\u00ebs Civil, Ligji p\u00ebr fuzionimin ose integrimin e agjencive t\u00eb pavarura, ku Agjencia p\u00ebr Ndihm\u00eb Juridike Falas ka hyr\u00eb n\u00ebn ombrell\u00ebn e Ministris\u00eb s\u00eb Drejt\u00ebsis\u00eb. Nj\u00eb ligj i till\u00eb nuk \u00ebsht\u00eb d\u00ebrguar nga opozita, por ligji p\u00ebrmban t\u00eb meta kushtetuese dhe nuk \u00ebsht\u00eb n\u00eb p\u00ebrputhje me Kushtetut\u00ebn e Kosov\u00ebs\u2026 Konsiderojm\u00eb se qeveria nuk \u00ebsht\u00eb duke draftuar ligje n\u00eb pajtim me Kushtetut\u00ebn dhe standardet nd\u00ebrkomb\u00ebtare. Kjo \u00ebsht\u00eb v\u00ebrejtur edhe n\u00eb raportet e Komisionit t\u00eb Venecias\u201d, deklaron ai.<\/p>\n<p>Por t\u00eb kund\u00ebrt\u00ebn e thot\u00eb deputeti i LVV-s\u00eb, Adnan Rrustemi, i cili nj\u00ebher\u00ebsh \u00ebsht\u00eb edhe kryetar i Komisionit p\u00ebr legjislacion n\u00eb Kuvend.<\/p>\n<p>Ai kritikon partit\u00eb opozitare se po tentojn\u00eb p\u00ebrmes mekanizmit t\u00eb Gjykat\u00ebs Kushtetuese t\u2019i bllokojn\u00eb reformat e iniciuara nga Qeveria Kurti.<\/p>\n<p>\u201cMotivi i opozit\u00ebs \u00ebsht\u00eb n\u00eb dy pika, e para p\u00ebr t\u00eb vonuar reforma t\u00eb caktuara t\u00eb qeveris\u00eb. D\u00ebrgimi n\u00eb Gjykat\u00ebn Kushtetuese po merr nj\u00eb periudh\u00eb t\u00eb gjat\u00eb t\u00eb shqyrtimit, eventualisht aktgjykimit p\u00ebrfundimtar mbi p\u00ebrputhshm\u00ebrin\u00eb e nj\u00eb ligji me Kushtetut\u00ebn e Kosov\u00ebs. N\u00eb rrafshin e par\u00eb po synojn\u00eb t\u00eb v\u00ebshtir\u00ebsojn\u00eb qeverisjen duke i vonuar reformat. Motivi i dyt\u00eb \u00ebsht\u00eb krejt\u00ebsisht inkriminues do t\u00eb thosha un\u00eb n\u00eb kuptimin e mbrojtjes s\u00eb interesave individuale dhe grupore q\u00eb kan\u00eb. Kini parasysh, kur opozita e konteston n\u00eb Gjykat\u00ebn Kushtetuese, Ligjin p\u00ebr Byron\u00eb p\u00ebr verifikimin dhe konfiskimin e pasuris\u00eb s\u00eb pajustifikueshme nuk po e konteston se ka mospajtime me p\u00ebrmbajtjen pasi nuk e ka b\u00ebr\u00eb asnj\u00eb kritik\u00eb p\u00ebr p\u00ebrmbajtjen, por thjesht po e konteston iden\u00eb p\u00ebr nj\u00eb byro. Pra, ajo formalisht po e konteston p\u00ebrmbajtjen por q\u00ebllimin e ka t\u00eb pengoj\u00eb verifikimin dhe konfiskimin e pasuris\u00eb s\u00eb pajustifikueshme. Pyetja q\u00eb duhet t\u00eb shtrohet \u00ebsht\u00eb pse jeni kund\u00ebr? Kjo sipas leximit logjik \u00ebsht\u00eb se gjat\u00eb qeverisjes s\u00eb tyre zyrtar\u00eb t\u00eb caktuar, ministra, ish-ministra, deputet\u00eb dhe kryetar\u00eb komunash jan\u00eb b\u00ebr\u00eb milioner\u00eb duke qen\u00eb zyrtar\u00eb publik\u00eb\u201d, thekson Rrustemi.<\/p>\n<p>Aktualisht n\u00eb Gjykat\u00ebn Kushtetuese jan\u00eb duke u shqyrtuar Ligji p\u00ebr paga n\u00eb sektorin publik, Ligji p\u00ebr Byron\u00eb shtet\u00ebrore p\u00ebr verifikimin dhe konfiskimin e pasuris\u00eb s\u00eb pajustifikueshme, Ligji p\u00ebr masat e p\u00ebrkohshme t\u00eb produkteve themelore n\u00eb raste t\u00eb ve\u00e7anta t\u00eb destabilizimit n\u00eb treg, Ligji p\u00ebr pag\u00ebn minimale dhe Ligji p\u00ebr tatimin n\u00eb pron\u00eb.<\/p>\n<p>Gjykata Kushtetuese muaj m\u00eb par\u00eb ka rr\u00ebzuar Ligjin p\u00ebr K\u00ebshillin Prokurorial, derisa s\u00eb fundmi shfuqizoi disa nene t\u00eb r\u00ebnd\u00ebsishme t\u00eb Ligjit p\u00ebr zyrtar\u00eb publik\u00eb.<\/p>\n<p>KosovaPress pyeti n\u00eb Gjykat\u00ebn Kushtetuese se kur pritet t\u00eb ket\u00eb vendimmarrje p\u00ebr ligjet e tjera, mir\u00ebpo t\u00eb nj\u00ebjtit nuk kthyen p\u00ebrgjigje.<\/p>\n","protected":false},"excerpt":{"rendered":"<p>Qeveria e Kosov\u00ebs dhe mazhoranca n\u00eb Kuvend po akuzohen p\u00ebr miratim t\u00eb ligjeve q\u00eb jan\u00eb n\u00eb kund\u00ebrshtim me Kushtetut\u00ebn e vendit. Sipas Partis\u00eb Demokratike t\u00eb Kosov\u00ebs (PDK), ekzekutivi \u00ebsht\u00eb shnd\u00ebrruar n\u00eb shkel\u00ebsin m\u00eb t\u00eb madh t\u00eb Kushtetut\u00ebs, nd\u00ebrkaq n\u00eb Institutin e Kosov\u00ebs p\u00ebr Drejt\u00ebsi (IKD), thon\u00eb se n\u00eb p\u00ebrmbajtjen e ligjeve t\u00eb sponsorizuara nga qeveria [&hellip;]<\/p>\n","protected":false},"author":2,"featured_media":27086,"comment_status":"closed","ping_status":"closed","sticky":false,"template":"","format":"standard","meta":{"_monsterinsights_skip_tracking":false,"_monsterinsights_sitenote_active":false,"_monsterinsights_sitenote_note":"","_monsterinsights_sitenote_category":0,"_uf_show_specific_survey":0,"_uf_disable_surveys":false,"footnotes":""},"categories":[23,15],"tags":[],"yoast_head":"<!-- This site is optimized with the Yoast SEO plugin v21.5 - https:\/\/yoast.com\/wordpress\/plugins\/seo\/ -->\n<title>Pushteti akuzohet se po miraton ligje n\u00eb kund\u00ebrshtim me Kushtetut\u00ebn<\/title>\n<meta name=\"robots\" content=\"index, follow, max-snippet:-1, max-image-preview:large, max-video-preview:-1\" \/>\n<link rel=\"canonical\" href=\"https:\/\/permbledhja.com\/sq\/pushteti-akuzohet-se-po-miraton-ligje-ne-kundershtim-me-kushtetuten\/\" \/>\n<meta property=\"og:locale\" content=\"sq_AL\" \/>\n<meta property=\"og:type\" content=\"article\" \/>\n<meta property=\"og:title\" content=\"Pushteti akuzohet se po miraton ligje n\u00eb kund\u00ebrshtim me Kushtetut\u00ebn\" \/>\n<meta property=\"og:description\" content=\"Qeveria e Kosov\u00ebs dhe mazhoranca n\u00eb Kuvend po akuzohen p\u00ebr miratim t\u00eb ligjeve q\u00eb jan\u00eb n\u00eb kund\u00ebrshtim me Kushtetut\u00ebn e vendit. Sipas Partis\u00eb Demokratike t\u00eb Kosov\u00ebs (PDK), ekzekutivi \u00ebsht\u00eb shnd\u00ebrruar n\u00eb shkel\u00ebsin m\u00eb t\u00eb madh t\u00eb Kushtetut\u00ebs, nd\u00ebrkaq n\u00eb Institutin e Kosov\u00ebs p\u00ebr Drejt\u00ebsi (IKD), thon\u00eb se n\u00eb p\u00ebrmbajtjen e ligjeve t\u00eb sponsorizuara nga qeveria [&hellip;]\" \/>\n<meta property=\"og:url\" content=\"https:\/\/permbledhja.com\/sq\/pushteti-akuzohet-se-po-miraton-ligje-ne-kundershtim-me-kushtetuten\/\" \/>\n<meta property=\"og:site_name\" content=\"Ve\u00e7 artikuj p\u00ebrmbledh\u00ebs\" \/>\n<meta property=\"article:publisher\" content=\"https:\/\/www.facebook.com\/press07\/\" \/>\n<meta property=\"article:published_time\" content=\"2023-09-17T07:46:34+00:00\" \/>\n<meta property=\"og:image\" content=\"https:\/\/permbledhja.com\/wp-content\/uploads\/2023\/09\/kuvendi-i-kosoves-1-scaled.jpg\" \/>\n\t<meta property=\"og:image:width\" content=\"2560\" \/>\n\t<meta property=\"og:image:height\" content=\"1701\" \/>\n\t<meta property=\"og:image:type\" content=\"image\/jpeg\" \/>\n<meta name=\"author\" content=\"M M\" \/>\n<meta name=\"twitter:card\" content=\"summary_large_image\" \/>\n<meta name=\"twitter:label1\" content=\"Written by\" \/>\n\t<meta name=\"twitter:data1\" content=\"M M\" \/>\n\t<meta name=\"twitter:label2\" content=\"Est. reading time\" \/>\n\t<meta name=\"twitter:data2\" content=\"5 minuta\" \/>\n<script type=\"application\/ld+json\" class=\"yoast-schema-graph\">{\"@context\":\"https:\/\/schema.org\",\"@graph\":[{\"@type\":\"Article\",\"@id\":\"https:\/\/permbledhja.com\/sq\/pushteti-akuzohet-se-po-miraton-ligje-ne-kundershtim-me-kushtetuten\/#article\",\"isPartOf\":{\"@id\":\"https:\/\/permbledhja.com\/sq\/pushteti-akuzohet-se-po-miraton-ligje-ne-kundershtim-me-kushtetuten\/\"},\"author\":{\"name\":\"M M\",\"@id\":\"https:\/\/permbledhja.com\/#\/schema\/person\/d23f13f59b5722643933d6780783acf3\"},\"headline\":\"Pushteti akuzohet se po miraton ligje n\u00eb kund\u00ebrshtim me Kushtetut\u00ebn\",\"datePublished\":\"2023-09-17T07:46:34+00:00\",\"dateModified\":\"2023-09-17T07:46:34+00:00\",\"mainEntityOfPage\":{\"@id\":\"https:\/\/permbledhja.com\/sq\/pushteti-akuzohet-se-po-miraton-ligje-ne-kundershtim-me-kushtetuten\/\"},\"wordCount\":918,\"publisher\":{\"@id\":\"https:\/\/permbledhja.com\/#organization\"},\"articleSection\":[\"Komb\u00ebtare\",\"Lajme\"],\"inLanguage\":\"sq\"},{\"@type\":\"WebPage\",\"@id\":\"https:\/\/permbledhja.com\/sq\/pushteti-akuzohet-se-po-miraton-ligje-ne-kundershtim-me-kushtetuten\/\",\"url\":\"https:\/\/permbledhja.com\/sq\/pushteti-akuzohet-se-po-miraton-ligje-ne-kundershtim-me-kushtetuten\/\",\"name\":\"Pushteti akuzohet se po miraton ligje n\u00eb kund\u00ebrshtim me Kushtetut\u00ebn\",\"isPartOf\":{\"@id\":\"https:\/\/permbledhja.com\/#website\"},\"datePublished\":\"2023-09-17T07:46:34+00:00\",\"dateModified\":\"2023-09-17T07:46:34+00:00\",\"breadcrumb\":{\"@id\":\"https:\/\/permbledhja.com\/sq\/pushteti-akuzohet-se-po-miraton-ligje-ne-kundershtim-me-kushtetuten\/#breadcrumb\"},\"inLanguage\":\"sq\",\"potentialAction\":[{\"@type\":\"ReadAction\",\"target\":[\"https:\/\/permbledhja.com\/sq\/pushteti-akuzohet-se-po-miraton-ligje-ne-kundershtim-me-kushtetuten\/\"]}]},{\"@type\":\"BreadcrumbList\",\"@id\":\"https:\/\/permbledhja.com\/sq\/pushteti-akuzohet-se-po-miraton-ligje-ne-kundershtim-me-kushtetuten\/#breadcrumb\",\"itemListElement\":[{\"@type\":\"ListItem\",\"position\":1,\"name\":\"Ballina\",\"item\":\"https:\/\/permbledhja.com\/sq\/\"},{\"@type\":\"ListItem\",\"position\":2,\"name\":\"Pushteti akuzohet se po miraton ligje n\u00eb kund\u00ebrshtim me Kushtetut\u00ebn\"}]},{\"@type\":\"WebSite\",\"@id\":\"https:\/\/permbledhja.com\/#website\",\"url\":\"https:\/\/permbledhja.com\/\",\"name\":\"Ve\u00e7 artikuj p\u00ebrmbledh\u00ebs\",\"description\":\"\",\"publisher\":{\"@id\":\"https:\/\/permbledhja.com\/#organization\"},\"potentialAction\":[{\"@type\":\"SearchAction\",\"target\":{\"@type\":\"EntryPoint\",\"urlTemplate\":\"https:\/\/permbledhja.com\/?s={search_term_string}\"},\"query-input\":\"required name=search_term_string\"}],\"inLanguage\":\"sq\"},{\"@type\":\"Organization\",\"@id\":\"https:\/\/permbledhja.com\/#organization\",\"name\":\"MK Media & Pr\",\"url\":\"https:\/\/permbledhja.com\/\",\"logo\":{\"@type\":\"ImageObject\",\"inLanguage\":\"sq\",\"@id\":\"https:\/\/permbledhja.com\/#\/schema\/logo\/image\/\",\"url\":\"https:\/\/permbledhja.com\/wp-content\/uploads\/2021\/12\/07-Press-Logo.jpg\",\"contentUrl\":\"https:\/\/permbledhja.com\/wp-content\/uploads\/2021\/12\/07-Press-Logo.jpg\",\"width\":512,\"height\":512,\"caption\":\"MK Media & Pr\"},\"image\":{\"@id\":\"https:\/\/permbledhja.com\/#\/schema\/logo\/image\/\"},\"sameAs\":[\"https:\/\/www.facebook.com\/press07\/\"]},{\"@type\":\"Person\",\"@id\":\"https:\/\/permbledhja.com\/#\/schema\/person\/d23f13f59b5722643933d6780783acf3\",\"name\":\"M M\",\"image\":{\"@type\":\"ImageObject\",\"inLanguage\":\"sq\",\"@id\":\"https:\/\/permbledhja.com\/#\/schema\/person\/image\/\",\"url\":\"https:\/\/secure.gravatar.com\/avatar\/e2835a76ca7c31a2416b2d51c4ec9a8f?s=96&d=mm&r=g\",\"contentUrl\":\"https:\/\/secure.gravatar.com\/avatar\/e2835a76ca7c31a2416b2d51c4ec9a8f?s=96&d=mm&r=g\",\"caption\":\"M M\"},\"sameAs\":[\"http:\/\/MM\"],\"url\":\"https:\/\/permbledhja.com\/sq\/author\/muhamet\/\"}]}<\/script>\n<!-- \/ Yoast SEO plugin. -->","yoast_head_json":{"title":"Pushteti akuzohet se po miraton ligje n\u00eb kund\u00ebrshtim me Kushtetut\u00ebn","robots":{"index":"index","follow":"follow","max-snippet":"max-snippet:-1","max-image-preview":"max-image-preview:large","max-video-preview":"max-video-preview:-1"},"canonical":"https:\/\/permbledhja.com\/sq\/pushteti-akuzohet-se-po-miraton-ligje-ne-kundershtim-me-kushtetuten\/","og_locale":"sq_AL","og_type":"article","og_title":"Pushteti akuzohet se po miraton ligje n\u00eb kund\u00ebrshtim me Kushtetut\u00ebn","og_description":"Qeveria e Kosov\u00ebs dhe mazhoranca n\u00eb Kuvend po akuzohen p\u00ebr miratim t\u00eb ligjeve q\u00eb jan\u00eb n\u00eb kund\u00ebrshtim me Kushtetut\u00ebn e vendit. Sipas Partis\u00eb Demokratike t\u00eb Kosov\u00ebs (PDK), ekzekutivi \u00ebsht\u00eb shnd\u00ebrruar n\u00eb shkel\u00ebsin m\u00eb t\u00eb madh t\u00eb Kushtetut\u00ebs, nd\u00ebrkaq n\u00eb Institutin e Kosov\u00ebs p\u00ebr Drejt\u00ebsi (IKD), thon\u00eb se n\u00eb p\u00ebrmbajtjen e ligjeve t\u00eb sponsorizuara nga qeveria [&hellip;]","og_url":"https:\/\/permbledhja.com\/sq\/pushteti-akuzohet-se-po-miraton-ligje-ne-kundershtim-me-kushtetuten\/","og_site_name":"Ve\u00e7 artikuj p\u00ebrmbledh\u00ebs","article_publisher":"https:\/\/www.facebook.com\/press07\/","article_published_time":"2023-09-17T07:46:34+00:00","og_image":[{"width":2560,"height":1701,"url":"https:\/\/permbledhja.com\/wp-content\/uploads\/2023\/09\/kuvendi-i-kosoves-1-scaled.jpg","type":"image\/jpeg"}],"author":"M M","twitter_card":"summary_large_image","twitter_misc":{"Written by":"M M","Est. reading time":"5 minuta"},"schema":{"@context":"https:\/\/schema.org","@graph":[{"@type":"Article","@id":"https:\/\/permbledhja.com\/sq\/pushteti-akuzohet-se-po-miraton-ligje-ne-kundershtim-me-kushtetuten\/#article","isPartOf":{"@id":"https:\/\/permbledhja.com\/sq\/pushteti-akuzohet-se-po-miraton-ligje-ne-kundershtim-me-kushtetuten\/"},"author":{"name":"M M","@id":"https:\/\/permbledhja.com\/#\/schema\/person\/d23f13f59b5722643933d6780783acf3"},"headline":"Pushteti akuzohet se po miraton ligje n\u00eb kund\u00ebrshtim me Kushtetut\u00ebn","datePublished":"2023-09-17T07:46:34+00:00","dateModified":"2023-09-17T07:46:34+00:00","mainEntityOfPage":{"@id":"https:\/\/permbledhja.com\/sq\/pushteti-akuzohet-se-po-miraton-ligje-ne-kundershtim-me-kushtetuten\/"},"wordCount":918,"publisher":{"@id":"https:\/\/permbledhja.com\/#organization"},"articleSection":["Komb\u00ebtare","Lajme"],"inLanguage":"sq"},{"@type":"WebPage","@id":"https:\/\/permbledhja.com\/sq\/pushteti-akuzohet-se-po-miraton-ligje-ne-kundershtim-me-kushtetuten\/","url":"https:\/\/permbledhja.com\/sq\/pushteti-akuzohet-se-po-miraton-ligje-ne-kundershtim-me-kushtetuten\/","name":"Pushteti akuzohet se po miraton ligje n\u00eb kund\u00ebrshtim me Kushtetut\u00ebn","isPartOf":{"@id":"https:\/\/permbledhja.com\/#website"},"datePublished":"2023-09-17T07:46:34+00:00","dateModified":"2023-09-17T07:46:34+00:00","breadcrumb":{"@id":"https:\/\/permbledhja.com\/sq\/pushteti-akuzohet-se-po-miraton-ligje-ne-kundershtim-me-kushtetuten\/#breadcrumb"},"inLanguage":"sq","potentialAction":[{"@type":"ReadAction","target":["https:\/\/permbledhja.com\/sq\/pushteti-akuzohet-se-po-miraton-ligje-ne-kundershtim-me-kushtetuten\/"]}]},{"@type":"BreadcrumbList","@id":"https:\/\/permbledhja.com\/sq\/pushteti-akuzohet-se-po-miraton-ligje-ne-kundershtim-me-kushtetuten\/#breadcrumb","itemListElement":[{"@type":"ListItem","position":1,"name":"Ballina","item":"https:\/\/permbledhja.com\/sq\/"},{"@type":"ListItem","position":2,"name":"Pushteti akuzohet se po miraton ligje n\u00eb kund\u00ebrshtim me Kushtetut\u00ebn"}]},{"@type":"WebSite","@id":"https:\/\/permbledhja.com\/#website","url":"https:\/\/permbledhja.com\/","name":"Ve\u00e7 artikuj p\u00ebrmbledh\u00ebs","description":"","publisher":{"@id":"https:\/\/permbledhja.com\/#organization"},"potentialAction":[{"@type":"SearchAction","target":{"@type":"EntryPoint","urlTemplate":"https:\/\/permbledhja.com\/?s={search_term_string}"},"query-input":"required name=search_term_string"}],"inLanguage":"sq"},{"@type":"Organization","@id":"https:\/\/permbledhja.com\/#organization","name":"MK Media & Pr","url":"https:\/\/permbledhja.com\/","logo":{"@type":"ImageObject","inLanguage":"sq","@id":"https:\/\/permbledhja.com\/#\/schema\/logo\/image\/","url":"https:\/\/permbledhja.com\/wp-content\/uploads\/2021\/12\/07-Press-Logo.jpg","contentUrl":"https:\/\/permbledhja.com\/wp-content\/uploads\/2021\/12\/07-Press-Logo.jpg","width":512,"height":512,"caption":"MK Media & Pr"},"image":{"@id":"https:\/\/permbledhja.com\/#\/schema\/logo\/image\/"},"sameAs":["https:\/\/www.facebook.com\/press07\/"]},{"@type":"Person","@id":"https:\/\/permbledhja.com\/#\/schema\/person\/d23f13f59b5722643933d6780783acf3","name":"M M","image":{"@type":"ImageObject","inLanguage":"sq","@id":"https:\/\/permbledhja.com\/#\/schema\/person\/image\/","url":"https:\/\/secure.gravatar.com\/avatar\/e2835a76ca7c31a2416b2d51c4ec9a8f?s=96&d=mm&r=g","contentUrl":"https:\/\/secure.gravatar.com\/avatar\/e2835a76ca7c31a2416b2d51c4ec9a8f?s=96&d=mm&r=g","caption":"M M"},"sameAs":["http:\/\/MM"],"url":"https:\/\/permbledhja.com\/sq\/author\/muhamet\/"}]}},"_links":{"self":[{"href":"https:\/\/permbledhja.com\/sq\/wp-json\/wp\/v2\/posts\/27085"}],"collection":[{"href":"https:\/\/permbledhja.com\/sq\/wp-json\/wp\/v2\/posts"}],"about":[{"href":"https:\/\/permbledhja.com\/sq\/wp-json\/wp\/v2\/types\/post"}],"author":[{"embeddable":true,"href":"https:\/\/permbledhja.com\/sq\/wp-json\/wp\/v2\/users\/2"}],"replies":[{"embeddable":true,"href":"https:\/\/permbledhja.com\/sq\/wp-json\/wp\/v2\/comments?post=27085"}],"version-history":[{"count":1,"href":"https:\/\/permbledhja.com\/sq\/wp-json\/wp\/v2\/posts\/27085\/revisions"}],"predecessor-version":[{"id":27087,"href":"https:\/\/permbledhja.com\/sq\/wp-json\/wp\/v2\/posts\/27085\/revisions\/27087"}],"wp:featuredmedia":[{"embeddable":true,"href":"https:\/\/permbledhja.com\/sq\/wp-json\/wp\/v2\/media\/27086"}],"wp:attachment":[{"href":"https:\/\/permbledhja.com\/sq\/wp-json\/wp\/v2\/media?parent=27085"}],"wp:term":[{"taxonomy":"category","embeddable":true,"href":"https:\/\/permbledhja.com\/sq\/wp-json\/wp\/v2\/categories?post=27085"},{"taxonomy":"post_tag","embeddable":true,"href":"https:\/\/permbledhja.com\/sq\/wp-json\/wp\/v2\/tags?post=27085"}],"curies":[{"name":"wp","href":"https:\/\/api.w.org\/{rel}","templated":true}]}}