{"id":2707,"date":"2022-07-20T11:35:29","date_gmt":"2022-07-20T11:35:29","guid":{"rendered":"https:\/\/permbledhja.com\/?p=2707"},"modified":"2022-07-20T11:35:29","modified_gmt":"2022-07-20T11:35:29","slug":"snajperisti-i-uck-se-nga-mbi-nje-kilometer-largesi-e-vrau-snajperistin-serb-me-1998-ne-rahovec","status":"publish","type":"post","link":"https:\/\/permbledhja.com\/sq\/snajperisti-i-uck-se-nga-mbi-nje-kilometer-largesi-e-vrau-snajperistin-serb-me-1998-ne-rahovec\/","title":{"rendered":"Snajperisti i U\u00c7K-s\u00eb nga mbi nj\u00eb kilomet\u00ebr larg\u00ebsi e vrau snajperistin serb m\u00eb 1998 n\u00eb Rahovec"},"content":{"rendered":"<p><strong>Snajperisti i U\u00c7K-s\u00eb, nga mbi nj\u00eb kilomet\u00ebr larg\u00ebsi e kishte ekzekutuar snajperistin serb m\u00eb 1998, por kjo vrasje nga distanca e kishte t\u00ebrbuar makinerin\u00eb serbe, p\u00ebr \u00e7ka kishte nisur hakmarrjen ndaj civil\u00ebve.<\/strong><\/p>\n<p>Rrethimi i Sarajev\u00ebs nga ushtria dhe paramilitar\u00ebt serb\u00eb u zbatua edhe n\u00eb Rahovec. Snajperist\u00eb kudo n\u00eb kulmet e sht\u00ebpive, civil\u00eb t\u00eb vrar\u00eb rrug\u00ebve e sht\u00ebpi t\u00eb shkat\u00ebrruara. List\u00ebn e eliminimit e mbante nj\u00eb snajperist me p\u00ebrvoj\u00eb n\u00eb luft\u00ebn e Kroacis\u00eb. Korrikun e nxeht\u00eb t\u00eb 98-s snajperisti serb me prejardhje nga Prizreni po e kalonte n\u00eb kull\u00eb vrojtuese q\u00eb at\u00eb koh\u00eb sh\u00ebrbente p\u00ebr shoqat\u00ebn e gjuatar\u00ebve.<\/p>\n<p>https:\/\/permbledhja.com\/stafit-shendetesor-i-vazhdohet-paga-shtese-prej-10-per-shkak-te-perballjes-me-covid-19\/<\/p>\n<p>Veprimtar\u00eb politik\u00eb, burra gra e f\u00ebmij\u00eb e gjet\u00ebn vdekjen nga dora e tij, deri sa nj\u00eb dit\u00eb u p\u00ebrball\u00eb me djemt\u00eb e U\u00c7K-s\u00eb. Vrasjet dhe terrorin q\u00eb snajperisti serb po e ushtronte brenda qytetit n\u00eb Rahovec po e v\u00ebzhgonte Ushtria \u00c7lirimtare e Kosov\u00ebs. M\u00eb 19 korrik t\u00eb vitit 1998 nga nj\u00eb distanc\u00eb mbi nj\u00eb kilomet\u00ebr, paramilitarin serb e elimioni snajperisi i U\u00c7K-s\u00eb.<\/p>\n<p>Vrasja nga mbi nj\u00eb kilomet\u00ebr distanc\u00eb e t\u00ebrboi makinerin\u00eb serbe, p\u00ebr \u00e7ka filluan hakmarrjen n\u00eb civil\u00eb. T\u00eb v\u00ebn\u00eb para tytave t\u00eb arm\u00ebve ata gjet\u00ebn strehim n\u00eb Teqen e Sheh Medinit. N\u00eb oborrin e Teqes dhe sht\u00ebpive af\u00ebr bashk\u00eb me mbi kat\u00ebr mij\u00eb civil\u00eb, ishte edhe djali i nikoqirit Ylvi M. Shehu. T\u00eb nes\u00ebrmen kur babait t\u00eb tij, Sheh Midenit i erdhi lajmi se nis\u00ebn masakrat, Ylviu tregon se nga frika filluan t\u00eb shp\u00ebrndahen.<\/p>\n<p>Kolona e civil\u00ebve u nis rrug\u00ebs kryesore, gjithmon\u00eb n\u00ebn v\u00ebzhgim t\u00eb snajperist\u00ebve e po ashtu t\u00eb serb\u00ebve lokal\u00eb t\u00eb cil\u00ebt prisnin vet\u00ebm urdhrin. Ekzekutimi pa m\u00ebshir\u00eb, sipas Shehut, nisi kur arrit\u00ebn nj\u00ebr\u00ebs nga xhamit\u00eb brenda qytetit.<\/p>\n<p>https:\/\/permbledhja.com\/vetura-e-kuvendit-te-kosoves-fluturon-me-180-km-h-ne-greqi\/<\/p>\n<p>\u201cKrejt populli mbi kat\u00ebr mij\u00eb veta ishim nisur rrug\u00ebs kryesore dhe erdh\u00ebm k\u00ebtu. Kur kan\u00eb filluar me \u201ckris\u00eb\u201d kan\u00eb kshyr se kush \u00ebsht\u00eb me kapuq t\u00eb bardh\u00eb (plis). Kan\u00eb k\u00ebrsit\u00eb nj\u00eb her\u00eb n\u00eb at\u00eb mas\u00ebn tjet\u00ebr q\u00eb me i kap\u00eb plumbat edhe ata p\u00ebrmbrapa. K\u00ebta dy pushko-mitroleza me sy t\u00eb mi i kam pa qysh deri n\u00eb gjysm\u00eb metre i kan\u00eb qu fishek\u00ebt me dor\u00eb\u201d, ka th\u00ebn\u00eb Ylvi M. Shehu, D\u00ebshmitar<\/p>\n<p>Disa i ekzekutuan af\u00ebr xhamis\u00eb, nd\u00ebrsa pjesa tjet\u00ebr u vran\u00eb mizorisht tek lapidari q\u00eb sot mban\u00eb emrat e shum\u00eb civil\u00ebve t\u00eb vrar\u00eb. Shehu bashk\u00eb me nj\u00eb grup arrit\u00ebn q\u00eb t\u2019i shmangen ekzekutimit.<\/p>\n<p>Ai shp\u00ebtoi por jo edhe babai i tij, t\u00eb cilit serb\u00ebt iu hakmor\u00ebn p\u00ebr rolin mbrojt\u00ebs ndaj civil\u00ebve. Sheh Mideni u vra n\u00eb oborrin ku i strehoi mbi kat\u00ebr mij\u00eb bashk\u00ebqytetar\u00eb.<\/p>\n<p>\u201cBabai im duke ecur kishte n\u00eb krah\u00ebt e tij dy polic\u00eb serb\u00eb, nd\u00ebrkoh\u00eb prapa tij po q\u00ebndronte edhe nj\u00eb polic tjet\u00ebr. I nj\u00ebjti me arm\u00eb n\u00eb an\u00ebn e majt\u00eb t\u00eb krahrorit nga prapa e godet me tre plumba. Babai shtrihet p\u00ebr tok\u00eb n\u00eb hyrjen i vdekur. Un\u00eb nuk e kam gjetur por nj\u00eb person tjet\u00ebr e ka marr\u00eb trupin e tij dhe brenda sht\u00ebpis\u00eb e ka ruajtur p\u00ebr disa dit\u00eb\u201d, rr\u00ebfen me emocione p\u00ebr babain e tij, djali Ylvi M. Shehu.<\/p>\n<p>Bashk\u00eb me babain e tij n\u00eb oborrin e Teqes \u00ebsht\u00eb vrar\u00eb edhe sh\u00ebrbyesi i tij e po ashtu edhe nj\u00eb person tjet\u00ebr. Gjat\u00eb k\u00ebsaj ofensive serb\u00ebt vran\u00eb dhe masakruan mbi 150 shqiptar\u00eb, shumica civil\u00eb t\u00eb pambrojtur. Disa u zhduk\u00ebn e disa u mor\u00ebn peng. Organet e pushtetit serb n\u00eb Prizren, m\u00eb 22 korrik 1998, n\u00eb varrezat e qytetit hap\u00ebn dy gropa t\u00eb m\u00ebdha ku i varros\u00ebn shqiptar\u00ebt e vrar\u00eb gjat\u00eb ofensiv\u00ebs n\u00eb Rahovec.<\/p>\n<p><iframe loading=\"lazy\" title=\"Snajperisti i U\u00c7K-s\u00eb nga mbi nj\u00eb kilomet\u00ebr larg\u00ebsi e vrau snajperistin serb m\u00eb 1998\" width=\"640\" height=\"360\" src=\"https:\/\/www.youtube.com\/embed\/yqNgMOwUujM?feature=oembed\" frameborder=\"0\" allow=\"accelerometer; autoplay; clipboard-write; encrypted-media; gyroscope; picture-in-picture; web-share\" allowfullscreen><\/iframe><\/p>\n","protected":false},"excerpt":{"rendered":"<p>Snajperisti i U\u00c7K-s\u00eb, nga mbi nj\u00eb kilomet\u00ebr larg\u00ebsi e kishte ekzekutuar snajperistin serb m\u00eb 1998, por kjo vrasje nga distanca e kishte t\u00ebrbuar makinerin\u00eb serbe, p\u00ebr \u00e7ka kishte nisur hakmarrjen ndaj civil\u00ebve. Rrethimi i Sarajev\u00ebs nga ushtria dhe paramilitar\u00ebt serb\u00eb u zbatua edhe n\u00eb Rahovec. Snajperist\u00eb kudo n\u00eb kulmet e sht\u00ebpive, civil\u00eb t\u00eb vrar\u00eb rrug\u00ebve [&hellip;]<\/p>\n","protected":false},"author":1,"featured_media":2708,"comment_status":"closed","ping_status":"closed","sticky":false,"template":"","format":"standard","meta":{"_monsterinsights_skip_tracking":false,"_monsterinsights_sitenote_active":false,"_monsterinsights_sitenote_note":"","_monsterinsights_sitenote_category":0,"_uf_show_specific_survey":0,"_uf_disable_surveys":false,"footnotes":""},"categories":[17],"tags":[317],"yoast_head":"<!-- This site is optimized with the Yoast SEO plugin v21.5 - https:\/\/yoast.com\/wordpress\/plugins\/seo\/ -->\n<title>Snajperisti i U\u00c7K-s\u00eb nga mbi nj\u00eb kilomet\u00ebr larg\u00ebsi e vrau snajperistin serb m\u00eb 1998 n\u00eb Rahovec<\/title>\n<meta name=\"robots\" content=\"index, follow, max-snippet:-1, max-image-preview:large, max-video-preview:-1\" \/>\n<link rel=\"canonical\" href=\"https:\/\/permbledhja.com\/sq\/snajperisti-i-uck-se-nga-mbi-nje-kilometer-largesi-e-vrau-snajperistin-serb-me-1998-ne-rahovec\/\" \/>\n<meta property=\"og:locale\" content=\"sq_AL\" \/>\n<meta property=\"og:type\" content=\"article\" \/>\n<meta property=\"og:title\" content=\"Snajperisti i U\u00c7K-s\u00eb nga mbi nj\u00eb kilomet\u00ebr larg\u00ebsi e vrau snajperistin serb m\u00eb 1998 n\u00eb Rahovec\" \/>\n<meta property=\"og:description\" content=\"Snajperisti i U\u00c7K-s\u00eb, nga mbi nj\u00eb kilomet\u00ebr larg\u00ebsi e kishte ekzekutuar snajperistin serb m\u00eb 1998, por kjo vrasje nga distanca e kishte t\u00ebrbuar makinerin\u00eb serbe, p\u00ebr \u00e7ka kishte nisur hakmarrjen ndaj civil\u00ebve. Rrethimi i Sarajev\u00ebs nga ushtria dhe paramilitar\u00ebt serb\u00eb u zbatua edhe n\u00eb Rahovec. Snajperist\u00eb kudo n\u00eb kulmet e sht\u00ebpive, civil\u00eb t\u00eb vrar\u00eb rrug\u00ebve [&hellip;]\" \/>\n<meta property=\"og:url\" content=\"https:\/\/permbledhja.com\/sq\/snajperisti-i-uck-se-nga-mbi-nje-kilometer-largesi-e-vrau-snajperistin-serb-me-1998-ne-rahovec\/\" \/>\n<meta property=\"og:site_name\" content=\"Ve\u00e7 artikuj p\u00ebrmbledh\u00ebs\" \/>\n<meta property=\"article:publisher\" content=\"https:\/\/www.facebook.com\/press07\/\" \/>\n<meta property=\"article:author\" content=\"https:\/\/www.facebook.com\/kafexhiu.muharrem\/\" \/>\n<meta property=\"article:published_time\" content=\"2022-07-20T11:35:29+00:00\" \/>\n<meta property=\"og:image\" content=\"https:\/\/permbledhja.com\/wp-content\/uploads\/2022\/07\/59CD9179-70EF-46BD-B8ED-A26F7A4A6692.jpeg\" \/>\n\t<meta property=\"og:image:width\" content=\"780\" \/>\n\t<meta property=\"og:image:height\" content=\"439\" \/>\n\t<meta property=\"og:image:type\" content=\"image\/jpeg\" \/>\n<meta name=\"author\" content=\"P\u00ebrmbledhja\" \/>\n<meta name=\"twitter:card\" content=\"summary_large_image\" \/>\n<meta name=\"twitter:label1\" content=\"Written by\" \/>\n\t<meta name=\"twitter:data1\" content=\"P\u00ebrmbledhja\" \/>\n\t<meta name=\"twitter:label2\" content=\"Est. reading time\" \/>\n\t<meta name=\"twitter:data2\" content=\"3 minuta\" \/>\n<script type=\"application\/ld+json\" class=\"yoast-schema-graph\">{\"@context\":\"https:\/\/schema.org\",\"@graph\":[{\"@type\":\"Article\",\"@id\":\"https:\/\/permbledhja.com\/snajperisti-i-uck-se-nga-mbi-nje-kilometer-largesi-e-vrau-snajperistin-serb-me-1998-ne-rahovec\/#article\",\"isPartOf\":{\"@id\":\"https:\/\/permbledhja.com\/snajperisti-i-uck-se-nga-mbi-nje-kilometer-largesi-e-vrau-snajperistin-serb-me-1998-ne-rahovec\/\"},\"author\":{\"name\":\"P\u00ebrmbledhja\",\"@id\":\"https:\/\/permbledhja.com\/#\/schema\/person\/0d064377258d3221e50693947b9eb4fe\"},\"headline\":\"Snajperisti i U\u00c7K-s\u00eb nga mbi nj\u00eb kilomet\u00ebr larg\u00ebsi e vrau snajperistin serb m\u00eb 1998 n\u00eb Rahovec\",\"datePublished\":\"2022-07-20T11:35:29+00:00\",\"dateModified\":\"2022-07-20T11:35:29+00:00\",\"mainEntityOfPage\":{\"@id\":\"https:\/\/permbledhja.com\/snajperisti-i-uck-se-nga-mbi-nje-kilometer-largesi-e-vrau-snajperistin-serb-me-1998-ne-rahovec\/\"},\"wordCount\":682,\"publisher\":{\"@id\":\"https:\/\/permbledhja.com\/#organization\"},\"keywords\":[\"U\u00c7K\"],\"articleSection\":[\"Rahovec\"],\"inLanguage\":\"sq\"},{\"@type\":\"WebPage\",\"@id\":\"https:\/\/permbledhja.com\/snajperisti-i-uck-se-nga-mbi-nje-kilometer-largesi-e-vrau-snajperistin-serb-me-1998-ne-rahovec\/\",\"url\":\"https:\/\/permbledhja.com\/snajperisti-i-uck-se-nga-mbi-nje-kilometer-largesi-e-vrau-snajperistin-serb-me-1998-ne-rahovec\/\",\"name\":\"Snajperisti i U\u00c7K-s\u00eb nga mbi nj\u00eb kilomet\u00ebr larg\u00ebsi e vrau snajperistin serb m\u00eb 1998 n\u00eb Rahovec\",\"isPartOf\":{\"@id\":\"https:\/\/permbledhja.com\/#website\"},\"datePublished\":\"2022-07-20T11:35:29+00:00\",\"dateModified\":\"2022-07-20T11:35:29+00:00\",\"breadcrumb\":{\"@id\":\"https:\/\/permbledhja.com\/snajperisti-i-uck-se-nga-mbi-nje-kilometer-largesi-e-vrau-snajperistin-serb-me-1998-ne-rahovec\/#breadcrumb\"},\"inLanguage\":\"sq\",\"potentialAction\":[{\"@type\":\"ReadAction\",\"target\":[\"https:\/\/permbledhja.com\/snajperisti-i-uck-se-nga-mbi-nje-kilometer-largesi-e-vrau-snajperistin-serb-me-1998-ne-rahovec\/\"]}]},{\"@type\":\"BreadcrumbList\",\"@id\":\"https:\/\/permbledhja.com\/snajperisti-i-uck-se-nga-mbi-nje-kilometer-largesi-e-vrau-snajperistin-serb-me-1998-ne-rahovec\/#breadcrumb\",\"itemListElement\":[{\"@type\":\"ListItem\",\"position\":1,\"name\":\"Ballina\",\"item\":\"https:\/\/permbledhja.com\/sq\/\"},{\"@type\":\"ListItem\",\"position\":2,\"name\":\"Snajperisti i U\u00c7K-s\u00eb nga mbi nj\u00eb kilomet\u00ebr larg\u00ebsi e vrau snajperistin serb m\u00eb 1998 n\u00eb Rahovec\"}]},{\"@type\":\"WebSite\",\"@id\":\"https:\/\/permbledhja.com\/#website\",\"url\":\"https:\/\/permbledhja.com\/\",\"name\":\"Ve\u00e7 artikuj p\u00ebrmbledh\u00ebs\",\"description\":\"\",\"publisher\":{\"@id\":\"https:\/\/permbledhja.com\/#organization\"},\"potentialAction\":[{\"@type\":\"SearchAction\",\"target\":{\"@type\":\"EntryPoint\",\"urlTemplate\":\"https:\/\/permbledhja.com\/?s={search_term_string}\"},\"query-input\":\"required name=search_term_string\"}],\"inLanguage\":\"sq\"},{\"@type\":\"Organization\",\"@id\":\"https:\/\/permbledhja.com\/#organization\",\"name\":\"MK Media & Pr\",\"url\":\"https:\/\/permbledhja.com\/\",\"logo\":{\"@type\":\"ImageObject\",\"inLanguage\":\"sq\",\"@id\":\"https:\/\/permbledhja.com\/#\/schema\/logo\/image\/\",\"url\":\"https:\/\/permbledhja.com\/wp-content\/uploads\/2021\/12\/07-Press-Logo.jpg\",\"contentUrl\":\"https:\/\/permbledhja.com\/wp-content\/uploads\/2021\/12\/07-Press-Logo.jpg\",\"width\":512,\"height\":512,\"caption\":\"MK Media & Pr\"},\"image\":{\"@id\":\"https:\/\/permbledhja.com\/#\/schema\/logo\/image\/\"},\"sameAs\":[\"https:\/\/www.facebook.com\/press07\/\"]},{\"@type\":\"Person\",\"@id\":\"https:\/\/permbledhja.com\/#\/schema\/person\/0d064377258d3221e50693947b9eb4fe\",\"name\":\"P\u00ebrmbledhja\",\"image\":{\"@type\":\"ImageObject\",\"inLanguage\":\"sq\",\"@id\":\"https:\/\/permbledhja.com\/#\/schema\/person\/image\/\",\"url\":\"https:\/\/permbledhja.com\/wp-content\/uploads\/2026\/01\/452004717_1040944174702970_8932037511805513407_n-96x96.jpg\",\"contentUrl\":\"https:\/\/permbledhja.com\/wp-content\/uploads\/2026\/01\/452004717_1040944174702970_8932037511805513407_n-96x96.jpg\",\"caption\":\"P\u00ebrmbledhja\"},\"sameAs\":[\"https:\/\/www.facebook.com\/kafexhiu.muharrem\/\",\"https:\/\/www.instagram.com\/muharrem_kafexhiu\/\"],\"url\":\"https:\/\/permbledhja.com\/sq\/author\/admin\/\"}]}<\/script>\n<!-- \/ Yoast SEO plugin. -->","yoast_head_json":{"title":"Snajperisti i U\u00c7K-s\u00eb nga mbi nj\u00eb kilomet\u00ebr larg\u00ebsi e vrau snajperistin serb m\u00eb 1998 n\u00eb Rahovec","robots":{"index":"index","follow":"follow","max-snippet":"max-snippet:-1","max-image-preview":"max-image-preview:large","max-video-preview":"max-video-preview:-1"},"canonical":"https:\/\/permbledhja.com\/sq\/snajperisti-i-uck-se-nga-mbi-nje-kilometer-largesi-e-vrau-snajperistin-serb-me-1998-ne-rahovec\/","og_locale":"sq_AL","og_type":"article","og_title":"Snajperisti i U\u00c7K-s\u00eb nga mbi nj\u00eb kilomet\u00ebr larg\u00ebsi e vrau snajperistin serb m\u00eb 1998 n\u00eb Rahovec","og_description":"Snajperisti i U\u00c7K-s\u00eb, nga mbi nj\u00eb kilomet\u00ebr larg\u00ebsi e kishte ekzekutuar snajperistin serb m\u00eb 1998, por kjo vrasje nga distanca e kishte t\u00ebrbuar makinerin\u00eb serbe, p\u00ebr \u00e7ka kishte nisur hakmarrjen ndaj civil\u00ebve. Rrethimi i Sarajev\u00ebs nga ushtria dhe paramilitar\u00ebt serb\u00eb u zbatua edhe n\u00eb Rahovec. Snajperist\u00eb kudo n\u00eb kulmet e sht\u00ebpive, civil\u00eb t\u00eb vrar\u00eb rrug\u00ebve [&hellip;]","og_url":"https:\/\/permbledhja.com\/sq\/snajperisti-i-uck-se-nga-mbi-nje-kilometer-largesi-e-vrau-snajperistin-serb-me-1998-ne-rahovec\/","og_site_name":"Ve\u00e7 artikuj p\u00ebrmbledh\u00ebs","article_publisher":"https:\/\/www.facebook.com\/press07\/","article_author":"https:\/\/www.facebook.com\/kafexhiu.muharrem\/","article_published_time":"2022-07-20T11:35:29+00:00","og_image":[{"width":780,"height":439,"url":"https:\/\/permbledhja.com\/wp-content\/uploads\/2022\/07\/59CD9179-70EF-46BD-B8ED-A26F7A4A6692.jpeg","type":"image\/jpeg"}],"author":"P\u00ebrmbledhja","twitter_card":"summary_large_image","twitter_misc":{"Written by":"P\u00ebrmbledhja","Est. reading time":"3 minuta"},"schema":{"@context":"https:\/\/schema.org","@graph":[{"@type":"Article","@id":"https:\/\/permbledhja.com\/snajperisti-i-uck-se-nga-mbi-nje-kilometer-largesi-e-vrau-snajperistin-serb-me-1998-ne-rahovec\/#article","isPartOf":{"@id":"https:\/\/permbledhja.com\/snajperisti-i-uck-se-nga-mbi-nje-kilometer-largesi-e-vrau-snajperistin-serb-me-1998-ne-rahovec\/"},"author":{"name":"P\u00ebrmbledhja","@id":"https:\/\/permbledhja.com\/#\/schema\/person\/0d064377258d3221e50693947b9eb4fe"},"headline":"Snajperisti i U\u00c7K-s\u00eb nga mbi nj\u00eb kilomet\u00ebr larg\u00ebsi e vrau snajperistin serb m\u00eb 1998 n\u00eb Rahovec","datePublished":"2022-07-20T11:35:29+00:00","dateModified":"2022-07-20T11:35:29+00:00","mainEntityOfPage":{"@id":"https:\/\/permbledhja.com\/snajperisti-i-uck-se-nga-mbi-nje-kilometer-largesi-e-vrau-snajperistin-serb-me-1998-ne-rahovec\/"},"wordCount":682,"publisher":{"@id":"https:\/\/permbledhja.com\/#organization"},"keywords":["U\u00c7K"],"articleSection":["Rahovec"],"inLanguage":"sq"},{"@type":"WebPage","@id":"https:\/\/permbledhja.com\/snajperisti-i-uck-se-nga-mbi-nje-kilometer-largesi-e-vrau-snajperistin-serb-me-1998-ne-rahovec\/","url":"https:\/\/permbledhja.com\/snajperisti-i-uck-se-nga-mbi-nje-kilometer-largesi-e-vrau-snajperistin-serb-me-1998-ne-rahovec\/","name":"Snajperisti i U\u00c7K-s\u00eb nga mbi nj\u00eb kilomet\u00ebr larg\u00ebsi e vrau snajperistin serb m\u00eb 1998 n\u00eb Rahovec","isPartOf":{"@id":"https:\/\/permbledhja.com\/#website"},"datePublished":"2022-07-20T11:35:29+00:00","dateModified":"2022-07-20T11:35:29+00:00","breadcrumb":{"@id":"https:\/\/permbledhja.com\/snajperisti-i-uck-se-nga-mbi-nje-kilometer-largesi-e-vrau-snajperistin-serb-me-1998-ne-rahovec\/#breadcrumb"},"inLanguage":"sq","potentialAction":[{"@type":"ReadAction","target":["https:\/\/permbledhja.com\/snajperisti-i-uck-se-nga-mbi-nje-kilometer-largesi-e-vrau-snajperistin-serb-me-1998-ne-rahovec\/"]}]},{"@type":"BreadcrumbList","@id":"https:\/\/permbledhja.com\/snajperisti-i-uck-se-nga-mbi-nje-kilometer-largesi-e-vrau-snajperistin-serb-me-1998-ne-rahovec\/#breadcrumb","itemListElement":[{"@type":"ListItem","position":1,"name":"Ballina","item":"https:\/\/permbledhja.com\/sq\/"},{"@type":"ListItem","position":2,"name":"Snajperisti i U\u00c7K-s\u00eb nga mbi nj\u00eb kilomet\u00ebr larg\u00ebsi e vrau snajperistin serb m\u00eb 1998 n\u00eb Rahovec"}]},{"@type":"WebSite","@id":"https:\/\/permbledhja.com\/#website","url":"https:\/\/permbledhja.com\/","name":"Ve\u00e7 artikuj p\u00ebrmbledh\u00ebs","description":"","publisher":{"@id":"https:\/\/permbledhja.com\/#organization"},"potentialAction":[{"@type":"SearchAction","target":{"@type":"EntryPoint","urlTemplate":"https:\/\/permbledhja.com\/?s={search_term_string}"},"query-input":"required name=search_term_string"}],"inLanguage":"sq"},{"@type":"Organization","@id":"https:\/\/permbledhja.com\/#organization","name":"MK Media & Pr","url":"https:\/\/permbledhja.com\/","logo":{"@type":"ImageObject","inLanguage":"sq","@id":"https:\/\/permbledhja.com\/#\/schema\/logo\/image\/","url":"https:\/\/permbledhja.com\/wp-content\/uploads\/2021\/12\/07-Press-Logo.jpg","contentUrl":"https:\/\/permbledhja.com\/wp-content\/uploads\/2021\/12\/07-Press-Logo.jpg","width":512,"height":512,"caption":"MK Media & Pr"},"image":{"@id":"https:\/\/permbledhja.com\/#\/schema\/logo\/image\/"},"sameAs":["https:\/\/www.facebook.com\/press07\/"]},{"@type":"Person","@id":"https:\/\/permbledhja.com\/#\/schema\/person\/0d064377258d3221e50693947b9eb4fe","name":"P\u00ebrmbledhja","image":{"@type":"ImageObject","inLanguage":"sq","@id":"https:\/\/permbledhja.com\/#\/schema\/person\/image\/","url":"https:\/\/permbledhja.com\/wp-content\/uploads\/2026\/01\/452004717_1040944174702970_8932037511805513407_n-96x96.jpg","contentUrl":"https:\/\/permbledhja.com\/wp-content\/uploads\/2026\/01\/452004717_1040944174702970_8932037511805513407_n-96x96.jpg","caption":"P\u00ebrmbledhja"},"sameAs":["https:\/\/www.facebook.com\/kafexhiu.muharrem\/","https:\/\/www.instagram.com\/muharrem_kafexhiu\/"],"url":"https:\/\/permbledhja.com\/sq\/author\/admin\/"}]}},"_links":{"self":[{"href":"https:\/\/permbledhja.com\/sq\/wp-json\/wp\/v2\/posts\/2707"}],"collection":[{"href":"https:\/\/permbledhja.com\/sq\/wp-json\/wp\/v2\/posts"}],"about":[{"href":"https:\/\/permbledhja.com\/sq\/wp-json\/wp\/v2\/types\/post"}],"author":[{"embeddable":true,"href":"https:\/\/permbledhja.com\/sq\/wp-json\/wp\/v2\/users\/1"}],"replies":[{"embeddable":true,"href":"https:\/\/permbledhja.com\/sq\/wp-json\/wp\/v2\/comments?post=2707"}],"version-history":[{"count":2,"href":"https:\/\/permbledhja.com\/sq\/wp-json\/wp\/v2\/posts\/2707\/revisions"}],"predecessor-version":[{"id":2710,"href":"https:\/\/permbledhja.com\/sq\/wp-json\/wp\/v2\/posts\/2707\/revisions\/2710"}],"wp:featuredmedia":[{"embeddable":true,"href":"https:\/\/permbledhja.com\/sq\/wp-json\/wp\/v2\/media\/2708"}],"wp:attachment":[{"href":"https:\/\/permbledhja.com\/sq\/wp-json\/wp\/v2\/media?parent=2707"}],"wp:term":[{"taxonomy":"category","embeddable":true,"href":"https:\/\/permbledhja.com\/sq\/wp-json\/wp\/v2\/categories?post=2707"},{"taxonomy":"post_tag","embeddable":true,"href":"https:\/\/permbledhja.com\/sq\/wp-json\/wp\/v2\/tags?post=2707"}],"curies":[{"name":"wp","href":"https:\/\/api.w.org\/{rel}","templated":true}]}}