{"id":27050,"date":"2023-09-16T11:08:08","date_gmt":"2023-09-16T11:08:08","guid":{"rendered":"https:\/\/permbledhja.com\/?p=27050"},"modified":"2023-09-16T11:09:31","modified_gmt":"2023-09-16T11:09:31","slug":"profesori-universitar-shkuarja-e-tanishme-ne-zgjedhje-forcon-kurtin-demton-opoziten","status":"publish","type":"post","link":"https:\/\/permbledhja.com\/sq\/profesori-universitar-shkuarja-e-tanishme-ne-zgjedhje-forcon-kurtin-demton-opoziten\/","title":{"rendered":"Profesori universitar: Shkuarja e tanishme n\u00eb zgjedhje forcon Kurtin, d\u00ebmton opozit\u00ebn"},"content":{"rendered":"<h3>Profesori universitar, Muhamet Kelmendi, n\u00eb nj\u00eb prononcim dh\u00ebn\u00eb p\u00ebr \u201cGazeta Blic\u201d ka folur n\u00eb lidhje me iniciativ\u00ebn e AAK-s\u00eb p\u00ebr mocion mosbesimi ndaj Qeveris\u00eb Kurti. Kelmendi tha se me pun\u00ebn q\u00eb po b\u00ebn aktualisht opozita, vendi nuk shkon n\u00eb zgjedhje t\u00eb reja.<\/h3>\n<p>Sipas Kelmendit ky mocion nuk po p\u00ebrkrahet nga dy partit\u00eb opozitare LDK dhe PDK, pasi t\u00eb nj\u00ebjtat e din\u00eb gjendjen n\u00eb terren.<\/p>\n<p>Ai tha se n\u00eb k\u00ebto momente mocioni do t\u00eb ishte i d\u00ebmsh\u00ebm p\u00ebr opozit\u00ebn.<\/p>\n<p><em>\u201cMe pun\u00ebn aktuale t\u00eb opozit\u00ebs nuk shkon vendi tani n\u00eb zgjedhje t\u00eb reja. Tani per tani nuk ka baz\u00eb ligjire dhe forca politike q\u00eb munden vendin ta d\u00ebrgojn\u00eb n\u00eb zgjedhje te reja. Mocioni i AAK-s\u00eb nuk p\u00ebrkrahet nga shumica e deputeteve n\u00eb Kuvend. Sidomos LDK-ja \u00ebsht\u00eb kund\u00ebr, PDK ende ka dilema. T\u00eb dy k\u00ebto parti e dine gjendjen n\u00eb terren. Mocioni tani \u00ebsht\u00eb i d\u00ebmshem p\u00ebr opozit\u00ebn\u201d<\/em> tha Kelmendi.<\/p>\n<p>Kelemendi po thot\u00eb se shkuarja n\u00eb zgjedhje tani e forcon m\u00eb shum\u00eb Kurtin dhe e d\u00ebmton opozit\u00ebn.<\/p>\n<p><em>\u201cVV-ja dhe Kurti konsiderohen se jan\u00eb n\u00eb nj\u00eb p\u00ebrpjekje p\u00ebr t\u00eb ruajtur t\u00ebresin\u00eb territoriale dhe sovranitetin e shtetit t\u00eb Kosoves. Shkuarja tani n\u00eb zgjedhje e forcon edhe m\u00eb shum\u00eb Kurtin, opozita do t\u00eb humb. Mire \u00ebsht\u00eb q\u00eb opozita te punon, vetem me pun\u00eb mund t\u00eb kalojne \u2018masat\u2019 n\u00eb rrug\u00ebn e opozit\u00ebs, e k\u00ebtu ka shum\u00eb v\u00ebshtir\u00ebsi. Opozita nuk i ka gjetur ende temat q\u00eb mund t\u00eb demtojn\u00eb VV-ne dhe Kurtin.Nuk ka sqarime as n\u00eb Kuvend dhe as n\u00eb terren, nuk punohet me masa mjaftueshem, opozita eshte byrokratizuar.K\u00ebshtu nuk shkon vendi n\u00eb zgjedhje t\u00eb jasht\u00ebzakonshme\u201d<\/em>, tha Kelmedni.<\/p>\n<p>Pas tensioneve q\u00eb shp\u00ebrthyen n\u00eb kat\u00ebr komunat veriore, AAK-ja inicioi mocion mosbesimi ndaj Qeveris\u00eb Kurti.<\/p>\n<p>Ky mocion nuk ka gjetur p\u00ebrkrahje nga partit\u00eb opozitare n\u00eb vend.Ato kan\u00eb dekalruar se nuk i kan\u00eb votat e mjaftueshme p\u00ebr ta b\u00ebr\u00eb t\u00eb suksessh\u00ebm mocionin.<\/p>\n","protected":false},"excerpt":{"rendered":"<p>Profesori universitar, Muhamet Kelmendi, n\u00eb nj\u00eb prononcim dh\u00ebn\u00eb p\u00ebr \u201cGazeta Blic\u201d ka folur n\u00eb lidhje me iniciativ\u00ebn e AAK-s\u00eb p\u00ebr mocion mosbesimi ndaj Qeveris\u00eb Kurti. Kelmendi tha se me pun\u00ebn q\u00eb po b\u00ebn aktualisht opozita, vendi nuk shkon n\u00eb zgjedhje t\u00eb reja. Sipas Kelmendit ky mocion nuk po p\u00ebrkrahet nga dy partit\u00eb opozitare LDK dhe [&hellip;]<\/p>\n","protected":false},"author":1,"featured_media":27051,"comment_status":"closed","ping_status":"closed","sticky":false,"template":"","format":"standard","meta":{"_monsterinsights_skip_tracking":false,"_monsterinsights_sitenote_active":false,"_monsterinsights_sitenote_note":"","_monsterinsights_sitenote_category":0,"_uf_show_specific_survey":0,"_uf_disable_surveys":false,"footnotes":""},"categories":[23,15],"tags":[905],"yoast_head":"<!-- This site is optimized with the Yoast SEO plugin v21.5 - https:\/\/yoast.com\/wordpress\/plugins\/seo\/ -->\n<title>Profesori universitar: Shkuarja e tanishme n\u00eb zgjedhje forcon Kurtin, d\u00ebmton opozit\u00ebn<\/title>\n<meta name=\"robots\" content=\"index, follow, max-snippet:-1, max-image-preview:large, max-video-preview:-1\" \/>\n<link rel=\"canonical\" href=\"https:\/\/permbledhja.com\/sq\/profesori-universitar-shkuarja-e-tanishme-ne-zgjedhje-forcon-kurtin-demton-opoziten\/\" \/>\n<meta property=\"og:locale\" content=\"sq_AL\" \/>\n<meta property=\"og:type\" content=\"article\" \/>\n<meta property=\"og:title\" content=\"Profesori universitar: Shkuarja e tanishme n\u00eb zgjedhje forcon Kurtin, d\u00ebmton opozit\u00ebn\" \/>\n<meta property=\"og:description\" content=\"Profesori universitar, Muhamet Kelmendi, n\u00eb nj\u00eb prononcim dh\u00ebn\u00eb p\u00ebr \u201cGazeta Blic\u201d ka folur n\u00eb lidhje me iniciativ\u00ebn e AAK-s\u00eb p\u00ebr mocion mosbesimi ndaj Qeveris\u00eb Kurti. Kelmendi tha se me pun\u00ebn q\u00eb po b\u00ebn aktualisht opozita, vendi nuk shkon n\u00eb zgjedhje t\u00eb reja. Sipas Kelmendit ky mocion nuk po p\u00ebrkrahet nga dy partit\u00eb opozitare LDK dhe [&hellip;]\" \/>\n<meta property=\"og:url\" content=\"https:\/\/permbledhja.com\/sq\/profesori-universitar-shkuarja-e-tanishme-ne-zgjedhje-forcon-kurtin-demton-opoziten\/\" \/>\n<meta property=\"og:site_name\" content=\"Ve\u00e7 artikuj p\u00ebrmbledh\u00ebs\" \/>\n<meta property=\"article:publisher\" content=\"https:\/\/www.facebook.com\/press07\/\" \/>\n<meta property=\"article:author\" content=\"https:\/\/www.facebook.com\/kafexhiu.muharrem\/\" \/>\n<meta property=\"article:published_time\" content=\"2023-09-16T11:08:08+00:00\" \/>\n<meta property=\"article:modified_time\" content=\"2023-09-16T11:09:31+00:00\" \/>\n<meta property=\"og:image\" content=\"https:\/\/permbledhja.com\/wp-content\/uploads\/2023\/09\/375852219_853001749526887_3166323857570802507_n-1.jpg\" \/>\n\t<meta property=\"og:image:width\" content=\"2048\" \/>\n\t<meta property=\"og:image:height\" content=\"1365\" \/>\n\t<meta property=\"og:image:type\" content=\"image\/jpeg\" \/>\n<meta name=\"author\" content=\"P\u00ebrmbledhja\" \/>\n<meta name=\"twitter:card\" content=\"summary_large_image\" \/>\n<meta name=\"twitter:label1\" content=\"Written by\" \/>\n\t<meta name=\"twitter:data1\" content=\"P\u00ebrmbledhja\" \/>\n\t<meta name=\"twitter:label2\" content=\"Est. reading time\" \/>\n\t<meta name=\"twitter:data2\" content=\"2 minuta\" \/>\n<script type=\"application\/ld+json\" class=\"yoast-schema-graph\">{\"@context\":\"https:\/\/schema.org\",\"@graph\":[{\"@type\":\"Article\",\"@id\":\"https:\/\/permbledhja.com\/profesori-universitar-shkuarja-e-tanishme-ne-zgjedhje-forcon-kurtin-demton-opoziten\/#article\",\"isPartOf\":{\"@id\":\"https:\/\/permbledhja.com\/profesori-universitar-shkuarja-e-tanishme-ne-zgjedhje-forcon-kurtin-demton-opoziten\/\"},\"author\":{\"name\":\"P\u00ebrmbledhja\",\"@id\":\"https:\/\/permbledhja.com\/#\/schema\/person\/0d064377258d3221e50693947b9eb4fe\"},\"headline\":\"Profesori universitar: Shkuarja e tanishme n\u00eb zgjedhje forcon Kurtin, d\u00ebmton opozit\u00ebn\",\"datePublished\":\"2023-09-16T11:08:08+00:00\",\"dateModified\":\"2023-09-16T11:09:31+00:00\",\"mainEntityOfPage\":{\"@id\":\"https:\/\/permbledhja.com\/profesori-universitar-shkuarja-e-tanishme-ne-zgjedhje-forcon-kurtin-demton-opoziten\/\"},\"wordCount\":357,\"publisher\":{\"@id\":\"https:\/\/permbledhja.com\/#organization\"},\"keywords\":[\"Zgjedhje\"],\"articleSection\":[\"Komb\u00ebtare\",\"Lajme\"],\"inLanguage\":\"sq\"},{\"@type\":\"WebPage\",\"@id\":\"https:\/\/permbledhja.com\/profesori-universitar-shkuarja-e-tanishme-ne-zgjedhje-forcon-kurtin-demton-opoziten\/\",\"url\":\"https:\/\/permbledhja.com\/profesori-universitar-shkuarja-e-tanishme-ne-zgjedhje-forcon-kurtin-demton-opoziten\/\",\"name\":\"Profesori universitar: Shkuarja e tanishme n\u00eb zgjedhje forcon Kurtin, d\u00ebmton opozit\u00ebn\",\"isPartOf\":{\"@id\":\"https:\/\/permbledhja.com\/#website\"},\"datePublished\":\"2023-09-16T11:08:08+00:00\",\"dateModified\":\"2023-09-16T11:09:31+00:00\",\"breadcrumb\":{\"@id\":\"https:\/\/permbledhja.com\/profesori-universitar-shkuarja-e-tanishme-ne-zgjedhje-forcon-kurtin-demton-opoziten\/#breadcrumb\"},\"inLanguage\":\"sq\",\"potentialAction\":[{\"@type\":\"ReadAction\",\"target\":[\"https:\/\/permbledhja.com\/profesori-universitar-shkuarja-e-tanishme-ne-zgjedhje-forcon-kurtin-demton-opoziten\/\"]}]},{\"@type\":\"BreadcrumbList\",\"@id\":\"https:\/\/permbledhja.com\/profesori-universitar-shkuarja-e-tanishme-ne-zgjedhje-forcon-kurtin-demton-opoziten\/#breadcrumb\",\"itemListElement\":[{\"@type\":\"ListItem\",\"position\":1,\"name\":\"Ballina\",\"item\":\"https:\/\/permbledhja.com\/sq\/\"},{\"@type\":\"ListItem\",\"position\":2,\"name\":\"Profesori universitar: Shkuarja e tanishme n\u00eb zgjedhje forcon Kurtin, d\u00ebmton opozit\u00ebn\"}]},{\"@type\":\"WebSite\",\"@id\":\"https:\/\/permbledhja.com\/#website\",\"url\":\"https:\/\/permbledhja.com\/\",\"name\":\"Ve\u00e7 artikuj p\u00ebrmbledh\u00ebs\",\"description\":\"\",\"publisher\":{\"@id\":\"https:\/\/permbledhja.com\/#organization\"},\"potentialAction\":[{\"@type\":\"SearchAction\",\"target\":{\"@type\":\"EntryPoint\",\"urlTemplate\":\"https:\/\/permbledhja.com\/?s={search_term_string}\"},\"query-input\":\"required name=search_term_string\"}],\"inLanguage\":\"sq\"},{\"@type\":\"Organization\",\"@id\":\"https:\/\/permbledhja.com\/#organization\",\"name\":\"MK Media & Pr\",\"url\":\"https:\/\/permbledhja.com\/\",\"logo\":{\"@type\":\"ImageObject\",\"inLanguage\":\"sq\",\"@id\":\"https:\/\/permbledhja.com\/#\/schema\/logo\/image\/\",\"url\":\"https:\/\/permbledhja.com\/wp-content\/uploads\/2021\/12\/07-Press-Logo.jpg\",\"contentUrl\":\"https:\/\/permbledhja.com\/wp-content\/uploads\/2021\/12\/07-Press-Logo.jpg\",\"width\":512,\"height\":512,\"caption\":\"MK Media & Pr\"},\"image\":{\"@id\":\"https:\/\/permbledhja.com\/#\/schema\/logo\/image\/\"},\"sameAs\":[\"https:\/\/www.facebook.com\/press07\/\"]},{\"@type\":\"Person\",\"@id\":\"https:\/\/permbledhja.com\/#\/schema\/person\/0d064377258d3221e50693947b9eb4fe\",\"name\":\"P\u00ebrmbledhja\",\"image\":{\"@type\":\"ImageObject\",\"inLanguage\":\"sq\",\"@id\":\"https:\/\/permbledhja.com\/#\/schema\/person\/image\/\",\"url\":\"https:\/\/permbledhja.com\/wp-content\/uploads\/2026\/01\/452004717_1040944174702970_8932037511805513407_n-96x96.jpg\",\"contentUrl\":\"https:\/\/permbledhja.com\/wp-content\/uploads\/2026\/01\/452004717_1040944174702970_8932037511805513407_n-96x96.jpg\",\"caption\":\"P\u00ebrmbledhja\"},\"sameAs\":[\"https:\/\/www.facebook.com\/kafexhiu.muharrem\/\",\"https:\/\/www.instagram.com\/muharrem_kafexhiu\/\"],\"url\":\"https:\/\/permbledhja.com\/sq\/author\/admin\/\"}]}<\/script>\n<!-- \/ Yoast SEO plugin. -->","yoast_head_json":{"title":"Profesori universitar: Shkuarja e tanishme n\u00eb zgjedhje forcon Kurtin, d\u00ebmton opozit\u00ebn","robots":{"index":"index","follow":"follow","max-snippet":"max-snippet:-1","max-image-preview":"max-image-preview:large","max-video-preview":"max-video-preview:-1"},"canonical":"https:\/\/permbledhja.com\/sq\/profesori-universitar-shkuarja-e-tanishme-ne-zgjedhje-forcon-kurtin-demton-opoziten\/","og_locale":"sq_AL","og_type":"article","og_title":"Profesori universitar: Shkuarja e tanishme n\u00eb zgjedhje forcon Kurtin, d\u00ebmton opozit\u00ebn","og_description":"Profesori universitar, Muhamet Kelmendi, n\u00eb nj\u00eb prononcim dh\u00ebn\u00eb p\u00ebr \u201cGazeta Blic\u201d ka folur n\u00eb lidhje me iniciativ\u00ebn e AAK-s\u00eb p\u00ebr mocion mosbesimi ndaj Qeveris\u00eb Kurti. Kelmendi tha se me pun\u00ebn q\u00eb po b\u00ebn aktualisht opozita, vendi nuk shkon n\u00eb zgjedhje t\u00eb reja. Sipas Kelmendit ky mocion nuk po p\u00ebrkrahet nga dy partit\u00eb opozitare LDK dhe [&hellip;]","og_url":"https:\/\/permbledhja.com\/sq\/profesori-universitar-shkuarja-e-tanishme-ne-zgjedhje-forcon-kurtin-demton-opoziten\/","og_site_name":"Ve\u00e7 artikuj p\u00ebrmbledh\u00ebs","article_publisher":"https:\/\/www.facebook.com\/press07\/","article_author":"https:\/\/www.facebook.com\/kafexhiu.muharrem\/","article_published_time":"2023-09-16T11:08:08+00:00","article_modified_time":"2023-09-16T11:09:31+00:00","og_image":[{"width":2048,"height":1365,"url":"https:\/\/permbledhja.com\/wp-content\/uploads\/2023\/09\/375852219_853001749526887_3166323857570802507_n-1.jpg","type":"image\/jpeg"}],"author":"P\u00ebrmbledhja","twitter_card":"summary_large_image","twitter_misc":{"Written by":"P\u00ebrmbledhja","Est. reading time":"2 minuta"},"schema":{"@context":"https:\/\/schema.org","@graph":[{"@type":"Article","@id":"https:\/\/permbledhja.com\/profesori-universitar-shkuarja-e-tanishme-ne-zgjedhje-forcon-kurtin-demton-opoziten\/#article","isPartOf":{"@id":"https:\/\/permbledhja.com\/profesori-universitar-shkuarja-e-tanishme-ne-zgjedhje-forcon-kurtin-demton-opoziten\/"},"author":{"name":"P\u00ebrmbledhja","@id":"https:\/\/permbledhja.com\/#\/schema\/person\/0d064377258d3221e50693947b9eb4fe"},"headline":"Profesori universitar: Shkuarja e tanishme n\u00eb zgjedhje forcon Kurtin, d\u00ebmton opozit\u00ebn","datePublished":"2023-09-16T11:08:08+00:00","dateModified":"2023-09-16T11:09:31+00:00","mainEntityOfPage":{"@id":"https:\/\/permbledhja.com\/profesori-universitar-shkuarja-e-tanishme-ne-zgjedhje-forcon-kurtin-demton-opoziten\/"},"wordCount":357,"publisher":{"@id":"https:\/\/permbledhja.com\/#organization"},"keywords":["Zgjedhje"],"articleSection":["Komb\u00ebtare","Lajme"],"inLanguage":"sq"},{"@type":"WebPage","@id":"https:\/\/permbledhja.com\/profesori-universitar-shkuarja-e-tanishme-ne-zgjedhje-forcon-kurtin-demton-opoziten\/","url":"https:\/\/permbledhja.com\/profesori-universitar-shkuarja-e-tanishme-ne-zgjedhje-forcon-kurtin-demton-opoziten\/","name":"Profesori universitar: Shkuarja e tanishme n\u00eb zgjedhje forcon Kurtin, d\u00ebmton opozit\u00ebn","isPartOf":{"@id":"https:\/\/permbledhja.com\/#website"},"datePublished":"2023-09-16T11:08:08+00:00","dateModified":"2023-09-16T11:09:31+00:00","breadcrumb":{"@id":"https:\/\/permbledhja.com\/profesori-universitar-shkuarja-e-tanishme-ne-zgjedhje-forcon-kurtin-demton-opoziten\/#breadcrumb"},"inLanguage":"sq","potentialAction":[{"@type":"ReadAction","target":["https:\/\/permbledhja.com\/profesori-universitar-shkuarja-e-tanishme-ne-zgjedhje-forcon-kurtin-demton-opoziten\/"]}]},{"@type":"BreadcrumbList","@id":"https:\/\/permbledhja.com\/profesori-universitar-shkuarja-e-tanishme-ne-zgjedhje-forcon-kurtin-demton-opoziten\/#breadcrumb","itemListElement":[{"@type":"ListItem","position":1,"name":"Ballina","item":"https:\/\/permbledhja.com\/sq\/"},{"@type":"ListItem","position":2,"name":"Profesori universitar: Shkuarja e tanishme n\u00eb zgjedhje forcon Kurtin, d\u00ebmton opozit\u00ebn"}]},{"@type":"WebSite","@id":"https:\/\/permbledhja.com\/#website","url":"https:\/\/permbledhja.com\/","name":"Ve\u00e7 artikuj p\u00ebrmbledh\u00ebs","description":"","publisher":{"@id":"https:\/\/permbledhja.com\/#organization"},"potentialAction":[{"@type":"SearchAction","target":{"@type":"EntryPoint","urlTemplate":"https:\/\/permbledhja.com\/?s={search_term_string}"},"query-input":"required name=search_term_string"}],"inLanguage":"sq"},{"@type":"Organization","@id":"https:\/\/permbledhja.com\/#organization","name":"MK Media & Pr","url":"https:\/\/permbledhja.com\/","logo":{"@type":"ImageObject","inLanguage":"sq","@id":"https:\/\/permbledhja.com\/#\/schema\/logo\/image\/","url":"https:\/\/permbledhja.com\/wp-content\/uploads\/2021\/12\/07-Press-Logo.jpg","contentUrl":"https:\/\/permbledhja.com\/wp-content\/uploads\/2021\/12\/07-Press-Logo.jpg","width":512,"height":512,"caption":"MK Media & Pr"},"image":{"@id":"https:\/\/permbledhja.com\/#\/schema\/logo\/image\/"},"sameAs":["https:\/\/www.facebook.com\/press07\/"]},{"@type":"Person","@id":"https:\/\/permbledhja.com\/#\/schema\/person\/0d064377258d3221e50693947b9eb4fe","name":"P\u00ebrmbledhja","image":{"@type":"ImageObject","inLanguage":"sq","@id":"https:\/\/permbledhja.com\/#\/schema\/person\/image\/","url":"https:\/\/permbledhja.com\/wp-content\/uploads\/2026\/01\/452004717_1040944174702970_8932037511805513407_n-96x96.jpg","contentUrl":"https:\/\/permbledhja.com\/wp-content\/uploads\/2026\/01\/452004717_1040944174702970_8932037511805513407_n-96x96.jpg","caption":"P\u00ebrmbledhja"},"sameAs":["https:\/\/www.facebook.com\/kafexhiu.muharrem\/","https:\/\/www.instagram.com\/muharrem_kafexhiu\/"],"url":"https:\/\/permbledhja.com\/sq\/author\/admin\/"}]}},"_links":{"self":[{"href":"https:\/\/permbledhja.com\/sq\/wp-json\/wp\/v2\/posts\/27050"}],"collection":[{"href":"https:\/\/permbledhja.com\/sq\/wp-json\/wp\/v2\/posts"}],"about":[{"href":"https:\/\/permbledhja.com\/sq\/wp-json\/wp\/v2\/types\/post"}],"author":[{"embeddable":true,"href":"https:\/\/permbledhja.com\/sq\/wp-json\/wp\/v2\/users\/1"}],"replies":[{"embeddable":true,"href":"https:\/\/permbledhja.com\/sq\/wp-json\/wp\/v2\/comments?post=27050"}],"version-history":[{"count":2,"href":"https:\/\/permbledhja.com\/sq\/wp-json\/wp\/v2\/posts\/27050\/revisions"}],"predecessor-version":[{"id":27053,"href":"https:\/\/permbledhja.com\/sq\/wp-json\/wp\/v2\/posts\/27050\/revisions\/27053"}],"wp:featuredmedia":[{"embeddable":true,"href":"https:\/\/permbledhja.com\/sq\/wp-json\/wp\/v2\/media\/27051"}],"wp:attachment":[{"href":"https:\/\/permbledhja.com\/sq\/wp-json\/wp\/v2\/media?parent=27050"}],"wp:term":[{"taxonomy":"category","embeddable":true,"href":"https:\/\/permbledhja.com\/sq\/wp-json\/wp\/v2\/categories?post=27050"},{"taxonomy":"post_tag","embeddable":true,"href":"https:\/\/permbledhja.com\/sq\/wp-json\/wp\/v2\/tags?post=27050"}],"curies":[{"name":"wp","href":"https:\/\/api.w.org\/{rel}","templated":true}]}}