{"id":27047,"date":"2023-09-16T10:45:00","date_gmt":"2023-09-16T10:45:00","guid":{"rendered":"https:\/\/permbledhja.com\/?p=27047"},"modified":"2023-09-16T10:45:00","modified_gmt":"2023-09-16T10:45:00","slug":"zajednice-e-pertej-zajednice-derguti-fundi-i-deklarates-shperfaq-kapercimin-e-madh-te-kurtit","status":"publish","type":"post","link":"https:\/\/permbledhja.com\/sq\/zajednice-e-pertej-zajednice-derguti-fundi-i-deklarates-shperfaq-kapercimin-e-madh-te-kurtit\/","title":{"rendered":"\u201cZajednic\u00eb e p\u00ebrtej zajednice\u201d, D\u00ebrguti: Fundi i deklarat\u00ebs shp\u00ebrfaq kap\u00ebrcimin e madh t\u00eb Kurtit"},"content":{"rendered":"<h2>Ish-deputetja e VV-s\u00eb, Aida D\u00ebrguti, ka komentuar deklarat\u00ebn e kryeministrit Albin Kurti, i cili pas takimit n\u00eb Bruksel ka th\u00ebn\u00eb se \u00ebsht\u00eb i gatsh\u00ebm ta zbatoj\u00eb secilin n\u00ebn t\u00eb Marr\u00ebveshjes s\u00eb Ohrit.<\/h2>\n<p>Ajo ka b\u00ebr\u00eb me dije se fundi i konferenc\u00ebs shp\u00ebrfaq kap\u00ebrcimin e madh.<\/p>\n<p>Sipas saj, Kurti ka pranuar m\u00eb shum\u00eb se \u201cZajednis\u00eb\u201d<\/p>\n<p>\u201c<i>Zajednica nuk kalon? Ashtu si\u00e7 kishin zakon t\u00eb thoshin se fundi rikuptim\u00ebson fillimin, paskan vepruar nj\u00ebjt\u00eb. P\u00ebrtej titujve bombastik gjoja p\u00ebr mospajtimet n\u00eb Bruksel (e q\u00eb lidhen kryek\u00ebput rreth afateve t\u00eb zbatimit) fundi i deklarat\u00ebs shp\u00ebrfaq kap\u00ebrcimin e madh p\u00ebrmbajt\u00ebsor. Zajednic\u00eb e p\u00ebrtej zajednice. Fleni tash dathun<\/i>\u201d, ka shkruar D\u00ebrguti n\u00eb profilin e saj n\u00eb \u201cFacebook\u201d.<\/p>\n<p><iframe loading=\"lazy\" style=\"border: none; overflow: hidden;\" src=\"https:\/\/www.facebook.com\/plugins\/post.php?href=https%3A%2F%2Fwww.facebook.com%2Faida.derguti%2Fposts%2Fpfbid0y3CrPcbSpUvEQ2muqaEjGFjoqKxDgMuNHkbnjCTJJoeuheBXiQpHV7EcR56d6acRl&amp;show_text=true&amp;width=500\" width=\"500\" height=\"582\" frameborder=\"0\" scrolling=\"no\" allowfullscreen=\"allowfullscreen\"><\/iframe><\/p>\n","protected":false},"excerpt":{"rendered":"<p>Ish-deputetja e VV-s\u00eb, Aida D\u00ebrguti, ka komentuar deklarat\u00ebn e kryeministrit Albin Kurti, i cili pas takimit n\u00eb Bruksel ka th\u00ebn\u00eb se \u00ebsht\u00eb i gatsh\u00ebm ta zbatoj\u00eb secilin n\u00ebn t\u00eb Marr\u00ebveshjes s\u00eb Ohrit. Ajo ka b\u00ebr\u00eb me dije se fundi i konferenc\u00ebs shp\u00ebrfaq kap\u00ebrcimin e madh. Sipas saj, Kurti ka pranuar m\u00eb shum\u00eb se \u201cZajednis\u00eb\u201d \u201cZajednica [&hellip;]<\/p>\n","protected":false},"author":1,"featured_media":27048,"comment_status":"closed","ping_status":"closed","sticky":false,"template":"","format":"standard","meta":{"_monsterinsights_skip_tracking":false,"_monsterinsights_sitenote_active":false,"_monsterinsights_sitenote_note":"","_monsterinsights_sitenote_category":0,"_uf_show_specific_survey":0,"_uf_disable_surveys":false,"footnotes":""},"categories":[23,15],"tags":[2379,2378],"yoast_head":"<!-- This site is optimized with the Yoast SEO plugin v21.5 - https:\/\/yoast.com\/wordpress\/plugins\/seo\/ -->\n<title>\u201cZajednic\u00eb e p\u00ebrtej zajednice\u201d, D\u00ebrguti: Fundi i deklarat\u00ebs shp\u00ebrfaq kap\u00ebrcimin e madh t\u00eb Kurtit<\/title>\n<meta name=\"robots\" content=\"index, follow, max-snippet:-1, max-image-preview:large, max-video-preview:-1\" \/>\n<link rel=\"canonical\" href=\"https:\/\/permbledhja.com\/sq\/zajednice-e-pertej-zajednice-derguti-fundi-i-deklarates-shperfaq-kapercimin-e-madh-te-kurtit\/\" \/>\n<meta property=\"og:locale\" content=\"sq_AL\" \/>\n<meta property=\"og:type\" content=\"article\" \/>\n<meta property=\"og:title\" content=\"\u201cZajednic\u00eb e p\u00ebrtej zajednice\u201d, D\u00ebrguti: Fundi i deklarat\u00ebs shp\u00ebrfaq kap\u00ebrcimin e madh t\u00eb Kurtit\" \/>\n<meta property=\"og:description\" content=\"Ish-deputetja e VV-s\u00eb, Aida D\u00ebrguti, ka komentuar deklarat\u00ebn e kryeministrit Albin Kurti, i cili pas takimit n\u00eb Bruksel ka th\u00ebn\u00eb se \u00ebsht\u00eb i gatsh\u00ebm ta zbatoj\u00eb secilin n\u00ebn t\u00eb Marr\u00ebveshjes s\u00eb Ohrit. Ajo ka b\u00ebr\u00eb me dije se fundi i konferenc\u00ebs shp\u00ebrfaq kap\u00ebrcimin e madh. Sipas saj, Kurti ka pranuar m\u00eb shum\u00eb se \u201cZajednis\u00eb\u201d \u201cZajednica [&hellip;]\" \/>\n<meta property=\"og:url\" content=\"https:\/\/permbledhja.com\/sq\/zajednice-e-pertej-zajednice-derguti-fundi-i-deklarates-shperfaq-kapercimin-e-madh-te-kurtit\/\" \/>\n<meta property=\"og:site_name\" content=\"Ve\u00e7 artikuj p\u00ebrmbledh\u00ebs\" \/>\n<meta property=\"article:publisher\" content=\"https:\/\/www.facebook.com\/press07\/\" \/>\n<meta property=\"article:author\" content=\"https:\/\/www.facebook.com\/kafexhiu.muharrem\/\" \/>\n<meta property=\"article:published_time\" content=\"2023-09-16T10:45:00+00:00\" \/>\n<meta property=\"og:image\" content=\"https:\/\/permbledhja.com\/wp-content\/uploads\/2023\/09\/ssssssssssssssssssssssssss.jpg\" \/>\n\t<meta property=\"og:image:width\" content=\"594\" \/>\n\t<meta property=\"og:image:height\" content=\"347\" \/>\n\t<meta property=\"og:image:type\" content=\"image\/jpeg\" \/>\n<meta name=\"author\" content=\"P\u00ebrmbledhja\" \/>\n<meta name=\"twitter:card\" content=\"summary_large_image\" \/>\n<meta name=\"twitter:label1\" content=\"Written by\" \/>\n\t<meta name=\"twitter:data1\" content=\"P\u00ebrmbledhja\" \/>\n\t<meta name=\"twitter:label2\" content=\"Est. reading time\" \/>\n\t<meta name=\"twitter:data2\" content=\"1 minut\u00eb\" \/>\n<script type=\"application\/ld+json\" class=\"yoast-schema-graph\">{\"@context\":\"https:\/\/schema.org\",\"@graph\":[{\"@type\":\"Article\",\"@id\":\"https:\/\/permbledhja.com\/zajednice-e-pertej-zajednice-derguti-fundi-i-deklarates-shperfaq-kapercimin-e-madh-te-kurtit\/#article\",\"isPartOf\":{\"@id\":\"https:\/\/permbledhja.com\/zajednice-e-pertej-zajednice-derguti-fundi-i-deklarates-shperfaq-kapercimin-e-madh-te-kurtit\/\"},\"author\":{\"name\":\"P\u00ebrmbledhja\",\"@id\":\"https:\/\/permbledhja.com\/#\/schema\/person\/0d064377258d3221e50693947b9eb4fe\"},\"headline\":\"\u201cZajednic\u00eb e p\u00ebrtej zajednice\u201d, D\u00ebrguti: Fundi i deklarat\u00ebs shp\u00ebrfaq kap\u00ebrcimin e madh t\u00eb Kurtit\",\"datePublished\":\"2023-09-16T10:45:00+00:00\",\"dateModified\":\"2023-09-16T10:45:00+00:00\",\"mainEntityOfPage\":{\"@id\":\"https:\/\/permbledhja.com\/zajednice-e-pertej-zajednice-derguti-fundi-i-deklarates-shperfaq-kapercimin-e-madh-te-kurtit\/\"},\"wordCount\":151,\"publisher\":{\"@id\":\"https:\/\/permbledhja.com\/#organization\"},\"keywords\":[\"D\u00ebrguti\",\"Kurt\"],\"articleSection\":[\"Komb\u00ebtare\",\"Lajme\"],\"inLanguage\":\"sq\"},{\"@type\":\"WebPage\",\"@id\":\"https:\/\/permbledhja.com\/zajednice-e-pertej-zajednice-derguti-fundi-i-deklarates-shperfaq-kapercimin-e-madh-te-kurtit\/\",\"url\":\"https:\/\/permbledhja.com\/zajednice-e-pertej-zajednice-derguti-fundi-i-deklarates-shperfaq-kapercimin-e-madh-te-kurtit\/\",\"name\":\"\u201cZajednic\u00eb e p\u00ebrtej zajednice\u201d, D\u00ebrguti: Fundi i deklarat\u00ebs shp\u00ebrfaq kap\u00ebrcimin e madh t\u00eb Kurtit\",\"isPartOf\":{\"@id\":\"https:\/\/permbledhja.com\/#website\"},\"datePublished\":\"2023-09-16T10:45:00+00:00\",\"dateModified\":\"2023-09-16T10:45:00+00:00\",\"breadcrumb\":{\"@id\":\"https:\/\/permbledhja.com\/zajednice-e-pertej-zajednice-derguti-fundi-i-deklarates-shperfaq-kapercimin-e-madh-te-kurtit\/#breadcrumb\"},\"inLanguage\":\"sq\",\"potentialAction\":[{\"@type\":\"ReadAction\",\"target\":[\"https:\/\/permbledhja.com\/zajednice-e-pertej-zajednice-derguti-fundi-i-deklarates-shperfaq-kapercimin-e-madh-te-kurtit\/\"]}]},{\"@type\":\"BreadcrumbList\",\"@id\":\"https:\/\/permbledhja.com\/zajednice-e-pertej-zajednice-derguti-fundi-i-deklarates-shperfaq-kapercimin-e-madh-te-kurtit\/#breadcrumb\",\"itemListElement\":[{\"@type\":\"ListItem\",\"position\":1,\"name\":\"Ballina\",\"item\":\"https:\/\/permbledhja.com\/sq\/\"},{\"@type\":\"ListItem\",\"position\":2,\"name\":\"\u201cZajednic\u00eb e p\u00ebrtej zajednice\u201d, D\u00ebrguti: Fundi i deklarat\u00ebs shp\u00ebrfaq kap\u00ebrcimin e madh t\u00eb Kurtit\"}]},{\"@type\":\"WebSite\",\"@id\":\"https:\/\/permbledhja.com\/#website\",\"url\":\"https:\/\/permbledhja.com\/\",\"name\":\"Ve\u00e7 artikuj p\u00ebrmbledh\u00ebs\",\"description\":\"\",\"publisher\":{\"@id\":\"https:\/\/permbledhja.com\/#organization\"},\"potentialAction\":[{\"@type\":\"SearchAction\",\"target\":{\"@type\":\"EntryPoint\",\"urlTemplate\":\"https:\/\/permbledhja.com\/?s={search_term_string}\"},\"query-input\":\"required name=search_term_string\"}],\"inLanguage\":\"sq\"},{\"@type\":\"Organization\",\"@id\":\"https:\/\/permbledhja.com\/#organization\",\"name\":\"MK Media & Pr\",\"url\":\"https:\/\/permbledhja.com\/\",\"logo\":{\"@type\":\"ImageObject\",\"inLanguage\":\"sq\",\"@id\":\"https:\/\/permbledhja.com\/#\/schema\/logo\/image\/\",\"url\":\"https:\/\/permbledhja.com\/wp-content\/uploads\/2021\/12\/07-Press-Logo.jpg\",\"contentUrl\":\"https:\/\/permbledhja.com\/wp-content\/uploads\/2021\/12\/07-Press-Logo.jpg\",\"width\":512,\"height\":512,\"caption\":\"MK Media & Pr\"},\"image\":{\"@id\":\"https:\/\/permbledhja.com\/#\/schema\/logo\/image\/\"},\"sameAs\":[\"https:\/\/www.facebook.com\/press07\/\"]},{\"@type\":\"Person\",\"@id\":\"https:\/\/permbledhja.com\/#\/schema\/person\/0d064377258d3221e50693947b9eb4fe\",\"name\":\"P\u00ebrmbledhja\",\"image\":{\"@type\":\"ImageObject\",\"inLanguage\":\"sq\",\"@id\":\"https:\/\/permbledhja.com\/#\/schema\/person\/image\/\",\"url\":\"https:\/\/permbledhja.com\/wp-content\/uploads\/2026\/01\/452004717_1040944174702970_8932037511805513407_n-96x96.jpg\",\"contentUrl\":\"https:\/\/permbledhja.com\/wp-content\/uploads\/2026\/01\/452004717_1040944174702970_8932037511805513407_n-96x96.jpg\",\"caption\":\"P\u00ebrmbledhja\"},\"sameAs\":[\"https:\/\/www.facebook.com\/kafexhiu.muharrem\/\",\"https:\/\/www.instagram.com\/muharrem_kafexhiu\/\"],\"url\":\"https:\/\/permbledhja.com\/sq\/author\/admin\/\"}]}<\/script>\n<!-- \/ Yoast SEO plugin. -->","yoast_head_json":{"title":"\u201cZajednic\u00eb e p\u00ebrtej zajednice\u201d, D\u00ebrguti: Fundi i deklarat\u00ebs shp\u00ebrfaq kap\u00ebrcimin e madh t\u00eb Kurtit","robots":{"index":"index","follow":"follow","max-snippet":"max-snippet:-1","max-image-preview":"max-image-preview:large","max-video-preview":"max-video-preview:-1"},"canonical":"https:\/\/permbledhja.com\/sq\/zajednice-e-pertej-zajednice-derguti-fundi-i-deklarates-shperfaq-kapercimin-e-madh-te-kurtit\/","og_locale":"sq_AL","og_type":"article","og_title":"\u201cZajednic\u00eb e p\u00ebrtej zajednice\u201d, D\u00ebrguti: Fundi i deklarat\u00ebs shp\u00ebrfaq kap\u00ebrcimin e madh t\u00eb Kurtit","og_description":"Ish-deputetja e VV-s\u00eb, Aida D\u00ebrguti, ka komentuar deklarat\u00ebn e kryeministrit Albin Kurti, i cili pas takimit n\u00eb Bruksel ka th\u00ebn\u00eb se \u00ebsht\u00eb i gatsh\u00ebm ta zbatoj\u00eb secilin n\u00ebn t\u00eb Marr\u00ebveshjes s\u00eb Ohrit. Ajo ka b\u00ebr\u00eb me dije se fundi i konferenc\u00ebs shp\u00ebrfaq kap\u00ebrcimin e madh. Sipas saj, Kurti ka pranuar m\u00eb shum\u00eb se \u201cZajednis\u00eb\u201d \u201cZajednica [&hellip;]","og_url":"https:\/\/permbledhja.com\/sq\/zajednice-e-pertej-zajednice-derguti-fundi-i-deklarates-shperfaq-kapercimin-e-madh-te-kurtit\/","og_site_name":"Ve\u00e7 artikuj p\u00ebrmbledh\u00ebs","article_publisher":"https:\/\/www.facebook.com\/press07\/","article_author":"https:\/\/www.facebook.com\/kafexhiu.muharrem\/","article_published_time":"2023-09-16T10:45:00+00:00","og_image":[{"width":594,"height":347,"url":"https:\/\/permbledhja.com\/wp-content\/uploads\/2023\/09\/ssssssssssssssssssssssssss.jpg","type":"image\/jpeg"}],"author":"P\u00ebrmbledhja","twitter_card":"summary_large_image","twitter_misc":{"Written by":"P\u00ebrmbledhja","Est. reading time":"1 minut\u00eb"},"schema":{"@context":"https:\/\/schema.org","@graph":[{"@type":"Article","@id":"https:\/\/permbledhja.com\/zajednice-e-pertej-zajednice-derguti-fundi-i-deklarates-shperfaq-kapercimin-e-madh-te-kurtit\/#article","isPartOf":{"@id":"https:\/\/permbledhja.com\/zajednice-e-pertej-zajednice-derguti-fundi-i-deklarates-shperfaq-kapercimin-e-madh-te-kurtit\/"},"author":{"name":"P\u00ebrmbledhja","@id":"https:\/\/permbledhja.com\/#\/schema\/person\/0d064377258d3221e50693947b9eb4fe"},"headline":"\u201cZajednic\u00eb e p\u00ebrtej zajednice\u201d, D\u00ebrguti: Fundi i deklarat\u00ebs shp\u00ebrfaq kap\u00ebrcimin e madh t\u00eb Kurtit","datePublished":"2023-09-16T10:45:00+00:00","dateModified":"2023-09-16T10:45:00+00:00","mainEntityOfPage":{"@id":"https:\/\/permbledhja.com\/zajednice-e-pertej-zajednice-derguti-fundi-i-deklarates-shperfaq-kapercimin-e-madh-te-kurtit\/"},"wordCount":151,"publisher":{"@id":"https:\/\/permbledhja.com\/#organization"},"keywords":["D\u00ebrguti","Kurt"],"articleSection":["Komb\u00ebtare","Lajme"],"inLanguage":"sq"},{"@type":"WebPage","@id":"https:\/\/permbledhja.com\/zajednice-e-pertej-zajednice-derguti-fundi-i-deklarates-shperfaq-kapercimin-e-madh-te-kurtit\/","url":"https:\/\/permbledhja.com\/zajednice-e-pertej-zajednice-derguti-fundi-i-deklarates-shperfaq-kapercimin-e-madh-te-kurtit\/","name":"\u201cZajednic\u00eb e p\u00ebrtej zajednice\u201d, D\u00ebrguti: Fundi i deklarat\u00ebs shp\u00ebrfaq kap\u00ebrcimin e madh t\u00eb Kurtit","isPartOf":{"@id":"https:\/\/permbledhja.com\/#website"},"datePublished":"2023-09-16T10:45:00+00:00","dateModified":"2023-09-16T10:45:00+00:00","breadcrumb":{"@id":"https:\/\/permbledhja.com\/zajednice-e-pertej-zajednice-derguti-fundi-i-deklarates-shperfaq-kapercimin-e-madh-te-kurtit\/#breadcrumb"},"inLanguage":"sq","potentialAction":[{"@type":"ReadAction","target":["https:\/\/permbledhja.com\/zajednice-e-pertej-zajednice-derguti-fundi-i-deklarates-shperfaq-kapercimin-e-madh-te-kurtit\/"]}]},{"@type":"BreadcrumbList","@id":"https:\/\/permbledhja.com\/zajednice-e-pertej-zajednice-derguti-fundi-i-deklarates-shperfaq-kapercimin-e-madh-te-kurtit\/#breadcrumb","itemListElement":[{"@type":"ListItem","position":1,"name":"Ballina","item":"https:\/\/permbledhja.com\/sq\/"},{"@type":"ListItem","position":2,"name":"\u201cZajednic\u00eb e p\u00ebrtej zajednice\u201d, D\u00ebrguti: Fundi i deklarat\u00ebs shp\u00ebrfaq kap\u00ebrcimin e madh t\u00eb Kurtit"}]},{"@type":"WebSite","@id":"https:\/\/permbledhja.com\/#website","url":"https:\/\/permbledhja.com\/","name":"Ve\u00e7 artikuj p\u00ebrmbledh\u00ebs","description":"","publisher":{"@id":"https:\/\/permbledhja.com\/#organization"},"potentialAction":[{"@type":"SearchAction","target":{"@type":"EntryPoint","urlTemplate":"https:\/\/permbledhja.com\/?s={search_term_string}"},"query-input":"required name=search_term_string"}],"inLanguage":"sq"},{"@type":"Organization","@id":"https:\/\/permbledhja.com\/#organization","name":"MK Media & Pr","url":"https:\/\/permbledhja.com\/","logo":{"@type":"ImageObject","inLanguage":"sq","@id":"https:\/\/permbledhja.com\/#\/schema\/logo\/image\/","url":"https:\/\/permbledhja.com\/wp-content\/uploads\/2021\/12\/07-Press-Logo.jpg","contentUrl":"https:\/\/permbledhja.com\/wp-content\/uploads\/2021\/12\/07-Press-Logo.jpg","width":512,"height":512,"caption":"MK Media & Pr"},"image":{"@id":"https:\/\/permbledhja.com\/#\/schema\/logo\/image\/"},"sameAs":["https:\/\/www.facebook.com\/press07\/"]},{"@type":"Person","@id":"https:\/\/permbledhja.com\/#\/schema\/person\/0d064377258d3221e50693947b9eb4fe","name":"P\u00ebrmbledhja","image":{"@type":"ImageObject","inLanguage":"sq","@id":"https:\/\/permbledhja.com\/#\/schema\/person\/image\/","url":"https:\/\/permbledhja.com\/wp-content\/uploads\/2026\/01\/452004717_1040944174702970_8932037511805513407_n-96x96.jpg","contentUrl":"https:\/\/permbledhja.com\/wp-content\/uploads\/2026\/01\/452004717_1040944174702970_8932037511805513407_n-96x96.jpg","caption":"P\u00ebrmbledhja"},"sameAs":["https:\/\/www.facebook.com\/kafexhiu.muharrem\/","https:\/\/www.instagram.com\/muharrem_kafexhiu\/"],"url":"https:\/\/permbledhja.com\/sq\/author\/admin\/"}]}},"_links":{"self":[{"href":"https:\/\/permbledhja.com\/sq\/wp-json\/wp\/v2\/posts\/27047"}],"collection":[{"href":"https:\/\/permbledhja.com\/sq\/wp-json\/wp\/v2\/posts"}],"about":[{"href":"https:\/\/permbledhja.com\/sq\/wp-json\/wp\/v2\/types\/post"}],"author":[{"embeddable":true,"href":"https:\/\/permbledhja.com\/sq\/wp-json\/wp\/v2\/users\/1"}],"replies":[{"embeddable":true,"href":"https:\/\/permbledhja.com\/sq\/wp-json\/wp\/v2\/comments?post=27047"}],"version-history":[{"count":1,"href":"https:\/\/permbledhja.com\/sq\/wp-json\/wp\/v2\/posts\/27047\/revisions"}],"predecessor-version":[{"id":27049,"href":"https:\/\/permbledhja.com\/sq\/wp-json\/wp\/v2\/posts\/27047\/revisions\/27049"}],"wp:featuredmedia":[{"embeddable":true,"href":"https:\/\/permbledhja.com\/sq\/wp-json\/wp\/v2\/media\/27048"}],"wp:attachment":[{"href":"https:\/\/permbledhja.com\/sq\/wp-json\/wp\/v2\/media?parent=27047"}],"wp:term":[{"taxonomy":"category","embeddable":true,"href":"https:\/\/permbledhja.com\/sq\/wp-json\/wp\/v2\/categories?post=27047"},{"taxonomy":"post_tag","embeddable":true,"href":"https:\/\/permbledhja.com\/sq\/wp-json\/wp\/v2\/tags?post=27047"}],"curies":[{"name":"wp","href":"https:\/\/api.w.org\/{rel}","templated":true}]}}