{"id":26905,"date":"2023-09-14T12:09:27","date_gmt":"2023-09-14T12:09:27","guid":{"rendered":"https:\/\/permbledhja.com\/?p=26905"},"modified":"2023-09-14T12:09:27","modified_gmt":"2023-09-14T12:09:27","slug":"vuciq-bisedimet-me-kurtin-perfunduan-pa-sukses","status":"publish","type":"post","link":"https:\/\/permbledhja.com\/sq\/vuciq-bisedimet-me-kurtin-perfunduan-pa-sukses\/","title":{"rendered":"Vu\u00e7iq: Bisedimet me Kurtin p\u00ebrfunduan pa sukses"},"content":{"rendered":"<h3>Presidenti i Serbis\u00eb, Aleksandar Vu\u00e7iq, ka th\u00ebn\u00eb se negociatat e sotme nd\u00ebrmjet delegacioneve t\u00eb Beogradit dhe Prishtin\u00ebs n\u00eb Bruksel kan\u00eb p\u00ebrfunduar pa sukses, pasi sipas tij, kryeministri i Kosov\u00ebs, Albin Kurti, nuk e ka pranuar propozimin kompromisin e Bashkimit Evropian, raporton N1info.<\/h3>\n<p>\u201cNe pat\u00ebm bisedime dhe mendoj se ato p\u00ebrfunduan pa sukses n\u00eb drejtim t\u00eb gjetjes s\u00eb nj\u00eb rruge t\u00eb qart\u00eb drejt normalizimit t\u00eb marr\u00ebdh\u00ebnieve. T\u00eb gjith\u00eb kemi propozimet tona, n\u00eb fund ne si Serbi e pranuam propozimin e kompromisit t\u00eb Bashkimit Evropian. Kurti nuk ka dashur ta pranoj\u00eb dhe takimi ka p\u00ebrfunduar\u201d, ka th\u00ebn\u00eb Vu\u00e7iq.<\/p>\n<p>Sipas presidentit serb, gjat\u00eb bisedimeve ka pasur kryesisht situata t\u00eb pak\u00ebndshme.<\/p>\n<p>\u201c\u00cbsht\u00eb logjike q\u00eb t\u00eb gjith\u00eb po luftojn\u00eb p\u00ebr t\u00eb vet\u00ebn. \u00cbsht\u00eb e qart\u00eb se Kurti po i shmanget formimit t\u00eb nj\u00eb bashk\u00ebsie t\u00eb komunave serbe\u201d, shtoi Vu\u00e7iq.<\/p>\n","protected":false},"excerpt":{"rendered":"<p>Presidenti i Serbis\u00eb, Aleksandar Vu\u00e7iq, ka th\u00ebn\u00eb se negociatat e sotme nd\u00ebrmjet delegacioneve t\u00eb Beogradit dhe Prishtin\u00ebs n\u00eb Bruksel kan\u00eb p\u00ebrfunduar pa sukses, pasi sipas tij, kryeministri i Kosov\u00ebs, Albin Kurti, nuk e ka pranuar propozimin kompromisin e Bashkimit Evropian, raporton N1info. \u201cNe pat\u00ebm bisedime dhe mendoj se ato p\u00ebrfunduan pa sukses n\u00eb drejtim t\u00eb [&hellip;]<\/p>\n","protected":false},"author":2,"featured_media":26906,"comment_status":"closed","ping_status":"closed","sticky":false,"template":"","format":"standard","meta":{"_monsterinsights_skip_tracking":false,"_monsterinsights_sitenote_active":false,"_monsterinsights_sitenote_note":"","_monsterinsights_sitenote_category":0,"_uf_show_specific_survey":0,"_uf_disable_surveys":false,"footnotes":""},"categories":[23,15],"tags":[658],"yoast_head":"<!-- This site is optimized with the Yoast SEO plugin v21.5 - https:\/\/yoast.com\/wordpress\/plugins\/seo\/ -->\n<title>Vu\u00e7iq: Bisedimet me Kurtin p\u00ebrfunduan pa sukses<\/title>\n<meta name=\"robots\" content=\"index, follow, max-snippet:-1, max-image-preview:large, max-video-preview:-1\" \/>\n<link rel=\"canonical\" href=\"https:\/\/permbledhja.com\/sq\/vuciq-bisedimet-me-kurtin-perfunduan-pa-sukses\/\" \/>\n<meta property=\"og:locale\" content=\"sq_AL\" \/>\n<meta property=\"og:type\" content=\"article\" \/>\n<meta property=\"og:title\" content=\"Vu\u00e7iq: Bisedimet me Kurtin p\u00ebrfunduan pa sukses\" \/>\n<meta property=\"og:description\" content=\"Presidenti i Serbis\u00eb, Aleksandar Vu\u00e7iq, ka th\u00ebn\u00eb se negociatat e sotme nd\u00ebrmjet delegacioneve t\u00eb Beogradit dhe Prishtin\u00ebs n\u00eb Bruksel kan\u00eb p\u00ebrfunduar pa sukses, pasi sipas tij, kryeministri i Kosov\u00ebs, Albin Kurti, nuk e ka pranuar propozimin kompromisin e Bashkimit Evropian, raporton N1info. \u201cNe pat\u00ebm bisedime dhe mendoj se ato p\u00ebrfunduan pa sukses n\u00eb drejtim t\u00eb [&hellip;]\" \/>\n<meta property=\"og:url\" content=\"https:\/\/permbledhja.com\/sq\/vuciq-bisedimet-me-kurtin-perfunduan-pa-sukses\/\" \/>\n<meta property=\"og:site_name\" content=\"Ve\u00e7 artikuj p\u00ebrmbledh\u00ebs\" \/>\n<meta property=\"article:publisher\" content=\"https:\/\/www.facebook.com\/press07\/\" \/>\n<meta property=\"article:published_time\" content=\"2023-09-14T12:09:27+00:00\" \/>\n<meta property=\"og:image\" content=\"https:\/\/permbledhja.com\/wp-content\/uploads\/2023\/09\/646238-XJFk86DB68.jpg\" \/>\n\t<meta property=\"og:image:width\" content=\"780\" \/>\n\t<meta property=\"og:image:height\" content=\"500\" \/>\n\t<meta property=\"og:image:type\" content=\"image\/jpeg\" \/>\n<meta name=\"author\" content=\"M M\" \/>\n<meta name=\"twitter:card\" content=\"summary_large_image\" \/>\n<meta name=\"twitter:label1\" content=\"Written by\" \/>\n\t<meta name=\"twitter:data1\" content=\"M M\" \/>\n\t<meta name=\"twitter:label2\" content=\"Est. reading time\" \/>\n\t<meta name=\"twitter:data2\" content=\"1 minut\u00eb\" \/>\n<script type=\"application\/ld+json\" class=\"yoast-schema-graph\">{\"@context\":\"https:\/\/schema.org\",\"@graph\":[{\"@type\":\"Article\",\"@id\":\"https:\/\/permbledhja.com\/vuciq-bisedimet-me-kurtin-perfunduan-pa-sukses\/#article\",\"isPartOf\":{\"@id\":\"https:\/\/permbledhja.com\/vuciq-bisedimet-me-kurtin-perfunduan-pa-sukses\/\"},\"author\":{\"name\":\"M M\",\"@id\":\"https:\/\/permbledhja.com\/#\/schema\/person\/d23f13f59b5722643933d6780783acf3\"},\"headline\":\"Vu\u00e7iq: Bisedimet me Kurtin p\u00ebrfunduan pa sukses\",\"datePublished\":\"2023-09-14T12:09:27+00:00\",\"dateModified\":\"2023-09-14T12:09:27+00:00\",\"mainEntityOfPage\":{\"@id\":\"https:\/\/permbledhja.com\/vuciq-bisedimet-me-kurtin-perfunduan-pa-sukses\/\"},\"wordCount\":162,\"publisher\":{\"@id\":\"https:\/\/permbledhja.com\/#organization\"},\"keywords\":[\"Aleksandar Vu\u00e7iq\"],\"articleSection\":[\"Komb\u00ebtare\",\"Lajme\"],\"inLanguage\":\"sq\"},{\"@type\":\"WebPage\",\"@id\":\"https:\/\/permbledhja.com\/vuciq-bisedimet-me-kurtin-perfunduan-pa-sukses\/\",\"url\":\"https:\/\/permbledhja.com\/vuciq-bisedimet-me-kurtin-perfunduan-pa-sukses\/\",\"name\":\"Vu\u00e7iq: Bisedimet me Kurtin p\u00ebrfunduan pa sukses\",\"isPartOf\":{\"@id\":\"https:\/\/permbledhja.com\/#website\"},\"datePublished\":\"2023-09-14T12:09:27+00:00\",\"dateModified\":\"2023-09-14T12:09:27+00:00\",\"breadcrumb\":{\"@id\":\"https:\/\/permbledhja.com\/vuciq-bisedimet-me-kurtin-perfunduan-pa-sukses\/#breadcrumb\"},\"inLanguage\":\"sq\",\"potentialAction\":[{\"@type\":\"ReadAction\",\"target\":[\"https:\/\/permbledhja.com\/vuciq-bisedimet-me-kurtin-perfunduan-pa-sukses\/\"]}]},{\"@type\":\"BreadcrumbList\",\"@id\":\"https:\/\/permbledhja.com\/vuciq-bisedimet-me-kurtin-perfunduan-pa-sukses\/#breadcrumb\",\"itemListElement\":[{\"@type\":\"ListItem\",\"position\":1,\"name\":\"Ballina\",\"item\":\"https:\/\/permbledhja.com\/sq\/\"},{\"@type\":\"ListItem\",\"position\":2,\"name\":\"Vu\u00e7iq: Bisedimet me Kurtin p\u00ebrfunduan pa sukses\"}]},{\"@type\":\"WebSite\",\"@id\":\"https:\/\/permbledhja.com\/#website\",\"url\":\"https:\/\/permbledhja.com\/\",\"name\":\"Ve\u00e7 artikuj p\u00ebrmbledh\u00ebs\",\"description\":\"\",\"publisher\":{\"@id\":\"https:\/\/permbledhja.com\/#organization\"},\"potentialAction\":[{\"@type\":\"SearchAction\",\"target\":{\"@type\":\"EntryPoint\",\"urlTemplate\":\"https:\/\/permbledhja.com\/?s={search_term_string}\"},\"query-input\":\"required name=search_term_string\"}],\"inLanguage\":\"sq\"},{\"@type\":\"Organization\",\"@id\":\"https:\/\/permbledhja.com\/#organization\",\"name\":\"MK Media & Pr\",\"url\":\"https:\/\/permbledhja.com\/\",\"logo\":{\"@type\":\"ImageObject\",\"inLanguage\":\"sq\",\"@id\":\"https:\/\/permbledhja.com\/#\/schema\/logo\/image\/\",\"url\":\"https:\/\/permbledhja.com\/wp-content\/uploads\/2021\/12\/07-Press-Logo.jpg\",\"contentUrl\":\"https:\/\/permbledhja.com\/wp-content\/uploads\/2021\/12\/07-Press-Logo.jpg\",\"width\":512,\"height\":512,\"caption\":\"MK Media & Pr\"},\"image\":{\"@id\":\"https:\/\/permbledhja.com\/#\/schema\/logo\/image\/\"},\"sameAs\":[\"https:\/\/www.facebook.com\/press07\/\"]},{\"@type\":\"Person\",\"@id\":\"https:\/\/permbledhja.com\/#\/schema\/person\/d23f13f59b5722643933d6780783acf3\",\"name\":\"M M\",\"image\":{\"@type\":\"ImageObject\",\"inLanguage\":\"sq\",\"@id\":\"https:\/\/permbledhja.com\/#\/schema\/person\/image\/\",\"url\":\"https:\/\/secure.gravatar.com\/avatar\/e2835a76ca7c31a2416b2d51c4ec9a8f?s=96&d=mm&r=g\",\"contentUrl\":\"https:\/\/secure.gravatar.com\/avatar\/e2835a76ca7c31a2416b2d51c4ec9a8f?s=96&d=mm&r=g\",\"caption\":\"M M\"},\"sameAs\":[\"http:\/\/MM\"],\"url\":\"https:\/\/permbledhja.com\/sq\/author\/muhamet\/\"}]}<\/script>\n<!-- \/ Yoast SEO plugin. -->","yoast_head_json":{"title":"Vu\u00e7iq: Bisedimet me Kurtin p\u00ebrfunduan pa sukses","robots":{"index":"index","follow":"follow","max-snippet":"max-snippet:-1","max-image-preview":"max-image-preview:large","max-video-preview":"max-video-preview:-1"},"canonical":"https:\/\/permbledhja.com\/sq\/vuciq-bisedimet-me-kurtin-perfunduan-pa-sukses\/","og_locale":"sq_AL","og_type":"article","og_title":"Vu\u00e7iq: Bisedimet me Kurtin p\u00ebrfunduan pa sukses","og_description":"Presidenti i Serbis\u00eb, Aleksandar Vu\u00e7iq, ka th\u00ebn\u00eb se negociatat e sotme nd\u00ebrmjet delegacioneve t\u00eb Beogradit dhe Prishtin\u00ebs n\u00eb Bruksel kan\u00eb p\u00ebrfunduar pa sukses, pasi sipas tij, kryeministri i Kosov\u00ebs, Albin Kurti, nuk e ka pranuar propozimin kompromisin e Bashkimit Evropian, raporton N1info. \u201cNe pat\u00ebm bisedime dhe mendoj se ato p\u00ebrfunduan pa sukses n\u00eb drejtim t\u00eb [&hellip;]","og_url":"https:\/\/permbledhja.com\/sq\/vuciq-bisedimet-me-kurtin-perfunduan-pa-sukses\/","og_site_name":"Ve\u00e7 artikuj p\u00ebrmbledh\u00ebs","article_publisher":"https:\/\/www.facebook.com\/press07\/","article_published_time":"2023-09-14T12:09:27+00:00","og_image":[{"width":780,"height":500,"url":"https:\/\/permbledhja.com\/wp-content\/uploads\/2023\/09\/646238-XJFk86DB68.jpg","type":"image\/jpeg"}],"author":"M M","twitter_card":"summary_large_image","twitter_misc":{"Written by":"M M","Est. reading time":"1 minut\u00eb"},"schema":{"@context":"https:\/\/schema.org","@graph":[{"@type":"Article","@id":"https:\/\/permbledhja.com\/vuciq-bisedimet-me-kurtin-perfunduan-pa-sukses\/#article","isPartOf":{"@id":"https:\/\/permbledhja.com\/vuciq-bisedimet-me-kurtin-perfunduan-pa-sukses\/"},"author":{"name":"M M","@id":"https:\/\/permbledhja.com\/#\/schema\/person\/d23f13f59b5722643933d6780783acf3"},"headline":"Vu\u00e7iq: Bisedimet me Kurtin p\u00ebrfunduan pa sukses","datePublished":"2023-09-14T12:09:27+00:00","dateModified":"2023-09-14T12:09:27+00:00","mainEntityOfPage":{"@id":"https:\/\/permbledhja.com\/vuciq-bisedimet-me-kurtin-perfunduan-pa-sukses\/"},"wordCount":162,"publisher":{"@id":"https:\/\/permbledhja.com\/#organization"},"keywords":["Aleksandar Vu\u00e7iq"],"articleSection":["Komb\u00ebtare","Lajme"],"inLanguage":"sq"},{"@type":"WebPage","@id":"https:\/\/permbledhja.com\/vuciq-bisedimet-me-kurtin-perfunduan-pa-sukses\/","url":"https:\/\/permbledhja.com\/vuciq-bisedimet-me-kurtin-perfunduan-pa-sukses\/","name":"Vu\u00e7iq: Bisedimet me Kurtin p\u00ebrfunduan pa sukses","isPartOf":{"@id":"https:\/\/permbledhja.com\/#website"},"datePublished":"2023-09-14T12:09:27+00:00","dateModified":"2023-09-14T12:09:27+00:00","breadcrumb":{"@id":"https:\/\/permbledhja.com\/vuciq-bisedimet-me-kurtin-perfunduan-pa-sukses\/#breadcrumb"},"inLanguage":"sq","potentialAction":[{"@type":"ReadAction","target":["https:\/\/permbledhja.com\/vuciq-bisedimet-me-kurtin-perfunduan-pa-sukses\/"]}]},{"@type":"BreadcrumbList","@id":"https:\/\/permbledhja.com\/vuciq-bisedimet-me-kurtin-perfunduan-pa-sukses\/#breadcrumb","itemListElement":[{"@type":"ListItem","position":1,"name":"Ballina","item":"https:\/\/permbledhja.com\/sq\/"},{"@type":"ListItem","position":2,"name":"Vu\u00e7iq: Bisedimet me Kurtin p\u00ebrfunduan pa sukses"}]},{"@type":"WebSite","@id":"https:\/\/permbledhja.com\/#website","url":"https:\/\/permbledhja.com\/","name":"Ve\u00e7 artikuj p\u00ebrmbledh\u00ebs","description":"","publisher":{"@id":"https:\/\/permbledhja.com\/#organization"},"potentialAction":[{"@type":"SearchAction","target":{"@type":"EntryPoint","urlTemplate":"https:\/\/permbledhja.com\/?s={search_term_string}"},"query-input":"required name=search_term_string"}],"inLanguage":"sq"},{"@type":"Organization","@id":"https:\/\/permbledhja.com\/#organization","name":"MK Media & Pr","url":"https:\/\/permbledhja.com\/","logo":{"@type":"ImageObject","inLanguage":"sq","@id":"https:\/\/permbledhja.com\/#\/schema\/logo\/image\/","url":"https:\/\/permbledhja.com\/wp-content\/uploads\/2021\/12\/07-Press-Logo.jpg","contentUrl":"https:\/\/permbledhja.com\/wp-content\/uploads\/2021\/12\/07-Press-Logo.jpg","width":512,"height":512,"caption":"MK Media & Pr"},"image":{"@id":"https:\/\/permbledhja.com\/#\/schema\/logo\/image\/"},"sameAs":["https:\/\/www.facebook.com\/press07\/"]},{"@type":"Person","@id":"https:\/\/permbledhja.com\/#\/schema\/person\/d23f13f59b5722643933d6780783acf3","name":"M M","image":{"@type":"ImageObject","inLanguage":"sq","@id":"https:\/\/permbledhja.com\/#\/schema\/person\/image\/","url":"https:\/\/secure.gravatar.com\/avatar\/e2835a76ca7c31a2416b2d51c4ec9a8f?s=96&d=mm&r=g","contentUrl":"https:\/\/secure.gravatar.com\/avatar\/e2835a76ca7c31a2416b2d51c4ec9a8f?s=96&d=mm&r=g","caption":"M M"},"sameAs":["http:\/\/MM"],"url":"https:\/\/permbledhja.com\/sq\/author\/muhamet\/"}]}},"_links":{"self":[{"href":"https:\/\/permbledhja.com\/sq\/wp-json\/wp\/v2\/posts\/26905"}],"collection":[{"href":"https:\/\/permbledhja.com\/sq\/wp-json\/wp\/v2\/posts"}],"about":[{"href":"https:\/\/permbledhja.com\/sq\/wp-json\/wp\/v2\/types\/post"}],"author":[{"embeddable":true,"href":"https:\/\/permbledhja.com\/sq\/wp-json\/wp\/v2\/users\/2"}],"replies":[{"embeddable":true,"href":"https:\/\/permbledhja.com\/sq\/wp-json\/wp\/v2\/comments?post=26905"}],"version-history":[{"count":1,"href":"https:\/\/permbledhja.com\/sq\/wp-json\/wp\/v2\/posts\/26905\/revisions"}],"predecessor-version":[{"id":26907,"href":"https:\/\/permbledhja.com\/sq\/wp-json\/wp\/v2\/posts\/26905\/revisions\/26907"}],"wp:featuredmedia":[{"embeddable":true,"href":"https:\/\/permbledhja.com\/sq\/wp-json\/wp\/v2\/media\/26906"}],"wp:attachment":[{"href":"https:\/\/permbledhja.com\/sq\/wp-json\/wp\/v2\/media?parent=26905"}],"wp:term":[{"taxonomy":"category","embeddable":true,"href":"https:\/\/permbledhja.com\/sq\/wp-json\/wp\/v2\/categories?post=26905"},{"taxonomy":"post_tag","embeddable":true,"href":"https:\/\/permbledhja.com\/sq\/wp-json\/wp\/v2\/tags?post=26905"}],"curies":[{"name":"wp","href":"https:\/\/api.w.org\/{rel}","templated":true}]}}